{"id":121522,"date":"2025-08-02T20:00:00","date_gmt":"2025-08-02T19:00:00","guid":{"rendered":"https:\/\/www.altominho.tv\/site\/?p=121522"},"modified":"2025-08-02T19:17:41","modified_gmt":"2025-08-02T18:17:41","slug":"cerveira-vibrou-com-concerto-de-dillaz","status":"publish","type":"post","link":"https:\/\/www.altominho.tv\/site\/2025\/08\/02\/cerveira-vibrou-com-concerto-de-dillaz\/","title":{"rendered":"Cerveira vibrou com concerto de Dillaz"},"content":{"rendered":"\n<p>O Recinto das Festas Concelhias de Vila Nova de Cerveira vibrou com a energia de&nbsp;Dillaz, uma das vozes mais fortes do hip-hop nacional. O concerto, integrado no programa dedicado \u00e0 juventude, encheu o espa\u00e7o e marcou em grande o ver\u00e3o minhoto.&nbsp;<\/p>\n\n\n\n<p>Autor de temas como \u201cMo Boy\u201d e \u201cSaudade\u201d,&nbsp;Dillaz&nbsp;\u00e9 conhecido pelos seus versos aut\u00eanticos e atua\u00e7\u00f5es intensas. A liga\u00e7\u00e3o com o p\u00fablico foi imediata, num espet\u00e1culo que provou, mais uma vez, a for\u00e7a da m\u00fasica urbana em Cerveira.&nbsp;<\/p>\n\n\n\n<p>Este foi mais um momento alto do Concerto da Juventude, iniciativa da C\u00e2mara Municipal que, ano ap\u00f3s ano, tem apostado na cultura como forma de envolver as novas gera\u00e7\u00f5es. Sam\u00a0The\u00a0Kid, Chico da Tina ou\u00a0Piruka\u00a0s\u00e3o apenas alguns dos nomes que t\u00eam dado voz a este compromisso com os jovens.\u00a0<\/p>\n\n\n\n<iframe loading=\"lazy\" width=\"560\" height=\"315\" src=\"https:\/\/www.youtube.com\/embed\/sLVEVA1US28?si=uhupzn1WhvlwOWBO\" title=\"YouTube video player\" frameborder=\"0\" allow=\"accelerometer; autoplay; clipboard-write; encrypted-media; gyroscope; picture-in-picture; web-share\" referrerpolicy=\"strict-origin-when-cross-origin\" allowfullscreen><\/iframe>\n\n\n\n<p><\/p>\n","protected":false},"excerpt":{"rendered":"<p>O Recinto das Festas Concelhias de Vila Nova de Cerveira vibrou com a energia de&nbsp;Dillaz, uma das vozes mais fortes do hip-hop nacional. O concerto, integrado no programa dedicado \u00e0 juventude, encheu o espa\u00e7o e marcou em grande o ver\u00e3o minhoto.&nbsp; Autor de temas como \u201cMo Boy\u201d e \u201cSaudade\u201d,&nbsp;Dillaz&nbsp;\u00e9 conhecido pelos seus versos aut\u00eanticos e [&hellip;]<\/p>\n","protected":false},"author":9,"featured_media":121523,"comment_status":"closed","ping_status":"closed","sticky":false,"template":"","format":"video","meta":{"_exactmetrics_skip_tracking":false,"_exactmetrics_sitenote_active":false,"_exactmetrics_sitenote_note":"","_exactmetrics_sitenote_category":0,"footnotes":""},"categories":[15],"tags":[19,27],"class_list":["post-121522","post","type-post","status-publish","format-video","has-post-thumbnail","hentry","category-vila-nova-de-cerveira","tag-cultura","tag-sociedade","post_format-post-format-video"],"yoast_head":"<!-- This site is optimized with the Yoast SEO Premium plugin v27.4 (Yoast SEO v27.4) - https:\/\/yoast.com\/product\/yoast-seo-premium-wordpress\/ -->\n<title>Cerveira vibrou com concerto de Dillaz<\/title>\n<meta name=\"robots\" content=\"index, follow, max-snippet:-1, max-image-preview:large, max-video-preview:-1\" \/>\n<link rel=\"canonical\" href=\"https:\/\/www.altominho.tv\/site\/2025\/08\/02\/cerveira-vibrou-com-concerto-de-dillaz\/\" \/>\n<meta property=\"og:locale\" content=\"pt_PT\" \/>\n<meta property=\"og:type\" content=\"article\" \/>\n<meta property=\"og:title\" content=\"Cerveira vibrou com concerto de Dillaz\" \/>\n<meta property=\"og:description\" content=\"O Recinto das Festas Concelhias de Vila Nova de Cerveira vibrou com a energia de&nbsp;Dillaz, uma das vozes mais fortes do hip-hop nacional. O concerto, integrado no programa dedicado \u00e0 juventude, encheu o espa\u00e7o e marcou em grande o ver\u00e3o minhoto.&nbsp; Autor de temas como \u201cMo Boy\u201d e \u201cSaudade\u201d,&nbsp;Dillaz&nbsp;\u00e9 conhecido pelos seus versos aut\u00eanticos e [&hellip;]\" \/>\n<meta property=\"og:url\" content=\"https:\/\/www.altominho.tv\/site\/2025\/08\/02\/cerveira-vibrou-com-concerto-de-dillaz\/\" \/>\n<meta property=\"og:site_name\" content=\"Altominho.tv\" \/>\n<meta property=\"article:publisher\" content=\"https:\/\/www.facebook.com\/altominhotv\" \/>\n<meta property=\"article:published_time\" content=\"2025-08-02T19:00:00+00:00\" \/>\n<meta property=\"og:image\" content=\"https:\/\/www.altominho.tv\/site\/wp-content\/uploads\/2025\/08\/Dillaz.jpg\" \/>\n\t<meta property=\"og:image:width\" content=\"1920\" \/>\n\t<meta property=\"og:image:height\" content=\"1080\" \/>\n\t<meta property=\"og:image:type\" content=\"image\/jpeg\" \/>\n<meta name=\"author\" content=\"Rafael Pereira\" \/>\n<meta name=\"twitter:card\" content=\"summary_large_image\" \/>\n<meta name=\"twitter:creator\" content=\"@altominhoTV\" \/>\n<meta name=\"twitter:site\" content=\"@altominhoTV\" \/>\n<meta name=\"twitter:label1\" content=\"Escrito por\" \/>\n\t<meta name=\"twitter:data1\" content=\"Rafael Pereira\" \/>\n\t<meta name=\"twitter:label2\" content=\"Tempo estimado de leitura\" \/>\n\t<meta name=\"twitter:data2\" content=\"1 minuto\" \/>\n<script type=\"application\/ld+json\" class=\"yoast-schema-graph\">{\"@context\":\"https:\\\/\\\/schema.org\",\"@graph\":[{\"@type\":\"Article\",\"@id\":\"https:\\\/\\\/www.altominho.tv\\\/site\\\/2025\\\/08\\\/02\\\/cerveira-vibrou-com-concerto-de-dillaz\\\/#article\",\"isPartOf\":{\"@id\":\"https:\\\/\\\/www.altominho.tv\\\/site\\\/2025\\\/08\\\/02\\\/cerveira-vibrou-com-concerto-de-dillaz\\\/\"},\"author\":{\"name\":\"Rafael Pereira\",\"@id\":\"https:\\\/\\\/www.altominho.tv\\\/site\\\/#\\\/schema\\\/person\\\/2690abd4f0b3984514ce0607afbfced7\"},\"headline\":\"Cerveira vibrou com concerto de Dillaz\",\"datePublished\":\"2025-08-02T19:00:00+00:00\",\"mainEntityOfPage\":{\"@id\":\"https:\\\/\\\/www.altominho.tv\\\/site\\\/2025\\\/08\\\/02\\\/cerveira-vibrou-com-concerto-de-dillaz\\\/\"},\"wordCount\":156,\"image\":{\"@id\":\"https:\\\/\\\/www.altominho.tv\\\/site\\\/2025\\\/08\\\/02\\\/cerveira-vibrou-com-concerto-de-dillaz\\\/#primaryimage\"},\"thumbnailUrl\":\"https:\\\/\\\/www.altominho.tv\\\/site\\\/wp-content\\\/uploads\\\/2025\\\/08\\\/Dillaz.jpg\",\"keywords\":[\"Cultura\",\"Sociedade\"],\"articleSection\":[\"Vila Nova de Cerveira\"],\"inLanguage\":\"pt-PT\",\"copyrightYear\":\"2025\",\"copyrightHolder\":{\"@id\":\"https:\\\/\\\/www.altominho.tv\\\/site\\\/#organization\"}},{\"@type\":\"WebPage\",\"@id\":\"https:\\\/\\\/www.altominho.tv\\\/site\\\/2025\\\/08\\\/02\\\/cerveira-vibrou-com-concerto-de-dillaz\\\/\",\"url\":\"https:\\\/\\\/www.altominho.tv\\\/site\\\/2025\\\/08\\\/02\\\/cerveira-vibrou-com-concerto-de-dillaz\\\/\",\"name\":\"Cerveira vibrou com concerto de Dillaz\",\"isPartOf\":{\"@id\":\"https:\\\/\\\/www.altominho.tv\\\/site\\\/#website\"},\"primaryImageOfPage\":{\"@id\":\"https:\\\/\\\/www.altominho.tv\\\/site\\\/2025\\\/08\\\/02\\\/cerveira-vibrou-com-concerto-de-dillaz\\\/#primaryimage\"},\"image\":{\"@id\":\"https:\\\/\\\/www.altominho.tv\\\/site\\\/2025\\\/08\\\/02\\\/cerveira-vibrou-com-concerto-de-dillaz\\\/#primaryimage\"},\"thumbnailUrl\":\"https:\\\/\\\/www.altominho.tv\\\/site\\\/wp-content\\\/uploads\\\/2025\\\/08\\\/Dillaz.jpg\",\"datePublished\":\"2025-08-02T19:00:00+00:00\",\"author\":{\"@id\":\"https:\\\/\\\/www.altominho.tv\\\/site\\\/#\\\/schema\\\/person\\\/2690abd4f0b3984514ce0607afbfced7\"},\"breadcrumb\":{\"@id\":\"https:\\\/\\\/www.altominho.tv\\\/site\\\/2025\\\/08\\\/02\\\/cerveira-vibrou-com-concerto-de-dillaz\\\/#breadcrumb\"},\"inLanguage\":\"pt-PT\",\"potentialAction\":[{\"@type\":\"ReadAction\",\"target\":[\"https:\\\/\\\/www.altominho.tv\\\/site\\\/2025\\\/08\\\/02\\\/cerveira-vibrou-com-concerto-de-dillaz\\\/\"]}]},{\"@type\":\"ImageObject\",\"inLanguage\":\"pt-PT\",\"@id\":\"https:\\\/\\\/www.altominho.tv\\\/site\\\/2025\\\/08\\\/02\\\/cerveira-vibrou-com-concerto-de-dillaz\\\/#primaryimage\",\"url\":\"https:\\\/\\\/www.altominho.tv\\\/site\\\/wp-content\\\/uploads\\\/2025\\\/08\\\/Dillaz.jpg\",\"contentUrl\":\"https:\\\/\\\/www.altominho.tv\\\/site\\\/wp-content\\\/uploads\\\/2025\\\/08\\\/Dillaz.jpg\",\"width\":1920,\"height\":1080},{\"@type\":\"BreadcrumbList\",\"@id\":\"https:\\\/\\\/www.altominho.tv\\\/site\\\/2025\\\/08\\\/02\\\/cerveira-vibrou-com-concerto-de-dillaz\\\/#breadcrumb\",\"itemListElement\":[{\"@type\":\"ListItem\",\"position\":1,\"name\":\"In\u00edcio\",\"item\":\"https:\\\/\\\/www.altominho.tv\\\/site\\\/\"},{\"@type\":\"ListItem\",\"position\":2,\"name\":\"Cerveira vibrou com concerto de Dillaz\"}]},{\"@type\":\"WebSite\",\"@id\":\"https:\\\/\\\/www.altominho.tv\\\/site\\\/#website\",\"url\":\"https:\\\/\\\/www.altominho.tv\\\/site\\\/\",\"name\":\"Altominho.tv\",\"description\":\"A sua regi\u00e3o \u00e0 dist\u00e2ncia de um clique...\",\"potentialAction\":[{\"@type\":\"SearchAction\",\"target\":{\"@type\":\"EntryPoint\",\"urlTemplate\":\"https:\\\/\\\/www.altominho.tv\\\/site\\\/?s={search_term_string}\"},\"query-input\":{\"@type\":\"PropertyValueSpecification\",\"valueRequired\":true,\"valueName\":\"search_term_string\"}}],\"inLanguage\":\"pt-PT\"},{\"@type\":\"Person\",\"@id\":\"https:\\\/\\\/www.altominho.tv\\\/site\\\/#\\\/schema\\\/person\\\/2690abd4f0b3984514ce0607afbfced7\",\"name\":\"Rafael Pereira\",\"image\":{\"@type\":\"ImageObject\",\"inLanguage\":\"pt-PT\",\"@id\":\"https:\\\/\\\/www.altominho.tv\\\/site\\\/wp-content\\\/uploads\\\/2021\\\/08\\\/42996867_1705603802900752_8292335788369117184_n-150x150.jpeg\",\"url\":\"https:\\\/\\\/www.altominho.tv\\\/site\\\/wp-content\\\/uploads\\\/2021\\\/08\\\/42996867_1705603802900752_8292335788369117184_n-150x150.jpeg\",\"contentUrl\":\"https:\\\/\\\/www.altominho.tv\\\/site\\\/wp-content\\\/uploads\\\/2021\\\/08\\\/42996867_1705603802900752_8292335788369117184_n-150x150.jpeg\",\"caption\":\"Rafael Pereira\"},\"url\":\"https:\\\/\\\/www.altominho.tv\\\/site\\\/author\\\/rafaelpereira\\\/\"}]}<\/script>\n<meta property=\"og:video\" content=\"https:\/\/www.youtube.com\/embed\/sLVEVA1US28\" \/>\n<meta property=\"og:video:type\" content=\"text\/html\" \/>\n<meta property=\"og:video:duration\" content=\"153\" \/>\n<meta property=\"og:video:width\" content=\"480\" \/>\n<meta property=\"og:video:height\" content=\"270\" \/>\n<meta property=\"ya:ovs:adult\" content=\"false\" \/>\n<meta property=\"ya:ovs:upload_date\" content=\"2025-08-02T19:00:00+00:00\" \/>\n<meta property=\"ya:ovs:allow_embed\" content=\"true\" \/>\n<!-- \/ Yoast SEO Premium plugin. -->","yoast_head_json":{"title":"Cerveira vibrou com concerto de Dillaz","robots":{"index":"index","follow":"follow","max-snippet":"max-snippet:-1","max-image-preview":"max-image-preview:large","max-video-preview":"max-video-preview:-1"},"canonical":"https:\/\/www.altominho.tv\/site\/2025\/08\/02\/cerveira-vibrou-com-concerto-de-dillaz\/","og_locale":"pt_PT","og_type":"article","og_title":"Cerveira vibrou com concerto de Dillaz","og_description":"O Recinto das Festas Concelhias de Vila Nova de Cerveira vibrou com a energia de&nbsp;Dillaz, uma das vozes mais fortes do hip-hop nacional. O concerto, integrado no programa dedicado \u00e0 juventude, encheu o espa\u00e7o e marcou em grande o ver\u00e3o minhoto.&nbsp; Autor de temas como \u201cMo Boy\u201d e \u201cSaudade\u201d,&nbsp;Dillaz&nbsp;\u00e9 conhecido pelos seus versos aut\u00eanticos e [&hellip;]","og_url":"https:\/\/www.altominho.tv\/site\/2025\/08\/02\/cerveira-vibrou-com-concerto-de-dillaz\/","og_site_name":"Altominho.tv","article_publisher":"https:\/\/www.facebook.com\/altominhotv","article_published_time":"2025-08-02T19:00:00+00:00","og_image":[{"width":1920,"height":1080,"url":"https:\/\/www.altominho.tv\/site\/wp-content\/uploads\/2025\/08\/Dillaz.jpg","type":"image\/jpeg"}],"author":"Rafael Pereira","twitter_card":"summary_large_image","twitter_creator":"@altominhoTV","twitter_site":"@altominhoTV","twitter_misc":{"Escrito por":"Rafael Pereira","Tempo estimado de leitura":"1 minuto"},"schema":{"@context":"https:\/\/schema.org","@graph":[{"@type":"Article","@id":"https:\/\/www.altominho.tv\/site\/2025\/08\/02\/cerveira-vibrou-com-concerto-de-dillaz\/#article","isPartOf":{"@id":"https:\/\/www.altominho.tv\/site\/2025\/08\/02\/cerveira-vibrou-com-concerto-de-dillaz\/"},"author":{"name":"Rafael Pereira","@id":"https:\/\/www.altominho.tv\/site\/#\/schema\/person\/2690abd4f0b3984514ce0607afbfced7"},"headline":"Cerveira vibrou com concerto de Dillaz","datePublished":"2025-08-02T19:00:00+00:00","mainEntityOfPage":{"@id":"https:\/\/www.altominho.tv\/site\/2025\/08\/02\/cerveira-vibrou-com-concerto-de-dillaz\/"},"wordCount":156,"image":{"@id":"https:\/\/www.altominho.tv\/site\/2025\/08\/02\/cerveira-vibrou-com-concerto-de-dillaz\/#primaryimage"},"thumbnailUrl":"https:\/\/www.altominho.tv\/site\/wp-content\/uploads\/2025\/08\/Dillaz.jpg","keywords":["Cultura","Sociedade"],"articleSection":["Vila Nova de Cerveira"],"inLanguage":"pt-PT","copyrightYear":"2025","copyrightHolder":{"@id":"https:\/\/www.altominho.tv\/site\/#organization"}},{"@type":"WebPage","@id":"https:\/\/www.altominho.tv\/site\/2025\/08\/02\/cerveira-vibrou-com-concerto-de-dillaz\/","url":"https:\/\/www.altominho.tv\/site\/2025\/08\/02\/cerveira-vibrou-com-concerto-de-dillaz\/","name":"Cerveira vibrou com concerto de Dillaz","isPartOf":{"@id":"https:\/\/www.altominho.tv\/site\/#website"},"primaryImageOfPage":{"@id":"https:\/\/www.altominho.tv\/site\/2025\/08\/02\/cerveira-vibrou-com-concerto-de-dillaz\/#primaryimage"},"image":{"@id":"https:\/\/www.altominho.tv\/site\/2025\/08\/02\/cerveira-vibrou-com-concerto-de-dillaz\/#primaryimage"},"thumbnailUrl":"https:\/\/www.altominho.tv\/site\/wp-content\/uploads\/2025\/08\/Dillaz.jpg","datePublished":"2025-08-02T19:00:00+00:00","author":{"@id":"https:\/\/www.altominho.tv\/site\/#\/schema\/person\/2690abd4f0b3984514ce0607afbfced7"},"breadcrumb":{"@id":"https:\/\/www.altominho.tv\/site\/2025\/08\/02\/cerveira-vibrou-com-concerto-de-dillaz\/#breadcrumb"},"inLanguage":"pt-PT","potentialAction":[{"@type":"ReadAction","target":["https:\/\/www.altominho.tv\/site\/2025\/08\/02\/cerveira-vibrou-com-concerto-de-dillaz\/"]}]},{"@type":"ImageObject","inLanguage":"pt-PT","@id":"https:\/\/www.altominho.tv\/site\/2025\/08\/02\/cerveira-vibrou-com-concerto-de-dillaz\/#primaryimage","url":"https:\/\/www.altominho.tv\/site\/wp-content\/uploads\/2025\/08\/Dillaz.jpg","contentUrl":"https:\/\/www.altominho.tv\/site\/wp-content\/uploads\/2025\/08\/Dillaz.jpg","width":1920,"height":1080},{"@type":"BreadcrumbList","@id":"https:\/\/www.altominho.tv\/site\/2025\/08\/02\/cerveira-vibrou-com-concerto-de-dillaz\/#breadcrumb","itemListElement":[{"@type":"ListItem","position":1,"name":"In\u00edcio","item":"https:\/\/www.altominho.tv\/site\/"},{"@type":"ListItem","position":2,"name":"Cerveira vibrou com concerto de Dillaz"}]},{"@type":"WebSite","@id":"https:\/\/www.altominho.tv\/site\/#website","url":"https:\/\/www.altominho.tv\/site\/","name":"Altominho.tv","description":"A sua regi\u00e3o \u00e0 dist\u00e2ncia de um clique...","potentialAction":[{"@type":"SearchAction","target":{"@type":"EntryPoint","urlTemplate":"https:\/\/www.altominho.tv\/site\/?s={search_term_string}"},"query-input":{"@type":"PropertyValueSpecification","valueRequired":true,"valueName":"search_term_string"}}],"inLanguage":"pt-PT"},{"@type":"Person","@id":"https:\/\/www.altominho.tv\/site\/#\/schema\/person\/2690abd4f0b3984514ce0607afbfced7","name":"Rafael Pereira","image":{"@type":"ImageObject","inLanguage":"pt-PT","@id":"https:\/\/www.altominho.tv\/site\/wp-content\/uploads\/2021\/08\/42996867_1705603802900752_8292335788369117184_n-150x150.jpeg","url":"https:\/\/www.altominho.tv\/site\/wp-content\/uploads\/2021\/08\/42996867_1705603802900752_8292335788369117184_n-150x150.jpeg","contentUrl":"https:\/\/www.altominho.tv\/site\/wp-content\/uploads\/2021\/08\/42996867_1705603802900752_8292335788369117184_n-150x150.jpeg","caption":"Rafael Pereira"},"url":"https:\/\/www.altominho.tv\/site\/author\/rafaelpereira\/"}]},"og_video":"https:\/\/www.youtube.com\/embed\/sLVEVA1US28","og_video_type":"text\/html","og_video_duration":"153","og_video_width":"480","og_video_height":"270","ya_ovs_adult":"false","ya_ovs_upload_date":"2025-08-02T19:00:00+00:00","ya_ovs_allow_embed":"true"},"_links":{"self":[{"href":"https:\/\/www.altominho.tv\/site\/wp-json\/wp\/v2\/posts\/121522","targetHints":{"allow":["GET"]}}],"collection":[{"href":"https:\/\/www.altominho.tv\/site\/wp-json\/wp\/v2\/posts"}],"about":[{"href":"https:\/\/www.altominho.tv\/site\/wp-json\/wp\/v2\/types\/post"}],"author":[{"embeddable":true,"href":"https:\/\/www.altominho.tv\/site\/wp-json\/wp\/v2\/users\/9"}],"replies":[{"embeddable":true,"href":"https:\/\/www.altominho.tv\/site\/wp-json\/wp\/v2\/comments?post=121522"}],"version-history":[{"count":1,"href":"https:\/\/www.altominho.tv\/site\/wp-json\/wp\/v2\/posts\/121522\/revisions"}],"predecessor-version":[{"id":121524,"href":"https:\/\/www.altominho.tv\/site\/wp-json\/wp\/v2\/posts\/121522\/revisions\/121524"}],"wp:featuredmedia":[{"embeddable":true,"href":"https:\/\/www.altominho.tv\/site\/wp-json\/wp\/v2\/media\/121523"}],"wp:attachment":[{"href":"https:\/\/www.altominho.tv\/site\/wp-json\/wp\/v2\/media?parent=121522"}],"wp:term":[{"taxonomy":"category","embeddable":true,"href":"https:\/\/www.altominho.tv\/site\/wp-json\/wp\/v2\/categories?post=121522"},{"taxonomy":"post_tag","embeddable":true,"href":"https:\/\/www.altominho.tv\/site\/wp-json\/wp\/v2\/tags?post=121522"}],"curies":[{"name":"wp","href":"https:\/\/api.w.org\/{rel}","templated":true}]}}