{"id":121506,"date":"2025-08-01T19:00:00","date_gmt":"2025-08-01T18:00:00","guid":{"rendered":"https:\/\/www.altominho.tv\/site\/?p=121506"},"modified":"2025-08-01T18:45:30","modified_gmt":"2025-08-01T17:45:30","slug":"de-viana-do-castelo-a-bilbau-de-bicicleta-a-aventura-de-pedro-e-miguel","status":"publish","type":"post","link":"https:\/\/www.altominho.tv\/site\/2025\/08\/01\/de-viana-do-castelo-a-bilbau-de-bicicleta-a-aventura-de-pedro-e-miguel\/","title":{"rendered":"De Viana do Castelo a Bilbau de Bicicleta: A aventura de Pedro e Miguel"},"content":{"rendered":"\n<iframe loading=\"lazy\" width=\"560\" height=\"315\" src=\"https:\/\/www.youtube.com\/embed\/7JDvY9byjao?si=WabYIYVaE0k2G7-P\" title=\"YouTube video player\" frameborder=\"0\" allow=\"accelerometer; autoplay; clipboard-write; encrypted-media; gyroscope; picture-in-picture; web-share\" referrerpolicy=\"strict-origin-when-cross-origin\" allowfullscreen><\/iframe>\n\n\n<p>Pedro Sousa e Miguel Ramos s\u00e3o dois amigos que decidiram embarcar numa aventura de bicicleta, atrav\u00e9s da cria\u00e7\u00e3o do projeto bota RAM.<\/p>\n<p>Juntos, v\u00e3o partir de Viana do Castelo e, ao longo de 15 dias, ir\u00e3o percorrer o Norte de Portugal e Espanha at\u00e9 chegarem a Bilbau.<\/p>\n<p>Para al\u00e9m do desafio pessoal, os dois jovens querem promover a mobilidade sustent\u00e1vel e destacar Viana do Castelo como uma cidade que re\u00fane excelentes condi\u00e7\u00f5es para a pr\u00e1tica do ciclismo.<\/p>\n<p>Ao longo do caminho, Pedro e Miguel esperam descobrir novas paisagens, conhecer pessoas e viver experi\u00eancias \u00fanicas que s\u00f3 uma viagem destas pode proporcionar.<\/p>","protected":false},"excerpt":{"rendered":"<p>Pedro Sousa e Miguel Ramos s\u00e3o dois amigos que decidiram embarcar numa aventura de bicicleta, atrav\u00e9s da cria\u00e7\u00e3o do projeto bota RAM. Juntos, v\u00e3o partir de Viana do Castelo e, ao longo de 15 dias, ir\u00e3o percorrer o Norte de Portugal e Espanha at\u00e9 chegarem a Bilbau. Para al\u00e9m do desafio pessoal, os dois jovens [&hellip;]<\/p>\n","protected":false},"author":8,"featured_media":121508,"comment_status":"closed","ping_status":"closed","sticky":false,"template":"","format":"video","meta":{"_exactmetrics_skip_tracking":false,"_exactmetrics_sitenote_active":false,"_exactmetrics_sitenote_note":"","_exactmetrics_sitenote_category":0,"footnotes":""},"categories":[14],"tags":[20],"class_list":["post-121506","post","type-post","status-publish","format-video","has-post-thumbnail","hentry","category-viana-do-castelo","tag-desporto","post_format-post-format-video"],"yoast_head":"<!-- This site is optimized with the Yoast SEO Premium plugin v27.4 (Yoast SEO v27.4) - https:\/\/yoast.com\/product\/yoast-seo-premium-wordpress\/ -->\n<title>De Viana do Castelo a Bilbau de Bicicleta: A aventura de Pedro e Miguel<\/title>\n<meta name=\"robots\" content=\"index, follow, max-snippet:-1, max-image-preview:large, max-video-preview:-1\" \/>\n<link rel=\"canonical\" href=\"https:\/\/www.altominho.tv\/site\/2025\/08\/01\/de-viana-do-castelo-a-bilbau-de-bicicleta-a-aventura-de-pedro-e-miguel\/\" \/>\n<meta property=\"og:locale\" content=\"pt_PT\" \/>\n<meta property=\"og:type\" content=\"article\" \/>\n<meta property=\"og:title\" content=\"De Viana do Castelo a Bilbau de Bicicleta: A aventura de Pedro e Miguel\" \/>\n<meta property=\"og:description\" content=\"Pedro Sousa e Miguel Ramos s\u00e3o dois amigos que decidiram embarcar numa aventura de bicicleta, atrav\u00e9s da cria\u00e7\u00e3o do projeto bota RAM. Juntos, v\u00e3o partir de Viana do Castelo e, ao longo de 15 dias, ir\u00e3o percorrer o Norte de Portugal e Espanha at\u00e9 chegarem a Bilbau. Para al\u00e9m do desafio pessoal, os dois jovens [&hellip;]\" \/>\n<meta property=\"og:url\" content=\"https:\/\/www.altominho.tv\/site\/2025\/08\/01\/de-viana-do-castelo-a-bilbau-de-bicicleta-a-aventura-de-pedro-e-miguel\/\" \/>\n<meta property=\"og:site_name\" content=\"Altominho.tv\" \/>\n<meta property=\"article:publisher\" content=\"https:\/\/www.facebook.com\/altominhotv\" \/>\n<meta property=\"article:published_time\" content=\"2025-08-01T18:00:00+00:00\" \/>\n<meta property=\"og:image\" content=\"https:\/\/www.altominho.tv\/site\/wp-content\/uploads\/2025\/08\/7jdvy9byjao.jpg\" \/>\n\t<meta property=\"og:image:width\" content=\"1280\" \/>\n\t<meta property=\"og:image:height\" content=\"720\" \/>\n\t<meta property=\"og:image:type\" content=\"image\/jpeg\" \/>\n<meta name=\"author\" content=\"Alexandre Ferreira\" \/>\n<meta name=\"twitter:card\" content=\"summary_large_image\" \/>\n<meta name=\"twitter:creator\" content=\"@altominhoTV\" \/>\n<meta name=\"twitter:site\" content=\"@altominhoTV\" \/>\n<meta name=\"twitter:label1\" content=\"Escrito por\" \/>\n\t<meta name=\"twitter:data1\" content=\"Alexandre Ferreira\" \/>\n\t<meta name=\"twitter:label2\" content=\"Tempo estimado de leitura\" \/>\n\t<meta name=\"twitter:data2\" content=\"1 minuto\" \/>\n<script type=\"application\/ld+json\" class=\"yoast-schema-graph\">{\"@context\":\"https:\\\/\\\/schema.org\",\"@graph\":[{\"@type\":\"Article\",\"@id\":\"https:\\\/\\\/www.altominho.tv\\\/site\\\/2025\\\/08\\\/01\\\/de-viana-do-castelo-a-bilbau-de-bicicleta-a-aventura-de-pedro-e-miguel\\\/#article\",\"isPartOf\":{\"@id\":\"https:\\\/\\\/www.altominho.tv\\\/site\\\/2025\\\/08\\\/01\\\/de-viana-do-castelo-a-bilbau-de-bicicleta-a-aventura-de-pedro-e-miguel\\\/\"},\"author\":{\"name\":\"Alexandre Ferreira\",\"@id\":\"https:\\\/\\\/www.altominho.tv\\\/site\\\/#\\\/schema\\\/person\\\/56c462a0f6591602f4e9fb3fa6ea49bd\"},\"headline\":\"De Viana do Castelo a Bilbau de Bicicleta: A aventura de Pedro e Miguel\",\"datePublished\":\"2025-08-01T18:00:00+00:00\",\"mainEntityOfPage\":{\"@id\":\"https:\\\/\\\/www.altominho.tv\\\/site\\\/2025\\\/08\\\/01\\\/de-viana-do-castelo-a-bilbau-de-bicicleta-a-aventura-de-pedro-e-miguel\\\/\"},\"wordCount\":125,\"image\":{\"@id\":\"https:\\\/\\\/www.altominho.tv\\\/site\\\/2025\\\/08\\\/01\\\/de-viana-do-castelo-a-bilbau-de-bicicleta-a-aventura-de-pedro-e-miguel\\\/#primaryimage\"},\"thumbnailUrl\":\"https:\\\/\\\/www.altominho.tv\\\/site\\\/wp-content\\\/uploads\\\/2025\\\/08\\\/7jdvy9byjao.jpg\",\"keywords\":[\"Desporto\"],\"articleSection\":[\"Viana do Castelo\"],\"inLanguage\":\"pt-PT\",\"copyrightYear\":\"2025\",\"copyrightHolder\":{\"@id\":\"https:\\\/\\\/www.altominho.tv\\\/site\\\/#organization\"}},{\"@type\":\"WebPage\",\"@id\":\"https:\\\/\\\/www.altominho.tv\\\/site\\\/2025\\\/08\\\/01\\\/de-viana-do-castelo-a-bilbau-de-bicicleta-a-aventura-de-pedro-e-miguel\\\/\",\"url\":\"https:\\\/\\\/www.altominho.tv\\\/site\\\/2025\\\/08\\\/01\\\/de-viana-do-castelo-a-bilbau-de-bicicleta-a-aventura-de-pedro-e-miguel\\\/\",\"name\":\"De Viana do Castelo a Bilbau de Bicicleta: A aventura de Pedro e Miguel\",\"isPartOf\":{\"@id\":\"https:\\\/\\\/www.altominho.tv\\\/site\\\/#website\"},\"primaryImageOfPage\":{\"@id\":\"https:\\\/\\\/www.altominho.tv\\\/site\\\/2025\\\/08\\\/01\\\/de-viana-do-castelo-a-bilbau-de-bicicleta-a-aventura-de-pedro-e-miguel\\\/#primaryimage\"},\"image\":{\"@id\":\"https:\\\/\\\/www.altominho.tv\\\/site\\\/2025\\\/08\\\/01\\\/de-viana-do-castelo-a-bilbau-de-bicicleta-a-aventura-de-pedro-e-miguel\\\/#primaryimage\"},\"thumbnailUrl\":\"https:\\\/\\\/www.altominho.tv\\\/site\\\/wp-content\\\/uploads\\\/2025\\\/08\\\/7jdvy9byjao.jpg\",\"datePublished\":\"2025-08-01T18:00:00+00:00\",\"author\":{\"@id\":\"https:\\\/\\\/www.altominho.tv\\\/site\\\/#\\\/schema\\\/person\\\/56c462a0f6591602f4e9fb3fa6ea49bd\"},\"breadcrumb\":{\"@id\":\"https:\\\/\\\/www.altominho.tv\\\/site\\\/2025\\\/08\\\/01\\\/de-viana-do-castelo-a-bilbau-de-bicicleta-a-aventura-de-pedro-e-miguel\\\/#breadcrumb\"},\"inLanguage\":\"pt-PT\",\"potentialAction\":[{\"@type\":\"ReadAction\",\"target\":[\"https:\\\/\\\/www.altominho.tv\\\/site\\\/2025\\\/08\\\/01\\\/de-viana-do-castelo-a-bilbau-de-bicicleta-a-aventura-de-pedro-e-miguel\\\/\"]}]},{\"@type\":\"ImageObject\",\"inLanguage\":\"pt-PT\",\"@id\":\"https:\\\/\\\/www.altominho.tv\\\/site\\\/2025\\\/08\\\/01\\\/de-viana-do-castelo-a-bilbau-de-bicicleta-a-aventura-de-pedro-e-miguel\\\/#primaryimage\",\"url\":\"https:\\\/\\\/www.altominho.tv\\\/site\\\/wp-content\\\/uploads\\\/2025\\\/08\\\/7jdvy9byjao.jpg\",\"contentUrl\":\"https:\\\/\\\/www.altominho.tv\\\/site\\\/wp-content\\\/uploads\\\/2025\\\/08\\\/7jdvy9byjao.jpg\",\"width\":1280,\"height\":720},{\"@type\":\"BreadcrumbList\",\"@id\":\"https:\\\/\\\/www.altominho.tv\\\/site\\\/2025\\\/08\\\/01\\\/de-viana-do-castelo-a-bilbau-de-bicicleta-a-aventura-de-pedro-e-miguel\\\/#breadcrumb\",\"itemListElement\":[{\"@type\":\"ListItem\",\"position\":1,\"name\":\"In\u00edcio\",\"item\":\"https:\\\/\\\/www.altominho.tv\\\/site\\\/\"},{\"@type\":\"ListItem\",\"position\":2,\"name\":\"De Viana do Castelo a Bilbau de Bicicleta: A aventura de Pedro e Miguel\"}]},{\"@type\":\"WebSite\",\"@id\":\"https:\\\/\\\/www.altominho.tv\\\/site\\\/#website\",\"url\":\"https:\\\/\\\/www.altominho.tv\\\/site\\\/\",\"name\":\"Altominho.tv\",\"description\":\"A sua regi\u00e3o \u00e0 dist\u00e2ncia de um clique...\",\"potentialAction\":[{\"@type\":\"SearchAction\",\"target\":{\"@type\":\"EntryPoint\",\"urlTemplate\":\"https:\\\/\\\/www.altominho.tv\\\/site\\\/?s={search_term_string}\"},\"query-input\":{\"@type\":\"PropertyValueSpecification\",\"valueRequired\":true,\"valueName\":\"search_term_string\"}}],\"inLanguage\":\"pt-PT\"},{\"@type\":\"Person\",\"@id\":\"https:\\\/\\\/www.altominho.tv\\\/site\\\/#\\\/schema\\\/person\\\/56c462a0f6591602f4e9fb3fa6ea49bd\",\"name\":\"Alexandre Ferreira\",\"image\":{\"@type\":\"ImageObject\",\"inLanguage\":\"pt-PT\",\"@id\":\"https:\\\/\\\/www.altominho.tv\\\/site\\\/wp-content\\\/uploads\\\/2017\\\/11\\\/Alexandre-150x150.jpg\",\"url\":\"https:\\\/\\\/www.altominho.tv\\\/site\\\/wp-content\\\/uploads\\\/2017\\\/11\\\/Alexandre-150x150.jpg\",\"contentUrl\":\"https:\\\/\\\/www.altominho.tv\\\/site\\\/wp-content\\\/uploads\\\/2017\\\/11\\\/Alexandre-150x150.jpg\",\"caption\":\"Alexandre Ferreira\"},\"url\":\"https:\\\/\\\/www.altominho.tv\\\/site\\\/author\\\/alexandreferreira\\\/\"}]}<\/script>\n<meta property=\"og:video\" content=\"https:\/\/www.youtube.com\/embed\/7JDvY9byjao\" \/>\n<meta property=\"og:video:type\" content=\"text\/html\" \/>\n<meta property=\"og:video:duration\" content=\"212\" \/>\n<meta property=\"og:video:width\" content=\"480\" \/>\n<meta property=\"og:video:height\" content=\"270\" \/>\n<meta property=\"ya:ovs:adult\" content=\"false\" \/>\n<meta property=\"ya:ovs:upload_date\" content=\"2025-08-01T18:00:00+00:00\" \/>\n<meta property=\"ya:ovs:allow_embed\" content=\"true\" \/>\n<!-- \/ Yoast SEO Premium plugin. -->","yoast_head_json":{"title":"De Viana do Castelo a Bilbau de Bicicleta: A aventura de Pedro e Miguel","robots":{"index":"index","follow":"follow","max-snippet":"max-snippet:-1","max-image-preview":"max-image-preview:large","max-video-preview":"max-video-preview:-1"},"canonical":"https:\/\/www.altominho.tv\/site\/2025\/08\/01\/de-viana-do-castelo-a-bilbau-de-bicicleta-a-aventura-de-pedro-e-miguel\/","og_locale":"pt_PT","og_type":"article","og_title":"De Viana do Castelo a Bilbau de Bicicleta: A aventura de Pedro e Miguel","og_description":"Pedro Sousa e Miguel Ramos s\u00e3o dois amigos que decidiram embarcar numa aventura de bicicleta, atrav\u00e9s da cria\u00e7\u00e3o do projeto bota RAM. Juntos, v\u00e3o partir de Viana do Castelo e, ao longo de 15 dias, ir\u00e3o percorrer o Norte de Portugal e Espanha at\u00e9 chegarem a Bilbau. Para al\u00e9m do desafio pessoal, os dois jovens [&hellip;]","og_url":"https:\/\/www.altominho.tv\/site\/2025\/08\/01\/de-viana-do-castelo-a-bilbau-de-bicicleta-a-aventura-de-pedro-e-miguel\/","og_site_name":"Altominho.tv","article_publisher":"https:\/\/www.facebook.com\/altominhotv","article_published_time":"2025-08-01T18:00:00+00:00","og_image":[{"width":1280,"height":720,"url":"https:\/\/www.altominho.tv\/site\/wp-content\/uploads\/2025\/08\/7jdvy9byjao.jpg","type":"image\/jpeg"}],"author":"Alexandre Ferreira","twitter_card":"summary_large_image","twitter_creator":"@altominhoTV","twitter_site":"@altominhoTV","twitter_misc":{"Escrito por":"Alexandre Ferreira","Tempo estimado de leitura":"1 minuto"},"schema":{"@context":"https:\/\/schema.org","@graph":[{"@type":"Article","@id":"https:\/\/www.altominho.tv\/site\/2025\/08\/01\/de-viana-do-castelo-a-bilbau-de-bicicleta-a-aventura-de-pedro-e-miguel\/#article","isPartOf":{"@id":"https:\/\/www.altominho.tv\/site\/2025\/08\/01\/de-viana-do-castelo-a-bilbau-de-bicicleta-a-aventura-de-pedro-e-miguel\/"},"author":{"name":"Alexandre Ferreira","@id":"https:\/\/www.altominho.tv\/site\/#\/schema\/person\/56c462a0f6591602f4e9fb3fa6ea49bd"},"headline":"De Viana do Castelo a Bilbau de Bicicleta: A aventura de Pedro e Miguel","datePublished":"2025-08-01T18:00:00+00:00","mainEntityOfPage":{"@id":"https:\/\/www.altominho.tv\/site\/2025\/08\/01\/de-viana-do-castelo-a-bilbau-de-bicicleta-a-aventura-de-pedro-e-miguel\/"},"wordCount":125,"image":{"@id":"https:\/\/www.altominho.tv\/site\/2025\/08\/01\/de-viana-do-castelo-a-bilbau-de-bicicleta-a-aventura-de-pedro-e-miguel\/#primaryimage"},"thumbnailUrl":"https:\/\/www.altominho.tv\/site\/wp-content\/uploads\/2025\/08\/7jdvy9byjao.jpg","keywords":["Desporto"],"articleSection":["Viana do Castelo"],"inLanguage":"pt-PT","copyrightYear":"2025","copyrightHolder":{"@id":"https:\/\/www.altominho.tv\/site\/#organization"}},{"@type":"WebPage","@id":"https:\/\/www.altominho.tv\/site\/2025\/08\/01\/de-viana-do-castelo-a-bilbau-de-bicicleta-a-aventura-de-pedro-e-miguel\/","url":"https:\/\/www.altominho.tv\/site\/2025\/08\/01\/de-viana-do-castelo-a-bilbau-de-bicicleta-a-aventura-de-pedro-e-miguel\/","name":"De Viana do Castelo a Bilbau de Bicicleta: A aventura de Pedro e Miguel","isPartOf":{"@id":"https:\/\/www.altominho.tv\/site\/#website"},"primaryImageOfPage":{"@id":"https:\/\/www.altominho.tv\/site\/2025\/08\/01\/de-viana-do-castelo-a-bilbau-de-bicicleta-a-aventura-de-pedro-e-miguel\/#primaryimage"},"image":{"@id":"https:\/\/www.altominho.tv\/site\/2025\/08\/01\/de-viana-do-castelo-a-bilbau-de-bicicleta-a-aventura-de-pedro-e-miguel\/#primaryimage"},"thumbnailUrl":"https:\/\/www.altominho.tv\/site\/wp-content\/uploads\/2025\/08\/7jdvy9byjao.jpg","datePublished":"2025-08-01T18:00:00+00:00","author":{"@id":"https:\/\/www.altominho.tv\/site\/#\/schema\/person\/56c462a0f6591602f4e9fb3fa6ea49bd"},"breadcrumb":{"@id":"https:\/\/www.altominho.tv\/site\/2025\/08\/01\/de-viana-do-castelo-a-bilbau-de-bicicleta-a-aventura-de-pedro-e-miguel\/#breadcrumb"},"inLanguage":"pt-PT","potentialAction":[{"@type":"ReadAction","target":["https:\/\/www.altominho.tv\/site\/2025\/08\/01\/de-viana-do-castelo-a-bilbau-de-bicicleta-a-aventura-de-pedro-e-miguel\/"]}]},{"@type":"ImageObject","inLanguage":"pt-PT","@id":"https:\/\/www.altominho.tv\/site\/2025\/08\/01\/de-viana-do-castelo-a-bilbau-de-bicicleta-a-aventura-de-pedro-e-miguel\/#primaryimage","url":"https:\/\/www.altominho.tv\/site\/wp-content\/uploads\/2025\/08\/7jdvy9byjao.jpg","contentUrl":"https:\/\/www.altominho.tv\/site\/wp-content\/uploads\/2025\/08\/7jdvy9byjao.jpg","width":1280,"height":720},{"@type":"BreadcrumbList","@id":"https:\/\/www.altominho.tv\/site\/2025\/08\/01\/de-viana-do-castelo-a-bilbau-de-bicicleta-a-aventura-de-pedro-e-miguel\/#breadcrumb","itemListElement":[{"@type":"ListItem","position":1,"name":"In\u00edcio","item":"https:\/\/www.altominho.tv\/site\/"},{"@type":"ListItem","position":2,"name":"De Viana do Castelo a Bilbau de Bicicleta: A aventura de Pedro e Miguel"}]},{"@type":"WebSite","@id":"https:\/\/www.altominho.tv\/site\/#website","url":"https:\/\/www.altominho.tv\/site\/","name":"Altominho.tv","description":"A sua regi\u00e3o \u00e0 dist\u00e2ncia de um clique...","potentialAction":[{"@type":"SearchAction","target":{"@type":"EntryPoint","urlTemplate":"https:\/\/www.altominho.tv\/site\/?s={search_term_string}"},"query-input":{"@type":"PropertyValueSpecification","valueRequired":true,"valueName":"search_term_string"}}],"inLanguage":"pt-PT"},{"@type":"Person","@id":"https:\/\/www.altominho.tv\/site\/#\/schema\/person\/56c462a0f6591602f4e9fb3fa6ea49bd","name":"Alexandre Ferreira","image":{"@type":"ImageObject","inLanguage":"pt-PT","@id":"https:\/\/www.altominho.tv\/site\/wp-content\/uploads\/2017\/11\/Alexandre-150x150.jpg","url":"https:\/\/www.altominho.tv\/site\/wp-content\/uploads\/2017\/11\/Alexandre-150x150.jpg","contentUrl":"https:\/\/www.altominho.tv\/site\/wp-content\/uploads\/2017\/11\/Alexandre-150x150.jpg","caption":"Alexandre Ferreira"},"url":"https:\/\/www.altominho.tv\/site\/author\/alexandreferreira\/"}]},"og_video":"https:\/\/www.youtube.com\/embed\/7JDvY9byjao","og_video_type":"text\/html","og_video_duration":"212","og_video_width":"480","og_video_height":"270","ya_ovs_adult":"false","ya_ovs_upload_date":"2025-08-01T18:00:00+00:00","ya_ovs_allow_embed":"true"},"_links":{"self":[{"href":"https:\/\/www.altominho.tv\/site\/wp-json\/wp\/v2\/posts\/121506","targetHints":{"allow":["GET"]}}],"collection":[{"href":"https:\/\/www.altominho.tv\/site\/wp-json\/wp\/v2\/posts"}],"about":[{"href":"https:\/\/www.altominho.tv\/site\/wp-json\/wp\/v2\/types\/post"}],"author":[{"embeddable":true,"href":"https:\/\/www.altominho.tv\/site\/wp-json\/wp\/v2\/users\/8"}],"replies":[{"embeddable":true,"href":"https:\/\/www.altominho.tv\/site\/wp-json\/wp\/v2\/comments?post=121506"}],"version-history":[{"count":1,"href":"https:\/\/www.altominho.tv\/site\/wp-json\/wp\/v2\/posts\/121506\/revisions"}],"predecessor-version":[{"id":121507,"href":"https:\/\/www.altominho.tv\/site\/wp-json\/wp\/v2\/posts\/121506\/revisions\/121507"}],"wp:featuredmedia":[{"embeddable":true,"href":"https:\/\/www.altominho.tv\/site\/wp-json\/wp\/v2\/media\/121508"}],"wp:attachment":[{"href":"https:\/\/www.altominho.tv\/site\/wp-json\/wp\/v2\/media?parent=121506"}],"wp:term":[{"taxonomy":"category","embeddable":true,"href":"https:\/\/www.altominho.tv\/site\/wp-json\/wp\/v2\/categories?post=121506"},{"taxonomy":"post_tag","embeddable":true,"href":"https:\/\/www.altominho.tv\/site\/wp-json\/wp\/v2\/tags?post=121506"}],"curies":[{"name":"wp","href":"https:\/\/api.w.org\/{rel}","templated":true}]}}