{"id":121470,"date":"2025-07-31T16:53:47","date_gmt":"2025-07-31T15:53:47","guid":{"rendered":"https:\/\/www.altominho.tv\/site\/?p=121470"},"modified":"2025-07-31T16:53:49","modified_gmt":"2025-07-31T15:53:49","slug":"cerveira-aposta-na-preparacao-fisica-dos-bombeiros-voluntarios","status":"publish","type":"post","link":"https:\/\/www.altominho.tv\/site\/2025\/07\/31\/cerveira-aposta-na-preparacao-fisica-dos-bombeiros-voluntarios\/","title":{"rendered":"Cerveira aposta na prepara\u00e7\u00e3o f\u00edsica dos bombeiros volunt\u00e1rios"},"content":{"rendered":"<p><span data-contrast=\"auto\">A C\u00e2mara Municipal de Vila Nova de Cerveira vai implementar sess\u00f5es de treino f\u00edsico regular para os Bombeiros Volunt\u00e1rios locais, com in\u00edcio a 1 de agosto. A medida visa refor\u00e7ar a prepara\u00e7\u00e3o f\u00edsica e o bem-estar dos operacionais da Equipa de Interven\u00e7\u00e3o Permanente (EIP), no \u00e2mbito de um programa de valoriza\u00e7\u00e3o e prote\u00e7\u00e3o da sa\u00fade dos bombeiros.<\/span><span data-ccp-props=\"{}\">\u00a0<\/span><\/p>\n<p><span data-contrast=\"auto\">O protocolo, celebrado entre o Munic\u00edpio e a Associa\u00e7\u00e3o Humanit\u00e1ria dos Bombeiros Volunt\u00e1rios de Vila Nova de Cerveira, tem uma dura\u00e7\u00e3o inicial de 12 meses, renovando-se automaticamente por iguais per\u00edodos.<\/span><span data-ccp-props=\"{}\">\u00a0<\/span><\/p>\n<p><span data-contrast=\"auto\">Reconhecendo o papel essencial dos bombeiros na resposta a emerg\u00eancias e na prote\u00e7\u00e3o de vidas humanas, patrim\u00f3nio e ambiente, a autarquia disponibiliza um t\u00e9cnico superior de desporto para orientar duas sess\u00f5es de treino por semana. Estas sess\u00f5es decorrer\u00e3o nas instala\u00e7\u00f5es da corpora\u00e7\u00e3o, em espa\u00e7os municipais ou em locais previamente definidos.<\/span><span data-ccp-props=\"{}\">\u00a0<\/span><\/p>\n<p><span data-contrast=\"auto\">Apesar do car\u00e1cter volunt\u00e1rio da corpora\u00e7\u00e3o, os bombeiros operam em contextos de grande exig\u00eancia f\u00edsica e emocional. Com esta medida, a autarquia pretende dotar os operacionais de melhores condi\u00e7\u00f5es para o exerc\u00edcio das suas fun\u00e7\u00f5es, promovendo simultaneamente a sua sa\u00fade, seguran\u00e7a e capacidade de resposta.<\/span><span data-ccp-props=\"{}\">\u00a0<\/span><\/p>\n<p><span data-contrast=\"auto\">O Munic\u00edpio destaca que esta iniciativa constitui um investimento no desempenho e valoriza\u00e7\u00e3o dos bombeiros volunt\u00e1rios, cuja miss\u00e3o \u00e9 central no sistema de prote\u00e7\u00e3o civil do concelho.<\/span><span data-ccp-props=\"{}\">\u00a0<\/span><\/p>\n","protected":false},"excerpt":{"rendered":"<p>A C\u00e2mara Municipal de Vila Nova de Cerveira vai implementar sess\u00f5es de treino f\u00edsico regular para os Bombeiros Volunt\u00e1rios locais, com in\u00edcio a 1 de agosto. A medida visa refor\u00e7ar a prepara\u00e7\u00e3o f\u00edsica e o bem-estar dos operacionais da Equipa de Interven\u00e7\u00e3o Permanente (EIP), no \u00e2mbito de um programa de valoriza\u00e7\u00e3o e prote\u00e7\u00e3o da sa\u00fade [&hellip;]<\/p>\n","protected":false},"author":1,"featured_media":121471,"comment_status":"closed","ping_status":"closed","sticky":false,"template":"","format":"standard","meta":{"_exactmetrics_skip_tracking":false,"_exactmetrics_sitenote_active":false,"_exactmetrics_sitenote_note":"","_exactmetrics_sitenote_category":0,"footnotes":""},"categories":[15],"tags":[20],"class_list":["post-121470","post","type-post","status-publish","format-standard","has-post-thumbnail","hentry","category-vila-nova-de-cerveira","tag-desporto"],"yoast_head":"<!-- This site is optimized with the Yoast SEO Premium plugin v27.4 (Yoast SEO v27.4) - https:\/\/yoast.com\/product\/yoast-seo-premium-wordpress\/ -->\n<title>Cerveira aposta na prepara\u00e7\u00e3o f\u00edsica dos bombeiros volunt\u00e1rios<\/title>\n<meta name=\"description\" content=\"A C\u00e2mara Municipal de Vila Nova de Cerveira vai implementar sess\u00f5es de treino f\u00edsico regular para os Bombeiros Volunt\u00e1rios locais, com in\u00edcio a 1 de agosto.\" \/>\n<meta name=\"robots\" content=\"index, follow, max-snippet:-1, max-image-preview:large, max-video-preview:-1\" \/>\n<link rel=\"canonical\" href=\"https:\/\/www.altominho.tv\/site\/2025\/07\/31\/cerveira-aposta-na-preparacao-fisica-dos-bombeiros-voluntarios\/\" \/>\n<meta property=\"og:locale\" content=\"pt_PT\" \/>\n<meta property=\"og:type\" content=\"article\" \/>\n<meta property=\"og:title\" content=\"Cerveira aposta na prepara\u00e7\u00e3o f\u00edsica dos bombeiros volunt\u00e1rios\" \/>\n<meta property=\"og:description\" content=\"A C\u00e2mara Municipal de Vila Nova de Cerveira vai implementar sess\u00f5es de treino f\u00edsico regular para os Bombeiros Volunt\u00e1rios locais, com in\u00edcio a 1 de agosto.\" \/>\n<meta property=\"og:url\" content=\"https:\/\/www.altominho.tv\/site\/2025\/07\/31\/cerveira-aposta-na-preparacao-fisica-dos-bombeiros-voluntarios\/\" \/>\n<meta property=\"og:site_name\" content=\"Altominho.tv\" \/>\n<meta property=\"article:publisher\" content=\"https:\/\/www.facebook.com\/altominhotv\" \/>\n<meta property=\"article:published_time\" content=\"2025-07-31T15:53:47+00:00\" \/>\n<meta property=\"article:modified_time\" content=\"2025-07-31T15:53:49+00:00\" \/>\n<meta property=\"og:image\" content=\"https:\/\/www.altominho.tv\/site\/wp-content\/uploads\/2025\/07\/bombeiros-cerveira.jpg\" \/>\n\t<meta property=\"og:image:width\" content=\"1200\" \/>\n\t<meta property=\"og:image:height\" content=\"630\" \/>\n\t<meta property=\"og:image:type\" content=\"image\/jpeg\" \/>\n<meta name=\"author\" content=\"Altominho.tv\" \/>\n<meta name=\"twitter:card\" content=\"summary_large_image\" \/>\n<meta name=\"twitter:creator\" content=\"@altominhoTV\" \/>\n<meta name=\"twitter:site\" content=\"@altominhoTV\" \/>\n<meta name=\"twitter:label1\" content=\"Escrito por\" \/>\n\t<meta name=\"twitter:data1\" content=\"Altominho.tv\" \/>\n\t<meta name=\"twitter:label2\" content=\"Tempo estimado de leitura\" \/>\n\t<meta name=\"twitter:data2\" content=\"2 minutos\" \/>\n<script type=\"application\/ld+json\" class=\"yoast-schema-graph\">{\"@context\":\"https:\\\/\\\/schema.org\",\"@graph\":[{\"@type\":\"Article\",\"@id\":\"https:\\\/\\\/www.altominho.tv\\\/site\\\/2025\\\/07\\\/31\\\/cerveira-aposta-na-preparacao-fisica-dos-bombeiros-voluntarios\\\/#article\",\"isPartOf\":{\"@id\":\"https:\\\/\\\/www.altominho.tv\\\/site\\\/2025\\\/07\\\/31\\\/cerveira-aposta-na-preparacao-fisica-dos-bombeiros-voluntarios\\\/\"},\"author\":{\"name\":\"Altominho.tv\",\"@id\":\"https:\\\/\\\/www.altominho.tv\\\/site\\\/#\\\/schema\\\/person\\\/4e536851627d7914baf3dac752b6af22\"},\"headline\":\"Cerveira aposta na prepara\u00e7\u00e3o f\u00edsica dos bombeiros volunt\u00e1rios\",\"datePublished\":\"2025-07-31T15:53:47+00:00\",\"dateModified\":\"2025-07-31T15:53:49+00:00\",\"mainEntityOfPage\":{\"@id\":\"https:\\\/\\\/www.altominho.tv\\\/site\\\/2025\\\/07\\\/31\\\/cerveira-aposta-na-preparacao-fisica-dos-bombeiros-voluntarios\\\/\"},\"wordCount\":260,\"image\":{\"@id\":\"https:\\\/\\\/www.altominho.tv\\\/site\\\/2025\\\/07\\\/31\\\/cerveira-aposta-na-preparacao-fisica-dos-bombeiros-voluntarios\\\/#primaryimage\"},\"thumbnailUrl\":\"https:\\\/\\\/www.altominho.tv\\\/site\\\/wp-content\\\/uploads\\\/2025\\\/07\\\/bombeiros-cerveira.jpg\",\"keywords\":[\"Desporto\"],\"articleSection\":[\"Vila Nova de Cerveira\"],\"inLanguage\":\"pt-PT\",\"copyrightYear\":\"2025\",\"copyrightHolder\":{\"@id\":\"https:\\\/\\\/www.altominho.tv\\\/site\\\/#organization\"}},{\"@type\":\"WebPage\",\"@id\":\"https:\\\/\\\/www.altominho.tv\\\/site\\\/2025\\\/07\\\/31\\\/cerveira-aposta-na-preparacao-fisica-dos-bombeiros-voluntarios\\\/\",\"url\":\"https:\\\/\\\/www.altominho.tv\\\/site\\\/2025\\\/07\\\/31\\\/cerveira-aposta-na-preparacao-fisica-dos-bombeiros-voluntarios\\\/\",\"name\":\"Cerveira aposta na prepara\u00e7\u00e3o f\u00edsica dos bombeiros volunt\u00e1rios\",\"isPartOf\":{\"@id\":\"https:\\\/\\\/www.altominho.tv\\\/site\\\/#website\"},\"primaryImageOfPage\":{\"@id\":\"https:\\\/\\\/www.altominho.tv\\\/site\\\/2025\\\/07\\\/31\\\/cerveira-aposta-na-preparacao-fisica-dos-bombeiros-voluntarios\\\/#primaryimage\"},\"image\":{\"@id\":\"https:\\\/\\\/www.altominho.tv\\\/site\\\/2025\\\/07\\\/31\\\/cerveira-aposta-na-preparacao-fisica-dos-bombeiros-voluntarios\\\/#primaryimage\"},\"thumbnailUrl\":\"https:\\\/\\\/www.altominho.tv\\\/site\\\/wp-content\\\/uploads\\\/2025\\\/07\\\/bombeiros-cerveira.jpg\",\"datePublished\":\"2025-07-31T15:53:47+00:00\",\"dateModified\":\"2025-07-31T15:53:49+00:00\",\"author\":{\"@id\":\"https:\\\/\\\/www.altominho.tv\\\/site\\\/#\\\/schema\\\/person\\\/4e536851627d7914baf3dac752b6af22\"},\"description\":\"A C\u00e2mara Municipal de Vila Nova de Cerveira vai implementar sess\u00f5es de treino f\u00edsico regular para os Bombeiros Volunt\u00e1rios locais, com in\u00edcio a 1 de agosto.\",\"breadcrumb\":{\"@id\":\"https:\\\/\\\/www.altominho.tv\\\/site\\\/2025\\\/07\\\/31\\\/cerveira-aposta-na-preparacao-fisica-dos-bombeiros-voluntarios\\\/#breadcrumb\"},\"inLanguage\":\"pt-PT\",\"potentialAction\":[{\"@type\":\"ReadAction\",\"target\":[\"https:\\\/\\\/www.altominho.tv\\\/site\\\/2025\\\/07\\\/31\\\/cerveira-aposta-na-preparacao-fisica-dos-bombeiros-voluntarios\\\/\"]}]},{\"@type\":\"ImageObject\",\"inLanguage\":\"pt-PT\",\"@id\":\"https:\\\/\\\/www.altominho.tv\\\/site\\\/2025\\\/07\\\/31\\\/cerveira-aposta-na-preparacao-fisica-dos-bombeiros-voluntarios\\\/#primaryimage\",\"url\":\"https:\\\/\\\/www.altominho.tv\\\/site\\\/wp-content\\\/uploads\\\/2025\\\/07\\\/bombeiros-cerveira.jpg\",\"contentUrl\":\"https:\\\/\\\/www.altominho.tv\\\/site\\\/wp-content\\\/uploads\\\/2025\\\/07\\\/bombeiros-cerveira.jpg\",\"width\":1200,\"height\":630},{\"@type\":\"BreadcrumbList\",\"@id\":\"https:\\\/\\\/www.altominho.tv\\\/site\\\/2025\\\/07\\\/31\\\/cerveira-aposta-na-preparacao-fisica-dos-bombeiros-voluntarios\\\/#breadcrumb\",\"itemListElement\":[{\"@type\":\"ListItem\",\"position\":1,\"name\":\"In\u00edcio\",\"item\":\"https:\\\/\\\/www.altominho.tv\\\/site\\\/\"},{\"@type\":\"ListItem\",\"position\":2,\"name\":\"Cerveira aposta na prepara\u00e7\u00e3o f\u00edsica dos bombeiros volunt\u00e1rios\"}]},{\"@type\":\"WebSite\",\"@id\":\"https:\\\/\\\/www.altominho.tv\\\/site\\\/#website\",\"url\":\"https:\\\/\\\/www.altominho.tv\\\/site\\\/\",\"name\":\"Altominho.tv\",\"description\":\"A sua regi\u00e3o \u00e0 dist\u00e2ncia de um clique...\",\"potentialAction\":[{\"@type\":\"SearchAction\",\"target\":{\"@type\":\"EntryPoint\",\"urlTemplate\":\"https:\\\/\\\/www.altominho.tv\\\/site\\\/?s={search_term_string}\"},\"query-input\":{\"@type\":\"PropertyValueSpecification\",\"valueRequired\":true,\"valueName\":\"search_term_string\"}}],\"inLanguage\":\"pt-PT\"},{\"@type\":\"Person\",\"@id\":\"https:\\\/\\\/www.altominho.tv\\\/site\\\/#\\\/schema\\\/person\\\/4e536851627d7914baf3dac752b6af22\",\"name\":\"Altominho.tv\",\"image\":{\"@type\":\"ImageObject\",\"inLanguage\":\"pt-PT\",\"@id\":\"https:\\\/\\\/www.altominho.tv\\\/site\\\/wp-content\\\/uploads\\\/2019\\\/11\\\/Logo_Avatar_2-150x150.jpg\",\"url\":\"https:\\\/\\\/www.altominho.tv\\\/site\\\/wp-content\\\/uploads\\\/2019\\\/11\\\/Logo_Avatar_2-150x150.jpg\",\"contentUrl\":\"https:\\\/\\\/www.altominho.tv\\\/site\\\/wp-content\\\/uploads\\\/2019\\\/11\\\/Logo_Avatar_2-150x150.jpg\",\"caption\":\"Altominho.tv\"},\"url\":\"https:\\\/\\\/www.altominho.tv\\\/site\\\/author\\\/altominhotv-tecnico\\\/\"}]}<\/script>\n<!-- \/ Yoast SEO Premium plugin. -->","yoast_head_json":{"title":"Cerveira aposta na prepara\u00e7\u00e3o f\u00edsica dos bombeiros volunt\u00e1rios","description":"A C\u00e2mara Municipal de Vila Nova de Cerveira vai implementar sess\u00f5es de treino f\u00edsico regular para os Bombeiros Volunt\u00e1rios locais, com in\u00edcio a 1 de agosto.","robots":{"index":"index","follow":"follow","max-snippet":"max-snippet:-1","max-image-preview":"max-image-preview:large","max-video-preview":"max-video-preview:-1"},"canonical":"https:\/\/www.altominho.tv\/site\/2025\/07\/31\/cerveira-aposta-na-preparacao-fisica-dos-bombeiros-voluntarios\/","og_locale":"pt_PT","og_type":"article","og_title":"Cerveira aposta na prepara\u00e7\u00e3o f\u00edsica dos bombeiros volunt\u00e1rios","og_description":"A C\u00e2mara Municipal de Vila Nova de Cerveira vai implementar sess\u00f5es de treino f\u00edsico regular para os Bombeiros Volunt\u00e1rios locais, com in\u00edcio a 1 de agosto.","og_url":"https:\/\/www.altominho.tv\/site\/2025\/07\/31\/cerveira-aposta-na-preparacao-fisica-dos-bombeiros-voluntarios\/","og_site_name":"Altominho.tv","article_publisher":"https:\/\/www.facebook.com\/altominhotv","article_published_time":"2025-07-31T15:53:47+00:00","article_modified_time":"2025-07-31T15:53:49+00:00","og_image":[{"width":1200,"height":630,"url":"https:\/\/www.altominho.tv\/site\/wp-content\/uploads\/2025\/07\/bombeiros-cerveira.jpg","type":"image\/jpeg"}],"author":"Altominho.tv","twitter_card":"summary_large_image","twitter_creator":"@altominhoTV","twitter_site":"@altominhoTV","twitter_misc":{"Escrito por":"Altominho.tv","Tempo estimado de leitura":"2 minutos"},"schema":{"@context":"https:\/\/schema.org","@graph":[{"@type":"Article","@id":"https:\/\/www.altominho.tv\/site\/2025\/07\/31\/cerveira-aposta-na-preparacao-fisica-dos-bombeiros-voluntarios\/#article","isPartOf":{"@id":"https:\/\/www.altominho.tv\/site\/2025\/07\/31\/cerveira-aposta-na-preparacao-fisica-dos-bombeiros-voluntarios\/"},"author":{"name":"Altominho.tv","@id":"https:\/\/www.altominho.tv\/site\/#\/schema\/person\/4e536851627d7914baf3dac752b6af22"},"headline":"Cerveira aposta na prepara\u00e7\u00e3o f\u00edsica dos bombeiros volunt\u00e1rios","datePublished":"2025-07-31T15:53:47+00:00","dateModified":"2025-07-31T15:53:49+00:00","mainEntityOfPage":{"@id":"https:\/\/www.altominho.tv\/site\/2025\/07\/31\/cerveira-aposta-na-preparacao-fisica-dos-bombeiros-voluntarios\/"},"wordCount":260,"image":{"@id":"https:\/\/www.altominho.tv\/site\/2025\/07\/31\/cerveira-aposta-na-preparacao-fisica-dos-bombeiros-voluntarios\/#primaryimage"},"thumbnailUrl":"https:\/\/www.altominho.tv\/site\/wp-content\/uploads\/2025\/07\/bombeiros-cerveira.jpg","keywords":["Desporto"],"articleSection":["Vila Nova de Cerveira"],"inLanguage":"pt-PT","copyrightYear":"2025","copyrightHolder":{"@id":"https:\/\/www.altominho.tv\/site\/#organization"}},{"@type":"WebPage","@id":"https:\/\/www.altominho.tv\/site\/2025\/07\/31\/cerveira-aposta-na-preparacao-fisica-dos-bombeiros-voluntarios\/","url":"https:\/\/www.altominho.tv\/site\/2025\/07\/31\/cerveira-aposta-na-preparacao-fisica-dos-bombeiros-voluntarios\/","name":"Cerveira aposta na prepara\u00e7\u00e3o f\u00edsica dos bombeiros volunt\u00e1rios","isPartOf":{"@id":"https:\/\/www.altominho.tv\/site\/#website"},"primaryImageOfPage":{"@id":"https:\/\/www.altominho.tv\/site\/2025\/07\/31\/cerveira-aposta-na-preparacao-fisica-dos-bombeiros-voluntarios\/#primaryimage"},"image":{"@id":"https:\/\/www.altominho.tv\/site\/2025\/07\/31\/cerveira-aposta-na-preparacao-fisica-dos-bombeiros-voluntarios\/#primaryimage"},"thumbnailUrl":"https:\/\/www.altominho.tv\/site\/wp-content\/uploads\/2025\/07\/bombeiros-cerveira.jpg","datePublished":"2025-07-31T15:53:47+00:00","dateModified":"2025-07-31T15:53:49+00:00","author":{"@id":"https:\/\/www.altominho.tv\/site\/#\/schema\/person\/4e536851627d7914baf3dac752b6af22"},"description":"A C\u00e2mara Municipal de Vila Nova de Cerveira vai implementar sess\u00f5es de treino f\u00edsico regular para os Bombeiros Volunt\u00e1rios locais, com in\u00edcio a 1 de agosto.","breadcrumb":{"@id":"https:\/\/www.altominho.tv\/site\/2025\/07\/31\/cerveira-aposta-na-preparacao-fisica-dos-bombeiros-voluntarios\/#breadcrumb"},"inLanguage":"pt-PT","potentialAction":[{"@type":"ReadAction","target":["https:\/\/www.altominho.tv\/site\/2025\/07\/31\/cerveira-aposta-na-preparacao-fisica-dos-bombeiros-voluntarios\/"]}]},{"@type":"ImageObject","inLanguage":"pt-PT","@id":"https:\/\/www.altominho.tv\/site\/2025\/07\/31\/cerveira-aposta-na-preparacao-fisica-dos-bombeiros-voluntarios\/#primaryimage","url":"https:\/\/www.altominho.tv\/site\/wp-content\/uploads\/2025\/07\/bombeiros-cerveira.jpg","contentUrl":"https:\/\/www.altominho.tv\/site\/wp-content\/uploads\/2025\/07\/bombeiros-cerveira.jpg","width":1200,"height":630},{"@type":"BreadcrumbList","@id":"https:\/\/www.altominho.tv\/site\/2025\/07\/31\/cerveira-aposta-na-preparacao-fisica-dos-bombeiros-voluntarios\/#breadcrumb","itemListElement":[{"@type":"ListItem","position":1,"name":"In\u00edcio","item":"https:\/\/www.altominho.tv\/site\/"},{"@type":"ListItem","position":2,"name":"Cerveira aposta na prepara\u00e7\u00e3o f\u00edsica dos bombeiros volunt\u00e1rios"}]},{"@type":"WebSite","@id":"https:\/\/www.altominho.tv\/site\/#website","url":"https:\/\/www.altominho.tv\/site\/","name":"Altominho.tv","description":"A sua regi\u00e3o \u00e0 dist\u00e2ncia de um clique...","potentialAction":[{"@type":"SearchAction","target":{"@type":"EntryPoint","urlTemplate":"https:\/\/www.altominho.tv\/site\/?s={search_term_string}"},"query-input":{"@type":"PropertyValueSpecification","valueRequired":true,"valueName":"search_term_string"}}],"inLanguage":"pt-PT"},{"@type":"Person","@id":"https:\/\/www.altominho.tv\/site\/#\/schema\/person\/4e536851627d7914baf3dac752b6af22","name":"Altominho.tv","image":{"@type":"ImageObject","inLanguage":"pt-PT","@id":"https:\/\/www.altominho.tv\/site\/wp-content\/uploads\/2019\/11\/Logo_Avatar_2-150x150.jpg","url":"https:\/\/www.altominho.tv\/site\/wp-content\/uploads\/2019\/11\/Logo_Avatar_2-150x150.jpg","contentUrl":"https:\/\/www.altominho.tv\/site\/wp-content\/uploads\/2019\/11\/Logo_Avatar_2-150x150.jpg","caption":"Altominho.tv"},"url":"https:\/\/www.altominho.tv\/site\/author\/altominhotv-tecnico\/"}]}},"_links":{"self":[{"href":"https:\/\/www.altominho.tv\/site\/wp-json\/wp\/v2\/posts\/121470","targetHints":{"allow":["GET"]}}],"collection":[{"href":"https:\/\/www.altominho.tv\/site\/wp-json\/wp\/v2\/posts"}],"about":[{"href":"https:\/\/www.altominho.tv\/site\/wp-json\/wp\/v2\/types\/post"}],"author":[{"embeddable":true,"href":"https:\/\/www.altominho.tv\/site\/wp-json\/wp\/v2\/users\/1"}],"replies":[{"embeddable":true,"href":"https:\/\/www.altominho.tv\/site\/wp-json\/wp\/v2\/comments?post=121470"}],"version-history":[{"count":1,"href":"https:\/\/www.altominho.tv\/site\/wp-json\/wp\/v2\/posts\/121470\/revisions"}],"predecessor-version":[{"id":121472,"href":"https:\/\/www.altominho.tv\/site\/wp-json\/wp\/v2\/posts\/121470\/revisions\/121472"}],"wp:featuredmedia":[{"embeddable":true,"href":"https:\/\/www.altominho.tv\/site\/wp-json\/wp\/v2\/media\/121471"}],"wp:attachment":[{"href":"https:\/\/www.altominho.tv\/site\/wp-json\/wp\/v2\/media?parent=121470"}],"wp:term":[{"taxonomy":"category","embeddable":true,"href":"https:\/\/www.altominho.tv\/site\/wp-json\/wp\/v2\/categories?post=121470"},{"taxonomy":"post_tag","embeddable":true,"href":"https:\/\/www.altominho.tv\/site\/wp-json\/wp\/v2\/tags?post=121470"}],"curies":[{"name":"wp","href":"https:\/\/api.w.org\/{rel}","templated":true}]}}