{"id":121451,"date":"2025-07-31T12:00:54","date_gmt":"2025-07-31T11:00:54","guid":{"rendered":"https:\/\/www.altominho.tv\/site\/?p=121451"},"modified":"2025-07-31T12:00:58","modified_gmt":"2025-07-31T11:00:58","slug":"europeu-de-btt-gera-cerca-de-4300-dormidas-e-leva-melgaco-a-elite-do-ciclismo","status":"publish","type":"post","link":"https:\/\/www.altominho.tv\/site\/2025\/07\/31\/europeu-de-btt-gera-cerca-de-4300-dormidas-e-leva-melgaco-a-elite-do-ciclismo\/","title":{"rendered":"Europeu de BTT gera cerca de 4300 dormidas e leva Melga\u00e7o \u00e0 elite do ciclismo"},"content":{"rendered":"<p><span data-contrast=\"auto\">O Campeonato da Europa de Mountain Bike (BTT) 2025 terminou este domingo, em Melga\u00e7o, com um balan\u00e7o positivo ao n\u00edvel da participa\u00e7\u00e3o, organiza\u00e7\u00e3o e impacto regional. Durante cinco dias, entre 23 e 27 de julho, o evento reuniu 323 atletas oriundos de 32 pa\u00edses, apoiados por mais de 275 elementos de staff t\u00e9cnico e log\u00edstico, colocando o Centro de Est\u00e1gios de Melga\u00e7o no centro do ciclismo europeu.<\/span><span data-ccp-props=\"{}\">\u00a0<\/span><\/p>\n<p><span data-contrast=\"auto\">Ao todo, estima-se que tenham sido geradas cerca de 4.300 dormidas na regi\u00e3o, com uma estrutura operacional que mobilizou 40 pessoas a n\u00edvel local, 60 volunt\u00e1rios, 18 elementos da Uni\u00e3o Europeia de Ciclismo (UEC) e 10 comiss\u00e1rios.<\/span><\/p>\n<p><span data-contrast=\"auto\">A assist\u00eancia m\u00e9dica esteve assegurada por equipas permanentes compostas por m\u00e9dicos, enfermeiros, ambul\u00e2ncias e bombeiros. <\/span><\/p>\n<p><span data-contrast=\"auto\">A n\u00edvel tecnol\u00f3gico, foram utilizados 12 quil\u00f3metros de cabos, dois de fibra \u00f3tica e 24 c\u00e2maras, que permitiram levar as imagens da competi\u00e7\u00e3o a milh\u00f5es de lares europeus.<\/span><span data-ccp-props=\"{}\">\u00a0<\/span><\/p>\n<p><span data-contrast=\"auto\">O presidente da C\u00e2mara Municipal de Melga\u00e7o, Manoel Batista, destacou o orgulho na capacidade de organiza\u00e7\u00e3o e acolhimento do concelho, sublinhando que o evento projetou Melga\u00e7o al\u00e9m-fronteiras. <\/span><\/p>\n<p><span data-contrast=\"auto\">J\u00e1 Jorge Domingues, respons\u00e1vel pela organiza\u00e7\u00e3o, real\u00e7ou o percurso de dez anos de prepara\u00e7\u00e3o que culminou num campeonato exemplar, fruto da dedica\u00e7\u00e3o de uma equipa que n\u00e3o deixou de evoluir.<\/span><span data-ccp-props=\"{}\">\u00a0<\/span><\/p>\n","protected":false},"excerpt":{"rendered":"<p>O Campeonato da Europa de Mountain Bike (BTT) 2025 terminou este domingo, em Melga\u00e7o, com um balan\u00e7o positivo ao n\u00edvel da participa\u00e7\u00e3o, organiza\u00e7\u00e3o e impacto regional. Durante cinco dias, entre 23 e 27 de julho, o evento reuniu 323 atletas oriundos de 32 pa\u00edses, apoiados por mais de 275 elementos de staff t\u00e9cnico e log\u00edstico, [&hellip;]<\/p>\n","protected":false},"author":1,"featured_media":121453,"comment_status":"closed","ping_status":"closed","sticky":false,"template":"","format":"standard","meta":{"_exactmetrics_skip_tracking":false,"_exactmetrics_sitenote_active":false,"_exactmetrics_sitenote_note":"","_exactmetrics_sitenote_category":0,"footnotes":""},"categories":[8],"tags":[20],"class_list":["post-121451","post","type-post","status-publish","format-standard","has-post-thumbnail","hentry","category-melgaco","tag-desporto"],"yoast_head":"<!-- This site is optimized with the Yoast SEO Premium plugin v27.4 (Yoast SEO v27.4) - https:\/\/yoast.com\/product\/yoast-seo-premium-wordpress\/ -->\n<title>Europeu de BTT gera cerca de 4300 dormidas e leva Melga\u00e7o \u00e0 elite do ciclismo<\/title>\n<meta name=\"description\" content=\"O Campeonato da Europa de Mountain Bike (BTT) 2025 terminou este domingo, em Melga\u00e7o, com um balan\u00e7o positivo ao n\u00edvel da participa\u00e7\u00e3o, organiza\u00e7\u00e3o e impacto regional.\" \/>\n<meta name=\"robots\" content=\"index, follow, max-snippet:-1, max-image-preview:large, max-video-preview:-1\" \/>\n<link rel=\"canonical\" href=\"https:\/\/www.altominho.tv\/site\/2025\/07\/31\/europeu-de-btt-gera-cerca-de-4300-dormidas-e-leva-melgaco-a-elite-do-ciclismo\/\" \/>\n<meta property=\"og:locale\" content=\"pt_PT\" \/>\n<meta property=\"og:type\" content=\"article\" \/>\n<meta property=\"og:title\" content=\"Europeu de BTT gera cerca de 4300 dormidas e leva Melga\u00e7o \u00e0 elite do ciclismo\" \/>\n<meta property=\"og:description\" content=\"O Campeonato da Europa de Mountain Bike (BTT) 2025 terminou este domingo, em Melga\u00e7o, com um balan\u00e7o positivo ao n\u00edvel da participa\u00e7\u00e3o, organiza\u00e7\u00e3o e impacto regional.\" \/>\n<meta property=\"og:url\" content=\"https:\/\/www.altominho.tv\/site\/2025\/07\/31\/europeu-de-btt-gera-cerca-de-4300-dormidas-e-leva-melgaco-a-elite-do-ciclismo\/\" \/>\n<meta property=\"og:site_name\" content=\"Altominho.tv\" \/>\n<meta property=\"article:publisher\" content=\"https:\/\/www.facebook.com\/altominhotv\" \/>\n<meta property=\"article:published_time\" content=\"2025-07-31T11:00:54+00:00\" \/>\n<meta property=\"article:modified_time\" content=\"2025-07-31T11:00:58+00:00\" \/>\n<meta property=\"og:image\" content=\"https:\/\/www.altominho.tv\/site\/wp-content\/uploads\/2025\/07\/BIKES-melgaco-1.jpg\" \/>\n\t<meta property=\"og:image:width\" content=\"1200\" \/>\n\t<meta property=\"og:image:height\" content=\"630\" \/>\n\t<meta property=\"og:image:type\" content=\"image\/jpeg\" \/>\n<meta name=\"author\" content=\"Altominho.tv\" \/>\n<meta name=\"twitter:card\" content=\"summary_large_image\" \/>\n<meta name=\"twitter:creator\" content=\"@altominhoTV\" \/>\n<meta name=\"twitter:site\" content=\"@altominhoTV\" \/>\n<meta name=\"twitter:label1\" content=\"Escrito por\" \/>\n\t<meta name=\"twitter:data1\" content=\"Altominho.tv\" \/>\n\t<meta name=\"twitter:label2\" content=\"Tempo estimado de leitura\" \/>\n\t<meta name=\"twitter:data2\" content=\"2 minutos\" \/>\n<script type=\"application\/ld+json\" class=\"yoast-schema-graph\">{\"@context\":\"https:\\\/\\\/schema.org\",\"@graph\":[{\"@type\":\"Article\",\"@id\":\"https:\\\/\\\/www.altominho.tv\\\/site\\\/2025\\\/07\\\/31\\\/europeu-de-btt-gera-cerca-de-4300-dormidas-e-leva-melgaco-a-elite-do-ciclismo\\\/#article\",\"isPartOf\":{\"@id\":\"https:\\\/\\\/www.altominho.tv\\\/site\\\/2025\\\/07\\\/31\\\/europeu-de-btt-gera-cerca-de-4300-dormidas-e-leva-melgaco-a-elite-do-ciclismo\\\/\"},\"author\":{\"name\":\"Altominho.tv\",\"@id\":\"https:\\\/\\\/www.altominho.tv\\\/site\\\/#\\\/schema\\\/person\\\/4e536851627d7914baf3dac752b6af22\"},\"headline\":\"Europeu de BTT gera cerca de 4300 dormidas e leva Melga\u00e7o \u00e0 elite do ciclismo\",\"datePublished\":\"2025-07-31T11:00:54+00:00\",\"dateModified\":\"2025-07-31T11:00:58+00:00\",\"mainEntityOfPage\":{\"@id\":\"https:\\\/\\\/www.altominho.tv\\\/site\\\/2025\\\/07\\\/31\\\/europeu-de-btt-gera-cerca-de-4300-dormidas-e-leva-melgaco-a-elite-do-ciclismo\\\/\"},\"wordCount\":241,\"image\":{\"@id\":\"https:\\\/\\\/www.altominho.tv\\\/site\\\/2025\\\/07\\\/31\\\/europeu-de-btt-gera-cerca-de-4300-dormidas-e-leva-melgaco-a-elite-do-ciclismo\\\/#primaryimage\"},\"thumbnailUrl\":\"https:\\\/\\\/www.altominho.tv\\\/site\\\/wp-content\\\/uploads\\\/2025\\\/07\\\/BIKES-melgaco-1.jpg\",\"keywords\":[\"Desporto\"],\"articleSection\":[\"Melga\u00e7o\"],\"inLanguage\":\"pt-PT\",\"copyrightYear\":\"2025\",\"copyrightHolder\":{\"@id\":\"https:\\\/\\\/www.altominho.tv\\\/site\\\/#organization\"}},{\"@type\":\"WebPage\",\"@id\":\"https:\\\/\\\/www.altominho.tv\\\/site\\\/2025\\\/07\\\/31\\\/europeu-de-btt-gera-cerca-de-4300-dormidas-e-leva-melgaco-a-elite-do-ciclismo\\\/\",\"url\":\"https:\\\/\\\/www.altominho.tv\\\/site\\\/2025\\\/07\\\/31\\\/europeu-de-btt-gera-cerca-de-4300-dormidas-e-leva-melgaco-a-elite-do-ciclismo\\\/\",\"name\":\"Europeu de BTT gera cerca de 4300 dormidas e leva Melga\u00e7o \u00e0 elite do ciclismo\",\"isPartOf\":{\"@id\":\"https:\\\/\\\/www.altominho.tv\\\/site\\\/#website\"},\"primaryImageOfPage\":{\"@id\":\"https:\\\/\\\/www.altominho.tv\\\/site\\\/2025\\\/07\\\/31\\\/europeu-de-btt-gera-cerca-de-4300-dormidas-e-leva-melgaco-a-elite-do-ciclismo\\\/#primaryimage\"},\"image\":{\"@id\":\"https:\\\/\\\/www.altominho.tv\\\/site\\\/2025\\\/07\\\/31\\\/europeu-de-btt-gera-cerca-de-4300-dormidas-e-leva-melgaco-a-elite-do-ciclismo\\\/#primaryimage\"},\"thumbnailUrl\":\"https:\\\/\\\/www.altominho.tv\\\/site\\\/wp-content\\\/uploads\\\/2025\\\/07\\\/BIKES-melgaco-1.jpg\",\"datePublished\":\"2025-07-31T11:00:54+00:00\",\"dateModified\":\"2025-07-31T11:00:58+00:00\",\"author\":{\"@id\":\"https:\\\/\\\/www.altominho.tv\\\/site\\\/#\\\/schema\\\/person\\\/4e536851627d7914baf3dac752b6af22\"},\"description\":\"O Campeonato da Europa de Mountain Bike (BTT) 2025 terminou este domingo, em Melga\u00e7o, com um balan\u00e7o positivo ao n\u00edvel da participa\u00e7\u00e3o, organiza\u00e7\u00e3o e impacto regional.\",\"breadcrumb\":{\"@id\":\"https:\\\/\\\/www.altominho.tv\\\/site\\\/2025\\\/07\\\/31\\\/europeu-de-btt-gera-cerca-de-4300-dormidas-e-leva-melgaco-a-elite-do-ciclismo\\\/#breadcrumb\"},\"inLanguage\":\"pt-PT\",\"potentialAction\":[{\"@type\":\"ReadAction\",\"target\":[\"https:\\\/\\\/www.altominho.tv\\\/site\\\/2025\\\/07\\\/31\\\/europeu-de-btt-gera-cerca-de-4300-dormidas-e-leva-melgaco-a-elite-do-ciclismo\\\/\"]}]},{\"@type\":\"ImageObject\",\"inLanguage\":\"pt-PT\",\"@id\":\"https:\\\/\\\/www.altominho.tv\\\/site\\\/2025\\\/07\\\/31\\\/europeu-de-btt-gera-cerca-de-4300-dormidas-e-leva-melgaco-a-elite-do-ciclismo\\\/#primaryimage\",\"url\":\"https:\\\/\\\/www.altominho.tv\\\/site\\\/wp-content\\\/uploads\\\/2025\\\/07\\\/BIKES-melgaco-1.jpg\",\"contentUrl\":\"https:\\\/\\\/www.altominho.tv\\\/site\\\/wp-content\\\/uploads\\\/2025\\\/07\\\/BIKES-melgaco-1.jpg\",\"width\":1200,\"height\":630},{\"@type\":\"BreadcrumbList\",\"@id\":\"https:\\\/\\\/www.altominho.tv\\\/site\\\/2025\\\/07\\\/31\\\/europeu-de-btt-gera-cerca-de-4300-dormidas-e-leva-melgaco-a-elite-do-ciclismo\\\/#breadcrumb\",\"itemListElement\":[{\"@type\":\"ListItem\",\"position\":1,\"name\":\"In\u00edcio\",\"item\":\"https:\\\/\\\/www.altominho.tv\\\/site\\\/\"},{\"@type\":\"ListItem\",\"position\":2,\"name\":\"Europeu de BTT gera cerca de 4300 dormidas e leva Melga\u00e7o \u00e0 elite do ciclismo\"}]},{\"@type\":\"WebSite\",\"@id\":\"https:\\\/\\\/www.altominho.tv\\\/site\\\/#website\",\"url\":\"https:\\\/\\\/www.altominho.tv\\\/site\\\/\",\"name\":\"Altominho.tv\",\"description\":\"A sua regi\u00e3o \u00e0 dist\u00e2ncia de um clique...\",\"potentialAction\":[{\"@type\":\"SearchAction\",\"target\":{\"@type\":\"EntryPoint\",\"urlTemplate\":\"https:\\\/\\\/www.altominho.tv\\\/site\\\/?s={search_term_string}\"},\"query-input\":{\"@type\":\"PropertyValueSpecification\",\"valueRequired\":true,\"valueName\":\"search_term_string\"}}],\"inLanguage\":\"pt-PT\"},{\"@type\":\"Person\",\"@id\":\"https:\\\/\\\/www.altominho.tv\\\/site\\\/#\\\/schema\\\/person\\\/4e536851627d7914baf3dac752b6af22\",\"name\":\"Altominho.tv\",\"image\":{\"@type\":\"ImageObject\",\"inLanguage\":\"pt-PT\",\"@id\":\"https:\\\/\\\/www.altominho.tv\\\/site\\\/wp-content\\\/uploads\\\/2019\\\/11\\\/Logo_Avatar_2-150x150.jpg\",\"url\":\"https:\\\/\\\/www.altominho.tv\\\/site\\\/wp-content\\\/uploads\\\/2019\\\/11\\\/Logo_Avatar_2-150x150.jpg\",\"contentUrl\":\"https:\\\/\\\/www.altominho.tv\\\/site\\\/wp-content\\\/uploads\\\/2019\\\/11\\\/Logo_Avatar_2-150x150.jpg\",\"caption\":\"Altominho.tv\"},\"url\":\"https:\\\/\\\/www.altominho.tv\\\/site\\\/author\\\/altominhotv-tecnico\\\/\"}]}<\/script>\n<!-- \/ Yoast SEO Premium plugin. -->","yoast_head_json":{"title":"Europeu de BTT gera cerca de 4300 dormidas e leva Melga\u00e7o \u00e0 elite do ciclismo","description":"O Campeonato da Europa de Mountain Bike (BTT) 2025 terminou este domingo, em Melga\u00e7o, com um balan\u00e7o positivo ao n\u00edvel da participa\u00e7\u00e3o, organiza\u00e7\u00e3o e impacto regional.","robots":{"index":"index","follow":"follow","max-snippet":"max-snippet:-1","max-image-preview":"max-image-preview:large","max-video-preview":"max-video-preview:-1"},"canonical":"https:\/\/www.altominho.tv\/site\/2025\/07\/31\/europeu-de-btt-gera-cerca-de-4300-dormidas-e-leva-melgaco-a-elite-do-ciclismo\/","og_locale":"pt_PT","og_type":"article","og_title":"Europeu de BTT gera cerca de 4300 dormidas e leva Melga\u00e7o \u00e0 elite do ciclismo","og_description":"O Campeonato da Europa de Mountain Bike (BTT) 2025 terminou este domingo, em Melga\u00e7o, com um balan\u00e7o positivo ao n\u00edvel da participa\u00e7\u00e3o, organiza\u00e7\u00e3o e impacto regional.","og_url":"https:\/\/www.altominho.tv\/site\/2025\/07\/31\/europeu-de-btt-gera-cerca-de-4300-dormidas-e-leva-melgaco-a-elite-do-ciclismo\/","og_site_name":"Altominho.tv","article_publisher":"https:\/\/www.facebook.com\/altominhotv","article_published_time":"2025-07-31T11:00:54+00:00","article_modified_time":"2025-07-31T11:00:58+00:00","og_image":[{"width":1200,"height":630,"url":"https:\/\/www.altominho.tv\/site\/wp-content\/uploads\/2025\/07\/BIKES-melgaco-1.jpg","type":"image\/jpeg"}],"author":"Altominho.tv","twitter_card":"summary_large_image","twitter_creator":"@altominhoTV","twitter_site":"@altominhoTV","twitter_misc":{"Escrito por":"Altominho.tv","Tempo estimado de leitura":"2 minutos"},"schema":{"@context":"https:\/\/schema.org","@graph":[{"@type":"Article","@id":"https:\/\/www.altominho.tv\/site\/2025\/07\/31\/europeu-de-btt-gera-cerca-de-4300-dormidas-e-leva-melgaco-a-elite-do-ciclismo\/#article","isPartOf":{"@id":"https:\/\/www.altominho.tv\/site\/2025\/07\/31\/europeu-de-btt-gera-cerca-de-4300-dormidas-e-leva-melgaco-a-elite-do-ciclismo\/"},"author":{"name":"Altominho.tv","@id":"https:\/\/www.altominho.tv\/site\/#\/schema\/person\/4e536851627d7914baf3dac752b6af22"},"headline":"Europeu de BTT gera cerca de 4300 dormidas e leva Melga\u00e7o \u00e0 elite do ciclismo","datePublished":"2025-07-31T11:00:54+00:00","dateModified":"2025-07-31T11:00:58+00:00","mainEntityOfPage":{"@id":"https:\/\/www.altominho.tv\/site\/2025\/07\/31\/europeu-de-btt-gera-cerca-de-4300-dormidas-e-leva-melgaco-a-elite-do-ciclismo\/"},"wordCount":241,"image":{"@id":"https:\/\/www.altominho.tv\/site\/2025\/07\/31\/europeu-de-btt-gera-cerca-de-4300-dormidas-e-leva-melgaco-a-elite-do-ciclismo\/#primaryimage"},"thumbnailUrl":"https:\/\/www.altominho.tv\/site\/wp-content\/uploads\/2025\/07\/BIKES-melgaco-1.jpg","keywords":["Desporto"],"articleSection":["Melga\u00e7o"],"inLanguage":"pt-PT","copyrightYear":"2025","copyrightHolder":{"@id":"https:\/\/www.altominho.tv\/site\/#organization"}},{"@type":"WebPage","@id":"https:\/\/www.altominho.tv\/site\/2025\/07\/31\/europeu-de-btt-gera-cerca-de-4300-dormidas-e-leva-melgaco-a-elite-do-ciclismo\/","url":"https:\/\/www.altominho.tv\/site\/2025\/07\/31\/europeu-de-btt-gera-cerca-de-4300-dormidas-e-leva-melgaco-a-elite-do-ciclismo\/","name":"Europeu de BTT gera cerca de 4300 dormidas e leva Melga\u00e7o \u00e0 elite do ciclismo","isPartOf":{"@id":"https:\/\/www.altominho.tv\/site\/#website"},"primaryImageOfPage":{"@id":"https:\/\/www.altominho.tv\/site\/2025\/07\/31\/europeu-de-btt-gera-cerca-de-4300-dormidas-e-leva-melgaco-a-elite-do-ciclismo\/#primaryimage"},"image":{"@id":"https:\/\/www.altominho.tv\/site\/2025\/07\/31\/europeu-de-btt-gera-cerca-de-4300-dormidas-e-leva-melgaco-a-elite-do-ciclismo\/#primaryimage"},"thumbnailUrl":"https:\/\/www.altominho.tv\/site\/wp-content\/uploads\/2025\/07\/BIKES-melgaco-1.jpg","datePublished":"2025-07-31T11:00:54+00:00","dateModified":"2025-07-31T11:00:58+00:00","author":{"@id":"https:\/\/www.altominho.tv\/site\/#\/schema\/person\/4e536851627d7914baf3dac752b6af22"},"description":"O Campeonato da Europa de Mountain Bike (BTT) 2025 terminou este domingo, em Melga\u00e7o, com um balan\u00e7o positivo ao n\u00edvel da participa\u00e7\u00e3o, organiza\u00e7\u00e3o e impacto regional.","breadcrumb":{"@id":"https:\/\/www.altominho.tv\/site\/2025\/07\/31\/europeu-de-btt-gera-cerca-de-4300-dormidas-e-leva-melgaco-a-elite-do-ciclismo\/#breadcrumb"},"inLanguage":"pt-PT","potentialAction":[{"@type":"ReadAction","target":["https:\/\/www.altominho.tv\/site\/2025\/07\/31\/europeu-de-btt-gera-cerca-de-4300-dormidas-e-leva-melgaco-a-elite-do-ciclismo\/"]}]},{"@type":"ImageObject","inLanguage":"pt-PT","@id":"https:\/\/www.altominho.tv\/site\/2025\/07\/31\/europeu-de-btt-gera-cerca-de-4300-dormidas-e-leva-melgaco-a-elite-do-ciclismo\/#primaryimage","url":"https:\/\/www.altominho.tv\/site\/wp-content\/uploads\/2025\/07\/BIKES-melgaco-1.jpg","contentUrl":"https:\/\/www.altominho.tv\/site\/wp-content\/uploads\/2025\/07\/BIKES-melgaco-1.jpg","width":1200,"height":630},{"@type":"BreadcrumbList","@id":"https:\/\/www.altominho.tv\/site\/2025\/07\/31\/europeu-de-btt-gera-cerca-de-4300-dormidas-e-leva-melgaco-a-elite-do-ciclismo\/#breadcrumb","itemListElement":[{"@type":"ListItem","position":1,"name":"In\u00edcio","item":"https:\/\/www.altominho.tv\/site\/"},{"@type":"ListItem","position":2,"name":"Europeu de BTT gera cerca de 4300 dormidas e leva Melga\u00e7o \u00e0 elite do ciclismo"}]},{"@type":"WebSite","@id":"https:\/\/www.altominho.tv\/site\/#website","url":"https:\/\/www.altominho.tv\/site\/","name":"Altominho.tv","description":"A sua regi\u00e3o \u00e0 dist\u00e2ncia de um clique...","potentialAction":[{"@type":"SearchAction","target":{"@type":"EntryPoint","urlTemplate":"https:\/\/www.altominho.tv\/site\/?s={search_term_string}"},"query-input":{"@type":"PropertyValueSpecification","valueRequired":true,"valueName":"search_term_string"}}],"inLanguage":"pt-PT"},{"@type":"Person","@id":"https:\/\/www.altominho.tv\/site\/#\/schema\/person\/4e536851627d7914baf3dac752b6af22","name":"Altominho.tv","image":{"@type":"ImageObject","inLanguage":"pt-PT","@id":"https:\/\/www.altominho.tv\/site\/wp-content\/uploads\/2019\/11\/Logo_Avatar_2-150x150.jpg","url":"https:\/\/www.altominho.tv\/site\/wp-content\/uploads\/2019\/11\/Logo_Avatar_2-150x150.jpg","contentUrl":"https:\/\/www.altominho.tv\/site\/wp-content\/uploads\/2019\/11\/Logo_Avatar_2-150x150.jpg","caption":"Altominho.tv"},"url":"https:\/\/www.altominho.tv\/site\/author\/altominhotv-tecnico\/"}]}},"_links":{"self":[{"href":"https:\/\/www.altominho.tv\/site\/wp-json\/wp\/v2\/posts\/121451","targetHints":{"allow":["GET"]}}],"collection":[{"href":"https:\/\/www.altominho.tv\/site\/wp-json\/wp\/v2\/posts"}],"about":[{"href":"https:\/\/www.altominho.tv\/site\/wp-json\/wp\/v2\/types\/post"}],"author":[{"embeddable":true,"href":"https:\/\/www.altominho.tv\/site\/wp-json\/wp\/v2\/users\/1"}],"replies":[{"embeddable":true,"href":"https:\/\/www.altominho.tv\/site\/wp-json\/wp\/v2\/comments?post=121451"}],"version-history":[{"count":1,"href":"https:\/\/www.altominho.tv\/site\/wp-json\/wp\/v2\/posts\/121451\/revisions"}],"predecessor-version":[{"id":121454,"href":"https:\/\/www.altominho.tv\/site\/wp-json\/wp\/v2\/posts\/121451\/revisions\/121454"}],"wp:featuredmedia":[{"embeddable":true,"href":"https:\/\/www.altominho.tv\/site\/wp-json\/wp\/v2\/media\/121453"}],"wp:attachment":[{"href":"https:\/\/www.altominho.tv\/site\/wp-json\/wp\/v2\/media?parent=121451"}],"wp:term":[{"taxonomy":"category","embeddable":true,"href":"https:\/\/www.altominho.tv\/site\/wp-json\/wp\/v2\/categories?post=121451"},{"taxonomy":"post_tag","embeddable":true,"href":"https:\/\/www.altominho.tv\/site\/wp-json\/wp\/v2\/tags?post=121451"}],"curies":[{"name":"wp","href":"https:\/\/api.w.org\/{rel}","templated":true}]}}