{"id":121433,"date":"2025-07-31T09:13:05","date_gmt":"2025-07-31T08:13:05","guid":{"rendered":"https:\/\/www.altominho.tv\/site\/?p=121433"},"modified":"2025-07-31T09:13:07","modified_gmt":"2025-07-31T08:13:07","slug":"fogo-em-ponte-de-lima-em-resolucao","status":"publish","type":"post","link":"https:\/\/www.altominho.tv\/site\/2025\/07\/31\/fogo-em-ponte-de-lima-em-resolucao\/","title":{"rendered":"Fogo em Ponte de Lima em resolu\u00e7\u00e3o"},"content":{"rendered":"<p>O inc\u00eandio em \u00e1rea de mato em Ponte de Lima est\u00e1 em fase de resolu\u00e7\u00e3o, indicou hoje a Prote\u00e7\u00e3o Civil.<\/p>\n<p>O inc\u00eandio, dominado \u00e0s 04h26, &#8220;est\u00e1 a ceder aos meios de combate&#8221;, disse \u00e0 Lusa fonte do Comando Sub-regional do Alto Minho.<\/p>\n<p>Pelas 04h50, encontravam-se no local 157 operacionais apoiados por 53 viaturas, de acordo com a p\u00e1gina da Internet da Autoridade Nacional de Emerg\u00eancia e Prote\u00e7\u00e3o Civil (ANEPC).<\/p>\n<p>Os quatro principais inc\u00eandios a lavrar em Portugal continental estavam por volta das 05h00 a ser combatidos por 1.317 operacionais, apoiados por 442 viaturas.<\/p>\n<p>De acordo com o portal da ANEPC, a essa hora, no fogo que deflagrou na segunda-feira no concelho de Arouca, distrito de Aveiro, est\u00e3o empenhados 675 operacionais com 239 viaturas, e no de Ponte da Barca, que teve in\u00edcio no s\u00e1bado, encontram-se 406 operacionais auxiliados por 141 meios terrestres.<\/p>\n<p>Estes s\u00e3o os maiores fogos inclu\u00eddos pela Prote\u00e7\u00e3o Civil na lista de inc\u00eandios rurais em curso (ainda n\u00e3o dados como dominados\/em resolu\u00e7\u00e3o) de entre as denominadas \u201cocorr\u00eancias significativas\u201d, assim descritas pela dura\u00e7\u00e3o ou pelo n\u00famero de meios envolvidos.<\/p>\n","protected":false},"excerpt":{"rendered":"<p>O inc\u00eandio em \u00e1rea de mato em Ponte de Lima est\u00e1 em fase de resolu\u00e7\u00e3o, indicou hoje a Prote\u00e7\u00e3o Civil. O inc\u00eandio, dominado \u00e0s 04h26, &#8220;est\u00e1 a ceder aos meios de combate&#8221;, disse \u00e0 Lusa fonte do Comando Sub-regional do Alto Minho. Pelas 04h50, encontravam-se no local 157 operacionais apoiados por 53 viaturas, de acordo [&hellip;]<\/p>\n","protected":false},"author":13,"featured_media":121434,"comment_status":"closed","ping_status":"closed","sticky":false,"template":"","format":"standard","meta":{"_exactmetrics_skip_tracking":false,"_exactmetrics_sitenote_active":false,"_exactmetrics_sitenote_note":"","_exactmetrics_sitenote_category":0,"footnotes":""},"categories":[12],"tags":[27],"class_list":["post-121433","post","type-post","status-publish","format-standard","has-post-thumbnail","hentry","category-ponte-de-lima","tag-sociedade"],"yoast_head":"<!-- This site is optimized with the Yoast SEO Premium plugin v27.4 (Yoast SEO v27.4) - https:\/\/yoast.com\/product\/yoast-seo-premium-wordpress\/ -->\n<title>Fogo em Ponte de Lima em resolu\u00e7\u00e3o<\/title>\n<meta name=\"description\" content=\"O inc\u00eandio em \u00e1rea de mato em Ponte de Lima est\u00e1 em fase de resolu\u00e7\u00e3o, indicou hoje a Prote\u00e7\u00e3o Civil.\" \/>\n<meta name=\"robots\" content=\"index, follow, max-snippet:-1, max-image-preview:large, max-video-preview:-1\" \/>\n<link rel=\"canonical\" href=\"https:\/\/www.altominho.tv\/site\/2025\/07\/31\/fogo-em-ponte-de-lima-em-resolucao\/\" \/>\n<meta property=\"og:locale\" content=\"pt_PT\" \/>\n<meta property=\"og:type\" content=\"article\" \/>\n<meta property=\"og:title\" content=\"Fogo em Ponte de Lima em resolu\u00e7\u00e3o\" \/>\n<meta property=\"og:description\" content=\"O inc\u00eandio em \u00e1rea de mato em Ponte de Lima est\u00e1 em fase de resolu\u00e7\u00e3o, indicou hoje a Prote\u00e7\u00e3o Civil.\" \/>\n<meta property=\"og:url\" content=\"https:\/\/www.altominho.tv\/site\/2025\/07\/31\/fogo-em-ponte-de-lima-em-resolucao\/\" \/>\n<meta property=\"og:site_name\" content=\"Altominho.tv\" \/>\n<meta property=\"article:publisher\" content=\"https:\/\/www.facebook.com\/altominhotv\" \/>\n<meta property=\"article:published_time\" content=\"2025-07-31T08:13:05+00:00\" \/>\n<meta property=\"article:modified_time\" content=\"2025-07-31T08:13:07+00:00\" \/>\n<meta property=\"og:image\" content=\"https:\/\/www.altominho.tv\/site\/wp-content\/uploads\/2025\/07\/FOGO.jpg\" \/>\n\t<meta property=\"og:image:width\" content=\"1200\" \/>\n\t<meta property=\"og:image:height\" content=\"630\" \/>\n\t<meta property=\"og:image:type\" content=\"image\/jpeg\" \/>\n<meta name=\"author\" content=\"Lusa\" \/>\n<meta name=\"twitter:card\" content=\"summary_large_image\" \/>\n<meta name=\"twitter:creator\" content=\"@altominhoTV\" \/>\n<meta name=\"twitter:site\" content=\"@altominhoTV\" \/>\n<meta name=\"twitter:label1\" content=\"Escrito por\" \/>\n\t<meta name=\"twitter:data1\" content=\"Lusa\" \/>\n\t<meta name=\"twitter:label2\" content=\"Tempo estimado de leitura\" \/>\n\t<meta name=\"twitter:data2\" content=\"2 minutos\" \/>\n<script type=\"application\/ld+json\" class=\"yoast-schema-graph\">{\"@context\":\"https:\\\/\\\/schema.org\",\"@graph\":[{\"@type\":\"Article\",\"@id\":\"https:\\\/\\\/www.altominho.tv\\\/site\\\/2025\\\/07\\\/31\\\/fogo-em-ponte-de-lima-em-resolucao\\\/#article\",\"isPartOf\":{\"@id\":\"https:\\\/\\\/www.altominho.tv\\\/site\\\/2025\\\/07\\\/31\\\/fogo-em-ponte-de-lima-em-resolucao\\\/\"},\"author\":{\"name\":\"Lusa\",\"@id\":\"https:\\\/\\\/www.altominho.tv\\\/site\\\/#\\\/schema\\\/person\\\/63f693da3e1899361cbe955c46f3232e\"},\"headline\":\"Fogo em Ponte de Lima em resolu\u00e7\u00e3o\",\"datePublished\":\"2025-07-31T08:13:05+00:00\",\"dateModified\":\"2025-07-31T08:13:07+00:00\",\"mainEntityOfPage\":{\"@id\":\"https:\\\/\\\/www.altominho.tv\\\/site\\\/2025\\\/07\\\/31\\\/fogo-em-ponte-de-lima-em-resolucao\\\/\"},\"wordCount\":200,\"image\":{\"@id\":\"https:\\\/\\\/www.altominho.tv\\\/site\\\/2025\\\/07\\\/31\\\/fogo-em-ponte-de-lima-em-resolucao\\\/#primaryimage\"},\"thumbnailUrl\":\"https:\\\/\\\/www.altominho.tv\\\/site\\\/wp-content\\\/uploads\\\/2025\\\/07\\\/FOGO.jpg\",\"keywords\":[\"Sociedade\"],\"articleSection\":[\"Ponte de Lima\"],\"inLanguage\":\"pt-PT\",\"copyrightYear\":\"2025\",\"copyrightHolder\":{\"@id\":\"https:\\\/\\\/www.altominho.tv\\\/site\\\/#organization\"}},{\"@type\":\"WebPage\",\"@id\":\"https:\\\/\\\/www.altominho.tv\\\/site\\\/2025\\\/07\\\/31\\\/fogo-em-ponte-de-lima-em-resolucao\\\/\",\"url\":\"https:\\\/\\\/www.altominho.tv\\\/site\\\/2025\\\/07\\\/31\\\/fogo-em-ponte-de-lima-em-resolucao\\\/\",\"name\":\"Fogo em Ponte de Lima em resolu\u00e7\u00e3o\",\"isPartOf\":{\"@id\":\"https:\\\/\\\/www.altominho.tv\\\/site\\\/#website\"},\"primaryImageOfPage\":{\"@id\":\"https:\\\/\\\/www.altominho.tv\\\/site\\\/2025\\\/07\\\/31\\\/fogo-em-ponte-de-lima-em-resolucao\\\/#primaryimage\"},\"image\":{\"@id\":\"https:\\\/\\\/www.altominho.tv\\\/site\\\/2025\\\/07\\\/31\\\/fogo-em-ponte-de-lima-em-resolucao\\\/#primaryimage\"},\"thumbnailUrl\":\"https:\\\/\\\/www.altominho.tv\\\/site\\\/wp-content\\\/uploads\\\/2025\\\/07\\\/FOGO.jpg\",\"datePublished\":\"2025-07-31T08:13:05+00:00\",\"dateModified\":\"2025-07-31T08:13:07+00:00\",\"author\":{\"@id\":\"https:\\\/\\\/www.altominho.tv\\\/site\\\/#\\\/schema\\\/person\\\/63f693da3e1899361cbe955c46f3232e\"},\"description\":\"O inc\u00eandio em \u00e1rea de mato em Ponte de Lima est\u00e1 em fase de resolu\u00e7\u00e3o, indicou hoje a Prote\u00e7\u00e3o Civil.\",\"breadcrumb\":{\"@id\":\"https:\\\/\\\/www.altominho.tv\\\/site\\\/2025\\\/07\\\/31\\\/fogo-em-ponte-de-lima-em-resolucao\\\/#breadcrumb\"},\"inLanguage\":\"pt-PT\",\"potentialAction\":[{\"@type\":\"ReadAction\",\"target\":[\"https:\\\/\\\/www.altominho.tv\\\/site\\\/2025\\\/07\\\/31\\\/fogo-em-ponte-de-lima-em-resolucao\\\/\"]}]},{\"@type\":\"ImageObject\",\"inLanguage\":\"pt-PT\",\"@id\":\"https:\\\/\\\/www.altominho.tv\\\/site\\\/2025\\\/07\\\/31\\\/fogo-em-ponte-de-lima-em-resolucao\\\/#primaryimage\",\"url\":\"https:\\\/\\\/www.altominho.tv\\\/site\\\/wp-content\\\/uploads\\\/2025\\\/07\\\/FOGO.jpg\",\"contentUrl\":\"https:\\\/\\\/www.altominho.tv\\\/site\\\/wp-content\\\/uploads\\\/2025\\\/07\\\/FOGO.jpg\",\"width\":1200,\"height\":630},{\"@type\":\"BreadcrumbList\",\"@id\":\"https:\\\/\\\/www.altominho.tv\\\/site\\\/2025\\\/07\\\/31\\\/fogo-em-ponte-de-lima-em-resolucao\\\/#breadcrumb\",\"itemListElement\":[{\"@type\":\"ListItem\",\"position\":1,\"name\":\"In\u00edcio\",\"item\":\"https:\\\/\\\/www.altominho.tv\\\/site\\\/\"},{\"@type\":\"ListItem\",\"position\":2,\"name\":\"Fogo em Ponte de Lima em resolu\u00e7\u00e3o\"}]},{\"@type\":\"WebSite\",\"@id\":\"https:\\\/\\\/www.altominho.tv\\\/site\\\/#website\",\"url\":\"https:\\\/\\\/www.altominho.tv\\\/site\\\/\",\"name\":\"Altominho.tv\",\"description\":\"A sua regi\u00e3o \u00e0 dist\u00e2ncia de um clique...\",\"potentialAction\":[{\"@type\":\"SearchAction\",\"target\":{\"@type\":\"EntryPoint\",\"urlTemplate\":\"https:\\\/\\\/www.altominho.tv\\\/site\\\/?s={search_term_string}\"},\"query-input\":{\"@type\":\"PropertyValueSpecification\",\"valueRequired\":true,\"valueName\":\"search_term_string\"}}],\"inLanguage\":\"pt-PT\"},{\"@type\":\"Person\",\"@id\":\"https:\\\/\\\/www.altominho.tv\\\/site\\\/#\\\/schema\\\/person\\\/63f693da3e1899361cbe955c46f3232e\",\"name\":\"Lusa\",\"image\":{\"@type\":\"ImageObject\",\"inLanguage\":\"pt-PT\",\"@id\":\"https:\\\/\\\/www.altominho.tv\\\/site\\\/wp-content\\\/uploads\\\/2019\\\/08\\\/LUSA_Logo.gif\",\"url\":\"https:\\\/\\\/www.altominho.tv\\\/site\\\/wp-content\\\/uploads\\\/2019\\\/08\\\/LUSA_Logo.gif\",\"contentUrl\":\"https:\\\/\\\/www.altominho.tv\\\/site\\\/wp-content\\\/uploads\\\/2019\\\/08\\\/LUSA_Logo.gif\",\"caption\":\"Lusa\"},\"sameAs\":[\"http:\\\/\\\/\\\/\\\/www.altominho.tv\\\/site\"],\"url\":\"https:\\\/\\\/www.altominho.tv\\\/site\\\/author\\\/lusa\\\/\"}]}<\/script>\n<!-- \/ Yoast SEO Premium plugin. -->","yoast_head_json":{"title":"Fogo em Ponte de Lima em resolu\u00e7\u00e3o","description":"O inc\u00eandio em \u00e1rea de mato em Ponte de Lima est\u00e1 em fase de resolu\u00e7\u00e3o, indicou hoje a Prote\u00e7\u00e3o Civil.","robots":{"index":"index","follow":"follow","max-snippet":"max-snippet:-1","max-image-preview":"max-image-preview:large","max-video-preview":"max-video-preview:-1"},"canonical":"https:\/\/www.altominho.tv\/site\/2025\/07\/31\/fogo-em-ponte-de-lima-em-resolucao\/","og_locale":"pt_PT","og_type":"article","og_title":"Fogo em Ponte de Lima em resolu\u00e7\u00e3o","og_description":"O inc\u00eandio em \u00e1rea de mato em Ponte de Lima est\u00e1 em fase de resolu\u00e7\u00e3o, indicou hoje a Prote\u00e7\u00e3o Civil.","og_url":"https:\/\/www.altominho.tv\/site\/2025\/07\/31\/fogo-em-ponte-de-lima-em-resolucao\/","og_site_name":"Altominho.tv","article_publisher":"https:\/\/www.facebook.com\/altominhotv","article_published_time":"2025-07-31T08:13:05+00:00","article_modified_time":"2025-07-31T08:13:07+00:00","og_image":[{"width":1200,"height":630,"url":"https:\/\/www.altominho.tv\/site\/wp-content\/uploads\/2025\/07\/FOGO.jpg","type":"image\/jpeg"}],"author":"Lusa","twitter_card":"summary_large_image","twitter_creator":"@altominhoTV","twitter_site":"@altominhoTV","twitter_misc":{"Escrito por":"Lusa","Tempo estimado de leitura":"2 minutos"},"schema":{"@context":"https:\/\/schema.org","@graph":[{"@type":"Article","@id":"https:\/\/www.altominho.tv\/site\/2025\/07\/31\/fogo-em-ponte-de-lima-em-resolucao\/#article","isPartOf":{"@id":"https:\/\/www.altominho.tv\/site\/2025\/07\/31\/fogo-em-ponte-de-lima-em-resolucao\/"},"author":{"name":"Lusa","@id":"https:\/\/www.altominho.tv\/site\/#\/schema\/person\/63f693da3e1899361cbe955c46f3232e"},"headline":"Fogo em Ponte de Lima em resolu\u00e7\u00e3o","datePublished":"2025-07-31T08:13:05+00:00","dateModified":"2025-07-31T08:13:07+00:00","mainEntityOfPage":{"@id":"https:\/\/www.altominho.tv\/site\/2025\/07\/31\/fogo-em-ponte-de-lima-em-resolucao\/"},"wordCount":200,"image":{"@id":"https:\/\/www.altominho.tv\/site\/2025\/07\/31\/fogo-em-ponte-de-lima-em-resolucao\/#primaryimage"},"thumbnailUrl":"https:\/\/www.altominho.tv\/site\/wp-content\/uploads\/2025\/07\/FOGO.jpg","keywords":["Sociedade"],"articleSection":["Ponte de Lima"],"inLanguage":"pt-PT","copyrightYear":"2025","copyrightHolder":{"@id":"https:\/\/www.altominho.tv\/site\/#organization"}},{"@type":"WebPage","@id":"https:\/\/www.altominho.tv\/site\/2025\/07\/31\/fogo-em-ponte-de-lima-em-resolucao\/","url":"https:\/\/www.altominho.tv\/site\/2025\/07\/31\/fogo-em-ponte-de-lima-em-resolucao\/","name":"Fogo em Ponte de Lima em resolu\u00e7\u00e3o","isPartOf":{"@id":"https:\/\/www.altominho.tv\/site\/#website"},"primaryImageOfPage":{"@id":"https:\/\/www.altominho.tv\/site\/2025\/07\/31\/fogo-em-ponte-de-lima-em-resolucao\/#primaryimage"},"image":{"@id":"https:\/\/www.altominho.tv\/site\/2025\/07\/31\/fogo-em-ponte-de-lima-em-resolucao\/#primaryimage"},"thumbnailUrl":"https:\/\/www.altominho.tv\/site\/wp-content\/uploads\/2025\/07\/FOGO.jpg","datePublished":"2025-07-31T08:13:05+00:00","dateModified":"2025-07-31T08:13:07+00:00","author":{"@id":"https:\/\/www.altominho.tv\/site\/#\/schema\/person\/63f693da3e1899361cbe955c46f3232e"},"description":"O inc\u00eandio em \u00e1rea de mato em Ponte de Lima est\u00e1 em fase de resolu\u00e7\u00e3o, indicou hoje a Prote\u00e7\u00e3o Civil.","breadcrumb":{"@id":"https:\/\/www.altominho.tv\/site\/2025\/07\/31\/fogo-em-ponte-de-lima-em-resolucao\/#breadcrumb"},"inLanguage":"pt-PT","potentialAction":[{"@type":"ReadAction","target":["https:\/\/www.altominho.tv\/site\/2025\/07\/31\/fogo-em-ponte-de-lima-em-resolucao\/"]}]},{"@type":"ImageObject","inLanguage":"pt-PT","@id":"https:\/\/www.altominho.tv\/site\/2025\/07\/31\/fogo-em-ponte-de-lima-em-resolucao\/#primaryimage","url":"https:\/\/www.altominho.tv\/site\/wp-content\/uploads\/2025\/07\/FOGO.jpg","contentUrl":"https:\/\/www.altominho.tv\/site\/wp-content\/uploads\/2025\/07\/FOGO.jpg","width":1200,"height":630},{"@type":"BreadcrumbList","@id":"https:\/\/www.altominho.tv\/site\/2025\/07\/31\/fogo-em-ponte-de-lima-em-resolucao\/#breadcrumb","itemListElement":[{"@type":"ListItem","position":1,"name":"In\u00edcio","item":"https:\/\/www.altominho.tv\/site\/"},{"@type":"ListItem","position":2,"name":"Fogo em Ponte de Lima em resolu\u00e7\u00e3o"}]},{"@type":"WebSite","@id":"https:\/\/www.altominho.tv\/site\/#website","url":"https:\/\/www.altominho.tv\/site\/","name":"Altominho.tv","description":"A sua regi\u00e3o \u00e0 dist\u00e2ncia de um clique...","potentialAction":[{"@type":"SearchAction","target":{"@type":"EntryPoint","urlTemplate":"https:\/\/www.altominho.tv\/site\/?s={search_term_string}"},"query-input":{"@type":"PropertyValueSpecification","valueRequired":true,"valueName":"search_term_string"}}],"inLanguage":"pt-PT"},{"@type":"Person","@id":"https:\/\/www.altominho.tv\/site\/#\/schema\/person\/63f693da3e1899361cbe955c46f3232e","name":"Lusa","image":{"@type":"ImageObject","inLanguage":"pt-PT","@id":"https:\/\/www.altominho.tv\/site\/wp-content\/uploads\/2019\/08\/LUSA_Logo.gif","url":"https:\/\/www.altominho.tv\/site\/wp-content\/uploads\/2019\/08\/LUSA_Logo.gif","contentUrl":"https:\/\/www.altominho.tv\/site\/wp-content\/uploads\/2019\/08\/LUSA_Logo.gif","caption":"Lusa"},"sameAs":["http:\/\/\/\/www.altominho.tv\/site"],"url":"https:\/\/www.altominho.tv\/site\/author\/lusa\/"}]}},"_links":{"self":[{"href":"https:\/\/www.altominho.tv\/site\/wp-json\/wp\/v2\/posts\/121433","targetHints":{"allow":["GET"]}}],"collection":[{"href":"https:\/\/www.altominho.tv\/site\/wp-json\/wp\/v2\/posts"}],"about":[{"href":"https:\/\/www.altominho.tv\/site\/wp-json\/wp\/v2\/types\/post"}],"author":[{"embeddable":true,"href":"https:\/\/www.altominho.tv\/site\/wp-json\/wp\/v2\/users\/13"}],"replies":[{"embeddable":true,"href":"https:\/\/www.altominho.tv\/site\/wp-json\/wp\/v2\/comments?post=121433"}],"version-history":[{"count":1,"href":"https:\/\/www.altominho.tv\/site\/wp-json\/wp\/v2\/posts\/121433\/revisions"}],"predecessor-version":[{"id":121435,"href":"https:\/\/www.altominho.tv\/site\/wp-json\/wp\/v2\/posts\/121433\/revisions\/121435"}],"wp:featuredmedia":[{"embeddable":true,"href":"https:\/\/www.altominho.tv\/site\/wp-json\/wp\/v2\/media\/121434"}],"wp:attachment":[{"href":"https:\/\/www.altominho.tv\/site\/wp-json\/wp\/v2\/media?parent=121433"}],"wp:term":[{"taxonomy":"category","embeddable":true,"href":"https:\/\/www.altominho.tv\/site\/wp-json\/wp\/v2\/categories?post=121433"},{"taxonomy":"post_tag","embeddable":true,"href":"https:\/\/www.altominho.tv\/site\/wp-json\/wp\/v2\/tags?post=121433"}],"curies":[{"name":"wp","href":"https:\/\/api.w.org\/{rel}","templated":true}]}}