{"id":121430,"date":"2025-07-30T22:50:58","date_gmt":"2025-07-30T21:50:58","guid":{"rendered":"https:\/\/www.altominho.tv\/site\/?p=121430"},"modified":"2025-07-30T22:51:00","modified_gmt":"2025-07-30T21:51:00","slug":"retiradas-de-casa-cerca-de-150-habitantes-de-quatro-aldeias-de-ponte-da-barca","status":"publish","type":"post","link":"https:\/\/www.altominho.tv\/site\/2025\/07\/30\/retiradas-de-casa-cerca-de-150-habitantes-de-quatro-aldeias-de-ponte-da-barca\/","title":{"rendered":"Retiradas de casa cerca de 150 habitantes de quatro aldeias de Ponte da Barca"},"content":{"rendered":"<p>Cerca de 150 habitantes de quatro aldeias de Ponte da Barca est\u00e3o a ser retiradas das suas habita\u00e7\u00f5es, por raz\u00f5es de seguran\u00e7a, face \u00e0 proximidade das chamas do inc\u00eandio que deflagrou, s\u00e1bado, no Parque Nacional da Peneda-Ger\u00eas.<\/p>\n<p>Em declara\u00e7\u00f5es \u00e0 ag\u00eancia Lusa, o presidente da C\u00e2mara de Ponte da Barca adiantou que \u201cos habitantes dos lugares da Igreja, em Britelo, Sobredo, Germil e Lourido, na Serra Amarela, no Parque Nacional da Peneda-Ger\u00eas (PNPG) est\u00e3o a ser concentrados nos pontos da Aldeia Segura, definidos para cada uma das localidades, para serem transferidos para o centro escolas de Entre Ambos-os-Rios\u201d.<\/p>\n<p>\u201cEstamos a retirar estas pessoas de casa por quest\u00f5es de seguran\u00e7a. A frente de fogo \u00e9 muito grande. Est\u00e1 a encaminhar-se com muita viol\u00eancia para alguns pontos. O objetivo \u00e9 as popula\u00e7\u00f5es fiquem cercadas e, tamb\u00e9m por causa do fumo intenso que se faz sentir\u201d, adiantou Augusto Marinho.<\/p>\n<p>O PNPG abrange os distritos de Braga (concelho de Terras de Bouro), Viana do Castelo (concelho de Melga\u00e7o, Arcos de Valdevez e Ponte da Barca) e Vila Real (concelho de Montalegre), numa \u00e1rea total de cerca de 70.290 hectares.<\/p>\n<p>O inc\u00eandio que deflagrou no s\u00e1bado em Ponte da Barca, no PNPG , alastrou na manh\u00e3 de hoje ao concelho vizinho de Terras de Bouro, no distrito de Braga.<\/p>\n<p>O autarca social-democrata adiantou que, pelas 22h29, \u201cn\u00e3o havia casas consumidas pelas chamas, nem registo de feridos\u201d, em Ponte da Barca.<\/p>\n<p>\u201cAinda n\u00e3o h\u00e1, mas temos tido muita sorte\u201d, destacou.<\/p>\n<p>Ao in\u00edcio da noite, o vice-presidente da C\u00e2mara de Ponte da Barca, Jos\u00e9 Alfredo, disse que o inc\u00eandio que lavra desde s\u00e1bado \u00e0 noite \u00e9 \u201cuma facada no cora\u00e7\u00e3o\u201d do PNPG, \u00fanico parque nacional do pa\u00eds.<\/p>\n<p>\u201cO cora\u00e7\u00e3o do PNPG est\u00e1 a arder, literalmente. Hoje o parque leva uma facada no cora\u00e7\u00e3o. Os impactos deste inc\u00eandio ter\u00e3o efeitos num futuro muito longo\u201d, afirmou.<\/p>\n<p>Durante a tarde de hoje, presidente da C\u00e2mara disse ter pedido ao Governo para acionar o Mecanismo Europeu de Prote\u00e7\u00e3o Civil ou outros acordos bilaterais com outros pa\u00edses para combater o inc\u00eandio no PNPG.<\/p>\n<p>\u201cFalei com a ministra da Administra\u00e7\u00e3o Interna. Pedi-lhe para acionar o Mecanismo Europeu de Prote\u00e7\u00e3o Civil ou acordos bilaterais com Espanha ou com outros pa\u00edses que achar mais r\u00e1pidos que ajudem a combater este flagelo, quer em Ponte da Barca quer no pa\u00eds\u201d, afirmou \u00e0 Lusa, Augusto Marinho.<\/p>\n<p>O pedido do autarca social-democrata surge depois v\u00e1rios apelos que tem vindo a dirigido ao Governo, sem sucesso, para refor\u00e7o dos meios a\u00e9reos para combate ao inc\u00eandio que come\u00e7ou no s\u00e1bado PNPG.<\/p>\n<p>\u201c\u00c9 imposs\u00edvel combater este inc\u00eandio com apenas um meio a\u00e9reo. Esta frase diz tudo. Estou indignado, revoltado\u201d, afirmou Augusto Marinho.<\/p>\n<p>De acordo com o \u2018site\u2019 da Autoridade Nacional de Emerg\u00eancia e Prote\u00e7\u00e3o Civil (ANEPC), \u00e0s 22h35 o fogo que deflagrou na noite de s\u00e1bado, mobilizava 401 operacionais, apoiados por 139 viaturas.<\/p>\n","protected":false},"excerpt":{"rendered":"<p>Cerca de 150 habitantes de quatro aldeias de Ponte da Barca est\u00e3o a ser retiradas das suas habita\u00e7\u00f5es, por raz\u00f5es de seguran\u00e7a, face \u00e0 proximidade das chamas do inc\u00eandio que deflagrou, s\u00e1bado, no Parque Nacional da Peneda-Ger\u00eas. Em declara\u00e7\u00f5es \u00e0 ag\u00eancia Lusa, o presidente da C\u00e2mara de Ponte da Barca adiantou que \u201cos habitantes dos [&hellip;]<\/p>\n","protected":false},"author":13,"featured_media":121431,"comment_status":"closed","ping_status":"closed","sticky":false,"template":"","format":"standard","meta":{"_exactmetrics_skip_tracking":false,"_exactmetrics_sitenote_active":false,"_exactmetrics_sitenote_note":"","_exactmetrics_sitenote_category":0,"footnotes":""},"categories":[11],"tags":[27],"class_list":["post-121430","post","type-post","status-publish","format-standard","has-post-thumbnail","hentry","category-ponte-da-barca","tag-sociedade"],"yoast_head":"<!-- This site is optimized with the Yoast SEO Premium plugin v27.4 (Yoast SEO v27.4) - https:\/\/yoast.com\/product\/yoast-seo-premium-wordpress\/ -->\n<title>Retiradas de casa cerca de 150 habitantes de quatro aldeias de Ponte da Barca<\/title>\n<meta name=\"description\" content=\"\u00a0Cerca de 150 habitantes de quatro aldeias de Ponte da Barca est\u00e3o a ser retiradas das suas habita\u00e7\u00f5es, por raz\u00f5es de seguran\u00e7a, face \u00e0 proximidade das chamas do inc\u00eandio que deflagrou, s\u00e1bado, no Parque Nacional da Peneda-Ger\u00eas.\" \/>\n<meta name=\"robots\" content=\"index, follow, max-snippet:-1, max-image-preview:large, max-video-preview:-1\" \/>\n<link rel=\"canonical\" href=\"https:\/\/www.altominho.tv\/site\/2025\/07\/30\/retiradas-de-casa-cerca-de-150-habitantes-de-quatro-aldeias-de-ponte-da-barca\/\" \/>\n<meta property=\"og:locale\" content=\"pt_PT\" \/>\n<meta property=\"og:type\" content=\"article\" \/>\n<meta property=\"og:title\" content=\"Retiradas de casa cerca de 150 habitantes de quatro aldeias de Ponte da Barca\" \/>\n<meta property=\"og:description\" content=\"\u00a0Cerca de 150 habitantes de quatro aldeias de Ponte da Barca est\u00e3o a ser retiradas das suas habita\u00e7\u00f5es, por raz\u00f5es de seguran\u00e7a, face \u00e0 proximidade das chamas do inc\u00eandio que deflagrou, s\u00e1bado, no Parque Nacional da Peneda-Ger\u00eas.\" \/>\n<meta property=\"og:url\" content=\"https:\/\/www.altominho.tv\/site\/2025\/07\/30\/retiradas-de-casa-cerca-de-150-habitantes-de-quatro-aldeias-de-ponte-da-barca\/\" \/>\n<meta property=\"og:site_name\" content=\"Altominho.tv\" \/>\n<meta property=\"article:publisher\" content=\"https:\/\/www.facebook.com\/altominhotv\" \/>\n<meta property=\"article:published_time\" content=\"2025-07-30T21:50:58+00:00\" \/>\n<meta property=\"article:modified_time\" content=\"2025-07-30T21:51:00+00:00\" \/>\n<meta property=\"og:image\" content=\"https:\/\/www.altominho.tv\/site\/wp-content\/uploads\/2025\/07\/bombeiros.jpg\" \/>\n\t<meta property=\"og:image:width\" content=\"1200\" \/>\n\t<meta property=\"og:image:height\" content=\"630\" \/>\n\t<meta property=\"og:image:type\" content=\"image\/jpeg\" \/>\n<meta name=\"author\" content=\"Lusa\" \/>\n<meta name=\"twitter:card\" content=\"summary_large_image\" \/>\n<meta name=\"twitter:creator\" content=\"@altominhoTV\" \/>\n<meta name=\"twitter:site\" content=\"@altominhoTV\" \/>\n<meta name=\"twitter:label1\" content=\"Escrito por\" \/>\n\t<meta name=\"twitter:data1\" content=\"Lusa\" \/>\n\t<meta name=\"twitter:label2\" content=\"Tempo estimado de leitura\" \/>\n\t<meta name=\"twitter:data2\" content=\"3 minutos\" \/>\n<script type=\"application\/ld+json\" class=\"yoast-schema-graph\">{\"@context\":\"https:\\\/\\\/schema.org\",\"@graph\":[{\"@type\":\"Article\",\"@id\":\"https:\\\/\\\/www.altominho.tv\\\/site\\\/2025\\\/07\\\/30\\\/retiradas-de-casa-cerca-de-150-habitantes-de-quatro-aldeias-de-ponte-da-barca\\\/#article\",\"isPartOf\":{\"@id\":\"https:\\\/\\\/www.altominho.tv\\\/site\\\/2025\\\/07\\\/30\\\/retiradas-de-casa-cerca-de-150-habitantes-de-quatro-aldeias-de-ponte-da-barca\\\/\"},\"author\":{\"name\":\"Lusa\",\"@id\":\"https:\\\/\\\/www.altominho.tv\\\/site\\\/#\\\/schema\\\/person\\\/63f693da3e1899361cbe955c46f3232e\"},\"headline\":\"Retiradas de casa cerca de 150 habitantes de quatro aldeias de Ponte da Barca\",\"datePublished\":\"2025-07-30T21:50:58+00:00\",\"dateModified\":\"2025-07-30T21:51:00+00:00\",\"mainEntityOfPage\":{\"@id\":\"https:\\\/\\\/www.altominho.tv\\\/site\\\/2025\\\/07\\\/30\\\/retiradas-de-casa-cerca-de-150-habitantes-de-quatro-aldeias-de-ponte-da-barca\\\/\"},\"wordCount\":525,\"image\":{\"@id\":\"https:\\\/\\\/www.altominho.tv\\\/site\\\/2025\\\/07\\\/30\\\/retiradas-de-casa-cerca-de-150-habitantes-de-quatro-aldeias-de-ponte-da-barca\\\/#primaryimage\"},\"thumbnailUrl\":\"https:\\\/\\\/www.altominho.tv\\\/site\\\/wp-content\\\/uploads\\\/2025\\\/07\\\/bombeiros.jpg\",\"keywords\":[\"Sociedade\"],\"articleSection\":[\"Ponte da Barca\"],\"inLanguage\":\"pt-PT\",\"copyrightYear\":\"2025\",\"copyrightHolder\":{\"@id\":\"https:\\\/\\\/www.altominho.tv\\\/site\\\/#organization\"}},{\"@type\":\"WebPage\",\"@id\":\"https:\\\/\\\/www.altominho.tv\\\/site\\\/2025\\\/07\\\/30\\\/retiradas-de-casa-cerca-de-150-habitantes-de-quatro-aldeias-de-ponte-da-barca\\\/\",\"url\":\"https:\\\/\\\/www.altominho.tv\\\/site\\\/2025\\\/07\\\/30\\\/retiradas-de-casa-cerca-de-150-habitantes-de-quatro-aldeias-de-ponte-da-barca\\\/\",\"name\":\"Retiradas de casa cerca de 150 habitantes de quatro aldeias de Ponte da Barca\",\"isPartOf\":{\"@id\":\"https:\\\/\\\/www.altominho.tv\\\/site\\\/#website\"},\"primaryImageOfPage\":{\"@id\":\"https:\\\/\\\/www.altominho.tv\\\/site\\\/2025\\\/07\\\/30\\\/retiradas-de-casa-cerca-de-150-habitantes-de-quatro-aldeias-de-ponte-da-barca\\\/#primaryimage\"},\"image\":{\"@id\":\"https:\\\/\\\/www.altominho.tv\\\/site\\\/2025\\\/07\\\/30\\\/retiradas-de-casa-cerca-de-150-habitantes-de-quatro-aldeias-de-ponte-da-barca\\\/#primaryimage\"},\"thumbnailUrl\":\"https:\\\/\\\/www.altominho.tv\\\/site\\\/wp-content\\\/uploads\\\/2025\\\/07\\\/bombeiros.jpg\",\"datePublished\":\"2025-07-30T21:50:58+00:00\",\"dateModified\":\"2025-07-30T21:51:00+00:00\",\"author\":{\"@id\":\"https:\\\/\\\/www.altominho.tv\\\/site\\\/#\\\/schema\\\/person\\\/63f693da3e1899361cbe955c46f3232e\"},\"description\":\"\u00a0Cerca de 150 habitantes de quatro aldeias de Ponte da Barca est\u00e3o a ser retiradas das suas habita\u00e7\u00f5es, por raz\u00f5es de seguran\u00e7a, face \u00e0 proximidade das chamas do inc\u00eandio que deflagrou, s\u00e1bado, no Parque Nacional da Peneda-Ger\u00eas.\",\"breadcrumb\":{\"@id\":\"https:\\\/\\\/www.altominho.tv\\\/site\\\/2025\\\/07\\\/30\\\/retiradas-de-casa-cerca-de-150-habitantes-de-quatro-aldeias-de-ponte-da-barca\\\/#breadcrumb\"},\"inLanguage\":\"pt-PT\",\"potentialAction\":[{\"@type\":\"ReadAction\",\"target\":[\"https:\\\/\\\/www.altominho.tv\\\/site\\\/2025\\\/07\\\/30\\\/retiradas-de-casa-cerca-de-150-habitantes-de-quatro-aldeias-de-ponte-da-barca\\\/\"]}]},{\"@type\":\"ImageObject\",\"inLanguage\":\"pt-PT\",\"@id\":\"https:\\\/\\\/www.altominho.tv\\\/site\\\/2025\\\/07\\\/30\\\/retiradas-de-casa-cerca-de-150-habitantes-de-quatro-aldeias-de-ponte-da-barca\\\/#primaryimage\",\"url\":\"https:\\\/\\\/www.altominho.tv\\\/site\\\/wp-content\\\/uploads\\\/2025\\\/07\\\/bombeiros.jpg\",\"contentUrl\":\"https:\\\/\\\/www.altominho.tv\\\/site\\\/wp-content\\\/uploads\\\/2025\\\/07\\\/bombeiros.jpg\",\"width\":1200,\"height\":630},{\"@type\":\"BreadcrumbList\",\"@id\":\"https:\\\/\\\/www.altominho.tv\\\/site\\\/2025\\\/07\\\/30\\\/retiradas-de-casa-cerca-de-150-habitantes-de-quatro-aldeias-de-ponte-da-barca\\\/#breadcrumb\",\"itemListElement\":[{\"@type\":\"ListItem\",\"position\":1,\"name\":\"In\u00edcio\",\"item\":\"https:\\\/\\\/www.altominho.tv\\\/site\\\/\"},{\"@type\":\"ListItem\",\"position\":2,\"name\":\"Retiradas de casa cerca de 150 habitantes de quatro aldeias de Ponte da Barca\"}]},{\"@type\":\"WebSite\",\"@id\":\"https:\\\/\\\/www.altominho.tv\\\/site\\\/#website\",\"url\":\"https:\\\/\\\/www.altominho.tv\\\/site\\\/\",\"name\":\"Altominho.tv\",\"description\":\"A sua regi\u00e3o \u00e0 dist\u00e2ncia de um clique...\",\"potentialAction\":[{\"@type\":\"SearchAction\",\"target\":{\"@type\":\"EntryPoint\",\"urlTemplate\":\"https:\\\/\\\/www.altominho.tv\\\/site\\\/?s={search_term_string}\"},\"query-input\":{\"@type\":\"PropertyValueSpecification\",\"valueRequired\":true,\"valueName\":\"search_term_string\"}}],\"inLanguage\":\"pt-PT\"},{\"@type\":\"Person\",\"@id\":\"https:\\\/\\\/www.altominho.tv\\\/site\\\/#\\\/schema\\\/person\\\/63f693da3e1899361cbe955c46f3232e\",\"name\":\"Lusa\",\"image\":{\"@type\":\"ImageObject\",\"inLanguage\":\"pt-PT\",\"@id\":\"https:\\\/\\\/www.altominho.tv\\\/site\\\/wp-content\\\/uploads\\\/2019\\\/08\\\/LUSA_Logo.gif\",\"url\":\"https:\\\/\\\/www.altominho.tv\\\/site\\\/wp-content\\\/uploads\\\/2019\\\/08\\\/LUSA_Logo.gif\",\"contentUrl\":\"https:\\\/\\\/www.altominho.tv\\\/site\\\/wp-content\\\/uploads\\\/2019\\\/08\\\/LUSA_Logo.gif\",\"caption\":\"Lusa\"},\"sameAs\":[\"http:\\\/\\\/\\\/\\\/www.altominho.tv\\\/site\"],\"url\":\"https:\\\/\\\/www.altominho.tv\\\/site\\\/author\\\/lusa\\\/\"}]}<\/script>\n<!-- \/ Yoast SEO Premium plugin. -->","yoast_head_json":{"title":"Retiradas de casa cerca de 150 habitantes de quatro aldeias de Ponte da Barca","description":"\u00a0Cerca de 150 habitantes de quatro aldeias de Ponte da Barca est\u00e3o a ser retiradas das suas habita\u00e7\u00f5es, por raz\u00f5es de seguran\u00e7a, face \u00e0 proximidade das chamas do inc\u00eandio que deflagrou, s\u00e1bado, no Parque Nacional da Peneda-Ger\u00eas.","robots":{"index":"index","follow":"follow","max-snippet":"max-snippet:-1","max-image-preview":"max-image-preview:large","max-video-preview":"max-video-preview:-1"},"canonical":"https:\/\/www.altominho.tv\/site\/2025\/07\/30\/retiradas-de-casa-cerca-de-150-habitantes-de-quatro-aldeias-de-ponte-da-barca\/","og_locale":"pt_PT","og_type":"article","og_title":"Retiradas de casa cerca de 150 habitantes de quatro aldeias de Ponte da Barca","og_description":"\u00a0Cerca de 150 habitantes de quatro aldeias de Ponte da Barca est\u00e3o a ser retiradas das suas habita\u00e7\u00f5es, por raz\u00f5es de seguran\u00e7a, face \u00e0 proximidade das chamas do inc\u00eandio que deflagrou, s\u00e1bado, no Parque Nacional da Peneda-Ger\u00eas.","og_url":"https:\/\/www.altominho.tv\/site\/2025\/07\/30\/retiradas-de-casa-cerca-de-150-habitantes-de-quatro-aldeias-de-ponte-da-barca\/","og_site_name":"Altominho.tv","article_publisher":"https:\/\/www.facebook.com\/altominhotv","article_published_time":"2025-07-30T21:50:58+00:00","article_modified_time":"2025-07-30T21:51:00+00:00","og_image":[{"width":1200,"height":630,"url":"https:\/\/www.altominho.tv\/site\/wp-content\/uploads\/2025\/07\/bombeiros.jpg","type":"image\/jpeg"}],"author":"Lusa","twitter_card":"summary_large_image","twitter_creator":"@altominhoTV","twitter_site":"@altominhoTV","twitter_misc":{"Escrito por":"Lusa","Tempo estimado de leitura":"3 minutos"},"schema":{"@context":"https:\/\/schema.org","@graph":[{"@type":"Article","@id":"https:\/\/www.altominho.tv\/site\/2025\/07\/30\/retiradas-de-casa-cerca-de-150-habitantes-de-quatro-aldeias-de-ponte-da-barca\/#article","isPartOf":{"@id":"https:\/\/www.altominho.tv\/site\/2025\/07\/30\/retiradas-de-casa-cerca-de-150-habitantes-de-quatro-aldeias-de-ponte-da-barca\/"},"author":{"name":"Lusa","@id":"https:\/\/www.altominho.tv\/site\/#\/schema\/person\/63f693da3e1899361cbe955c46f3232e"},"headline":"Retiradas de casa cerca de 150 habitantes de quatro aldeias de Ponte da Barca","datePublished":"2025-07-30T21:50:58+00:00","dateModified":"2025-07-30T21:51:00+00:00","mainEntityOfPage":{"@id":"https:\/\/www.altominho.tv\/site\/2025\/07\/30\/retiradas-de-casa-cerca-de-150-habitantes-de-quatro-aldeias-de-ponte-da-barca\/"},"wordCount":525,"image":{"@id":"https:\/\/www.altominho.tv\/site\/2025\/07\/30\/retiradas-de-casa-cerca-de-150-habitantes-de-quatro-aldeias-de-ponte-da-barca\/#primaryimage"},"thumbnailUrl":"https:\/\/www.altominho.tv\/site\/wp-content\/uploads\/2025\/07\/bombeiros.jpg","keywords":["Sociedade"],"articleSection":["Ponte da Barca"],"inLanguage":"pt-PT","copyrightYear":"2025","copyrightHolder":{"@id":"https:\/\/www.altominho.tv\/site\/#organization"}},{"@type":"WebPage","@id":"https:\/\/www.altominho.tv\/site\/2025\/07\/30\/retiradas-de-casa-cerca-de-150-habitantes-de-quatro-aldeias-de-ponte-da-barca\/","url":"https:\/\/www.altominho.tv\/site\/2025\/07\/30\/retiradas-de-casa-cerca-de-150-habitantes-de-quatro-aldeias-de-ponte-da-barca\/","name":"Retiradas de casa cerca de 150 habitantes de quatro aldeias de Ponte da Barca","isPartOf":{"@id":"https:\/\/www.altominho.tv\/site\/#website"},"primaryImageOfPage":{"@id":"https:\/\/www.altominho.tv\/site\/2025\/07\/30\/retiradas-de-casa-cerca-de-150-habitantes-de-quatro-aldeias-de-ponte-da-barca\/#primaryimage"},"image":{"@id":"https:\/\/www.altominho.tv\/site\/2025\/07\/30\/retiradas-de-casa-cerca-de-150-habitantes-de-quatro-aldeias-de-ponte-da-barca\/#primaryimage"},"thumbnailUrl":"https:\/\/www.altominho.tv\/site\/wp-content\/uploads\/2025\/07\/bombeiros.jpg","datePublished":"2025-07-30T21:50:58+00:00","dateModified":"2025-07-30T21:51:00+00:00","author":{"@id":"https:\/\/www.altominho.tv\/site\/#\/schema\/person\/63f693da3e1899361cbe955c46f3232e"},"description":"\u00a0Cerca de 150 habitantes de quatro aldeias de Ponte da Barca est\u00e3o a ser retiradas das suas habita\u00e7\u00f5es, por raz\u00f5es de seguran\u00e7a, face \u00e0 proximidade das chamas do inc\u00eandio que deflagrou, s\u00e1bado, no Parque Nacional da Peneda-Ger\u00eas.","breadcrumb":{"@id":"https:\/\/www.altominho.tv\/site\/2025\/07\/30\/retiradas-de-casa-cerca-de-150-habitantes-de-quatro-aldeias-de-ponte-da-barca\/#breadcrumb"},"inLanguage":"pt-PT","potentialAction":[{"@type":"ReadAction","target":["https:\/\/www.altominho.tv\/site\/2025\/07\/30\/retiradas-de-casa-cerca-de-150-habitantes-de-quatro-aldeias-de-ponte-da-barca\/"]}]},{"@type":"ImageObject","inLanguage":"pt-PT","@id":"https:\/\/www.altominho.tv\/site\/2025\/07\/30\/retiradas-de-casa-cerca-de-150-habitantes-de-quatro-aldeias-de-ponte-da-barca\/#primaryimage","url":"https:\/\/www.altominho.tv\/site\/wp-content\/uploads\/2025\/07\/bombeiros.jpg","contentUrl":"https:\/\/www.altominho.tv\/site\/wp-content\/uploads\/2025\/07\/bombeiros.jpg","width":1200,"height":630},{"@type":"BreadcrumbList","@id":"https:\/\/www.altominho.tv\/site\/2025\/07\/30\/retiradas-de-casa-cerca-de-150-habitantes-de-quatro-aldeias-de-ponte-da-barca\/#breadcrumb","itemListElement":[{"@type":"ListItem","position":1,"name":"In\u00edcio","item":"https:\/\/www.altominho.tv\/site\/"},{"@type":"ListItem","position":2,"name":"Retiradas de casa cerca de 150 habitantes de quatro aldeias de Ponte da Barca"}]},{"@type":"WebSite","@id":"https:\/\/www.altominho.tv\/site\/#website","url":"https:\/\/www.altominho.tv\/site\/","name":"Altominho.tv","description":"A sua regi\u00e3o \u00e0 dist\u00e2ncia de um clique...","potentialAction":[{"@type":"SearchAction","target":{"@type":"EntryPoint","urlTemplate":"https:\/\/www.altominho.tv\/site\/?s={search_term_string}"},"query-input":{"@type":"PropertyValueSpecification","valueRequired":true,"valueName":"search_term_string"}}],"inLanguage":"pt-PT"},{"@type":"Person","@id":"https:\/\/www.altominho.tv\/site\/#\/schema\/person\/63f693da3e1899361cbe955c46f3232e","name":"Lusa","image":{"@type":"ImageObject","inLanguage":"pt-PT","@id":"https:\/\/www.altominho.tv\/site\/wp-content\/uploads\/2019\/08\/LUSA_Logo.gif","url":"https:\/\/www.altominho.tv\/site\/wp-content\/uploads\/2019\/08\/LUSA_Logo.gif","contentUrl":"https:\/\/www.altominho.tv\/site\/wp-content\/uploads\/2019\/08\/LUSA_Logo.gif","caption":"Lusa"},"sameAs":["http:\/\/\/\/www.altominho.tv\/site"],"url":"https:\/\/www.altominho.tv\/site\/author\/lusa\/"}]}},"_links":{"self":[{"href":"https:\/\/www.altominho.tv\/site\/wp-json\/wp\/v2\/posts\/121430","targetHints":{"allow":["GET"]}}],"collection":[{"href":"https:\/\/www.altominho.tv\/site\/wp-json\/wp\/v2\/posts"}],"about":[{"href":"https:\/\/www.altominho.tv\/site\/wp-json\/wp\/v2\/types\/post"}],"author":[{"embeddable":true,"href":"https:\/\/www.altominho.tv\/site\/wp-json\/wp\/v2\/users\/13"}],"replies":[{"embeddable":true,"href":"https:\/\/www.altominho.tv\/site\/wp-json\/wp\/v2\/comments?post=121430"}],"version-history":[{"count":1,"href":"https:\/\/www.altominho.tv\/site\/wp-json\/wp\/v2\/posts\/121430\/revisions"}],"predecessor-version":[{"id":121432,"href":"https:\/\/www.altominho.tv\/site\/wp-json\/wp\/v2\/posts\/121430\/revisions\/121432"}],"wp:featuredmedia":[{"embeddable":true,"href":"https:\/\/www.altominho.tv\/site\/wp-json\/wp\/v2\/media\/121431"}],"wp:attachment":[{"href":"https:\/\/www.altominho.tv\/site\/wp-json\/wp\/v2\/media?parent=121430"}],"wp:term":[{"taxonomy":"category","embeddable":true,"href":"https:\/\/www.altominho.tv\/site\/wp-json\/wp\/v2\/categories?post=121430"},{"taxonomy":"post_tag","embeddable":true,"href":"https:\/\/www.altominho.tv\/site\/wp-json\/wp\/v2\/tags?post=121430"}],"curies":[{"name":"wp","href":"https:\/\/api.w.org\/{rel}","templated":true}]}}