{"id":121423,"date":"2025-07-30T19:46:39","date_gmt":"2025-07-30T18:46:39","guid":{"rendered":"https:\/\/www.altominho.tv\/site\/?p=121423"},"modified":"2025-07-30T19:46:41","modified_gmt":"2025-07-30T18:46:41","slug":"mais-de-1-700-operacionais-e-560-viaturas-no-combate-aos-principais-fogos","status":"publish","type":"post","link":"https:\/\/www.altominho.tv\/site\/2025\/07\/30\/mais-de-1-700-operacionais-e-560-viaturas-no-combate-aos-principais-fogos\/","title":{"rendered":"Mais de 1.700 operacionais e 560 viaturas no combate aos principais fogos"},"content":{"rendered":"\n<p>Os seis principais inc\u00eandios a lavrar hoje em Portugal continental estavam \u00e0s 17:00 a ser combatidos por 1.723 operacionais, apoiados por 562 viaturas e 17 meios a\u00e9reos, segundo a Prote\u00e7\u00e3o Civil.<\/p>\n\n\n\n<p>De acordo com a p\u00e1gina da Internet da Autoridade Nacional de Emerg\u00eancia e Prote\u00e7\u00e3o Civil (ANEPC), no fogo que deflagrou na segunda-feira no concelho de Arouca, distrito de Aveiro (e que j\u00e1 passou para o concelho de Castelo de Paiva), est\u00e3o empenhados 725 operacionais, 257 viaturas e dois meios a\u00e9reos.<\/p>\n\n\n\n<p>Este \u00e9 o maior fogo inclu\u00eddo pela Prote\u00e7\u00e3o Civil na lista de inc\u00eandios rurais em curso (ainda n\u00e3o dados como dominados\/em resolu\u00e7\u00e3o) de entre as denominadas \u201cocorr\u00eancias significativas\u201d, assim descritas pela sua dura\u00e7\u00e3o ou pelo n\u00famero de meios envolvidos.<\/p>\n\n\n\n<p>O inc\u00eandio que se iniciou no s\u00e1bado no concelho de Ponte da Barca, distrito de Viana do Castelo, em pleno Parque Nacional da Peneda-Ger\u00eas (PNPG), e que esta manh\u00e3 alastrou ao concelho vizinho de Terras de Bouro, distrito de Braga, est\u00e1 a ser combatido por 406 operacionais, 132 viaturas e nove meios a\u00e9reos.<\/p>\n\n\n\n<p>J\u00e1 no inc\u00eandio que deflagrou na ter\u00e7a-feira no concelho de Penafiel, distrito do Porto, est\u00e3o envolvidos 178 operacionais, apoiados por 48 viaturas e dois meios a\u00e9reos.<br>O fogo de Ponte de Lima, distrito de Viana do Castelo, teve in\u00edcio ao final da noite de segunda-feira e est\u00e3o agora empenhados nos trabalhos 163 operacionais, apoiados 54 viaturas e sem meios a\u00e9reos.<\/p>\n\n\n\n<p>No concelho de Cinf\u00e3es, distrito de Viseu, o inc\u00eandio que deflagrou pelas 06:10 de ter\u00e7a-feira est\u00e1 a ser combatido por 55 operacionais, apoiados por 16 viaturas e sem meios a\u00e9reos.<\/p>\n\n\n\n<p>\u00c0s 09:50 de hoje deflagrou um inc\u00eandio no concelho de Paredes, distrito do Porto, onde est\u00e3o envolvidos 194 operacionais, 55 viaturas e quatro meios a\u00e9reos.<br>Na lista de ocorr\u00eancias significativas da Prote\u00e7\u00e3o Civil constam ainda os fogos de Nisa, Castelo Branco, Sever do Vouga, Paredes e Seia, que, apesar de estarem em resolu\u00e7\u00e3o, continuam a mobilizar 674 elementos das for\u00e7as de seguran\u00e7a e socorro.<\/p>\n\n\n\n<p>\u00c0s 16:00, de acordo com a GNR, registavam-se cortes na Estrada Nacional 18 (EN18), no distrito de Portalegre entre Vila Velha de R\u00f3d\u00e3o e Nisa e na Autoestrada 41 (A41), nos dois sentidos, entre Pa\u00e7os de Ferreira e Espinho, no distrito do Porto.<\/p>\n\n\n\n<p>Em diferentes localidades das regi\u00f5es Norte, Centro e Alentejo foram nos \u00faltimos dias evacuadas povoa\u00e7\u00f5es, por preven\u00e7\u00e3o, com os autarcas a pedirem mais meios operacionais para o terreno. Alguns bombeiros ficaram feridos sem gravidade durante as opera\u00e7\u00f5es e houve tamb\u00e9m moradores assistidos.<\/p>\n\n\n\n<p>O secret\u00e1rio de Estado da Prote\u00e7\u00e3o Civil, Rui Rocha, afirmou hoje que o Governo est\u00e1 a fazer o necess\u00e1rio para garantir a disponibilidade de 76 meios a\u00e9reos, insistindo que o contributo destes meios para apagar inc\u00eandios depende das caracter\u00edsticas dos fogos.<br>Grande parte do interior norte e do centro do pa\u00eds est\u00e3o hoje em perigo m\u00e1ximo de inc\u00eandio rural, segundo dados do Instituto Portugu\u00eas do Mar e da Atmosfera (IPMA).<br>A previs\u00e3o abrange sobretudo os concelhos dos distritos de Bragan\u00e7a, Vila Real, Viseu, Guarda, Castelo Branco, Coimbra e Santar\u00e9m.<\/p>\n\n\n\n<p>De acordo com o IPMA, a situa\u00e7\u00e3o de perigo m\u00e1ximo de inc\u00eandio rural ir\u00e1 manter-se nos pr\u00f3ximos dias nas mesmas regi\u00f5es, agravando-se em alguns concelhos do Algarve.<\/p>\n","protected":false},"excerpt":{"rendered":"<p>Os seis principais inc\u00eandios a lavrar hoje em Portugal continental estavam \u00e0s 17:00 a ser combatidos por 1.723 operacionais, apoiados por 562 viaturas e 17 meios a\u00e9reos, segundo a Prote\u00e7\u00e3o Civil. De acordo com a p\u00e1gina da Internet da Autoridade Nacional de Emerg\u00eancia e Prote\u00e7\u00e3o Civil (ANEPC), no fogo que deflagrou na segunda-feira no concelho [&hellip;]<\/p>\n","protected":false},"author":9,"featured_media":121424,"comment_status":"closed","ping_status":"closed","sticky":false,"template":"","format":"standard","meta":{"_exactmetrics_skip_tracking":false,"_exactmetrics_sitenote_active":false,"_exactmetrics_sitenote_note":"","_exactmetrics_sitenote_category":0,"footnotes":""},"categories":[1],"tags":[],"class_list":["post-121423","post","type-post","status-publish","format-standard","has-post-thumbnail","hentry","category-uncategorized"],"yoast_head":"<!-- This site is optimized with the Yoast SEO Premium plugin v27.4 (Yoast SEO v27.4) - https:\/\/yoast.com\/product\/yoast-seo-premium-wordpress\/ -->\n<title>Mais de 1.700 operacionais e 560 viaturas no combate aos principais fogos<\/title>\n<meta name=\"robots\" content=\"index, follow, max-snippet:-1, max-image-preview:large, max-video-preview:-1\" \/>\n<link rel=\"canonical\" href=\"https:\/\/www.altominho.tv\/site\/2025\/07\/30\/mais-de-1-700-operacionais-e-560-viaturas-no-combate-aos-principais-fogos\/\" \/>\n<meta property=\"og:locale\" content=\"pt_PT\" \/>\n<meta property=\"og:type\" content=\"article\" \/>\n<meta property=\"og:title\" content=\"Mais de 1.700 operacionais e 560 viaturas no combate aos principais fogos\" \/>\n<meta property=\"og:description\" content=\"Os seis principais inc\u00eandios a lavrar hoje em Portugal continental estavam \u00e0s 17:00 a ser combatidos por 1.723 operacionais, apoiados por 562 viaturas e 17 meios a\u00e9reos, segundo a Prote\u00e7\u00e3o Civil. De acordo com a p\u00e1gina da Internet da Autoridade Nacional de Emerg\u00eancia e Prote\u00e7\u00e3o Civil (ANEPC), no fogo que deflagrou na segunda-feira no concelho [&hellip;]\" \/>\n<meta property=\"og:url\" content=\"https:\/\/www.altominho.tv\/site\/2025\/07\/30\/mais-de-1-700-operacionais-e-560-viaturas-no-combate-aos-principais-fogos\/\" \/>\n<meta property=\"og:site_name\" content=\"Altominho.tv\" \/>\n<meta property=\"article:publisher\" content=\"https:\/\/www.facebook.com\/altominhotv\" \/>\n<meta property=\"article:published_time\" content=\"2025-07-30T18:46:39+00:00\" \/>\n<meta property=\"article:modified_time\" content=\"2025-07-30T18:46:41+00:00\" \/>\n<meta property=\"og:image\" content=\"https:\/\/www.altominho.tv\/site\/wp-content\/uploads\/2025\/07\/meios.png\" \/>\n\t<meta property=\"og:image:width\" content=\"1200\" \/>\n\t<meta property=\"og:image:height\" content=\"630\" \/>\n\t<meta property=\"og:image:type\" content=\"image\/png\" \/>\n<meta name=\"author\" content=\"Rafael Pereira\" \/>\n<meta name=\"twitter:card\" content=\"summary_large_image\" \/>\n<meta name=\"twitter:creator\" content=\"@altominhoTV\" \/>\n<meta name=\"twitter:site\" content=\"@altominhoTV\" \/>\n<meta name=\"twitter:label1\" content=\"Escrito por\" \/>\n\t<meta name=\"twitter:data1\" content=\"Rafael Pereira\" \/>\n\t<meta name=\"twitter:label2\" content=\"Tempo estimado de leitura\" \/>\n\t<meta name=\"twitter:data2\" content=\"4 minutos\" \/>\n<script type=\"application\/ld+json\" class=\"yoast-schema-graph\">{\"@context\":\"https:\\\/\\\/schema.org\",\"@graph\":[{\"@type\":\"Article\",\"@id\":\"https:\\\/\\\/www.altominho.tv\\\/site\\\/2025\\\/07\\\/30\\\/mais-de-1-700-operacionais-e-560-viaturas-no-combate-aos-principais-fogos\\\/#article\",\"isPartOf\":{\"@id\":\"https:\\\/\\\/www.altominho.tv\\\/site\\\/2025\\\/07\\\/30\\\/mais-de-1-700-operacionais-e-560-viaturas-no-combate-aos-principais-fogos\\\/\"},\"author\":{\"name\":\"Rafael Pereira\",\"@id\":\"https:\\\/\\\/www.altominho.tv\\\/site\\\/#\\\/schema\\\/person\\\/2690abd4f0b3984514ce0607afbfced7\"},\"headline\":\"Mais de 1.700 operacionais e 560 viaturas no combate aos principais fogos\",\"datePublished\":\"2025-07-30T18:46:39+00:00\",\"dateModified\":\"2025-07-30T18:46:41+00:00\",\"mainEntityOfPage\":{\"@id\":\"https:\\\/\\\/www.altominho.tv\\\/site\\\/2025\\\/07\\\/30\\\/mais-de-1-700-operacionais-e-560-viaturas-no-combate-aos-principais-fogos\\\/\"},\"wordCount\":581,\"image\":{\"@id\":\"https:\\\/\\\/www.altominho.tv\\\/site\\\/2025\\\/07\\\/30\\\/mais-de-1-700-operacionais-e-560-viaturas-no-combate-aos-principais-fogos\\\/#primaryimage\"},\"thumbnailUrl\":\"https:\\\/\\\/www.altominho.tv\\\/site\\\/wp-content\\\/uploads\\\/2025\\\/07\\\/meios.png\",\"articleSection\":[\"Uncategorized\"],\"inLanguage\":\"pt-PT\",\"copyrightYear\":\"2025\",\"copyrightHolder\":{\"@id\":\"https:\\\/\\\/www.altominho.tv\\\/site\\\/#organization\"}},{\"@type\":\"WebPage\",\"@id\":\"https:\\\/\\\/www.altominho.tv\\\/site\\\/2025\\\/07\\\/30\\\/mais-de-1-700-operacionais-e-560-viaturas-no-combate-aos-principais-fogos\\\/\",\"url\":\"https:\\\/\\\/www.altominho.tv\\\/site\\\/2025\\\/07\\\/30\\\/mais-de-1-700-operacionais-e-560-viaturas-no-combate-aos-principais-fogos\\\/\",\"name\":\"Mais de 1.700 operacionais e 560 viaturas no combate aos principais fogos\",\"isPartOf\":{\"@id\":\"https:\\\/\\\/www.altominho.tv\\\/site\\\/#website\"},\"primaryImageOfPage\":{\"@id\":\"https:\\\/\\\/www.altominho.tv\\\/site\\\/2025\\\/07\\\/30\\\/mais-de-1-700-operacionais-e-560-viaturas-no-combate-aos-principais-fogos\\\/#primaryimage\"},\"image\":{\"@id\":\"https:\\\/\\\/www.altominho.tv\\\/site\\\/2025\\\/07\\\/30\\\/mais-de-1-700-operacionais-e-560-viaturas-no-combate-aos-principais-fogos\\\/#primaryimage\"},\"thumbnailUrl\":\"https:\\\/\\\/www.altominho.tv\\\/site\\\/wp-content\\\/uploads\\\/2025\\\/07\\\/meios.png\",\"datePublished\":\"2025-07-30T18:46:39+00:00\",\"dateModified\":\"2025-07-30T18:46:41+00:00\",\"author\":{\"@id\":\"https:\\\/\\\/www.altominho.tv\\\/site\\\/#\\\/schema\\\/person\\\/2690abd4f0b3984514ce0607afbfced7\"},\"breadcrumb\":{\"@id\":\"https:\\\/\\\/www.altominho.tv\\\/site\\\/2025\\\/07\\\/30\\\/mais-de-1-700-operacionais-e-560-viaturas-no-combate-aos-principais-fogos\\\/#breadcrumb\"},\"inLanguage\":\"pt-PT\",\"potentialAction\":[{\"@type\":\"ReadAction\",\"target\":[\"https:\\\/\\\/www.altominho.tv\\\/site\\\/2025\\\/07\\\/30\\\/mais-de-1-700-operacionais-e-560-viaturas-no-combate-aos-principais-fogos\\\/\"]}]},{\"@type\":\"ImageObject\",\"inLanguage\":\"pt-PT\",\"@id\":\"https:\\\/\\\/www.altominho.tv\\\/site\\\/2025\\\/07\\\/30\\\/mais-de-1-700-operacionais-e-560-viaturas-no-combate-aos-principais-fogos\\\/#primaryimage\",\"url\":\"https:\\\/\\\/www.altominho.tv\\\/site\\\/wp-content\\\/uploads\\\/2025\\\/07\\\/meios.png\",\"contentUrl\":\"https:\\\/\\\/www.altominho.tv\\\/site\\\/wp-content\\\/uploads\\\/2025\\\/07\\\/meios.png\",\"width\":1200,\"height\":630},{\"@type\":\"BreadcrumbList\",\"@id\":\"https:\\\/\\\/www.altominho.tv\\\/site\\\/2025\\\/07\\\/30\\\/mais-de-1-700-operacionais-e-560-viaturas-no-combate-aos-principais-fogos\\\/#breadcrumb\",\"itemListElement\":[{\"@type\":\"ListItem\",\"position\":1,\"name\":\"In\u00edcio\",\"item\":\"https:\\\/\\\/www.altominho.tv\\\/site\\\/\"},{\"@type\":\"ListItem\",\"position\":2,\"name\":\"Mais de 1.700 operacionais e 560 viaturas no combate aos principais fogos\"}]},{\"@type\":\"WebSite\",\"@id\":\"https:\\\/\\\/www.altominho.tv\\\/site\\\/#website\",\"url\":\"https:\\\/\\\/www.altominho.tv\\\/site\\\/\",\"name\":\"Altominho.tv\",\"description\":\"A sua regi\u00e3o \u00e0 dist\u00e2ncia de um clique...\",\"potentialAction\":[{\"@type\":\"SearchAction\",\"target\":{\"@type\":\"EntryPoint\",\"urlTemplate\":\"https:\\\/\\\/www.altominho.tv\\\/site\\\/?s={search_term_string}\"},\"query-input\":{\"@type\":\"PropertyValueSpecification\",\"valueRequired\":true,\"valueName\":\"search_term_string\"}}],\"inLanguage\":\"pt-PT\"},{\"@type\":\"Person\",\"@id\":\"https:\\\/\\\/www.altominho.tv\\\/site\\\/#\\\/schema\\\/person\\\/2690abd4f0b3984514ce0607afbfced7\",\"name\":\"Rafael Pereira\",\"image\":{\"@type\":\"ImageObject\",\"inLanguage\":\"pt-PT\",\"@id\":\"https:\\\/\\\/www.altominho.tv\\\/site\\\/wp-content\\\/uploads\\\/2021\\\/08\\\/42996867_1705603802900752_8292335788369117184_n-150x150.jpeg\",\"url\":\"https:\\\/\\\/www.altominho.tv\\\/site\\\/wp-content\\\/uploads\\\/2021\\\/08\\\/42996867_1705603802900752_8292335788369117184_n-150x150.jpeg\",\"contentUrl\":\"https:\\\/\\\/www.altominho.tv\\\/site\\\/wp-content\\\/uploads\\\/2021\\\/08\\\/42996867_1705603802900752_8292335788369117184_n-150x150.jpeg\",\"caption\":\"Rafael Pereira\"},\"url\":\"https:\\\/\\\/www.altominho.tv\\\/site\\\/author\\\/rafaelpereira\\\/\"}]}<\/script>\n<!-- \/ Yoast SEO Premium plugin. -->","yoast_head_json":{"title":"Mais de 1.700 operacionais e 560 viaturas no combate aos principais fogos","robots":{"index":"index","follow":"follow","max-snippet":"max-snippet:-1","max-image-preview":"max-image-preview:large","max-video-preview":"max-video-preview:-1"},"canonical":"https:\/\/www.altominho.tv\/site\/2025\/07\/30\/mais-de-1-700-operacionais-e-560-viaturas-no-combate-aos-principais-fogos\/","og_locale":"pt_PT","og_type":"article","og_title":"Mais de 1.700 operacionais e 560 viaturas no combate aos principais fogos","og_description":"Os seis principais inc\u00eandios a lavrar hoje em Portugal continental estavam \u00e0s 17:00 a ser combatidos por 1.723 operacionais, apoiados por 562 viaturas e 17 meios a\u00e9reos, segundo a Prote\u00e7\u00e3o Civil. De acordo com a p\u00e1gina da Internet da Autoridade Nacional de Emerg\u00eancia e Prote\u00e7\u00e3o Civil (ANEPC), no fogo que deflagrou na segunda-feira no concelho [&hellip;]","og_url":"https:\/\/www.altominho.tv\/site\/2025\/07\/30\/mais-de-1-700-operacionais-e-560-viaturas-no-combate-aos-principais-fogos\/","og_site_name":"Altominho.tv","article_publisher":"https:\/\/www.facebook.com\/altominhotv","article_published_time":"2025-07-30T18:46:39+00:00","article_modified_time":"2025-07-30T18:46:41+00:00","og_image":[{"width":1200,"height":630,"url":"https:\/\/www.altominho.tv\/site\/wp-content\/uploads\/2025\/07\/meios.png","type":"image\/png"}],"author":"Rafael Pereira","twitter_card":"summary_large_image","twitter_creator":"@altominhoTV","twitter_site":"@altominhoTV","twitter_misc":{"Escrito por":"Rafael Pereira","Tempo estimado de leitura":"4 minutos"},"schema":{"@context":"https:\/\/schema.org","@graph":[{"@type":"Article","@id":"https:\/\/www.altominho.tv\/site\/2025\/07\/30\/mais-de-1-700-operacionais-e-560-viaturas-no-combate-aos-principais-fogos\/#article","isPartOf":{"@id":"https:\/\/www.altominho.tv\/site\/2025\/07\/30\/mais-de-1-700-operacionais-e-560-viaturas-no-combate-aos-principais-fogos\/"},"author":{"name":"Rafael Pereira","@id":"https:\/\/www.altominho.tv\/site\/#\/schema\/person\/2690abd4f0b3984514ce0607afbfced7"},"headline":"Mais de 1.700 operacionais e 560 viaturas no combate aos principais fogos","datePublished":"2025-07-30T18:46:39+00:00","dateModified":"2025-07-30T18:46:41+00:00","mainEntityOfPage":{"@id":"https:\/\/www.altominho.tv\/site\/2025\/07\/30\/mais-de-1-700-operacionais-e-560-viaturas-no-combate-aos-principais-fogos\/"},"wordCount":581,"image":{"@id":"https:\/\/www.altominho.tv\/site\/2025\/07\/30\/mais-de-1-700-operacionais-e-560-viaturas-no-combate-aos-principais-fogos\/#primaryimage"},"thumbnailUrl":"https:\/\/www.altominho.tv\/site\/wp-content\/uploads\/2025\/07\/meios.png","articleSection":["Uncategorized"],"inLanguage":"pt-PT","copyrightYear":"2025","copyrightHolder":{"@id":"https:\/\/www.altominho.tv\/site\/#organization"}},{"@type":"WebPage","@id":"https:\/\/www.altominho.tv\/site\/2025\/07\/30\/mais-de-1-700-operacionais-e-560-viaturas-no-combate-aos-principais-fogos\/","url":"https:\/\/www.altominho.tv\/site\/2025\/07\/30\/mais-de-1-700-operacionais-e-560-viaturas-no-combate-aos-principais-fogos\/","name":"Mais de 1.700 operacionais e 560 viaturas no combate aos principais fogos","isPartOf":{"@id":"https:\/\/www.altominho.tv\/site\/#website"},"primaryImageOfPage":{"@id":"https:\/\/www.altominho.tv\/site\/2025\/07\/30\/mais-de-1-700-operacionais-e-560-viaturas-no-combate-aos-principais-fogos\/#primaryimage"},"image":{"@id":"https:\/\/www.altominho.tv\/site\/2025\/07\/30\/mais-de-1-700-operacionais-e-560-viaturas-no-combate-aos-principais-fogos\/#primaryimage"},"thumbnailUrl":"https:\/\/www.altominho.tv\/site\/wp-content\/uploads\/2025\/07\/meios.png","datePublished":"2025-07-30T18:46:39+00:00","dateModified":"2025-07-30T18:46:41+00:00","author":{"@id":"https:\/\/www.altominho.tv\/site\/#\/schema\/person\/2690abd4f0b3984514ce0607afbfced7"},"breadcrumb":{"@id":"https:\/\/www.altominho.tv\/site\/2025\/07\/30\/mais-de-1-700-operacionais-e-560-viaturas-no-combate-aos-principais-fogos\/#breadcrumb"},"inLanguage":"pt-PT","potentialAction":[{"@type":"ReadAction","target":["https:\/\/www.altominho.tv\/site\/2025\/07\/30\/mais-de-1-700-operacionais-e-560-viaturas-no-combate-aos-principais-fogos\/"]}]},{"@type":"ImageObject","inLanguage":"pt-PT","@id":"https:\/\/www.altominho.tv\/site\/2025\/07\/30\/mais-de-1-700-operacionais-e-560-viaturas-no-combate-aos-principais-fogos\/#primaryimage","url":"https:\/\/www.altominho.tv\/site\/wp-content\/uploads\/2025\/07\/meios.png","contentUrl":"https:\/\/www.altominho.tv\/site\/wp-content\/uploads\/2025\/07\/meios.png","width":1200,"height":630},{"@type":"BreadcrumbList","@id":"https:\/\/www.altominho.tv\/site\/2025\/07\/30\/mais-de-1-700-operacionais-e-560-viaturas-no-combate-aos-principais-fogos\/#breadcrumb","itemListElement":[{"@type":"ListItem","position":1,"name":"In\u00edcio","item":"https:\/\/www.altominho.tv\/site\/"},{"@type":"ListItem","position":2,"name":"Mais de 1.700 operacionais e 560 viaturas no combate aos principais fogos"}]},{"@type":"WebSite","@id":"https:\/\/www.altominho.tv\/site\/#website","url":"https:\/\/www.altominho.tv\/site\/","name":"Altominho.tv","description":"A sua regi\u00e3o \u00e0 dist\u00e2ncia de um clique...","potentialAction":[{"@type":"SearchAction","target":{"@type":"EntryPoint","urlTemplate":"https:\/\/www.altominho.tv\/site\/?s={search_term_string}"},"query-input":{"@type":"PropertyValueSpecification","valueRequired":true,"valueName":"search_term_string"}}],"inLanguage":"pt-PT"},{"@type":"Person","@id":"https:\/\/www.altominho.tv\/site\/#\/schema\/person\/2690abd4f0b3984514ce0607afbfced7","name":"Rafael Pereira","image":{"@type":"ImageObject","inLanguage":"pt-PT","@id":"https:\/\/www.altominho.tv\/site\/wp-content\/uploads\/2021\/08\/42996867_1705603802900752_8292335788369117184_n-150x150.jpeg","url":"https:\/\/www.altominho.tv\/site\/wp-content\/uploads\/2021\/08\/42996867_1705603802900752_8292335788369117184_n-150x150.jpeg","contentUrl":"https:\/\/www.altominho.tv\/site\/wp-content\/uploads\/2021\/08\/42996867_1705603802900752_8292335788369117184_n-150x150.jpeg","caption":"Rafael Pereira"},"url":"https:\/\/www.altominho.tv\/site\/author\/rafaelpereira\/"}]}},"_links":{"self":[{"href":"https:\/\/www.altominho.tv\/site\/wp-json\/wp\/v2\/posts\/121423","targetHints":{"allow":["GET"]}}],"collection":[{"href":"https:\/\/www.altominho.tv\/site\/wp-json\/wp\/v2\/posts"}],"about":[{"href":"https:\/\/www.altominho.tv\/site\/wp-json\/wp\/v2\/types\/post"}],"author":[{"embeddable":true,"href":"https:\/\/www.altominho.tv\/site\/wp-json\/wp\/v2\/users\/9"}],"replies":[{"embeddable":true,"href":"https:\/\/www.altominho.tv\/site\/wp-json\/wp\/v2\/comments?post=121423"}],"version-history":[{"count":1,"href":"https:\/\/www.altominho.tv\/site\/wp-json\/wp\/v2\/posts\/121423\/revisions"}],"predecessor-version":[{"id":121425,"href":"https:\/\/www.altominho.tv\/site\/wp-json\/wp\/v2\/posts\/121423\/revisions\/121425"}],"wp:featuredmedia":[{"embeddable":true,"href":"https:\/\/www.altominho.tv\/site\/wp-json\/wp\/v2\/media\/121424"}],"wp:attachment":[{"href":"https:\/\/www.altominho.tv\/site\/wp-json\/wp\/v2\/media?parent=121423"}],"wp:term":[{"taxonomy":"category","embeddable":true,"href":"https:\/\/www.altominho.tv\/site\/wp-json\/wp\/v2\/categories?post=121423"},{"taxonomy":"post_tag","embeddable":true,"href":"https:\/\/www.altominho.tv\/site\/wp-json\/wp\/v2\/tags?post=121423"}],"curies":[{"name":"wp","href":"https:\/\/api.w.org\/{rel}","templated":true}]}}