{"id":121417,"date":"2025-07-30T16:15:08","date_gmt":"2025-07-30T15:15:08","guid":{"rendered":"https:\/\/www.altominho.tv\/site\/?p=121417"},"modified":"2025-07-30T16:15:10","modified_gmt":"2025-07-30T15:15:10","slug":"ponte-da-barca-pediu-ao-governo-que-acione-mecanismo-europeu-de-protecao-civil","status":"publish","type":"post","link":"https:\/\/www.altominho.tv\/site\/2025\/07\/30\/ponte-da-barca-pediu-ao-governo-que-acione-mecanismo-europeu-de-protecao-civil\/","title":{"rendered":"Ponte da Barca pediu ao Governo que acione Mecanismo Europeu de Prote\u00e7\u00e3o Civil"},"content":{"rendered":"<p>O presidente da C\u00e2mara de Ponte da Barca pediu hoje ao Governo para acionar o Mecanismo Europeu de Prote\u00e7\u00e3o Civil ou outros acordos bilaterais com outros pa\u00edses para combater o inc\u00eandio no PNPG.<\/p>\n<p>\u201cFalei com a ministra da Administra\u00e7\u00e3o Interna. Pedi-lhe para acionar o Mecanismo Europeu de Prote\u00e7\u00e3o Civil ou acordos bilaterais com Espanha ou com outros pa\u00edses que achar mais r\u00e1pidos que ajudem a combater este flagelo, quer em Ponte da Barca quer no pa\u00eds\u201d, afirmou \u00e0 Lusa, Augusto Marinho.<\/p>\n<p>O pedido do autarca social-democrata surge depois v\u00e1rios apelos que tem vindo a dirigido ao Governo, sem sucesso, para refor\u00e7o dos meios a\u00e9reos para combate ao inc\u00eandio que come\u00e7ou no s\u00e1bado no Parque Nacional da Peneda-Ger\u00eas.<\/p>\n<p>\u201c\u00c9 imposs\u00edvel combater este inc\u00eandio com apenas um meio a\u00e9reo. Esta frase diz tudo. Estou indignado, revoltado\u201d, afirmou \u00e0 Lusa Augusto Marinho.<\/p>\n<p>O Mecanismo de Prote\u00e7\u00e3o Civil da Uni\u00e3o Europeia visa coordenar a resposta a emerg\u00eancias e desastres, oferecendo assist\u00eancia a pa\u00edses afetados por cat\u00e1strofes naturais ou de origem humana.<\/p>\n<p>Ainda na manh\u00e3 de hoje o presidente da C\u00e2mara de Ponte da Barca voltou a pedir refor\u00e7o de meios a\u00e9reos para \u201csalvar\u201d a aldeia de Germil, com cerca de 40 habitantes, em risco de \u201cficar cercada\u201d pelo fogo.<\/p>\n<p>\u201cAs condi\u00e7\u00f5es atmosf\u00e9ricas t\u00eam alterado. J\u00e1 tivemos um grupo apeado que estava a combater as chamas, mas teve de recuar. N\u00e3o est\u00e1 f\u00e1cil. H\u00e1 duas frentes pr\u00f3ximo da aldeia. Tudo depende de como se vai comportar o tempo. Sinto um completo desespero e frustra\u00e7\u00e3o. Estamos nesta situa\u00e7\u00e3o desde s\u00e1bado. S\u00e3o muitos dias\u201d, desabafou.<\/p>\n<p>De acordo com o \u2018site\u2019 da Autoridade Nacional de Emerg\u00eancia e Prote\u00e7\u00e3o Civil (ANEPC), \u00e0s 15h47 o fogo que deflagrou na noite de s\u00e1bado mobilizava 410 operacionais, apoiados por 131 viaturas e oito meios a\u00e9reos.<\/p>\n<p>O PNPG abrange os distritos de Braga (concelho de Terras de Bouro), Viana do Castelo (concelho de Melga\u00e7o, Arcos de Valdevez e Ponte da Barca) e Vila Real (concelho de Montalegre), numa \u00e1rea total de cerca de 70.290 hectares.<\/p>\n","protected":false},"excerpt":{"rendered":"<p>O presidente da C\u00e2mara de Ponte da Barca pediu hoje ao Governo para acionar o Mecanismo Europeu de Prote\u00e7\u00e3o Civil ou outros acordos bilaterais com outros pa\u00edses para combater o inc\u00eandio no PNPG. \u201cFalei com a ministra da Administra\u00e7\u00e3o Interna. Pedi-lhe para acionar o Mecanismo Europeu de Prote\u00e7\u00e3o Civil ou acordos bilaterais com Espanha ou [&hellip;]<\/p>\n","protected":false},"author":13,"featured_media":121418,"comment_status":"closed","ping_status":"closed","sticky":false,"template":"","format":"standard","meta":{"_exactmetrics_skip_tracking":false,"_exactmetrics_sitenote_active":false,"_exactmetrics_sitenote_note":"","_exactmetrics_sitenote_category":0,"footnotes":""},"categories":[11],"tags":[27],"class_list":["post-121417","post","type-post","status-publish","format-standard","has-post-thumbnail","hentry","category-ponte-da-barca","tag-sociedade"],"yoast_head":"<!-- This site is optimized with the Yoast SEO Premium plugin v27.4 (Yoast SEO v27.4) - https:\/\/yoast.com\/product\/yoast-seo-premium-wordpress\/ -->\n<title>Ponte da Barca pediu ao Governo que acione Mecanismo Europeu de Prote\u00e7\u00e3o Civil<\/title>\n<meta name=\"description\" content=\"O presidente da C\u00e2mara de Ponte da Barca pediu hoje ao Governo para acionar o Mecanismo Europeu de Prote\u00e7\u00e3o Civil ou outros acordos bilaterais com outros pa\u00edses para combater o inc\u00eandio no PNPG.\" \/>\n<meta name=\"robots\" content=\"index, follow, max-snippet:-1, max-image-preview:large, max-video-preview:-1\" \/>\n<link rel=\"canonical\" href=\"https:\/\/www.altominho.tv\/site\/2025\/07\/30\/ponte-da-barca-pediu-ao-governo-que-acione-mecanismo-europeu-de-protecao-civil\/\" \/>\n<meta property=\"og:locale\" content=\"pt_PT\" \/>\n<meta property=\"og:type\" content=\"article\" \/>\n<meta property=\"og:title\" content=\"Ponte da Barca pediu ao Governo que acione Mecanismo Europeu de Prote\u00e7\u00e3o Civil\" \/>\n<meta property=\"og:description\" content=\"O presidente da C\u00e2mara de Ponte da Barca pediu hoje ao Governo para acionar o Mecanismo Europeu de Prote\u00e7\u00e3o Civil ou outros acordos bilaterais com outros pa\u00edses para combater o inc\u00eandio no PNPG.\" \/>\n<meta property=\"og:url\" content=\"https:\/\/www.altominho.tv\/site\/2025\/07\/30\/ponte-da-barca-pediu-ao-governo-que-acione-mecanismo-europeu-de-protecao-civil\/\" \/>\n<meta property=\"og:site_name\" content=\"Altominho.tv\" \/>\n<meta property=\"article:publisher\" content=\"https:\/\/www.facebook.com\/altominhotv\" \/>\n<meta property=\"article:published_time\" content=\"2025-07-30T15:15:08+00:00\" \/>\n<meta property=\"article:modified_time\" content=\"2025-07-30T15:15:10+00:00\" \/>\n<meta property=\"og:image\" content=\"https:\/\/www.altominho.tv\/site\/wp-content\/uploads\/2025\/07\/canadair.jpg\" \/>\n\t<meta property=\"og:image:width\" content=\"1200\" \/>\n\t<meta property=\"og:image:height\" content=\"630\" \/>\n\t<meta property=\"og:image:type\" content=\"image\/jpeg\" \/>\n<meta name=\"author\" content=\"Lusa\" \/>\n<meta name=\"twitter:card\" content=\"summary_large_image\" \/>\n<meta name=\"twitter:creator\" content=\"@altominhoTV\" \/>\n<meta name=\"twitter:site\" content=\"@altominhoTV\" \/>\n<meta name=\"twitter:label1\" content=\"Escrito por\" \/>\n\t<meta name=\"twitter:data1\" content=\"Lusa\" \/>\n\t<meta name=\"twitter:label2\" content=\"Tempo estimado de leitura\" \/>\n\t<meta name=\"twitter:data2\" content=\"2 minutos\" \/>\n<script type=\"application\/ld+json\" class=\"yoast-schema-graph\">{\"@context\":\"https:\\\/\\\/schema.org\",\"@graph\":[{\"@type\":\"Article\",\"@id\":\"https:\\\/\\\/www.altominho.tv\\\/site\\\/2025\\\/07\\\/30\\\/ponte-da-barca-pediu-ao-governo-que-acione-mecanismo-europeu-de-protecao-civil\\\/#article\",\"isPartOf\":{\"@id\":\"https:\\\/\\\/www.altominho.tv\\\/site\\\/2025\\\/07\\\/30\\\/ponte-da-barca-pediu-ao-governo-que-acione-mecanismo-europeu-de-protecao-civil\\\/\"},\"author\":{\"name\":\"Lusa\",\"@id\":\"https:\\\/\\\/www.altominho.tv\\\/site\\\/#\\\/schema\\\/person\\\/63f693da3e1899361cbe955c46f3232e\"},\"headline\":\"Ponte da Barca pediu ao Governo que acione Mecanismo Europeu de Prote\u00e7\u00e3o Civil\",\"datePublished\":\"2025-07-30T15:15:08+00:00\",\"dateModified\":\"2025-07-30T15:15:10+00:00\",\"mainEntityOfPage\":{\"@id\":\"https:\\\/\\\/www.altominho.tv\\\/site\\\/2025\\\/07\\\/30\\\/ponte-da-barca-pediu-ao-governo-que-acione-mecanismo-europeu-de-protecao-civil\\\/\"},\"wordCount\":382,\"image\":{\"@id\":\"https:\\\/\\\/www.altominho.tv\\\/site\\\/2025\\\/07\\\/30\\\/ponte-da-barca-pediu-ao-governo-que-acione-mecanismo-europeu-de-protecao-civil\\\/#primaryimage\"},\"thumbnailUrl\":\"https:\\\/\\\/www.altominho.tv\\\/site\\\/wp-content\\\/uploads\\\/2025\\\/07\\\/canadair.jpg\",\"keywords\":[\"Sociedade\"],\"articleSection\":[\"Ponte da Barca\"],\"inLanguage\":\"pt-PT\",\"copyrightYear\":\"2025\",\"copyrightHolder\":{\"@id\":\"https:\\\/\\\/www.altominho.tv\\\/site\\\/#organization\"}},{\"@type\":\"WebPage\",\"@id\":\"https:\\\/\\\/www.altominho.tv\\\/site\\\/2025\\\/07\\\/30\\\/ponte-da-barca-pediu-ao-governo-que-acione-mecanismo-europeu-de-protecao-civil\\\/\",\"url\":\"https:\\\/\\\/www.altominho.tv\\\/site\\\/2025\\\/07\\\/30\\\/ponte-da-barca-pediu-ao-governo-que-acione-mecanismo-europeu-de-protecao-civil\\\/\",\"name\":\"Ponte da Barca pediu ao Governo que acione Mecanismo Europeu de Prote\u00e7\u00e3o Civil\",\"isPartOf\":{\"@id\":\"https:\\\/\\\/www.altominho.tv\\\/site\\\/#website\"},\"primaryImageOfPage\":{\"@id\":\"https:\\\/\\\/www.altominho.tv\\\/site\\\/2025\\\/07\\\/30\\\/ponte-da-barca-pediu-ao-governo-que-acione-mecanismo-europeu-de-protecao-civil\\\/#primaryimage\"},\"image\":{\"@id\":\"https:\\\/\\\/www.altominho.tv\\\/site\\\/2025\\\/07\\\/30\\\/ponte-da-barca-pediu-ao-governo-que-acione-mecanismo-europeu-de-protecao-civil\\\/#primaryimage\"},\"thumbnailUrl\":\"https:\\\/\\\/www.altominho.tv\\\/site\\\/wp-content\\\/uploads\\\/2025\\\/07\\\/canadair.jpg\",\"datePublished\":\"2025-07-30T15:15:08+00:00\",\"dateModified\":\"2025-07-30T15:15:10+00:00\",\"author\":{\"@id\":\"https:\\\/\\\/www.altominho.tv\\\/site\\\/#\\\/schema\\\/person\\\/63f693da3e1899361cbe955c46f3232e\"},\"description\":\"O presidente da C\u00e2mara de Ponte da Barca pediu hoje ao Governo para acionar o Mecanismo Europeu de Prote\u00e7\u00e3o Civil ou outros acordos bilaterais com outros pa\u00edses para combater o inc\u00eandio no PNPG.\",\"breadcrumb\":{\"@id\":\"https:\\\/\\\/www.altominho.tv\\\/site\\\/2025\\\/07\\\/30\\\/ponte-da-barca-pediu-ao-governo-que-acione-mecanismo-europeu-de-protecao-civil\\\/#breadcrumb\"},\"inLanguage\":\"pt-PT\",\"potentialAction\":[{\"@type\":\"ReadAction\",\"target\":[\"https:\\\/\\\/www.altominho.tv\\\/site\\\/2025\\\/07\\\/30\\\/ponte-da-barca-pediu-ao-governo-que-acione-mecanismo-europeu-de-protecao-civil\\\/\"]}]},{\"@type\":\"ImageObject\",\"inLanguage\":\"pt-PT\",\"@id\":\"https:\\\/\\\/www.altominho.tv\\\/site\\\/2025\\\/07\\\/30\\\/ponte-da-barca-pediu-ao-governo-que-acione-mecanismo-europeu-de-protecao-civil\\\/#primaryimage\",\"url\":\"https:\\\/\\\/www.altominho.tv\\\/site\\\/wp-content\\\/uploads\\\/2025\\\/07\\\/canadair.jpg\",\"contentUrl\":\"https:\\\/\\\/www.altominho.tv\\\/site\\\/wp-content\\\/uploads\\\/2025\\\/07\\\/canadair.jpg\",\"width\":1200,\"height\":630},{\"@type\":\"BreadcrumbList\",\"@id\":\"https:\\\/\\\/www.altominho.tv\\\/site\\\/2025\\\/07\\\/30\\\/ponte-da-barca-pediu-ao-governo-que-acione-mecanismo-europeu-de-protecao-civil\\\/#breadcrumb\",\"itemListElement\":[{\"@type\":\"ListItem\",\"position\":1,\"name\":\"In\u00edcio\",\"item\":\"https:\\\/\\\/www.altominho.tv\\\/site\\\/\"},{\"@type\":\"ListItem\",\"position\":2,\"name\":\"Ponte da Barca pediu ao Governo que acione Mecanismo Europeu de Prote\u00e7\u00e3o Civil\"}]},{\"@type\":\"WebSite\",\"@id\":\"https:\\\/\\\/www.altominho.tv\\\/site\\\/#website\",\"url\":\"https:\\\/\\\/www.altominho.tv\\\/site\\\/\",\"name\":\"Altominho.tv\",\"description\":\"A sua regi\u00e3o \u00e0 dist\u00e2ncia de um clique...\",\"potentialAction\":[{\"@type\":\"SearchAction\",\"target\":{\"@type\":\"EntryPoint\",\"urlTemplate\":\"https:\\\/\\\/www.altominho.tv\\\/site\\\/?s={search_term_string}\"},\"query-input\":{\"@type\":\"PropertyValueSpecification\",\"valueRequired\":true,\"valueName\":\"search_term_string\"}}],\"inLanguage\":\"pt-PT\"},{\"@type\":\"Person\",\"@id\":\"https:\\\/\\\/www.altominho.tv\\\/site\\\/#\\\/schema\\\/person\\\/63f693da3e1899361cbe955c46f3232e\",\"name\":\"Lusa\",\"image\":{\"@type\":\"ImageObject\",\"inLanguage\":\"pt-PT\",\"@id\":\"https:\\\/\\\/www.altominho.tv\\\/site\\\/wp-content\\\/uploads\\\/2019\\\/08\\\/LUSA_Logo.gif\",\"url\":\"https:\\\/\\\/www.altominho.tv\\\/site\\\/wp-content\\\/uploads\\\/2019\\\/08\\\/LUSA_Logo.gif\",\"contentUrl\":\"https:\\\/\\\/www.altominho.tv\\\/site\\\/wp-content\\\/uploads\\\/2019\\\/08\\\/LUSA_Logo.gif\",\"caption\":\"Lusa\"},\"sameAs\":[\"http:\\\/\\\/\\\/\\\/www.altominho.tv\\\/site\"],\"url\":\"https:\\\/\\\/www.altominho.tv\\\/site\\\/author\\\/lusa\\\/\"}]}<\/script>\n<!-- \/ Yoast SEO Premium plugin. -->","yoast_head_json":{"title":"Ponte da Barca pediu ao Governo que acione Mecanismo Europeu de Prote\u00e7\u00e3o Civil","description":"O presidente da C\u00e2mara de Ponte da Barca pediu hoje ao Governo para acionar o Mecanismo Europeu de Prote\u00e7\u00e3o Civil ou outros acordos bilaterais com outros pa\u00edses para combater o inc\u00eandio no PNPG.","robots":{"index":"index","follow":"follow","max-snippet":"max-snippet:-1","max-image-preview":"max-image-preview:large","max-video-preview":"max-video-preview:-1"},"canonical":"https:\/\/www.altominho.tv\/site\/2025\/07\/30\/ponte-da-barca-pediu-ao-governo-que-acione-mecanismo-europeu-de-protecao-civil\/","og_locale":"pt_PT","og_type":"article","og_title":"Ponte da Barca pediu ao Governo que acione Mecanismo Europeu de Prote\u00e7\u00e3o Civil","og_description":"O presidente da C\u00e2mara de Ponte da Barca pediu hoje ao Governo para acionar o Mecanismo Europeu de Prote\u00e7\u00e3o Civil ou outros acordos bilaterais com outros pa\u00edses para combater o inc\u00eandio no PNPG.","og_url":"https:\/\/www.altominho.tv\/site\/2025\/07\/30\/ponte-da-barca-pediu-ao-governo-que-acione-mecanismo-europeu-de-protecao-civil\/","og_site_name":"Altominho.tv","article_publisher":"https:\/\/www.facebook.com\/altominhotv","article_published_time":"2025-07-30T15:15:08+00:00","article_modified_time":"2025-07-30T15:15:10+00:00","og_image":[{"width":1200,"height":630,"url":"https:\/\/www.altominho.tv\/site\/wp-content\/uploads\/2025\/07\/canadair.jpg","type":"image\/jpeg"}],"author":"Lusa","twitter_card":"summary_large_image","twitter_creator":"@altominhoTV","twitter_site":"@altominhoTV","twitter_misc":{"Escrito por":"Lusa","Tempo estimado de leitura":"2 minutos"},"schema":{"@context":"https:\/\/schema.org","@graph":[{"@type":"Article","@id":"https:\/\/www.altominho.tv\/site\/2025\/07\/30\/ponte-da-barca-pediu-ao-governo-que-acione-mecanismo-europeu-de-protecao-civil\/#article","isPartOf":{"@id":"https:\/\/www.altominho.tv\/site\/2025\/07\/30\/ponte-da-barca-pediu-ao-governo-que-acione-mecanismo-europeu-de-protecao-civil\/"},"author":{"name":"Lusa","@id":"https:\/\/www.altominho.tv\/site\/#\/schema\/person\/63f693da3e1899361cbe955c46f3232e"},"headline":"Ponte da Barca pediu ao Governo que acione Mecanismo Europeu de Prote\u00e7\u00e3o Civil","datePublished":"2025-07-30T15:15:08+00:00","dateModified":"2025-07-30T15:15:10+00:00","mainEntityOfPage":{"@id":"https:\/\/www.altominho.tv\/site\/2025\/07\/30\/ponte-da-barca-pediu-ao-governo-que-acione-mecanismo-europeu-de-protecao-civil\/"},"wordCount":382,"image":{"@id":"https:\/\/www.altominho.tv\/site\/2025\/07\/30\/ponte-da-barca-pediu-ao-governo-que-acione-mecanismo-europeu-de-protecao-civil\/#primaryimage"},"thumbnailUrl":"https:\/\/www.altominho.tv\/site\/wp-content\/uploads\/2025\/07\/canadair.jpg","keywords":["Sociedade"],"articleSection":["Ponte da Barca"],"inLanguage":"pt-PT","copyrightYear":"2025","copyrightHolder":{"@id":"https:\/\/www.altominho.tv\/site\/#organization"}},{"@type":"WebPage","@id":"https:\/\/www.altominho.tv\/site\/2025\/07\/30\/ponte-da-barca-pediu-ao-governo-que-acione-mecanismo-europeu-de-protecao-civil\/","url":"https:\/\/www.altominho.tv\/site\/2025\/07\/30\/ponte-da-barca-pediu-ao-governo-que-acione-mecanismo-europeu-de-protecao-civil\/","name":"Ponte da Barca pediu ao Governo que acione Mecanismo Europeu de Prote\u00e7\u00e3o Civil","isPartOf":{"@id":"https:\/\/www.altominho.tv\/site\/#website"},"primaryImageOfPage":{"@id":"https:\/\/www.altominho.tv\/site\/2025\/07\/30\/ponte-da-barca-pediu-ao-governo-que-acione-mecanismo-europeu-de-protecao-civil\/#primaryimage"},"image":{"@id":"https:\/\/www.altominho.tv\/site\/2025\/07\/30\/ponte-da-barca-pediu-ao-governo-que-acione-mecanismo-europeu-de-protecao-civil\/#primaryimage"},"thumbnailUrl":"https:\/\/www.altominho.tv\/site\/wp-content\/uploads\/2025\/07\/canadair.jpg","datePublished":"2025-07-30T15:15:08+00:00","dateModified":"2025-07-30T15:15:10+00:00","author":{"@id":"https:\/\/www.altominho.tv\/site\/#\/schema\/person\/63f693da3e1899361cbe955c46f3232e"},"description":"O presidente da C\u00e2mara de Ponte da Barca pediu hoje ao Governo para acionar o Mecanismo Europeu de Prote\u00e7\u00e3o Civil ou outros acordos bilaterais com outros pa\u00edses para combater o inc\u00eandio no PNPG.","breadcrumb":{"@id":"https:\/\/www.altominho.tv\/site\/2025\/07\/30\/ponte-da-barca-pediu-ao-governo-que-acione-mecanismo-europeu-de-protecao-civil\/#breadcrumb"},"inLanguage":"pt-PT","potentialAction":[{"@type":"ReadAction","target":["https:\/\/www.altominho.tv\/site\/2025\/07\/30\/ponte-da-barca-pediu-ao-governo-que-acione-mecanismo-europeu-de-protecao-civil\/"]}]},{"@type":"ImageObject","inLanguage":"pt-PT","@id":"https:\/\/www.altominho.tv\/site\/2025\/07\/30\/ponte-da-barca-pediu-ao-governo-que-acione-mecanismo-europeu-de-protecao-civil\/#primaryimage","url":"https:\/\/www.altominho.tv\/site\/wp-content\/uploads\/2025\/07\/canadair.jpg","contentUrl":"https:\/\/www.altominho.tv\/site\/wp-content\/uploads\/2025\/07\/canadair.jpg","width":1200,"height":630},{"@type":"BreadcrumbList","@id":"https:\/\/www.altominho.tv\/site\/2025\/07\/30\/ponte-da-barca-pediu-ao-governo-que-acione-mecanismo-europeu-de-protecao-civil\/#breadcrumb","itemListElement":[{"@type":"ListItem","position":1,"name":"In\u00edcio","item":"https:\/\/www.altominho.tv\/site\/"},{"@type":"ListItem","position":2,"name":"Ponte da Barca pediu ao Governo que acione Mecanismo Europeu de Prote\u00e7\u00e3o Civil"}]},{"@type":"WebSite","@id":"https:\/\/www.altominho.tv\/site\/#website","url":"https:\/\/www.altominho.tv\/site\/","name":"Altominho.tv","description":"A sua regi\u00e3o \u00e0 dist\u00e2ncia de um clique...","potentialAction":[{"@type":"SearchAction","target":{"@type":"EntryPoint","urlTemplate":"https:\/\/www.altominho.tv\/site\/?s={search_term_string}"},"query-input":{"@type":"PropertyValueSpecification","valueRequired":true,"valueName":"search_term_string"}}],"inLanguage":"pt-PT"},{"@type":"Person","@id":"https:\/\/www.altominho.tv\/site\/#\/schema\/person\/63f693da3e1899361cbe955c46f3232e","name":"Lusa","image":{"@type":"ImageObject","inLanguage":"pt-PT","@id":"https:\/\/www.altominho.tv\/site\/wp-content\/uploads\/2019\/08\/LUSA_Logo.gif","url":"https:\/\/www.altominho.tv\/site\/wp-content\/uploads\/2019\/08\/LUSA_Logo.gif","contentUrl":"https:\/\/www.altominho.tv\/site\/wp-content\/uploads\/2019\/08\/LUSA_Logo.gif","caption":"Lusa"},"sameAs":["http:\/\/\/\/www.altominho.tv\/site"],"url":"https:\/\/www.altominho.tv\/site\/author\/lusa\/"}]}},"_links":{"self":[{"href":"https:\/\/www.altominho.tv\/site\/wp-json\/wp\/v2\/posts\/121417","targetHints":{"allow":["GET"]}}],"collection":[{"href":"https:\/\/www.altominho.tv\/site\/wp-json\/wp\/v2\/posts"}],"about":[{"href":"https:\/\/www.altominho.tv\/site\/wp-json\/wp\/v2\/types\/post"}],"author":[{"embeddable":true,"href":"https:\/\/www.altominho.tv\/site\/wp-json\/wp\/v2\/users\/13"}],"replies":[{"embeddable":true,"href":"https:\/\/www.altominho.tv\/site\/wp-json\/wp\/v2\/comments?post=121417"}],"version-history":[{"count":1,"href":"https:\/\/www.altominho.tv\/site\/wp-json\/wp\/v2\/posts\/121417\/revisions"}],"predecessor-version":[{"id":121419,"href":"https:\/\/www.altominho.tv\/site\/wp-json\/wp\/v2\/posts\/121417\/revisions\/121419"}],"wp:featuredmedia":[{"embeddable":true,"href":"https:\/\/www.altominho.tv\/site\/wp-json\/wp\/v2\/media\/121418"}],"wp:attachment":[{"href":"https:\/\/www.altominho.tv\/site\/wp-json\/wp\/v2\/media?parent=121417"}],"wp:term":[{"taxonomy":"category","embeddable":true,"href":"https:\/\/www.altominho.tv\/site\/wp-json\/wp\/v2\/categories?post=121417"},{"taxonomy":"post_tag","embeddable":true,"href":"https:\/\/www.altominho.tv\/site\/wp-json\/wp\/v2\/tags?post=121417"}],"curies":[{"name":"wp","href":"https:\/\/api.w.org\/{rel}","templated":true}]}}