{"id":121358,"date":"2025-07-29T17:20:37","date_gmt":"2025-07-29T16:20:37","guid":{"rendered":"https:\/\/www.altominho.tv\/site\/?p=121358"},"modified":"2025-07-29T17:22:20","modified_gmt":"2025-07-29T16:22:20","slug":"cristina-branco-atua-em-ponte-de-lima-antes-de-franca-e-ja-com-datas-para-2026","status":"publish","type":"post","link":"https:\/\/www.altominho.tv\/site\/2025\/07\/29\/cristina-branco-atua-em-ponte-de-lima-antes-de-franca-e-ja-com-datas-para-2026\/","title":{"rendered":"Cristina Branco atua em Ponte de Lima, antes de Fran\u00e7a, e j\u00e1 com datas para 2026"},"content":{"rendered":"\n<p>A int\u00e9rprete Cristina Branco atua na pr\u00f3xima quinta-feira em Ponte de Lima, no Festival Percursos da M\u00fasica, seguindo depois para Fran\u00e7a onde apresenta o projeto \u201cFado em Movimento\u201d.<\/p>\n\n\n\n<p>Em Ponte de Lima, a int\u00e9rprete de \u201cMargarida\u201d (\u00c1lvaro de Campos\/M\u00e1rio Laginha) apresenta-se com os seus m\u00fasicos habituais, Bernardo Couto, na guitarra portuguesa, Bernardo Moreira, no contrabaixo, e Lu\u00eds Figueiredo, ao piano.<\/p>\n\n\n\n<p>Da vila minhota, a criadora de &#8220;E \u00e0s Vezes Dou Por Mim&#8221; (Andr\u00e9 Henriques\/Filho da M\u00e3e) segue para Fran\u00e7a para participar no Festival Musiques en \u00c9crins, na regi\u00e3o de Grenoble, onde se apresenta a convite do ensemble Des Equilibres.<\/p>\n\n\n\n<p>Em \u00c9crins, Cristina Branco apresenta \u201cFado em Movimento\u201d, um projeto no qual interpreta textos de Gon\u00e7alo M. Tavares, musicados por Florentine Mulsan, F\u00e1tima Fonte e Anne Victorino d\u2019Almeida.<\/p>\n\n\n\n<p>O convite foi endere\u00e7ado\u00a0 \u00e0 cantora e ao guitarrtista Bernardo Couto, que se apresentam em palco com o ensemble liderado pela violinista Agn\u00e8s Pyka.<br>O projeto, j\u00e1 apresentado no Porto, tem como objetivo \u201cpromover a simbiose entre a est\u00e9tica contempor\u00e2nea da forma\u00e7\u00e3o de violinos e violoncelo e o report\u00f3rio tradicional fadista\u201d, segundo nota da promotora da artista portuguesa.<\/p>\n\n\n\n<p>Cristina Branco apresenta-se a 11 de outubro, no Audit\u00f3rio Stern, no Carnegie Hall, em Nova Iorque, com a Orquestra Sinf\u00f3nica Portuguesa (OSP), para o projeto \u201cAm\u00e1lia na Am\u00e9rica\u201d, com os fadistas Ricardo Ribeiro e Raquel Tavares, integrado na temporada do Teatro Nacional de S\u00e3o Carlos\/OSP.<\/p>\n\n\n\n<p>Tamb\u00e9m em outubro sair\u00e1 um novo \u00e1lbum da fadista, disse \u00e0 ag\u00eancia Lusa fonte da sua promotora.<\/p>\n\n\n\n<p>Este ano ainda, a 17 de dezembro, a int\u00e9rprete de &#8220;Aula de Nata\u00e7\u00e3o&#8221; (Jorge Cruz) sobe ao palco da sala principal da Casa da M\u00fasica, no Porto.<\/p>\n\n\n\n<p>No pr\u00f3ximo ano, at\u00e9 abril, Cristina Branco tem previsto dez espet\u00e1culos no estrangeiro, entre Fran\u00e7a, B\u00e9lgica, Alemanha e Pa\u00edses Baixos.<\/p>\n\n\n\n<p>No dia 13 de janeiro, atua em Les Passerelles, na cidade francesa de Pontault-Combauft, nos arredores de Paris. No dia 24 de janeiro, a criadora de \u201cRio de Nuvens\u201d (Nat\u00e1lia Correia\/Fado Carriche, de Raul Ferr\u00e3o), canta na B\u00fcrggerhaus Serendlingeew, em Dreieich, \u00fanica data na Alemanha.<\/p>\n\n\n\n<p>No dia 06 de fevereiro, Cristina Branco e os seus m\u00fasicos tocam no Flagery, em Bruxelas.\u00a0<\/p>\n\n\n\n<p>Em mar\u00e7o atua nos Pa\u00edses Baixos, onde tem agendados os restantes sete espet\u00e1culos fora do pa\u00eds.<\/p>\n\n\n\n<p>No dia 21, atua no De Oosterpoort, em Gronigen, no dia 25, no Haventheater, em Ljmuiden, no dia seguinte, no Concertzaal, em Tilburgo, e no dia 28, no Oostand, em Mildeburgo.<\/p>\n\n\n\n<p>Em abril tem agendado tr\u00eas concertos: o primeiro, no dia 03, no Muziekjebouw, em Eindhoven, no dia seguinte, em De Oosterpoort, em Gronigen, e, no dia 05, no Tivoli Vredenburg, em Utreque.<\/p>\n\n\n\n<p>Cristina Branco, distinguida em 2006 com o Pr\u00e9mio Am\u00e1lia Rodrigues\/Internacional, editou em 2023 o \u00e1lbum \u201cM\u00e3e\u201d, no qual aprofunda a sua rela\u00e7\u00e3o com o fado tradicional, \u201cdefinindo\u201d a sua pr\u00f3pria sonoridade, como afirmou \u00e0 Lusa.<\/p>\n\n\n\n<p>O \u00e1lbum sucedeu \u00e0 trilogia formada pelos t\u00edtulos \u201cMenino\u201d (2016), \u201cBranco\u201d (2018) e \u201cEva\u201d (2020), e \u00e9 constitu\u00eddo por sete fados com poemas de L\u00eddia Jorge, David Mour\u00e3o-Ferreira, Fernando Pessoa e Manuela de Freitas, entre outros.<\/p>\n\n\n\n<p>No ano passado a cantora realizou um s\u00e9rie de espet\u00e1culos em Portugal, para celebrar os 50 anos do 25 de Abril, com o \u00e1lbum \u201cAbril\u201d (2007), no qual reinterpreta v\u00e1rias composi\u00e7\u00f5es do repert\u00f3rio de Jos\u00e9 Afonso, como \u201cMaio Maduro Maio\u201d, \u201cVenham Mais Cinco\u201d, \u201cEra um Redondo Voc\u00e1bulo\u201d e \u201cCoro da Primavera\u201d<\/p>\n","protected":false},"excerpt":{"rendered":"<p>A int\u00e9rprete Cristina Branco atua na pr\u00f3xima quinta-feira em Ponte de Lima, no Festival Percursos da M\u00fasica, seguindo depois para Fran\u00e7a onde apresenta o projeto \u201cFado em Movimento\u201d. Em Ponte de Lima, a int\u00e9rprete de \u201cMargarida\u201d (\u00c1lvaro de Campos\/M\u00e1rio Laginha) apresenta-se com os seus m\u00fasicos habituais, Bernardo Couto, na guitarra portuguesa, Bernardo Moreira, no contrabaixo, [&hellip;]<\/p>\n","protected":false},"author":13,"featured_media":121359,"comment_status":"closed","ping_status":"closed","sticky":false,"template":"","format":"standard","meta":{"_exactmetrics_skip_tracking":false,"_exactmetrics_sitenote_active":false,"_exactmetrics_sitenote_note":"","_exactmetrics_sitenote_category":0,"footnotes":""},"categories":[12],"tags":[19,27],"class_list":["post-121358","post","type-post","status-publish","format-standard","has-post-thumbnail","hentry","category-ponte-de-lima","tag-cultura","tag-sociedade"],"yoast_head":"<!-- This site is optimized with the Yoast SEO Premium plugin v27.5 (Yoast SEO v27.5) - https:\/\/yoast.com\/product\/yoast-seo-premium-wordpress\/ -->\n<title>Cristina Branco atua em Ponte de Lima, antes de Fran\u00e7a, e j\u00e1 com datas para 2026<\/title>\n<meta name=\"robots\" content=\"index, follow, max-snippet:-1, max-image-preview:large, max-video-preview:-1\" \/>\n<link rel=\"canonical\" href=\"https:\/\/www.altominho.tv\/site\/2025\/07\/29\/cristina-branco-atua-em-ponte-de-lima-antes-de-franca-e-ja-com-datas-para-2026\/\" \/>\n<meta property=\"og:locale\" content=\"pt_PT\" \/>\n<meta property=\"og:type\" content=\"article\" \/>\n<meta property=\"og:title\" content=\"Cristina Branco atua em Ponte de Lima, antes de Fran\u00e7a, e j\u00e1 com datas para 2026\" \/>\n<meta property=\"og:description\" content=\"A int\u00e9rprete Cristina Branco atua na pr\u00f3xima quinta-feira em Ponte de Lima, no Festival Percursos da M\u00fasica, seguindo depois para Fran\u00e7a onde apresenta o projeto \u201cFado em Movimento\u201d. Em Ponte de Lima, a int\u00e9rprete de \u201cMargarida\u201d (\u00c1lvaro de Campos\/M\u00e1rio Laginha) apresenta-se com os seus m\u00fasicos habituais, Bernardo Couto, na guitarra portuguesa, Bernardo Moreira, no contrabaixo, [&hellip;]\" \/>\n<meta property=\"og:url\" content=\"https:\/\/www.altominho.tv\/site\/2025\/07\/29\/cristina-branco-atua-em-ponte-de-lima-antes-de-franca-e-ja-com-datas-para-2026\/\" \/>\n<meta property=\"og:site_name\" content=\"Altominho.tv\" \/>\n<meta property=\"article:publisher\" content=\"https:\/\/www.facebook.com\/altominhotv\" \/>\n<meta property=\"article:published_time\" content=\"2025-07-29T16:20:37+00:00\" \/>\n<meta property=\"article:modified_time\" content=\"2025-07-29T16:22:20+00:00\" \/>\n<meta property=\"og:image\" content=\"https:\/\/www.altominho.tv\/site\/wp-content\/uploads\/2025\/07\/Design-sem-nome-2.png\" \/>\n\t<meta property=\"og:image:width\" content=\"1200\" \/>\n\t<meta property=\"og:image:height\" content=\"630\" \/>\n\t<meta property=\"og:image:type\" content=\"image\/png\" \/>\n<meta name=\"author\" content=\"Lusa\" \/>\n<meta name=\"twitter:card\" content=\"summary_large_image\" \/>\n<meta name=\"twitter:creator\" content=\"@altominhoTV\" \/>\n<meta name=\"twitter:site\" content=\"@altominhoTV\" \/>\n<meta name=\"twitter:label1\" content=\"Escrito por\" \/>\n\t<meta name=\"twitter:data1\" content=\"Lusa\" \/>\n\t<meta name=\"twitter:label2\" content=\"Tempo estimado de leitura\" \/>\n\t<meta name=\"twitter:data2\" content=\"4 minutos\" \/>\n<script type=\"application\/ld+json\" class=\"yoast-schema-graph\">{\"@context\":\"https:\\\/\\\/schema.org\",\"@graph\":[{\"@type\":\"Article\",\"@id\":\"https:\\\/\\\/www.altominho.tv\\\/site\\\/2025\\\/07\\\/29\\\/cristina-branco-atua-em-ponte-de-lima-antes-de-franca-e-ja-com-datas-para-2026\\\/#article\",\"isPartOf\":{\"@id\":\"https:\\\/\\\/www.altominho.tv\\\/site\\\/2025\\\/07\\\/29\\\/cristina-branco-atua-em-ponte-de-lima-antes-de-franca-e-ja-com-datas-para-2026\\\/\"},\"author\":{\"name\":\"Lusa\",\"@id\":\"https:\\\/\\\/www.altominho.tv\\\/site\\\/#\\\/schema\\\/person\\\/63f693da3e1899361cbe955c46f3232e\"},\"headline\":\"Cristina Branco atua em Ponte de Lima, antes de Fran\u00e7a, e j\u00e1 com datas para 2026\",\"datePublished\":\"2025-07-29T16:20:37+00:00\",\"dateModified\":\"2025-07-29T16:22:20+00:00\",\"mainEntityOfPage\":{\"@id\":\"https:\\\/\\\/www.altominho.tv\\\/site\\\/2025\\\/07\\\/29\\\/cristina-branco-atua-em-ponte-de-lima-antes-de-franca-e-ja-com-datas-para-2026\\\/\"},\"wordCount\":613,\"image\":{\"@id\":\"https:\\\/\\\/www.altominho.tv\\\/site\\\/2025\\\/07\\\/29\\\/cristina-branco-atua-em-ponte-de-lima-antes-de-franca-e-ja-com-datas-para-2026\\\/#primaryimage\"},\"thumbnailUrl\":\"https:\\\/\\\/www.altominho.tv\\\/site\\\/wp-content\\\/uploads\\\/2025\\\/07\\\/Design-sem-nome-2.png\",\"keywords\":[\"Cultura\",\"Sociedade\"],\"articleSection\":[\"Ponte de Lima\"],\"inLanguage\":\"pt-PT\",\"copyrightYear\":\"2025\",\"copyrightHolder\":{\"@id\":\"https:\\\/\\\/www.altominho.tv\\\/site\\\/#organization\"}},{\"@type\":\"WebPage\",\"@id\":\"https:\\\/\\\/www.altominho.tv\\\/site\\\/2025\\\/07\\\/29\\\/cristina-branco-atua-em-ponte-de-lima-antes-de-franca-e-ja-com-datas-para-2026\\\/\",\"url\":\"https:\\\/\\\/www.altominho.tv\\\/site\\\/2025\\\/07\\\/29\\\/cristina-branco-atua-em-ponte-de-lima-antes-de-franca-e-ja-com-datas-para-2026\\\/\",\"name\":\"Cristina Branco atua em Ponte de Lima, antes de Fran\u00e7a, e j\u00e1 com datas para 2026\",\"isPartOf\":{\"@id\":\"https:\\\/\\\/www.altominho.tv\\\/site\\\/#website\"},\"primaryImageOfPage\":{\"@id\":\"https:\\\/\\\/www.altominho.tv\\\/site\\\/2025\\\/07\\\/29\\\/cristina-branco-atua-em-ponte-de-lima-antes-de-franca-e-ja-com-datas-para-2026\\\/#primaryimage\"},\"image\":{\"@id\":\"https:\\\/\\\/www.altominho.tv\\\/site\\\/2025\\\/07\\\/29\\\/cristina-branco-atua-em-ponte-de-lima-antes-de-franca-e-ja-com-datas-para-2026\\\/#primaryimage\"},\"thumbnailUrl\":\"https:\\\/\\\/www.altominho.tv\\\/site\\\/wp-content\\\/uploads\\\/2025\\\/07\\\/Design-sem-nome-2.png\",\"datePublished\":\"2025-07-29T16:20:37+00:00\",\"dateModified\":\"2025-07-29T16:22:20+00:00\",\"author\":{\"@id\":\"https:\\\/\\\/www.altominho.tv\\\/site\\\/#\\\/schema\\\/person\\\/63f693da3e1899361cbe955c46f3232e\"},\"breadcrumb\":{\"@id\":\"https:\\\/\\\/www.altominho.tv\\\/site\\\/2025\\\/07\\\/29\\\/cristina-branco-atua-em-ponte-de-lima-antes-de-franca-e-ja-com-datas-para-2026\\\/#breadcrumb\"},\"inLanguage\":\"pt-PT\",\"potentialAction\":[{\"@type\":\"ReadAction\",\"target\":[\"https:\\\/\\\/www.altominho.tv\\\/site\\\/2025\\\/07\\\/29\\\/cristina-branco-atua-em-ponte-de-lima-antes-de-franca-e-ja-com-datas-para-2026\\\/\"]}]},{\"@type\":\"ImageObject\",\"inLanguage\":\"pt-PT\",\"@id\":\"https:\\\/\\\/www.altominho.tv\\\/site\\\/2025\\\/07\\\/29\\\/cristina-branco-atua-em-ponte-de-lima-antes-de-franca-e-ja-com-datas-para-2026\\\/#primaryimage\",\"url\":\"https:\\\/\\\/www.altominho.tv\\\/site\\\/wp-content\\\/uploads\\\/2025\\\/07\\\/Design-sem-nome-2.png\",\"contentUrl\":\"https:\\\/\\\/www.altominho.tv\\\/site\\\/wp-content\\\/uploads\\\/2025\\\/07\\\/Design-sem-nome-2.png\",\"width\":1200,\"height\":630},{\"@type\":\"BreadcrumbList\",\"@id\":\"https:\\\/\\\/www.altominho.tv\\\/site\\\/2025\\\/07\\\/29\\\/cristina-branco-atua-em-ponte-de-lima-antes-de-franca-e-ja-com-datas-para-2026\\\/#breadcrumb\",\"itemListElement\":[{\"@type\":\"ListItem\",\"position\":1,\"name\":\"In\u00edcio\",\"item\":\"https:\\\/\\\/www.altominho.tv\\\/site\\\/\"},{\"@type\":\"ListItem\",\"position\":2,\"name\":\"Cristina Branco atua em Ponte de Lima, antes de Fran\u00e7a, e j\u00e1 com datas para 2026\"}]},{\"@type\":\"WebSite\",\"@id\":\"https:\\\/\\\/www.altominho.tv\\\/site\\\/#website\",\"url\":\"https:\\\/\\\/www.altominho.tv\\\/site\\\/\",\"name\":\"Altominho.tv\",\"description\":\"A sua regi\u00e3o \u00e0 dist\u00e2ncia de um clique...\",\"potentialAction\":[{\"@type\":\"SearchAction\",\"target\":{\"@type\":\"EntryPoint\",\"urlTemplate\":\"https:\\\/\\\/www.altominho.tv\\\/site\\\/?s={search_term_string}\"},\"query-input\":{\"@type\":\"PropertyValueSpecification\",\"valueRequired\":true,\"valueName\":\"search_term_string\"}}],\"inLanguage\":\"pt-PT\"},{\"@type\":\"Person\",\"@id\":\"https:\\\/\\\/www.altominho.tv\\\/site\\\/#\\\/schema\\\/person\\\/63f693da3e1899361cbe955c46f3232e\",\"name\":\"Lusa\",\"image\":{\"@type\":\"ImageObject\",\"inLanguage\":\"pt-PT\",\"@id\":\"https:\\\/\\\/www.altominho.tv\\\/site\\\/wp-content\\\/uploads\\\/2019\\\/08\\\/LUSA_Logo.gif\",\"url\":\"https:\\\/\\\/www.altominho.tv\\\/site\\\/wp-content\\\/uploads\\\/2019\\\/08\\\/LUSA_Logo.gif\",\"contentUrl\":\"https:\\\/\\\/www.altominho.tv\\\/site\\\/wp-content\\\/uploads\\\/2019\\\/08\\\/LUSA_Logo.gif\",\"caption\":\"Lusa\"},\"sameAs\":[\"http:\\\/\\\/\\\/\\\/www.altominho.tv\\\/site\"],\"url\":\"https:\\\/\\\/www.altominho.tv\\\/site\\\/author\\\/lusa\\\/\"}]}<\/script>\n<!-- \/ Yoast SEO Premium plugin. -->","yoast_head_json":{"title":"Cristina Branco atua em Ponte de Lima, antes de Fran\u00e7a, e j\u00e1 com datas para 2026","robots":{"index":"index","follow":"follow","max-snippet":"max-snippet:-1","max-image-preview":"max-image-preview:large","max-video-preview":"max-video-preview:-1"},"canonical":"https:\/\/www.altominho.tv\/site\/2025\/07\/29\/cristina-branco-atua-em-ponte-de-lima-antes-de-franca-e-ja-com-datas-para-2026\/","og_locale":"pt_PT","og_type":"article","og_title":"Cristina Branco atua em Ponte de Lima, antes de Fran\u00e7a, e j\u00e1 com datas para 2026","og_description":"A int\u00e9rprete Cristina Branco atua na pr\u00f3xima quinta-feira em Ponte de Lima, no Festival Percursos da M\u00fasica, seguindo depois para Fran\u00e7a onde apresenta o projeto \u201cFado em Movimento\u201d. Em Ponte de Lima, a int\u00e9rprete de \u201cMargarida\u201d (\u00c1lvaro de Campos\/M\u00e1rio Laginha) apresenta-se com os seus m\u00fasicos habituais, Bernardo Couto, na guitarra portuguesa, Bernardo Moreira, no contrabaixo, [&hellip;]","og_url":"https:\/\/www.altominho.tv\/site\/2025\/07\/29\/cristina-branco-atua-em-ponte-de-lima-antes-de-franca-e-ja-com-datas-para-2026\/","og_site_name":"Altominho.tv","article_publisher":"https:\/\/www.facebook.com\/altominhotv","article_published_time":"2025-07-29T16:20:37+00:00","article_modified_time":"2025-07-29T16:22:20+00:00","og_image":[{"width":1200,"height":630,"url":"https:\/\/www.altominho.tv\/site\/wp-content\/uploads\/2025\/07\/Design-sem-nome-2.png","type":"image\/png"}],"author":"Lusa","twitter_card":"summary_large_image","twitter_creator":"@altominhoTV","twitter_site":"@altominhoTV","twitter_misc":{"Escrito por":"Lusa","Tempo estimado de leitura":"4 minutos"},"schema":{"@context":"https:\/\/schema.org","@graph":[{"@type":"Article","@id":"https:\/\/www.altominho.tv\/site\/2025\/07\/29\/cristina-branco-atua-em-ponte-de-lima-antes-de-franca-e-ja-com-datas-para-2026\/#article","isPartOf":{"@id":"https:\/\/www.altominho.tv\/site\/2025\/07\/29\/cristina-branco-atua-em-ponte-de-lima-antes-de-franca-e-ja-com-datas-para-2026\/"},"author":{"name":"Lusa","@id":"https:\/\/www.altominho.tv\/site\/#\/schema\/person\/63f693da3e1899361cbe955c46f3232e"},"headline":"Cristina Branco atua em Ponte de Lima, antes de Fran\u00e7a, e j\u00e1 com datas para 2026","datePublished":"2025-07-29T16:20:37+00:00","dateModified":"2025-07-29T16:22:20+00:00","mainEntityOfPage":{"@id":"https:\/\/www.altominho.tv\/site\/2025\/07\/29\/cristina-branco-atua-em-ponte-de-lima-antes-de-franca-e-ja-com-datas-para-2026\/"},"wordCount":613,"image":{"@id":"https:\/\/www.altominho.tv\/site\/2025\/07\/29\/cristina-branco-atua-em-ponte-de-lima-antes-de-franca-e-ja-com-datas-para-2026\/#primaryimage"},"thumbnailUrl":"https:\/\/www.altominho.tv\/site\/wp-content\/uploads\/2025\/07\/Design-sem-nome-2.png","keywords":["Cultura","Sociedade"],"articleSection":["Ponte de Lima"],"inLanguage":"pt-PT","copyrightYear":"2025","copyrightHolder":{"@id":"https:\/\/www.altominho.tv\/site\/#organization"}},{"@type":"WebPage","@id":"https:\/\/www.altominho.tv\/site\/2025\/07\/29\/cristina-branco-atua-em-ponte-de-lima-antes-de-franca-e-ja-com-datas-para-2026\/","url":"https:\/\/www.altominho.tv\/site\/2025\/07\/29\/cristina-branco-atua-em-ponte-de-lima-antes-de-franca-e-ja-com-datas-para-2026\/","name":"Cristina Branco atua em Ponte de Lima, antes de Fran\u00e7a, e j\u00e1 com datas para 2026","isPartOf":{"@id":"https:\/\/www.altominho.tv\/site\/#website"},"primaryImageOfPage":{"@id":"https:\/\/www.altominho.tv\/site\/2025\/07\/29\/cristina-branco-atua-em-ponte-de-lima-antes-de-franca-e-ja-com-datas-para-2026\/#primaryimage"},"image":{"@id":"https:\/\/www.altominho.tv\/site\/2025\/07\/29\/cristina-branco-atua-em-ponte-de-lima-antes-de-franca-e-ja-com-datas-para-2026\/#primaryimage"},"thumbnailUrl":"https:\/\/www.altominho.tv\/site\/wp-content\/uploads\/2025\/07\/Design-sem-nome-2.png","datePublished":"2025-07-29T16:20:37+00:00","dateModified":"2025-07-29T16:22:20+00:00","author":{"@id":"https:\/\/www.altominho.tv\/site\/#\/schema\/person\/63f693da3e1899361cbe955c46f3232e"},"breadcrumb":{"@id":"https:\/\/www.altominho.tv\/site\/2025\/07\/29\/cristina-branco-atua-em-ponte-de-lima-antes-de-franca-e-ja-com-datas-para-2026\/#breadcrumb"},"inLanguage":"pt-PT","potentialAction":[{"@type":"ReadAction","target":["https:\/\/www.altominho.tv\/site\/2025\/07\/29\/cristina-branco-atua-em-ponte-de-lima-antes-de-franca-e-ja-com-datas-para-2026\/"]}]},{"@type":"ImageObject","inLanguage":"pt-PT","@id":"https:\/\/www.altominho.tv\/site\/2025\/07\/29\/cristina-branco-atua-em-ponte-de-lima-antes-de-franca-e-ja-com-datas-para-2026\/#primaryimage","url":"https:\/\/www.altominho.tv\/site\/wp-content\/uploads\/2025\/07\/Design-sem-nome-2.png","contentUrl":"https:\/\/www.altominho.tv\/site\/wp-content\/uploads\/2025\/07\/Design-sem-nome-2.png","width":1200,"height":630},{"@type":"BreadcrumbList","@id":"https:\/\/www.altominho.tv\/site\/2025\/07\/29\/cristina-branco-atua-em-ponte-de-lima-antes-de-franca-e-ja-com-datas-para-2026\/#breadcrumb","itemListElement":[{"@type":"ListItem","position":1,"name":"In\u00edcio","item":"https:\/\/www.altominho.tv\/site\/"},{"@type":"ListItem","position":2,"name":"Cristina Branco atua em Ponte de Lima, antes de Fran\u00e7a, e j\u00e1 com datas para 2026"}]},{"@type":"WebSite","@id":"https:\/\/www.altominho.tv\/site\/#website","url":"https:\/\/www.altominho.tv\/site\/","name":"Altominho.tv","description":"A sua regi\u00e3o \u00e0 dist\u00e2ncia de um clique...","potentialAction":[{"@type":"SearchAction","target":{"@type":"EntryPoint","urlTemplate":"https:\/\/www.altominho.tv\/site\/?s={search_term_string}"},"query-input":{"@type":"PropertyValueSpecification","valueRequired":true,"valueName":"search_term_string"}}],"inLanguage":"pt-PT"},{"@type":"Person","@id":"https:\/\/www.altominho.tv\/site\/#\/schema\/person\/63f693da3e1899361cbe955c46f3232e","name":"Lusa","image":{"@type":"ImageObject","inLanguage":"pt-PT","@id":"https:\/\/www.altominho.tv\/site\/wp-content\/uploads\/2019\/08\/LUSA_Logo.gif","url":"https:\/\/www.altominho.tv\/site\/wp-content\/uploads\/2019\/08\/LUSA_Logo.gif","contentUrl":"https:\/\/www.altominho.tv\/site\/wp-content\/uploads\/2019\/08\/LUSA_Logo.gif","caption":"Lusa"},"sameAs":["http:\/\/\/\/www.altominho.tv\/site"],"url":"https:\/\/www.altominho.tv\/site\/author\/lusa\/"}]}},"_links":{"self":[{"href":"https:\/\/www.altominho.tv\/site\/wp-json\/wp\/v2\/posts\/121358","targetHints":{"allow":["GET"]}}],"collection":[{"href":"https:\/\/www.altominho.tv\/site\/wp-json\/wp\/v2\/posts"}],"about":[{"href":"https:\/\/www.altominho.tv\/site\/wp-json\/wp\/v2\/types\/post"}],"author":[{"embeddable":true,"href":"https:\/\/www.altominho.tv\/site\/wp-json\/wp\/v2\/users\/13"}],"replies":[{"embeddable":true,"href":"https:\/\/www.altominho.tv\/site\/wp-json\/wp\/v2\/comments?post=121358"}],"version-history":[{"count":2,"href":"https:\/\/www.altominho.tv\/site\/wp-json\/wp\/v2\/posts\/121358\/revisions"}],"predecessor-version":[{"id":121361,"href":"https:\/\/www.altominho.tv\/site\/wp-json\/wp\/v2\/posts\/121358\/revisions\/121361"}],"wp:featuredmedia":[{"embeddable":true,"href":"https:\/\/www.altominho.tv\/site\/wp-json\/wp\/v2\/media\/121359"}],"wp:attachment":[{"href":"https:\/\/www.altominho.tv\/site\/wp-json\/wp\/v2\/media?parent=121358"}],"wp:term":[{"taxonomy":"category","embeddable":true,"href":"https:\/\/www.altominho.tv\/site\/wp-json\/wp\/v2\/categories?post=121358"},{"taxonomy":"post_tag","embeddable":true,"href":"https:\/\/www.altominho.tv\/site\/wp-json\/wp\/v2\/tags?post=121358"}],"curies":[{"name":"wp","href":"https:\/\/api.w.org\/{rel}","templated":true}]}}