{"id":121186,"date":"2025-07-25T12:00:28","date_gmt":"2025-07-25T11:00:28","guid":{"rendered":"https:\/\/www.altominho.tv\/site\/?p=121186"},"modified":"2025-07-25T12:01:47","modified_gmt":"2025-07-25T11:01:47","slug":"arcos-de-valdevez-musica-cultura-vinhos","status":"publish","type":"post","link":"https:\/\/www.altominho.tv\/site\/2025\/07\/25\/arcos-de-valdevez-musica-cultura-vinhos\/","title":{"rendered":"Arcos Fado Fest voltou a encher Arcos de Valdevez de m\u00fasica e tradi\u00e7\u00e3o"},"content":{"rendered":"\n<p>Durante quatro dias, de 17 a 20 de julho, o fado e o vinho verde foram de novo protagonistas em Arcos de Valdevez com a 2.\u00aa edi\u00e7\u00e3o do Arcos Fado Fest.<\/p>\n\n\n\n<p>Este \u00e9 um festival inteiramente dedicado \u00e0 can\u00e7\u00e3o nacional, numa iniciativa e produ\u00e7\u00e3o do Munic\u00edpio arcuense com curadoria do fadista Marco Rodrigues.<\/p>\n\n\n\n<p>Ao longo do festival o fado saiu dos palcos convencionais e invadiu as ruas, restaurantes e espa\u00e7os culturais do concelho.<\/p>\n\n\n\n<p>A iniciativa &#8220;Fado \u00e0 Mesa&#8221; marcou o in\u00edcio da programa\u00e7\u00e3o, transformando os restaurantes da vila em aut\u00eanticas casas de fado, proporcionando momentos intimistas onde a gastronomia e a m\u00fasica se fundiram.<\/p>\n\n\n\n<p>O festival contou com atua\u00e7\u00f5es de nomes consagrados do fado como Caman\u00e9, Rouxinol Faduncho e o espet\u00e1culo &#8220;O Fado, a Can\u00e7\u00e3o e a Revista&#8221;, com FF, Filipa Cardoso e Lenita Gentil. Um dos momentos altos foi ainda a grava\u00e7\u00e3o do programa &#8220;Em Casa d\u2019Am\u00e1lia&#8221;, da RTP, que levou a ess\u00eancia do festival a todo o pa\u00eds.<\/p>\n\n\n\n<p>O Arcos Fado Fest tamb\u00e9m deu palco aos talentos locais, com a participa\u00e7\u00e3o do grupo Vez do Fado e da fadista Patr\u00edcia Costa, com liga\u00e7\u00f5es a Arcos de Valdevez.<\/p>\n\n\n\n<p>A tradi\u00e7\u00e3o do fado acad\u00e9mico esteve igualmente presente, com a atua\u00e7\u00e3o do Grupo de Fados da Faculdade de Farm\u00e1cia da Universidade do Porto.<\/p>\n\n\n\n<p>O festival incorporou em paralelo mais uma edi\u00e7\u00e3o do Festivinh\u00e3o, aliando o melhor do fado aos vinhos verdes da regi\u00e3o, num ambiente de celebra\u00e7\u00e3o da cultura local.<\/p>\n\n\n\n<p>Com uma programa\u00e7\u00e3o diversificada e envolvente, o Arcos Fado Fest &#8220;voltou a afirmar-se como um evento de refer\u00eancia na promo\u00e7\u00e3o do fado e da identidade cultural nacional e o \u00fanico evento do seu g\u00e9nero no norte do pa\u00eds&#8221;.<\/p>\n","protected":false},"excerpt":{"rendered":"<p>Durante quatro dias, de 17 a 20 de julho, o fado e o vinho verde foram de novo protagonistas em Arcos de Valdevez com a 2.\u00aa edi\u00e7\u00e3o do Arcos Fado Fest. Este \u00e9 um festival inteiramente dedicado \u00e0 can\u00e7\u00e3o nacional, numa iniciativa e produ\u00e7\u00e3o do Munic\u00edpio arcuense com curadoria do fadista Marco Rodrigues. Ao longo [&hellip;]<\/p>\n","protected":false},"author":7,"featured_media":121187,"comment_status":"closed","ping_status":"closed","sticky":false,"template":"","format":"standard","meta":{"_exactmetrics_skip_tracking":false,"_exactmetrics_sitenote_active":false,"_exactmetrics_sitenote_note":"","_exactmetrics_sitenote_category":0,"footnotes":""},"categories":[2,1],"tags":[24],"class_list":["post-121186","post","type-post","status-publish","format-standard","has-post-thumbnail","hentry","category-arcos-de-valdevez","category-uncategorized","tag-lazer"],"yoast_head":"<!-- This site is optimized with the Yoast SEO Premium plugin v27.4 (Yoast SEO v27.4) - https:\/\/yoast.com\/product\/yoast-seo-premium-wordpress\/ -->\n<title>Arcos Fado Fest voltou a encher Arcos de Valdevez de m\u00fasica e tradi\u00e7\u00e3o<\/title>\n<meta name=\"description\" content=\"O Arcos Fado Fest, que decorreu no passado fim de semana, voltou a encher Arcos de Valdevez de m\u00fasica e tradi\u00e7\u00e3o.\" \/>\n<meta name=\"robots\" content=\"index, follow, max-snippet:-1, max-image-preview:large, max-video-preview:-1\" \/>\n<link rel=\"canonical\" href=\"https:\/\/www.altominho.tv\/site\/2025\/07\/25\/arcos-de-valdevez-musica-cultura-vinhos\/\" \/>\n<meta property=\"og:locale\" content=\"pt_PT\" \/>\n<meta property=\"og:type\" content=\"article\" \/>\n<meta property=\"og:title\" content=\"Arcos Fado Fest voltou a encher Arcos de Valdevez de m\u00fasica e tradi\u00e7\u00e3o\" \/>\n<meta property=\"og:description\" content=\"O Arcos Fado Fest, que decorreu no passado fim de semana, voltou a encher Arcos de Valdevez de m\u00fasica e tradi\u00e7\u00e3o.\" \/>\n<meta property=\"og:url\" content=\"https:\/\/www.altominho.tv\/site\/2025\/07\/25\/arcos-de-valdevez-musica-cultura-vinhos\/\" \/>\n<meta property=\"og:site_name\" content=\"Altominho.tv\" \/>\n<meta property=\"article:publisher\" content=\"https:\/\/www.facebook.com\/altominhotv\" \/>\n<meta property=\"article:published_time\" content=\"2025-07-25T11:00:28+00:00\" \/>\n<meta property=\"article:modified_time\" content=\"2025-07-25T11:01:47+00:00\" \/>\n<meta property=\"og:image\" content=\"https:\/\/www.altominho.tv\/site\/wp-content\/uploads\/2025\/07\/arcos-fado-fest.png\" \/>\n\t<meta property=\"og:image:width\" content=\"1200\" \/>\n\t<meta property=\"og:image:height\" content=\"630\" \/>\n\t<meta property=\"og:image:type\" content=\"image\/png\" \/>\n<meta name=\"author\" content=\"Andreia Cunha\" \/>\n<meta name=\"twitter:card\" content=\"summary_large_image\" \/>\n<meta name=\"twitter:creator\" content=\"@altominhoTV\" \/>\n<meta name=\"twitter:site\" content=\"@altominhoTV\" \/>\n<meta name=\"twitter:label1\" content=\"Escrito por\" \/>\n\t<meta name=\"twitter:data1\" content=\"Andreia Cunha\" \/>\n\t<meta name=\"twitter:label2\" content=\"Tempo estimado de leitura\" \/>\n\t<meta name=\"twitter:data2\" content=\"2 minutos\" \/>\n<script type=\"application\/ld+json\" class=\"yoast-schema-graph\">{\"@context\":\"https:\\\/\\\/schema.org\",\"@graph\":[{\"@type\":\"Article\",\"@id\":\"https:\\\/\\\/www.altominho.tv\\\/site\\\/2025\\\/07\\\/25\\\/arcos-de-valdevez-musica-cultura-vinhos\\\/#article\",\"isPartOf\":{\"@id\":\"https:\\\/\\\/www.altominho.tv\\\/site\\\/2025\\\/07\\\/25\\\/arcos-de-valdevez-musica-cultura-vinhos\\\/\"},\"author\":{\"name\":\"Andreia Cunha\",\"@id\":\"https:\\\/\\\/www.altominho.tv\\\/site\\\/#\\\/schema\\\/person\\\/a0e4ef6d041f98ca284393d8f1d97153\"},\"headline\":\"Arcos Fado Fest voltou a encher Arcos de Valdevez de m\u00fasica e tradi\u00e7\u00e3o\",\"datePublished\":\"2025-07-25T11:00:28+00:00\",\"dateModified\":\"2025-07-25T11:01:47+00:00\",\"mainEntityOfPage\":{\"@id\":\"https:\\\/\\\/www.altominho.tv\\\/site\\\/2025\\\/07\\\/25\\\/arcos-de-valdevez-musica-cultura-vinhos\\\/\"},\"wordCount\":320,\"image\":{\"@id\":\"https:\\\/\\\/www.altominho.tv\\\/site\\\/2025\\\/07\\\/25\\\/arcos-de-valdevez-musica-cultura-vinhos\\\/#primaryimage\"},\"thumbnailUrl\":\"https:\\\/\\\/www.altominho.tv\\\/site\\\/wp-content\\\/uploads\\\/2025\\\/07\\\/arcos-fado-fest.png\",\"keywords\":[\"Lazer\"],\"articleSection\":[\"Arcos de Valdevez\",\"Uncategorized\"],\"inLanguage\":\"pt-PT\",\"copyrightYear\":\"2025\",\"copyrightHolder\":{\"@id\":\"https:\\\/\\\/www.altominho.tv\\\/site\\\/#organization\"}},{\"@type\":\"WebPage\",\"@id\":\"https:\\\/\\\/www.altominho.tv\\\/site\\\/2025\\\/07\\\/25\\\/arcos-de-valdevez-musica-cultura-vinhos\\\/\",\"url\":\"https:\\\/\\\/www.altominho.tv\\\/site\\\/2025\\\/07\\\/25\\\/arcos-de-valdevez-musica-cultura-vinhos\\\/\",\"name\":\"Arcos Fado Fest voltou a encher Arcos de Valdevez de m\u00fasica e tradi\u00e7\u00e3o\",\"isPartOf\":{\"@id\":\"https:\\\/\\\/www.altominho.tv\\\/site\\\/#website\"},\"primaryImageOfPage\":{\"@id\":\"https:\\\/\\\/www.altominho.tv\\\/site\\\/2025\\\/07\\\/25\\\/arcos-de-valdevez-musica-cultura-vinhos\\\/#primaryimage\"},\"image\":{\"@id\":\"https:\\\/\\\/www.altominho.tv\\\/site\\\/2025\\\/07\\\/25\\\/arcos-de-valdevez-musica-cultura-vinhos\\\/#primaryimage\"},\"thumbnailUrl\":\"https:\\\/\\\/www.altominho.tv\\\/site\\\/wp-content\\\/uploads\\\/2025\\\/07\\\/arcos-fado-fest.png\",\"datePublished\":\"2025-07-25T11:00:28+00:00\",\"dateModified\":\"2025-07-25T11:01:47+00:00\",\"author\":{\"@id\":\"https:\\\/\\\/www.altominho.tv\\\/site\\\/#\\\/schema\\\/person\\\/a0e4ef6d041f98ca284393d8f1d97153\"},\"description\":\"O Arcos Fado Fest, que decorreu no passado fim de semana, voltou a encher Arcos de Valdevez de m\u00fasica e tradi\u00e7\u00e3o.\",\"breadcrumb\":{\"@id\":\"https:\\\/\\\/www.altominho.tv\\\/site\\\/2025\\\/07\\\/25\\\/arcos-de-valdevez-musica-cultura-vinhos\\\/#breadcrumb\"},\"inLanguage\":\"pt-PT\",\"potentialAction\":[{\"@type\":\"ReadAction\",\"target\":[\"https:\\\/\\\/www.altominho.tv\\\/site\\\/2025\\\/07\\\/25\\\/arcos-de-valdevez-musica-cultura-vinhos\\\/\"]}]},{\"@type\":\"ImageObject\",\"inLanguage\":\"pt-PT\",\"@id\":\"https:\\\/\\\/www.altominho.tv\\\/site\\\/2025\\\/07\\\/25\\\/arcos-de-valdevez-musica-cultura-vinhos\\\/#primaryimage\",\"url\":\"https:\\\/\\\/www.altominho.tv\\\/site\\\/wp-content\\\/uploads\\\/2025\\\/07\\\/arcos-fado-fest.png\",\"contentUrl\":\"https:\\\/\\\/www.altominho.tv\\\/site\\\/wp-content\\\/uploads\\\/2025\\\/07\\\/arcos-fado-fest.png\",\"width\":1200,\"height\":630},{\"@type\":\"BreadcrumbList\",\"@id\":\"https:\\\/\\\/www.altominho.tv\\\/site\\\/2025\\\/07\\\/25\\\/arcos-de-valdevez-musica-cultura-vinhos\\\/#breadcrumb\",\"itemListElement\":[{\"@type\":\"ListItem\",\"position\":1,\"name\":\"In\u00edcio\",\"item\":\"https:\\\/\\\/www.altominho.tv\\\/site\\\/\"},{\"@type\":\"ListItem\",\"position\":2,\"name\":\"Arcos Fado Fest voltou a encher Arcos de Valdevez de m\u00fasica e tradi\u00e7\u00e3o\"}]},{\"@type\":\"WebSite\",\"@id\":\"https:\\\/\\\/www.altominho.tv\\\/site\\\/#website\",\"url\":\"https:\\\/\\\/www.altominho.tv\\\/site\\\/\",\"name\":\"Altominho.tv\",\"description\":\"A sua regi\u00e3o \u00e0 dist\u00e2ncia de um clique...\",\"potentialAction\":[{\"@type\":\"SearchAction\",\"target\":{\"@type\":\"EntryPoint\",\"urlTemplate\":\"https:\\\/\\\/www.altominho.tv\\\/site\\\/?s={search_term_string}\"},\"query-input\":{\"@type\":\"PropertyValueSpecification\",\"valueRequired\":true,\"valueName\":\"search_term_string\"}}],\"inLanguage\":\"pt-PT\"},{\"@type\":\"Person\",\"@id\":\"https:\\\/\\\/www.altominho.tv\\\/site\\\/#\\\/schema\\\/person\\\/a0e4ef6d041f98ca284393d8f1d97153\",\"name\":\"Andreia Cunha\",\"image\":{\"@type\":\"ImageObject\",\"inLanguage\":\"pt-PT\",\"@id\":\"https:\\\/\\\/www.altominho.tv\\\/site\\\/wp-content\\\/uploads\\\/2017\\\/11\\\/Andreia_Cunha-1-150x150.jpg\",\"url\":\"https:\\\/\\\/www.altominho.tv\\\/site\\\/wp-content\\\/uploads\\\/2017\\\/11\\\/Andreia_Cunha-1-150x150.jpg\",\"contentUrl\":\"https:\\\/\\\/www.altominho.tv\\\/site\\\/wp-content\\\/uploads\\\/2017\\\/11\\\/Andreia_Cunha-1-150x150.jpg\",\"caption\":\"Andreia Cunha\"},\"url\":\"https:\\\/\\\/www.altominho.tv\\\/site\\\/author\\\/andreiacunha\\\/\"}]}<\/script>\n<!-- \/ Yoast SEO Premium plugin. -->","yoast_head_json":{"title":"Arcos Fado Fest voltou a encher Arcos de Valdevez de m\u00fasica e tradi\u00e7\u00e3o","description":"O Arcos Fado Fest, que decorreu no passado fim de semana, voltou a encher Arcos de Valdevez de m\u00fasica e tradi\u00e7\u00e3o.","robots":{"index":"index","follow":"follow","max-snippet":"max-snippet:-1","max-image-preview":"max-image-preview:large","max-video-preview":"max-video-preview:-1"},"canonical":"https:\/\/www.altominho.tv\/site\/2025\/07\/25\/arcos-de-valdevez-musica-cultura-vinhos\/","og_locale":"pt_PT","og_type":"article","og_title":"Arcos Fado Fest voltou a encher Arcos de Valdevez de m\u00fasica e tradi\u00e7\u00e3o","og_description":"O Arcos Fado Fest, que decorreu no passado fim de semana, voltou a encher Arcos de Valdevez de m\u00fasica e tradi\u00e7\u00e3o.","og_url":"https:\/\/www.altominho.tv\/site\/2025\/07\/25\/arcos-de-valdevez-musica-cultura-vinhos\/","og_site_name":"Altominho.tv","article_publisher":"https:\/\/www.facebook.com\/altominhotv","article_published_time":"2025-07-25T11:00:28+00:00","article_modified_time":"2025-07-25T11:01:47+00:00","og_image":[{"width":1200,"height":630,"url":"https:\/\/www.altominho.tv\/site\/wp-content\/uploads\/2025\/07\/arcos-fado-fest.png","type":"image\/png"}],"author":"Andreia Cunha","twitter_card":"summary_large_image","twitter_creator":"@altominhoTV","twitter_site":"@altominhoTV","twitter_misc":{"Escrito por":"Andreia Cunha","Tempo estimado de leitura":"2 minutos"},"schema":{"@context":"https:\/\/schema.org","@graph":[{"@type":"Article","@id":"https:\/\/www.altominho.tv\/site\/2025\/07\/25\/arcos-de-valdevez-musica-cultura-vinhos\/#article","isPartOf":{"@id":"https:\/\/www.altominho.tv\/site\/2025\/07\/25\/arcos-de-valdevez-musica-cultura-vinhos\/"},"author":{"name":"Andreia Cunha","@id":"https:\/\/www.altominho.tv\/site\/#\/schema\/person\/a0e4ef6d041f98ca284393d8f1d97153"},"headline":"Arcos Fado Fest voltou a encher Arcos de Valdevez de m\u00fasica e tradi\u00e7\u00e3o","datePublished":"2025-07-25T11:00:28+00:00","dateModified":"2025-07-25T11:01:47+00:00","mainEntityOfPage":{"@id":"https:\/\/www.altominho.tv\/site\/2025\/07\/25\/arcos-de-valdevez-musica-cultura-vinhos\/"},"wordCount":320,"image":{"@id":"https:\/\/www.altominho.tv\/site\/2025\/07\/25\/arcos-de-valdevez-musica-cultura-vinhos\/#primaryimage"},"thumbnailUrl":"https:\/\/www.altominho.tv\/site\/wp-content\/uploads\/2025\/07\/arcos-fado-fest.png","keywords":["Lazer"],"articleSection":["Arcos de Valdevez","Uncategorized"],"inLanguage":"pt-PT","copyrightYear":"2025","copyrightHolder":{"@id":"https:\/\/www.altominho.tv\/site\/#organization"}},{"@type":"WebPage","@id":"https:\/\/www.altominho.tv\/site\/2025\/07\/25\/arcos-de-valdevez-musica-cultura-vinhos\/","url":"https:\/\/www.altominho.tv\/site\/2025\/07\/25\/arcos-de-valdevez-musica-cultura-vinhos\/","name":"Arcos Fado Fest voltou a encher Arcos de Valdevez de m\u00fasica e tradi\u00e7\u00e3o","isPartOf":{"@id":"https:\/\/www.altominho.tv\/site\/#website"},"primaryImageOfPage":{"@id":"https:\/\/www.altominho.tv\/site\/2025\/07\/25\/arcos-de-valdevez-musica-cultura-vinhos\/#primaryimage"},"image":{"@id":"https:\/\/www.altominho.tv\/site\/2025\/07\/25\/arcos-de-valdevez-musica-cultura-vinhos\/#primaryimage"},"thumbnailUrl":"https:\/\/www.altominho.tv\/site\/wp-content\/uploads\/2025\/07\/arcos-fado-fest.png","datePublished":"2025-07-25T11:00:28+00:00","dateModified":"2025-07-25T11:01:47+00:00","author":{"@id":"https:\/\/www.altominho.tv\/site\/#\/schema\/person\/a0e4ef6d041f98ca284393d8f1d97153"},"description":"O Arcos Fado Fest, que decorreu no passado fim de semana, voltou a encher Arcos de Valdevez de m\u00fasica e tradi\u00e7\u00e3o.","breadcrumb":{"@id":"https:\/\/www.altominho.tv\/site\/2025\/07\/25\/arcos-de-valdevez-musica-cultura-vinhos\/#breadcrumb"},"inLanguage":"pt-PT","potentialAction":[{"@type":"ReadAction","target":["https:\/\/www.altominho.tv\/site\/2025\/07\/25\/arcos-de-valdevez-musica-cultura-vinhos\/"]}]},{"@type":"ImageObject","inLanguage":"pt-PT","@id":"https:\/\/www.altominho.tv\/site\/2025\/07\/25\/arcos-de-valdevez-musica-cultura-vinhos\/#primaryimage","url":"https:\/\/www.altominho.tv\/site\/wp-content\/uploads\/2025\/07\/arcos-fado-fest.png","contentUrl":"https:\/\/www.altominho.tv\/site\/wp-content\/uploads\/2025\/07\/arcos-fado-fest.png","width":1200,"height":630},{"@type":"BreadcrumbList","@id":"https:\/\/www.altominho.tv\/site\/2025\/07\/25\/arcos-de-valdevez-musica-cultura-vinhos\/#breadcrumb","itemListElement":[{"@type":"ListItem","position":1,"name":"In\u00edcio","item":"https:\/\/www.altominho.tv\/site\/"},{"@type":"ListItem","position":2,"name":"Arcos Fado Fest voltou a encher Arcos de Valdevez de m\u00fasica e tradi\u00e7\u00e3o"}]},{"@type":"WebSite","@id":"https:\/\/www.altominho.tv\/site\/#website","url":"https:\/\/www.altominho.tv\/site\/","name":"Altominho.tv","description":"A sua regi\u00e3o \u00e0 dist\u00e2ncia de um clique...","potentialAction":[{"@type":"SearchAction","target":{"@type":"EntryPoint","urlTemplate":"https:\/\/www.altominho.tv\/site\/?s={search_term_string}"},"query-input":{"@type":"PropertyValueSpecification","valueRequired":true,"valueName":"search_term_string"}}],"inLanguage":"pt-PT"},{"@type":"Person","@id":"https:\/\/www.altominho.tv\/site\/#\/schema\/person\/a0e4ef6d041f98ca284393d8f1d97153","name":"Andreia Cunha","image":{"@type":"ImageObject","inLanguage":"pt-PT","@id":"https:\/\/www.altominho.tv\/site\/wp-content\/uploads\/2017\/11\/Andreia_Cunha-1-150x150.jpg","url":"https:\/\/www.altominho.tv\/site\/wp-content\/uploads\/2017\/11\/Andreia_Cunha-1-150x150.jpg","contentUrl":"https:\/\/www.altominho.tv\/site\/wp-content\/uploads\/2017\/11\/Andreia_Cunha-1-150x150.jpg","caption":"Andreia Cunha"},"url":"https:\/\/www.altominho.tv\/site\/author\/andreiacunha\/"}]}},"_links":{"self":[{"href":"https:\/\/www.altominho.tv\/site\/wp-json\/wp\/v2\/posts\/121186","targetHints":{"allow":["GET"]}}],"collection":[{"href":"https:\/\/www.altominho.tv\/site\/wp-json\/wp\/v2\/posts"}],"about":[{"href":"https:\/\/www.altominho.tv\/site\/wp-json\/wp\/v2\/types\/post"}],"author":[{"embeddable":true,"href":"https:\/\/www.altominho.tv\/site\/wp-json\/wp\/v2\/users\/7"}],"replies":[{"embeddable":true,"href":"https:\/\/www.altominho.tv\/site\/wp-json\/wp\/v2\/comments?post=121186"}],"version-history":[{"count":1,"href":"https:\/\/www.altominho.tv\/site\/wp-json\/wp\/v2\/posts\/121186\/revisions"}],"predecessor-version":[{"id":121188,"href":"https:\/\/www.altominho.tv\/site\/wp-json\/wp\/v2\/posts\/121186\/revisions\/121188"}],"wp:featuredmedia":[{"embeddable":true,"href":"https:\/\/www.altominho.tv\/site\/wp-json\/wp\/v2\/media\/121187"}],"wp:attachment":[{"href":"https:\/\/www.altominho.tv\/site\/wp-json\/wp\/v2\/media?parent=121186"}],"wp:term":[{"taxonomy":"category","embeddable":true,"href":"https:\/\/www.altominho.tv\/site\/wp-json\/wp\/v2\/categories?post=121186"},{"taxonomy":"post_tag","embeddable":true,"href":"https:\/\/www.altominho.tv\/site\/wp-json\/wp\/v2\/tags?post=121186"}],"curies":[{"name":"wp","href":"https:\/\/api.w.org\/{rel}","templated":true}]}}