{"id":121122,"date":"2025-07-23T15:16:28","date_gmt":"2025-07-23T14:16:28","guid":{"rendered":"https:\/\/www.altominho.tv\/site\/?p=121122"},"modified":"2025-07-23T15:16:30","modified_gmt":"2025-07-23T14:16:30","slug":"avenida-recontro-de-valdevez-reabre-a-circulacao","status":"publish","type":"post","link":"https:\/\/www.altominho.tv\/site\/2025\/07\/23\/avenida-recontro-de-valdevez-reabre-a-circulacao\/","title":{"rendered":"Avenida Recontro de Valdevez reabre \u00e0 circula\u00e7\u00e3o"},"content":{"rendered":"<p class=\"p1\">A C\u00e2mara Municipal de Arcos de Valdevez reabriu a Avenida Recontro de Valdevez \u00e0 circula\u00e7\u00e3o, apesar de ainda estarem em curso as obras de reabilita\u00e7\u00e3o urban\u00edstica do Campo de Traslad\u00e1rio.<\/p>\n<p class=\"p1\">O presidente da autarquia, Oleg\u00e1rio Gon\u00e7alves, justificou a suspens\u00e3o tempor\u00e1ria dos trabalhos com \u201ca necessidade de responder ao aumento da atividade e aflu\u00eancia de pessoas durante os meses de ver\u00e3o\u201d.<\/p>\n<p class=\"p1\">Refor\u00e7ou ainda o apelo \u00e0 \u201cpreserva\u00e7\u00e3o do espa\u00e7o e ao cumprimento das regras de circula\u00e7\u00e3o, destacando que est\u00e1 proibida a circula\u00e7\u00e3o de ve\u00edculos pesados, exceto transportes p\u00fablicos e viaturas de recolha de res\u00edduos\u201d.<\/p>\n<p class=\"p1\">A reabertura parcial representa uma solu\u00e7\u00e3o de equil\u00edbrio entre a mobilidade urbana e a continuidade da obra.<\/p>\n","protected":false},"excerpt":{"rendered":"<p>A C\u00e2mara Municipal de Arcos de Valdevez reabriu a Avenida Recontro de Valdevez \u00e0 circula\u00e7\u00e3o, apesar de ainda estarem em curso as obras de reabilita\u00e7\u00e3o urban\u00edstica do Campo de Traslad\u00e1rio. O presidente da autarquia, Oleg\u00e1rio Gon\u00e7alves, justificou a suspens\u00e3o tempor\u00e1ria dos trabalhos com \u201ca necessidade de responder ao aumento da atividade e aflu\u00eancia de pessoas [&hellip;]<\/p>\n","protected":false},"author":1,"featured_media":121123,"comment_status":"closed","ping_status":"closed","sticky":false,"template":"","format":"standard","meta":{"_exactmetrics_skip_tracking":false,"_exactmetrics_sitenote_active":false,"_exactmetrics_sitenote_note":"","_exactmetrics_sitenote_category":0,"footnotes":""},"categories":[2],"tags":[27],"class_list":["post-121122","post","type-post","status-publish","format-standard","has-post-thumbnail","hentry","category-arcos-de-valdevez","tag-sociedade"],"yoast_head":"<!-- This site is optimized with the Yoast SEO Premium plugin v27.4 (Yoast SEO v27.4) - https:\/\/yoast.com\/product\/yoast-seo-premium-wordpress\/ -->\n<title>Avenida Recontro de Valdevez reabre \u00e0 circula\u00e7\u00e3o<\/title>\n<meta name=\"description\" content=\"A C\u00e2mara Municipal de Arcos de Valdevez reabriu a Avenida Recontro de Valdevez \u00e0 circula\u00e7\u00e3o, apesar de ainda estarem em curso as obras de reabilita\u00e7\u00e3o urban\u00edstica do Campo de Traslad\u00e1rio.\" \/>\n<meta name=\"robots\" content=\"index, follow, max-snippet:-1, max-image-preview:large, max-video-preview:-1\" \/>\n<link rel=\"canonical\" href=\"https:\/\/www.altominho.tv\/site\/2025\/07\/23\/avenida-recontro-de-valdevez-reabre-a-circulacao\/\" \/>\n<meta property=\"og:locale\" content=\"pt_PT\" \/>\n<meta property=\"og:type\" content=\"article\" \/>\n<meta property=\"og:title\" content=\"Avenida Recontro de Valdevez reabre \u00e0 circula\u00e7\u00e3o\" \/>\n<meta property=\"og:description\" content=\"A C\u00e2mara Municipal de Arcos de Valdevez reabriu a Avenida Recontro de Valdevez \u00e0 circula\u00e7\u00e3o, apesar de ainda estarem em curso as obras de reabilita\u00e7\u00e3o urban\u00edstica do Campo de Traslad\u00e1rio.\" \/>\n<meta property=\"og:url\" content=\"https:\/\/www.altominho.tv\/site\/2025\/07\/23\/avenida-recontro-de-valdevez-reabre-a-circulacao\/\" \/>\n<meta property=\"og:site_name\" content=\"Altominho.tv\" \/>\n<meta property=\"article:publisher\" content=\"https:\/\/www.facebook.com\/altominhotv\" \/>\n<meta property=\"article:published_time\" content=\"2025-07-23T14:16:28+00:00\" \/>\n<meta property=\"article:modified_time\" content=\"2025-07-23T14:16:30+00:00\" \/>\n<meta property=\"og:image\" content=\"https:\/\/www.altominho.tv\/site\/wp-content\/uploads\/2025\/07\/avenida-recontro-de-valdevez.jpg\" \/>\n\t<meta property=\"og:image:width\" content=\"1200\" \/>\n\t<meta property=\"og:image:height\" content=\"630\" \/>\n\t<meta property=\"og:image:type\" content=\"image\/jpeg\" \/>\n<meta name=\"author\" content=\"Altominho.tv\" \/>\n<meta name=\"twitter:card\" content=\"summary_large_image\" \/>\n<meta name=\"twitter:creator\" content=\"@altominhoTV\" \/>\n<meta name=\"twitter:site\" content=\"@altominhoTV\" \/>\n<meta name=\"twitter:label1\" content=\"Escrito por\" \/>\n\t<meta name=\"twitter:data1\" content=\"Altominho.tv\" \/>\n\t<meta name=\"twitter:label2\" content=\"Tempo estimado de leitura\" \/>\n\t<meta name=\"twitter:data2\" content=\"1 minuto\" \/>\n<script type=\"application\/ld+json\" class=\"yoast-schema-graph\">{\"@context\":\"https:\\\/\\\/schema.org\",\"@graph\":[{\"@type\":\"Article\",\"@id\":\"https:\\\/\\\/www.altominho.tv\\\/site\\\/2025\\\/07\\\/23\\\/avenida-recontro-de-valdevez-reabre-a-circulacao\\\/#article\",\"isPartOf\":{\"@id\":\"https:\\\/\\\/www.altominho.tv\\\/site\\\/2025\\\/07\\\/23\\\/avenida-recontro-de-valdevez-reabre-a-circulacao\\\/\"},\"author\":{\"name\":\"Altominho.tv\",\"@id\":\"https:\\\/\\\/www.altominho.tv\\\/site\\\/#\\\/schema\\\/person\\\/4e536851627d7914baf3dac752b6af22\"},\"headline\":\"Avenida Recontro de Valdevez reabre \u00e0 circula\u00e7\u00e3o\",\"datePublished\":\"2025-07-23T14:16:28+00:00\",\"dateModified\":\"2025-07-23T14:16:30+00:00\",\"mainEntityOfPage\":{\"@id\":\"https:\\\/\\\/www.altominho.tv\\\/site\\\/2025\\\/07\\\/23\\\/avenida-recontro-de-valdevez-reabre-a-circulacao\\\/\"},\"wordCount\":136,\"image\":{\"@id\":\"https:\\\/\\\/www.altominho.tv\\\/site\\\/2025\\\/07\\\/23\\\/avenida-recontro-de-valdevez-reabre-a-circulacao\\\/#primaryimage\"},\"thumbnailUrl\":\"https:\\\/\\\/www.altominho.tv\\\/site\\\/wp-content\\\/uploads\\\/2025\\\/07\\\/avenida-recontro-de-valdevez.jpg\",\"keywords\":[\"Sociedade\"],\"articleSection\":[\"Arcos de Valdevez\"],\"inLanguage\":\"pt-PT\",\"copyrightYear\":\"2025\",\"copyrightHolder\":{\"@id\":\"https:\\\/\\\/www.altominho.tv\\\/site\\\/#organization\"}},{\"@type\":\"WebPage\",\"@id\":\"https:\\\/\\\/www.altominho.tv\\\/site\\\/2025\\\/07\\\/23\\\/avenida-recontro-de-valdevez-reabre-a-circulacao\\\/\",\"url\":\"https:\\\/\\\/www.altominho.tv\\\/site\\\/2025\\\/07\\\/23\\\/avenida-recontro-de-valdevez-reabre-a-circulacao\\\/\",\"name\":\"Avenida Recontro de Valdevez reabre \u00e0 circula\u00e7\u00e3o\",\"isPartOf\":{\"@id\":\"https:\\\/\\\/www.altominho.tv\\\/site\\\/#website\"},\"primaryImageOfPage\":{\"@id\":\"https:\\\/\\\/www.altominho.tv\\\/site\\\/2025\\\/07\\\/23\\\/avenida-recontro-de-valdevez-reabre-a-circulacao\\\/#primaryimage\"},\"image\":{\"@id\":\"https:\\\/\\\/www.altominho.tv\\\/site\\\/2025\\\/07\\\/23\\\/avenida-recontro-de-valdevez-reabre-a-circulacao\\\/#primaryimage\"},\"thumbnailUrl\":\"https:\\\/\\\/www.altominho.tv\\\/site\\\/wp-content\\\/uploads\\\/2025\\\/07\\\/avenida-recontro-de-valdevez.jpg\",\"datePublished\":\"2025-07-23T14:16:28+00:00\",\"dateModified\":\"2025-07-23T14:16:30+00:00\",\"author\":{\"@id\":\"https:\\\/\\\/www.altominho.tv\\\/site\\\/#\\\/schema\\\/person\\\/4e536851627d7914baf3dac752b6af22\"},\"description\":\"A C\u00e2mara Municipal de Arcos de Valdevez reabriu a Avenida Recontro de Valdevez \u00e0 circula\u00e7\u00e3o, apesar de ainda estarem em curso as obras de reabilita\u00e7\u00e3o urban\u00edstica do Campo de Traslad\u00e1rio.\",\"breadcrumb\":{\"@id\":\"https:\\\/\\\/www.altominho.tv\\\/site\\\/2025\\\/07\\\/23\\\/avenida-recontro-de-valdevez-reabre-a-circulacao\\\/#breadcrumb\"},\"inLanguage\":\"pt-PT\",\"potentialAction\":[{\"@type\":\"ReadAction\",\"target\":[\"https:\\\/\\\/www.altominho.tv\\\/site\\\/2025\\\/07\\\/23\\\/avenida-recontro-de-valdevez-reabre-a-circulacao\\\/\"]}]},{\"@type\":\"ImageObject\",\"inLanguage\":\"pt-PT\",\"@id\":\"https:\\\/\\\/www.altominho.tv\\\/site\\\/2025\\\/07\\\/23\\\/avenida-recontro-de-valdevez-reabre-a-circulacao\\\/#primaryimage\",\"url\":\"https:\\\/\\\/www.altominho.tv\\\/site\\\/wp-content\\\/uploads\\\/2025\\\/07\\\/avenida-recontro-de-valdevez.jpg\",\"contentUrl\":\"https:\\\/\\\/www.altominho.tv\\\/site\\\/wp-content\\\/uploads\\\/2025\\\/07\\\/avenida-recontro-de-valdevez.jpg\",\"width\":1200,\"height\":630},{\"@type\":\"BreadcrumbList\",\"@id\":\"https:\\\/\\\/www.altominho.tv\\\/site\\\/2025\\\/07\\\/23\\\/avenida-recontro-de-valdevez-reabre-a-circulacao\\\/#breadcrumb\",\"itemListElement\":[{\"@type\":\"ListItem\",\"position\":1,\"name\":\"In\u00edcio\",\"item\":\"https:\\\/\\\/www.altominho.tv\\\/site\\\/\"},{\"@type\":\"ListItem\",\"position\":2,\"name\":\"Avenida Recontro de Valdevez reabre \u00e0 circula\u00e7\u00e3o\"}]},{\"@type\":\"WebSite\",\"@id\":\"https:\\\/\\\/www.altominho.tv\\\/site\\\/#website\",\"url\":\"https:\\\/\\\/www.altominho.tv\\\/site\\\/\",\"name\":\"Altominho.tv\",\"description\":\"A sua regi\u00e3o \u00e0 dist\u00e2ncia de um clique...\",\"potentialAction\":[{\"@type\":\"SearchAction\",\"target\":{\"@type\":\"EntryPoint\",\"urlTemplate\":\"https:\\\/\\\/www.altominho.tv\\\/site\\\/?s={search_term_string}\"},\"query-input\":{\"@type\":\"PropertyValueSpecification\",\"valueRequired\":true,\"valueName\":\"search_term_string\"}}],\"inLanguage\":\"pt-PT\"},{\"@type\":\"Person\",\"@id\":\"https:\\\/\\\/www.altominho.tv\\\/site\\\/#\\\/schema\\\/person\\\/4e536851627d7914baf3dac752b6af22\",\"name\":\"Altominho.tv\",\"image\":{\"@type\":\"ImageObject\",\"inLanguage\":\"pt-PT\",\"@id\":\"https:\\\/\\\/www.altominho.tv\\\/site\\\/wp-content\\\/uploads\\\/2019\\\/11\\\/Logo_Avatar_2-150x150.jpg\",\"url\":\"https:\\\/\\\/www.altominho.tv\\\/site\\\/wp-content\\\/uploads\\\/2019\\\/11\\\/Logo_Avatar_2-150x150.jpg\",\"contentUrl\":\"https:\\\/\\\/www.altominho.tv\\\/site\\\/wp-content\\\/uploads\\\/2019\\\/11\\\/Logo_Avatar_2-150x150.jpg\",\"caption\":\"Altominho.tv\"},\"url\":\"https:\\\/\\\/www.altominho.tv\\\/site\\\/author\\\/altominhotv-tecnico\\\/\"}]}<\/script>\n<!-- \/ Yoast SEO Premium plugin. -->","yoast_head_json":{"title":"Avenida Recontro de Valdevez reabre \u00e0 circula\u00e7\u00e3o","description":"A C\u00e2mara Municipal de Arcos de Valdevez reabriu a Avenida Recontro de Valdevez \u00e0 circula\u00e7\u00e3o, apesar de ainda estarem em curso as obras de reabilita\u00e7\u00e3o urban\u00edstica do Campo de Traslad\u00e1rio.","robots":{"index":"index","follow":"follow","max-snippet":"max-snippet:-1","max-image-preview":"max-image-preview:large","max-video-preview":"max-video-preview:-1"},"canonical":"https:\/\/www.altominho.tv\/site\/2025\/07\/23\/avenida-recontro-de-valdevez-reabre-a-circulacao\/","og_locale":"pt_PT","og_type":"article","og_title":"Avenida Recontro de Valdevez reabre \u00e0 circula\u00e7\u00e3o","og_description":"A C\u00e2mara Municipal de Arcos de Valdevez reabriu a Avenida Recontro de Valdevez \u00e0 circula\u00e7\u00e3o, apesar de ainda estarem em curso as obras de reabilita\u00e7\u00e3o urban\u00edstica do Campo de Traslad\u00e1rio.","og_url":"https:\/\/www.altominho.tv\/site\/2025\/07\/23\/avenida-recontro-de-valdevez-reabre-a-circulacao\/","og_site_name":"Altominho.tv","article_publisher":"https:\/\/www.facebook.com\/altominhotv","article_published_time":"2025-07-23T14:16:28+00:00","article_modified_time":"2025-07-23T14:16:30+00:00","og_image":[{"width":1200,"height":630,"url":"https:\/\/www.altominho.tv\/site\/wp-content\/uploads\/2025\/07\/avenida-recontro-de-valdevez.jpg","type":"image\/jpeg"}],"author":"Altominho.tv","twitter_card":"summary_large_image","twitter_creator":"@altominhoTV","twitter_site":"@altominhoTV","twitter_misc":{"Escrito por":"Altominho.tv","Tempo estimado de leitura":"1 minuto"},"schema":{"@context":"https:\/\/schema.org","@graph":[{"@type":"Article","@id":"https:\/\/www.altominho.tv\/site\/2025\/07\/23\/avenida-recontro-de-valdevez-reabre-a-circulacao\/#article","isPartOf":{"@id":"https:\/\/www.altominho.tv\/site\/2025\/07\/23\/avenida-recontro-de-valdevez-reabre-a-circulacao\/"},"author":{"name":"Altominho.tv","@id":"https:\/\/www.altominho.tv\/site\/#\/schema\/person\/4e536851627d7914baf3dac752b6af22"},"headline":"Avenida Recontro de Valdevez reabre \u00e0 circula\u00e7\u00e3o","datePublished":"2025-07-23T14:16:28+00:00","dateModified":"2025-07-23T14:16:30+00:00","mainEntityOfPage":{"@id":"https:\/\/www.altominho.tv\/site\/2025\/07\/23\/avenida-recontro-de-valdevez-reabre-a-circulacao\/"},"wordCount":136,"image":{"@id":"https:\/\/www.altominho.tv\/site\/2025\/07\/23\/avenida-recontro-de-valdevez-reabre-a-circulacao\/#primaryimage"},"thumbnailUrl":"https:\/\/www.altominho.tv\/site\/wp-content\/uploads\/2025\/07\/avenida-recontro-de-valdevez.jpg","keywords":["Sociedade"],"articleSection":["Arcos de Valdevez"],"inLanguage":"pt-PT","copyrightYear":"2025","copyrightHolder":{"@id":"https:\/\/www.altominho.tv\/site\/#organization"}},{"@type":"WebPage","@id":"https:\/\/www.altominho.tv\/site\/2025\/07\/23\/avenida-recontro-de-valdevez-reabre-a-circulacao\/","url":"https:\/\/www.altominho.tv\/site\/2025\/07\/23\/avenida-recontro-de-valdevez-reabre-a-circulacao\/","name":"Avenida Recontro de Valdevez reabre \u00e0 circula\u00e7\u00e3o","isPartOf":{"@id":"https:\/\/www.altominho.tv\/site\/#website"},"primaryImageOfPage":{"@id":"https:\/\/www.altominho.tv\/site\/2025\/07\/23\/avenida-recontro-de-valdevez-reabre-a-circulacao\/#primaryimage"},"image":{"@id":"https:\/\/www.altominho.tv\/site\/2025\/07\/23\/avenida-recontro-de-valdevez-reabre-a-circulacao\/#primaryimage"},"thumbnailUrl":"https:\/\/www.altominho.tv\/site\/wp-content\/uploads\/2025\/07\/avenida-recontro-de-valdevez.jpg","datePublished":"2025-07-23T14:16:28+00:00","dateModified":"2025-07-23T14:16:30+00:00","author":{"@id":"https:\/\/www.altominho.tv\/site\/#\/schema\/person\/4e536851627d7914baf3dac752b6af22"},"description":"A C\u00e2mara Municipal de Arcos de Valdevez reabriu a Avenida Recontro de Valdevez \u00e0 circula\u00e7\u00e3o, apesar de ainda estarem em curso as obras de reabilita\u00e7\u00e3o urban\u00edstica do Campo de Traslad\u00e1rio.","breadcrumb":{"@id":"https:\/\/www.altominho.tv\/site\/2025\/07\/23\/avenida-recontro-de-valdevez-reabre-a-circulacao\/#breadcrumb"},"inLanguage":"pt-PT","potentialAction":[{"@type":"ReadAction","target":["https:\/\/www.altominho.tv\/site\/2025\/07\/23\/avenida-recontro-de-valdevez-reabre-a-circulacao\/"]}]},{"@type":"ImageObject","inLanguage":"pt-PT","@id":"https:\/\/www.altominho.tv\/site\/2025\/07\/23\/avenida-recontro-de-valdevez-reabre-a-circulacao\/#primaryimage","url":"https:\/\/www.altominho.tv\/site\/wp-content\/uploads\/2025\/07\/avenida-recontro-de-valdevez.jpg","contentUrl":"https:\/\/www.altominho.tv\/site\/wp-content\/uploads\/2025\/07\/avenida-recontro-de-valdevez.jpg","width":1200,"height":630},{"@type":"BreadcrumbList","@id":"https:\/\/www.altominho.tv\/site\/2025\/07\/23\/avenida-recontro-de-valdevez-reabre-a-circulacao\/#breadcrumb","itemListElement":[{"@type":"ListItem","position":1,"name":"In\u00edcio","item":"https:\/\/www.altominho.tv\/site\/"},{"@type":"ListItem","position":2,"name":"Avenida Recontro de Valdevez reabre \u00e0 circula\u00e7\u00e3o"}]},{"@type":"WebSite","@id":"https:\/\/www.altominho.tv\/site\/#website","url":"https:\/\/www.altominho.tv\/site\/","name":"Altominho.tv","description":"A sua regi\u00e3o \u00e0 dist\u00e2ncia de um clique...","potentialAction":[{"@type":"SearchAction","target":{"@type":"EntryPoint","urlTemplate":"https:\/\/www.altominho.tv\/site\/?s={search_term_string}"},"query-input":{"@type":"PropertyValueSpecification","valueRequired":true,"valueName":"search_term_string"}}],"inLanguage":"pt-PT"},{"@type":"Person","@id":"https:\/\/www.altominho.tv\/site\/#\/schema\/person\/4e536851627d7914baf3dac752b6af22","name":"Altominho.tv","image":{"@type":"ImageObject","inLanguage":"pt-PT","@id":"https:\/\/www.altominho.tv\/site\/wp-content\/uploads\/2019\/11\/Logo_Avatar_2-150x150.jpg","url":"https:\/\/www.altominho.tv\/site\/wp-content\/uploads\/2019\/11\/Logo_Avatar_2-150x150.jpg","contentUrl":"https:\/\/www.altominho.tv\/site\/wp-content\/uploads\/2019\/11\/Logo_Avatar_2-150x150.jpg","caption":"Altominho.tv"},"url":"https:\/\/www.altominho.tv\/site\/author\/altominhotv-tecnico\/"}]}},"_links":{"self":[{"href":"https:\/\/www.altominho.tv\/site\/wp-json\/wp\/v2\/posts\/121122","targetHints":{"allow":["GET"]}}],"collection":[{"href":"https:\/\/www.altominho.tv\/site\/wp-json\/wp\/v2\/posts"}],"about":[{"href":"https:\/\/www.altominho.tv\/site\/wp-json\/wp\/v2\/types\/post"}],"author":[{"embeddable":true,"href":"https:\/\/www.altominho.tv\/site\/wp-json\/wp\/v2\/users\/1"}],"replies":[{"embeddable":true,"href":"https:\/\/www.altominho.tv\/site\/wp-json\/wp\/v2\/comments?post=121122"}],"version-history":[{"count":1,"href":"https:\/\/www.altominho.tv\/site\/wp-json\/wp\/v2\/posts\/121122\/revisions"}],"predecessor-version":[{"id":121124,"href":"https:\/\/www.altominho.tv\/site\/wp-json\/wp\/v2\/posts\/121122\/revisions\/121124"}],"wp:featuredmedia":[{"embeddable":true,"href":"https:\/\/www.altominho.tv\/site\/wp-json\/wp\/v2\/media\/121123"}],"wp:attachment":[{"href":"https:\/\/www.altominho.tv\/site\/wp-json\/wp\/v2\/media?parent=121122"}],"wp:term":[{"taxonomy":"category","embeddable":true,"href":"https:\/\/www.altominho.tv\/site\/wp-json\/wp\/v2\/categories?post=121122"},{"taxonomy":"post_tag","embeddable":true,"href":"https:\/\/www.altominho.tv\/site\/wp-json\/wp\/v2\/tags?post=121122"}],"curies":[{"name":"wp","href":"https:\/\/api.w.org\/{rel}","templated":true}]}}