{"id":121081,"date":"2025-07-22T16:55:44","date_gmt":"2025-07-22T15:55:44","guid":{"rendered":"https:\/\/www.altominho.tv\/site\/?p=121081"},"modified":"2025-07-22T16:55:46","modified_gmt":"2025-07-22T15:55:46","slug":"artin-rio-junta-diversas-artes-junto-ao-rio-mouro","status":"publish","type":"post","link":"https:\/\/www.altominho.tv\/site\/2025\/07\/22\/artin-rio-junta-diversas-artes-junto-ao-rio-mouro\/","title":{"rendered":"Art\u2019in Rio junta diversas artes junto ao rio Mouro"},"content":{"rendered":"<p class=\"p1\">A terceira edi\u00e7\u00e3o do Art\u2019in Rio vai-se realizar este fim de semana, de 25 a 27 de julho, junto ao rio Mouro, na freguesia de Podame, em Mon\u00e7\u00e3o.<\/p>\n<p class=\"p1\">Com a finalidade de associar a componente art\u00edstica \u00e0 envolv\u00eancia natural, potenciando o territ\u00f3rio do Vale do Mouro, este evento apresenta um programa diversificado, preenchido por demonstra\u00e7\u00f5es das v\u00e1rias artes, desde pintura a m\u00fasica, teatro e ainda poesia.<\/p>\n<p class=\"p1\">Entre as atividades propostas, destacam-se v\u00e1rios momentos musicais e performativos, ateli\u00eas art\u00edsticos para as crian\u00e7as e jovens, e uma exposi\u00e7\u00e3o de pintura, que apenas pode ser visualizada com os p\u00e9s dentro da \u00e1gua do rio Mouro.<\/p>\n<p class=\"p1\">Promovido pela Junta de Freguesia de Podame, com apoio da C\u00e2mara Municipal de Mon\u00e7\u00e3o, a abertura oficial do evento realiza-se na sexta-feira, pelas 19h00.<\/p>\n\n\n<p class=\"wp-block-paragraph\"><\/p>\n","protected":false},"excerpt":{"rendered":"<p>A terceira edi\u00e7\u00e3o do Art\u2019in Rio vai-se realizar este fim de semana, de 25 a 27 de julho, junto ao rio Mouro, na freguesia de Podame, em Mon\u00e7\u00e3o. Com a finalidade de associar a componente art\u00edstica \u00e0 envolv\u00eancia natural, potenciando o territ\u00f3rio do Vale do Mouro, este evento apresenta um programa diversificado, preenchido por demonstra\u00e7\u00f5es [&hellip;]<\/p>\n","protected":false},"author":1,"featured_media":121082,"comment_status":"closed","ping_status":"closed","sticky":false,"template":"","format":"standard","meta":{"_exactmetrics_skip_tracking":false,"footnotes":""},"categories":[9],"tags":[24],"class_list":["post-121081","post","type-post","status-publish","format-standard","has-post-thumbnail","hentry","category-moncao","tag-lazer"],"yoast_head":"<!-- This site is optimized with the Yoast SEO Premium plugin v28.3 (Yoast SEO v28.3) - https:\/\/yoast.com\/product\/yoast-seo-premium-wordpress\/ -->\n<title>Art\u2019in Rio junta diversas artes junto ao rio Mouro<\/title>\n<meta name=\"description\" content=\"A terceira edi\u00e7\u00e3o do Art\u2019in Rio vai-se realizar este fim de semana, de 25 a 27 de julho, junto ao rio Mouro, na freguesia de Podame, em Mon\u00e7\u00e3o.\" \/>\n<meta name=\"robots\" content=\"index, follow, max-snippet:-1, max-image-preview:large, max-video-preview:-1\" \/>\n<link rel=\"canonical\" href=\"https:\/\/www.altominho.tv\/site\/2025\/07\/22\/artin-rio-junta-diversas-artes-junto-ao-rio-mouro\/\" \/>\n<meta property=\"og:locale\" content=\"pt_PT\" \/>\n<meta property=\"og:type\" content=\"article\" \/>\n<meta property=\"og:title\" content=\"Art\u2019in Rio junta diversas artes junto ao rio Mouro\" \/>\n<meta property=\"og:description\" content=\"A terceira edi\u00e7\u00e3o do Art\u2019in Rio vai-se realizar este fim de semana, de 25 a 27 de julho, junto ao rio Mouro, na freguesia de Podame, em Mon\u00e7\u00e3o.\" \/>\n<meta property=\"og:url\" content=\"https:\/\/www.altominho.tv\/site\/2025\/07\/22\/artin-rio-junta-diversas-artes-junto-ao-rio-mouro\/\" \/>\n<meta property=\"og:site_name\" content=\"Altominho.tv\" \/>\n<meta property=\"article:publisher\" content=\"https:\/\/www.facebook.com\/altominhotv\" \/>\n<meta property=\"article:published_time\" content=\"2025-07-22T15:55:44+00:00\" \/>\n<meta property=\"article:modified_time\" content=\"2025-07-22T15:55:46+00:00\" \/>\n<meta property=\"og:image\" content=\"https:\/\/www.altominho.tv\/site\/wp-content\/uploads\/2025\/07\/artin-rio.jpg\" \/>\n\t<meta property=\"og:image:width\" content=\"1200\" \/>\n\t<meta property=\"og:image:height\" content=\"630\" \/>\n\t<meta property=\"og:image:type\" content=\"image\/jpeg\" \/>\n<meta name=\"author\" content=\"Altominho.tv\" \/>\n<meta name=\"twitter:card\" content=\"summary_large_image\" \/>\n<meta name=\"twitter:creator\" content=\"@altominhoTV\" \/>\n<meta name=\"twitter:site\" content=\"@altominhoTV\" \/>\n<meta name=\"twitter:label1\" content=\"Escrito por\" \/>\n\t<meta name=\"twitter:data1\" content=\"Altominho.tv\" \/>\n\t<meta name=\"twitter:label2\" content=\"Tempo estimado de leitura\" \/>\n\t<meta name=\"twitter:data2\" content=\"1 minuto\" \/>\n<script type=\"application\/ld+json\" class=\"yoast-schema-graph\">{\"@context\":\"https:\\\/\\\/schema.org\",\"@graph\":[{\"@type\":\"Article\",\"@id\":\"https:\\\/\\\/www.altominho.tv\\\/site\\\/2025\\\/07\\\/22\\\/artin-rio-junta-diversas-artes-junto-ao-rio-mouro\\\/#article\",\"isPartOf\":{\"@id\":\"https:\\\/\\\/www.altominho.tv\\\/site\\\/2025\\\/07\\\/22\\\/artin-rio-junta-diversas-artes-junto-ao-rio-mouro\\\/\"},\"author\":{\"name\":\"Altominho.tv\",\"@id\":\"https:\\\/\\\/www.altominho.tv\\\/site\\\/#\\\/schema\\\/person\\\/4e536851627d7914baf3dac752b6af22\"},\"headline\":\"Art\u2019in Rio junta diversas artes junto ao rio Mouro\",\"datePublished\":\"2025-07-22T15:55:44+00:00\",\"dateModified\":\"2025-07-22T15:55:46+00:00\",\"mainEntityOfPage\":{\"@id\":\"https:\\\/\\\/www.altominho.tv\\\/site\\\/2025\\\/07\\\/22\\\/artin-rio-junta-diversas-artes-junto-ao-rio-mouro\\\/\"},\"wordCount\":150,\"image\":{\"@id\":\"https:\\\/\\\/www.altominho.tv\\\/site\\\/2025\\\/07\\\/22\\\/artin-rio-junta-diversas-artes-junto-ao-rio-mouro\\\/#primaryimage\"},\"thumbnailUrl\":\"https:\\\/\\\/www.altominho.tv\\\/site\\\/wp-content\\\/uploads\\\/2025\\\/07\\\/artin-rio.jpg\",\"keywords\":[\"Lazer\"],\"articleSection\":[\"Mon\u00e7\u00e3o\"],\"inLanguage\":\"pt-PT\",\"copyrightYear\":\"2025\",\"copyrightHolder\":{\"@id\":\"https:\\\/\\\/www.altominho.tv\\\/site\\\/#organization\"}},{\"@type\":\"WebPage\",\"@id\":\"https:\\\/\\\/www.altominho.tv\\\/site\\\/2025\\\/07\\\/22\\\/artin-rio-junta-diversas-artes-junto-ao-rio-mouro\\\/\",\"url\":\"https:\\\/\\\/www.altominho.tv\\\/site\\\/2025\\\/07\\\/22\\\/artin-rio-junta-diversas-artes-junto-ao-rio-mouro\\\/\",\"name\":\"Art\u2019in Rio junta diversas artes junto ao rio Mouro\",\"isPartOf\":{\"@id\":\"https:\\\/\\\/www.altominho.tv\\\/site\\\/#website\"},\"primaryImageOfPage\":{\"@id\":\"https:\\\/\\\/www.altominho.tv\\\/site\\\/2025\\\/07\\\/22\\\/artin-rio-junta-diversas-artes-junto-ao-rio-mouro\\\/#primaryimage\"},\"image\":{\"@id\":\"https:\\\/\\\/www.altominho.tv\\\/site\\\/2025\\\/07\\\/22\\\/artin-rio-junta-diversas-artes-junto-ao-rio-mouro\\\/#primaryimage\"},\"thumbnailUrl\":\"https:\\\/\\\/www.altominho.tv\\\/site\\\/wp-content\\\/uploads\\\/2025\\\/07\\\/artin-rio.jpg\",\"datePublished\":\"2025-07-22T15:55:44+00:00\",\"dateModified\":\"2025-07-22T15:55:46+00:00\",\"author\":{\"@id\":\"https:\\\/\\\/www.altominho.tv\\\/site\\\/#\\\/schema\\\/person\\\/4e536851627d7914baf3dac752b6af22\"},\"description\":\"A terceira edi\u00e7\u00e3o do Art\u2019in Rio vai-se realizar este fim de semana, de 25 a 27 de julho, junto ao rio Mouro, na freguesia de Podame, em Mon\u00e7\u00e3o.\",\"breadcrumb\":{\"@id\":\"https:\\\/\\\/www.altominho.tv\\\/site\\\/2025\\\/07\\\/22\\\/artin-rio-junta-diversas-artes-junto-ao-rio-mouro\\\/#breadcrumb\"},\"inLanguage\":\"pt-PT\",\"potentialAction\":[{\"@type\":\"ReadAction\",\"target\":[\"https:\\\/\\\/www.altominho.tv\\\/site\\\/2025\\\/07\\\/22\\\/artin-rio-junta-diversas-artes-junto-ao-rio-mouro\\\/\"]}]},{\"@type\":\"ImageObject\",\"inLanguage\":\"pt-PT\",\"@id\":\"https:\\\/\\\/www.altominho.tv\\\/site\\\/2025\\\/07\\\/22\\\/artin-rio-junta-diversas-artes-junto-ao-rio-mouro\\\/#primaryimage\",\"url\":\"https:\\\/\\\/www.altominho.tv\\\/site\\\/wp-content\\\/uploads\\\/2025\\\/07\\\/artin-rio.jpg\",\"contentUrl\":\"https:\\\/\\\/www.altominho.tv\\\/site\\\/wp-content\\\/uploads\\\/2025\\\/07\\\/artin-rio.jpg\",\"width\":1200,\"height\":630},{\"@type\":\"BreadcrumbList\",\"@id\":\"https:\\\/\\\/www.altominho.tv\\\/site\\\/2025\\\/07\\\/22\\\/artin-rio-junta-diversas-artes-junto-ao-rio-mouro\\\/#breadcrumb\",\"itemListElement\":[{\"@type\":\"ListItem\",\"position\":1,\"name\":\"In\u00edcio\",\"item\":\"https:\\\/\\\/www.altominho.tv\\\/site\\\/\"},{\"@type\":\"ListItem\",\"position\":2,\"name\":\"Art\u2019in Rio junta diversas artes junto ao rio Mouro\"}]},{\"@type\":\"WebSite\",\"@id\":\"https:\\\/\\\/www.altominho.tv\\\/site\\\/#website\",\"url\":\"https:\\\/\\\/www.altominho.tv\\\/site\\\/\",\"name\":\"Altominho.tv\",\"description\":\"A sua regi\u00e3o \u00e0 dist\u00e2ncia de um clique...\",\"potentialAction\":[{\"@type\":\"SearchAction\",\"target\":{\"@type\":\"EntryPoint\",\"urlTemplate\":\"https:\\\/\\\/www.altominho.tv\\\/site\\\/?s={search_term_string}\"},\"query-input\":{\"@type\":\"PropertyValueSpecification\",\"valueRequired\":true,\"valueName\":\"search_term_string\"}}],\"inLanguage\":\"pt-PT\"},{\"@type\":\"Person\",\"@id\":\"https:\\\/\\\/www.altominho.tv\\\/site\\\/#\\\/schema\\\/person\\\/4e536851627d7914baf3dac752b6af22\",\"name\":\"Altominho.tv\",\"image\":{\"@type\":\"ImageObject\",\"inLanguage\":\"pt-PT\",\"@id\":\"https:\\\/\\\/www.altominho.tv\\\/site\\\/wp-content\\\/uploads\\\/2019\\\/11\\\/Logo_Avatar_2-150x150.jpg\",\"url\":\"https:\\\/\\\/www.altominho.tv\\\/site\\\/wp-content\\\/uploads\\\/2019\\\/11\\\/Logo_Avatar_2-150x150.jpg\",\"contentUrl\":\"https:\\\/\\\/www.altominho.tv\\\/site\\\/wp-content\\\/uploads\\\/2019\\\/11\\\/Logo_Avatar_2-150x150.jpg\",\"caption\":\"Altominho.tv\"},\"url\":\"https:\\\/\\\/www.altominho.tv\\\/site\\\/author\\\/altominhotv-tecnico\\\/\"}]}<\/script>\n<!-- \/ Yoast SEO Premium plugin. -->","yoast_head_json":{"title":"Art\u2019in Rio junta diversas artes junto ao rio Mouro","description":"A terceira edi\u00e7\u00e3o do Art\u2019in Rio vai-se realizar este fim de semana, de 25 a 27 de julho, junto ao rio Mouro, na freguesia de Podame, em Mon\u00e7\u00e3o.","robots":{"index":"index","follow":"follow","max-snippet":"max-snippet:-1","max-image-preview":"max-image-preview:large","max-video-preview":"max-video-preview:-1"},"canonical":"https:\/\/www.altominho.tv\/site\/2025\/07\/22\/artin-rio-junta-diversas-artes-junto-ao-rio-mouro\/","og_locale":"pt_PT","og_type":"article","og_title":"Art\u2019in Rio junta diversas artes junto ao rio Mouro","og_description":"A terceira edi\u00e7\u00e3o do Art\u2019in Rio vai-se realizar este fim de semana, de 25 a 27 de julho, junto ao rio Mouro, na freguesia de Podame, em Mon\u00e7\u00e3o.","og_url":"https:\/\/www.altominho.tv\/site\/2025\/07\/22\/artin-rio-junta-diversas-artes-junto-ao-rio-mouro\/","og_site_name":"Altominho.tv","article_publisher":"https:\/\/www.facebook.com\/altominhotv","article_published_time":"2025-07-22T15:55:44+00:00","article_modified_time":"2025-07-22T15:55:46+00:00","og_image":[{"width":1200,"height":630,"url":"https:\/\/www.altominho.tv\/site\/wp-content\/uploads\/2025\/07\/artin-rio.jpg","type":"image\/jpeg"}],"author":"Altominho.tv","twitter_card":"summary_large_image","twitter_creator":"@altominhoTV","twitter_site":"@altominhoTV","twitter_misc":{"Escrito por":"Altominho.tv","Tempo estimado de leitura":"1 minuto"},"schema":{"@context":"https:\/\/schema.org","@graph":[{"@type":"Article","@id":"https:\/\/www.altominho.tv\/site\/2025\/07\/22\/artin-rio-junta-diversas-artes-junto-ao-rio-mouro\/#article","isPartOf":{"@id":"https:\/\/www.altominho.tv\/site\/2025\/07\/22\/artin-rio-junta-diversas-artes-junto-ao-rio-mouro\/"},"author":{"name":"Altominho.tv","@id":"https:\/\/www.altominho.tv\/site\/#\/schema\/person\/4e536851627d7914baf3dac752b6af22"},"headline":"Art\u2019in Rio junta diversas artes junto ao rio Mouro","datePublished":"2025-07-22T15:55:44+00:00","dateModified":"2025-07-22T15:55:46+00:00","mainEntityOfPage":{"@id":"https:\/\/www.altominho.tv\/site\/2025\/07\/22\/artin-rio-junta-diversas-artes-junto-ao-rio-mouro\/"},"wordCount":150,"image":{"@id":"https:\/\/www.altominho.tv\/site\/2025\/07\/22\/artin-rio-junta-diversas-artes-junto-ao-rio-mouro\/#primaryimage"},"thumbnailUrl":"https:\/\/www.altominho.tv\/site\/wp-content\/uploads\/2025\/07\/artin-rio.jpg","keywords":["Lazer"],"articleSection":["Mon\u00e7\u00e3o"],"inLanguage":"pt-PT","copyrightYear":"2025","copyrightHolder":{"@id":"https:\/\/www.altominho.tv\/site\/#organization"}},{"@type":"WebPage","@id":"https:\/\/www.altominho.tv\/site\/2025\/07\/22\/artin-rio-junta-diversas-artes-junto-ao-rio-mouro\/","url":"https:\/\/www.altominho.tv\/site\/2025\/07\/22\/artin-rio-junta-diversas-artes-junto-ao-rio-mouro\/","name":"Art\u2019in Rio junta diversas artes junto ao rio Mouro","isPartOf":{"@id":"https:\/\/www.altominho.tv\/site\/#website"},"primaryImageOfPage":{"@id":"https:\/\/www.altominho.tv\/site\/2025\/07\/22\/artin-rio-junta-diversas-artes-junto-ao-rio-mouro\/#primaryimage"},"image":{"@id":"https:\/\/www.altominho.tv\/site\/2025\/07\/22\/artin-rio-junta-diversas-artes-junto-ao-rio-mouro\/#primaryimage"},"thumbnailUrl":"https:\/\/www.altominho.tv\/site\/wp-content\/uploads\/2025\/07\/artin-rio.jpg","datePublished":"2025-07-22T15:55:44+00:00","dateModified":"2025-07-22T15:55:46+00:00","author":{"@id":"https:\/\/www.altominho.tv\/site\/#\/schema\/person\/4e536851627d7914baf3dac752b6af22"},"description":"A terceira edi\u00e7\u00e3o do Art\u2019in Rio vai-se realizar este fim de semana, de 25 a 27 de julho, junto ao rio Mouro, na freguesia de Podame, em Mon\u00e7\u00e3o.","breadcrumb":{"@id":"https:\/\/www.altominho.tv\/site\/2025\/07\/22\/artin-rio-junta-diversas-artes-junto-ao-rio-mouro\/#breadcrumb"},"inLanguage":"pt-PT","potentialAction":[{"@type":"ReadAction","target":["https:\/\/www.altominho.tv\/site\/2025\/07\/22\/artin-rio-junta-diversas-artes-junto-ao-rio-mouro\/"]}]},{"@type":"ImageObject","inLanguage":"pt-PT","@id":"https:\/\/www.altominho.tv\/site\/2025\/07\/22\/artin-rio-junta-diversas-artes-junto-ao-rio-mouro\/#primaryimage","url":"https:\/\/www.altominho.tv\/site\/wp-content\/uploads\/2025\/07\/artin-rio.jpg","contentUrl":"https:\/\/www.altominho.tv\/site\/wp-content\/uploads\/2025\/07\/artin-rio.jpg","width":1200,"height":630},{"@type":"BreadcrumbList","@id":"https:\/\/www.altominho.tv\/site\/2025\/07\/22\/artin-rio-junta-diversas-artes-junto-ao-rio-mouro\/#breadcrumb","itemListElement":[{"@type":"ListItem","position":1,"name":"In\u00edcio","item":"https:\/\/www.altominho.tv\/site\/"},{"@type":"ListItem","position":2,"name":"Art\u2019in Rio junta diversas artes junto ao rio Mouro"}]},{"@type":"WebSite","@id":"https:\/\/www.altominho.tv\/site\/#website","url":"https:\/\/www.altominho.tv\/site\/","name":"Altominho.tv","description":"A sua regi\u00e3o \u00e0 dist\u00e2ncia de um clique...","potentialAction":[{"@type":"SearchAction","target":{"@type":"EntryPoint","urlTemplate":"https:\/\/www.altominho.tv\/site\/?s={search_term_string}"},"query-input":{"@type":"PropertyValueSpecification","valueRequired":true,"valueName":"search_term_string"}}],"inLanguage":"pt-PT"},{"@type":"Person","@id":"https:\/\/www.altominho.tv\/site\/#\/schema\/person\/4e536851627d7914baf3dac752b6af22","name":"Altominho.tv","image":{"@type":"ImageObject","inLanguage":"pt-PT","@id":"https:\/\/www.altominho.tv\/site\/wp-content\/uploads\/2019\/11\/Logo_Avatar_2-150x150.jpg","url":"https:\/\/www.altominho.tv\/site\/wp-content\/uploads\/2019\/11\/Logo_Avatar_2-150x150.jpg","contentUrl":"https:\/\/www.altominho.tv\/site\/wp-content\/uploads\/2019\/11\/Logo_Avatar_2-150x150.jpg","caption":"Altominho.tv"},"url":"https:\/\/www.altominho.tv\/site\/author\/altominhotv-tecnico\/"}]}},"_links":{"self":[{"href":"https:\/\/www.altominho.tv\/site\/wp-json\/wp\/v2\/posts\/121081","targetHints":{"allow":["GET"]}}],"collection":[{"href":"https:\/\/www.altominho.tv\/site\/wp-json\/wp\/v2\/posts"}],"about":[{"href":"https:\/\/www.altominho.tv\/site\/wp-json\/wp\/v2\/types\/post"}],"author":[{"embeddable":true,"href":"https:\/\/www.altominho.tv\/site\/wp-json\/wp\/v2\/users\/1"}],"replies":[{"embeddable":true,"href":"https:\/\/www.altominho.tv\/site\/wp-json\/wp\/v2\/comments?post=121081"}],"version-history":[{"count":1,"href":"https:\/\/www.altominho.tv\/site\/wp-json\/wp\/v2\/posts\/121081\/revisions"}],"predecessor-version":[{"id":121083,"href":"https:\/\/www.altominho.tv\/site\/wp-json\/wp\/v2\/posts\/121081\/revisions\/121083"}],"wp:featuredmedia":[{"embeddable":true,"href":"https:\/\/www.altominho.tv\/site\/wp-json\/wp\/v2\/media\/121082"}],"wp:attachment":[{"href":"https:\/\/www.altominho.tv\/site\/wp-json\/wp\/v2\/media?parent=121081"}],"wp:term":[{"taxonomy":"category","embeddable":true,"href":"https:\/\/www.altominho.tv\/site\/wp-json\/wp\/v2\/categories?post=121081"},{"taxonomy":"post_tag","embeddable":true,"href":"https:\/\/www.altominho.tv\/site\/wp-json\/wp\/v2\/tags?post=121081"}],"curies":[{"name":"wp","href":"https:\/\/api.w.org\/{rel}","templated":true}]}}