{"id":121046,"date":"2025-07-22T10:53:28","date_gmt":"2025-07-22T09:53:28","guid":{"rendered":"https:\/\/www.altominho.tv\/site\/?p=121046"},"modified":"2025-07-22T10:53:30","modified_gmt":"2025-07-22T09:53:30","slug":"5-a-edicao-do-extreme-peneda-xures-arcos-de-valdevez","status":"publish","type":"post","link":"https:\/\/www.altominho.tv\/site\/2025\/07\/22\/5-a-edicao-do-extreme-peneda-xures-arcos-de-valdevez\/","title":{"rendered":"5.\u00aa edi\u00e7\u00e3o do Extreme Peneda Xur\u00e9s passou por Arcos de Valdevez"},"content":{"rendered":"<p class=\"p1\">No passado dia 28 de junho realizou-se a 5.\u00aa edi\u00e7\u00e3o do EXP \u2013 Extreme Peneda Xur\u00e9s. Com passagem nos concelhos de Lobeira, Entrimo e Lobios, em Espanha, e por Arcos de Valdevez, Ponte da Barca e Melga\u00e7o, em Portugal, o evento, de BTT, percorreu as serras do Leboreiro, Xur\u00e9s e Santa Euf\u00e9mia, em Espanha, e Soajo, Peneda e Laboreiro, em Portugal.<\/p>\n<p class=\"p1\">Em Espanha passou por locais como o Planalto de Leboreiro, a zona de Lazer das Perdices, os Balne\u00e1rios em Bubaces, a ruta das Minas das Sombras e a Santa Euf\u00e9mia, at\u00e9 \u00e0 fronteira da Madalena.<\/p>\n<p class=\"p1\">O EPX \u00e9 um evento de BTT, que se carateriza por se realizar em territ\u00f3rio espanhol e portugu\u00eas, na Reserva da Biosfera Transfronteiri\u00e7a Ger\u00eas-Xur\u00e9s, que agrega o Parque Natural Baixa Limia Serra do Xur\u00e9s, em Espanha, e o Parque Nacional da Peneda Ger\u00eas, em Portugal.<\/p>\n<p class=\"p1\">Por ser realizada em autonomia total, orientada exclusivamente por GPS, e por ser de dificuldade f\u00edsica e t\u00e9cnica elevadas, \u00e9 uma prova que est\u00e1 limitada, pelos Parques, a 180 inscri\u00e7\u00f5es, que se esgotam todos os anos.<\/p>\n<p class=\"p1\">Em 2021, o EPX realizou-se em Lindoso, em 2022, em Castro Laboreiro, em 2023 em Lamas de Mouro, em 2024, em Soajo, e em 2025 em Melga\u00e7o.<\/p>\n","protected":false},"excerpt":{"rendered":"<p>No passado dia 28 de junho realizou-se a 5.\u00aa edi\u00e7\u00e3o do EXP \u2013 Extreme Peneda Xur\u00e9s. Com passagem nos concelhos de Lobeira, Entrimo e Lobios, em Espanha, e por Arcos de Valdevez, Ponte da Barca e Melga\u00e7o, em Portugal, o evento, de BTT, percorreu as serras do Leboreiro, Xur\u00e9s e Santa Euf\u00e9mia, em Espanha, e [&hellip;]<\/p>\n","protected":false},"author":1,"featured_media":121047,"comment_status":"closed","ping_status":"closed","sticky":false,"template":"","format":"standard","meta":{"_exactmetrics_skip_tracking":false,"_exactmetrics_sitenote_active":false,"_exactmetrics_sitenote_note":"","_exactmetrics_sitenote_category":0,"footnotes":""},"categories":[2],"tags":[20],"class_list":["post-121046","post","type-post","status-publish","format-standard","has-post-thumbnail","hentry","category-arcos-de-valdevez","tag-desporto"],"yoast_head":"<!-- This site is optimized with the Yoast SEO Premium plugin v27.4 (Yoast SEO v27.4) - https:\/\/yoast.com\/product\/yoast-seo-premium-wordpress\/ -->\n<title>5.\u00aa edi\u00e7\u00e3o do Extreme Peneda Xur\u00e9s passou por Arcos de Valdevez<\/title>\n<meta name=\"description\" content=\"No passado dia 28 de junho realizou-se a 5.\u00aa edi\u00e7\u00e3o do EXP \u2013 Extreme Peneda Xur\u00e9s.\" \/>\n<meta name=\"robots\" content=\"index, follow, max-snippet:-1, max-image-preview:large, max-video-preview:-1\" \/>\n<link rel=\"canonical\" href=\"https:\/\/www.altominho.tv\/site\/2025\/07\/22\/5-a-edicao-do-extreme-peneda-xures-arcos-de-valdevez\/\" \/>\n<meta property=\"og:locale\" content=\"pt_PT\" \/>\n<meta property=\"og:type\" content=\"article\" \/>\n<meta property=\"og:title\" content=\"5.\u00aa edi\u00e7\u00e3o do Extreme Peneda Xur\u00e9s passou por Arcos de Valdevez\" \/>\n<meta property=\"og:description\" content=\"No passado dia 28 de junho realizou-se a 5.\u00aa edi\u00e7\u00e3o do EXP \u2013 Extreme Peneda Xur\u00e9s.\" \/>\n<meta property=\"og:url\" content=\"https:\/\/www.altominho.tv\/site\/2025\/07\/22\/5-a-edicao-do-extreme-peneda-xures-arcos-de-valdevez\/\" \/>\n<meta property=\"og:site_name\" content=\"Altominho.tv\" \/>\n<meta property=\"article:publisher\" content=\"https:\/\/www.facebook.com\/altominhotv\" \/>\n<meta property=\"article:published_time\" content=\"2025-07-22T09:53:28+00:00\" \/>\n<meta property=\"article:modified_time\" content=\"2025-07-22T09:53:30+00:00\" \/>\n<meta property=\"og:image\" content=\"https:\/\/www.altominho.tv\/site\/wp-content\/uploads\/2025\/07\/Extreme-Peneda-Xures-Arcos.jpg\" \/>\n\t<meta property=\"og:image:width\" content=\"1200\" \/>\n\t<meta property=\"og:image:height\" content=\"630\" \/>\n\t<meta property=\"og:image:type\" content=\"image\/jpeg\" \/>\n<meta name=\"author\" content=\"Altominho.tv\" \/>\n<meta name=\"twitter:card\" content=\"summary_large_image\" \/>\n<meta name=\"twitter:creator\" content=\"@altominhoTV\" \/>\n<meta name=\"twitter:site\" content=\"@altominhoTV\" \/>\n<meta name=\"twitter:label1\" content=\"Escrito por\" \/>\n\t<meta name=\"twitter:data1\" content=\"Altominho.tv\" \/>\n\t<meta name=\"twitter:label2\" content=\"Tempo estimado de leitura\" \/>\n\t<meta name=\"twitter:data2\" content=\"2 minutos\" \/>\n<script type=\"application\/ld+json\" class=\"yoast-schema-graph\">{\"@context\":\"https:\\\/\\\/schema.org\",\"@graph\":[{\"@type\":\"Article\",\"@id\":\"https:\\\/\\\/www.altominho.tv\\\/site\\\/2025\\\/07\\\/22\\\/5-a-edicao-do-extreme-peneda-xures-arcos-de-valdevez\\\/#article\",\"isPartOf\":{\"@id\":\"https:\\\/\\\/www.altominho.tv\\\/site\\\/2025\\\/07\\\/22\\\/5-a-edicao-do-extreme-peneda-xures-arcos-de-valdevez\\\/\"},\"author\":{\"name\":\"Altominho.tv\",\"@id\":\"https:\\\/\\\/www.altominho.tv\\\/site\\\/#\\\/schema\\\/person\\\/4e536851627d7914baf3dac752b6af22\"},\"headline\":\"5.\u00aa edi\u00e7\u00e3o do Extreme Peneda Xur\u00e9s passou por Arcos de Valdevez\",\"datePublished\":\"2025-07-22T09:53:28+00:00\",\"dateModified\":\"2025-07-22T09:53:30+00:00\",\"mainEntityOfPage\":{\"@id\":\"https:\\\/\\\/www.altominho.tv\\\/site\\\/2025\\\/07\\\/22\\\/5-a-edicao-do-extreme-peneda-xures-arcos-de-valdevez\\\/\"},\"wordCount\":222,\"image\":{\"@id\":\"https:\\\/\\\/www.altominho.tv\\\/site\\\/2025\\\/07\\\/22\\\/5-a-edicao-do-extreme-peneda-xures-arcos-de-valdevez\\\/#primaryimage\"},\"thumbnailUrl\":\"https:\\\/\\\/www.altominho.tv\\\/site\\\/wp-content\\\/uploads\\\/2025\\\/07\\\/Extreme-Peneda-Xures-Arcos.jpg\",\"keywords\":[\"Desporto\"],\"articleSection\":[\"Arcos de Valdevez\"],\"inLanguage\":\"pt-PT\",\"copyrightYear\":\"2025\",\"copyrightHolder\":{\"@id\":\"https:\\\/\\\/www.altominho.tv\\\/site\\\/#organization\"}},{\"@type\":\"WebPage\",\"@id\":\"https:\\\/\\\/www.altominho.tv\\\/site\\\/2025\\\/07\\\/22\\\/5-a-edicao-do-extreme-peneda-xures-arcos-de-valdevez\\\/\",\"url\":\"https:\\\/\\\/www.altominho.tv\\\/site\\\/2025\\\/07\\\/22\\\/5-a-edicao-do-extreme-peneda-xures-arcos-de-valdevez\\\/\",\"name\":\"5.\u00aa edi\u00e7\u00e3o do Extreme Peneda Xur\u00e9s passou por Arcos de Valdevez\",\"isPartOf\":{\"@id\":\"https:\\\/\\\/www.altominho.tv\\\/site\\\/#website\"},\"primaryImageOfPage\":{\"@id\":\"https:\\\/\\\/www.altominho.tv\\\/site\\\/2025\\\/07\\\/22\\\/5-a-edicao-do-extreme-peneda-xures-arcos-de-valdevez\\\/#primaryimage\"},\"image\":{\"@id\":\"https:\\\/\\\/www.altominho.tv\\\/site\\\/2025\\\/07\\\/22\\\/5-a-edicao-do-extreme-peneda-xures-arcos-de-valdevez\\\/#primaryimage\"},\"thumbnailUrl\":\"https:\\\/\\\/www.altominho.tv\\\/site\\\/wp-content\\\/uploads\\\/2025\\\/07\\\/Extreme-Peneda-Xures-Arcos.jpg\",\"datePublished\":\"2025-07-22T09:53:28+00:00\",\"dateModified\":\"2025-07-22T09:53:30+00:00\",\"author\":{\"@id\":\"https:\\\/\\\/www.altominho.tv\\\/site\\\/#\\\/schema\\\/person\\\/4e536851627d7914baf3dac752b6af22\"},\"description\":\"No passado dia 28 de junho realizou-se a 5.\u00aa edi\u00e7\u00e3o do EXP \u2013 Extreme Peneda Xur\u00e9s.\",\"breadcrumb\":{\"@id\":\"https:\\\/\\\/www.altominho.tv\\\/site\\\/2025\\\/07\\\/22\\\/5-a-edicao-do-extreme-peneda-xures-arcos-de-valdevez\\\/#breadcrumb\"},\"inLanguage\":\"pt-PT\",\"potentialAction\":[{\"@type\":\"ReadAction\",\"target\":[\"https:\\\/\\\/www.altominho.tv\\\/site\\\/2025\\\/07\\\/22\\\/5-a-edicao-do-extreme-peneda-xures-arcos-de-valdevez\\\/\"]}]},{\"@type\":\"ImageObject\",\"inLanguage\":\"pt-PT\",\"@id\":\"https:\\\/\\\/www.altominho.tv\\\/site\\\/2025\\\/07\\\/22\\\/5-a-edicao-do-extreme-peneda-xures-arcos-de-valdevez\\\/#primaryimage\",\"url\":\"https:\\\/\\\/www.altominho.tv\\\/site\\\/wp-content\\\/uploads\\\/2025\\\/07\\\/Extreme-Peneda-Xures-Arcos.jpg\",\"contentUrl\":\"https:\\\/\\\/www.altominho.tv\\\/site\\\/wp-content\\\/uploads\\\/2025\\\/07\\\/Extreme-Peneda-Xures-Arcos.jpg\",\"width\":1200,\"height\":630},{\"@type\":\"BreadcrumbList\",\"@id\":\"https:\\\/\\\/www.altominho.tv\\\/site\\\/2025\\\/07\\\/22\\\/5-a-edicao-do-extreme-peneda-xures-arcos-de-valdevez\\\/#breadcrumb\",\"itemListElement\":[{\"@type\":\"ListItem\",\"position\":1,\"name\":\"In\u00edcio\",\"item\":\"https:\\\/\\\/www.altominho.tv\\\/site\\\/\"},{\"@type\":\"ListItem\",\"position\":2,\"name\":\"5.\u00aa edi\u00e7\u00e3o do Extreme Peneda Xur\u00e9s passou por Arcos de Valdevez\"}]},{\"@type\":\"WebSite\",\"@id\":\"https:\\\/\\\/www.altominho.tv\\\/site\\\/#website\",\"url\":\"https:\\\/\\\/www.altominho.tv\\\/site\\\/\",\"name\":\"Altominho.tv\",\"description\":\"A sua regi\u00e3o \u00e0 dist\u00e2ncia de um clique...\",\"potentialAction\":[{\"@type\":\"SearchAction\",\"target\":{\"@type\":\"EntryPoint\",\"urlTemplate\":\"https:\\\/\\\/www.altominho.tv\\\/site\\\/?s={search_term_string}\"},\"query-input\":{\"@type\":\"PropertyValueSpecification\",\"valueRequired\":true,\"valueName\":\"search_term_string\"}}],\"inLanguage\":\"pt-PT\"},{\"@type\":\"Person\",\"@id\":\"https:\\\/\\\/www.altominho.tv\\\/site\\\/#\\\/schema\\\/person\\\/4e536851627d7914baf3dac752b6af22\",\"name\":\"Altominho.tv\",\"image\":{\"@type\":\"ImageObject\",\"inLanguage\":\"pt-PT\",\"@id\":\"https:\\\/\\\/www.altominho.tv\\\/site\\\/wp-content\\\/uploads\\\/2019\\\/11\\\/Logo_Avatar_2-150x150.jpg\",\"url\":\"https:\\\/\\\/www.altominho.tv\\\/site\\\/wp-content\\\/uploads\\\/2019\\\/11\\\/Logo_Avatar_2-150x150.jpg\",\"contentUrl\":\"https:\\\/\\\/www.altominho.tv\\\/site\\\/wp-content\\\/uploads\\\/2019\\\/11\\\/Logo_Avatar_2-150x150.jpg\",\"caption\":\"Altominho.tv\"},\"url\":\"https:\\\/\\\/www.altominho.tv\\\/site\\\/author\\\/altominhotv-tecnico\\\/\"}]}<\/script>\n<!-- \/ Yoast SEO Premium plugin. -->","yoast_head_json":{"title":"5.\u00aa edi\u00e7\u00e3o do Extreme Peneda Xur\u00e9s passou por Arcos de Valdevez","description":"No passado dia 28 de junho realizou-se a 5.\u00aa edi\u00e7\u00e3o do EXP \u2013 Extreme Peneda Xur\u00e9s.","robots":{"index":"index","follow":"follow","max-snippet":"max-snippet:-1","max-image-preview":"max-image-preview:large","max-video-preview":"max-video-preview:-1"},"canonical":"https:\/\/www.altominho.tv\/site\/2025\/07\/22\/5-a-edicao-do-extreme-peneda-xures-arcos-de-valdevez\/","og_locale":"pt_PT","og_type":"article","og_title":"5.\u00aa edi\u00e7\u00e3o do Extreme Peneda Xur\u00e9s passou por Arcos de Valdevez","og_description":"No passado dia 28 de junho realizou-se a 5.\u00aa edi\u00e7\u00e3o do EXP \u2013 Extreme Peneda Xur\u00e9s.","og_url":"https:\/\/www.altominho.tv\/site\/2025\/07\/22\/5-a-edicao-do-extreme-peneda-xures-arcos-de-valdevez\/","og_site_name":"Altominho.tv","article_publisher":"https:\/\/www.facebook.com\/altominhotv","article_published_time":"2025-07-22T09:53:28+00:00","article_modified_time":"2025-07-22T09:53:30+00:00","og_image":[{"width":1200,"height":630,"url":"https:\/\/www.altominho.tv\/site\/wp-content\/uploads\/2025\/07\/Extreme-Peneda-Xures-Arcos.jpg","type":"image\/jpeg"}],"author":"Altominho.tv","twitter_card":"summary_large_image","twitter_creator":"@altominhoTV","twitter_site":"@altominhoTV","twitter_misc":{"Escrito por":"Altominho.tv","Tempo estimado de leitura":"2 minutos"},"schema":{"@context":"https:\/\/schema.org","@graph":[{"@type":"Article","@id":"https:\/\/www.altominho.tv\/site\/2025\/07\/22\/5-a-edicao-do-extreme-peneda-xures-arcos-de-valdevez\/#article","isPartOf":{"@id":"https:\/\/www.altominho.tv\/site\/2025\/07\/22\/5-a-edicao-do-extreme-peneda-xures-arcos-de-valdevez\/"},"author":{"name":"Altominho.tv","@id":"https:\/\/www.altominho.tv\/site\/#\/schema\/person\/4e536851627d7914baf3dac752b6af22"},"headline":"5.\u00aa edi\u00e7\u00e3o do Extreme Peneda Xur\u00e9s passou por Arcos de Valdevez","datePublished":"2025-07-22T09:53:28+00:00","dateModified":"2025-07-22T09:53:30+00:00","mainEntityOfPage":{"@id":"https:\/\/www.altominho.tv\/site\/2025\/07\/22\/5-a-edicao-do-extreme-peneda-xures-arcos-de-valdevez\/"},"wordCount":222,"image":{"@id":"https:\/\/www.altominho.tv\/site\/2025\/07\/22\/5-a-edicao-do-extreme-peneda-xures-arcos-de-valdevez\/#primaryimage"},"thumbnailUrl":"https:\/\/www.altominho.tv\/site\/wp-content\/uploads\/2025\/07\/Extreme-Peneda-Xures-Arcos.jpg","keywords":["Desporto"],"articleSection":["Arcos de Valdevez"],"inLanguage":"pt-PT","copyrightYear":"2025","copyrightHolder":{"@id":"https:\/\/www.altominho.tv\/site\/#organization"}},{"@type":"WebPage","@id":"https:\/\/www.altominho.tv\/site\/2025\/07\/22\/5-a-edicao-do-extreme-peneda-xures-arcos-de-valdevez\/","url":"https:\/\/www.altominho.tv\/site\/2025\/07\/22\/5-a-edicao-do-extreme-peneda-xures-arcos-de-valdevez\/","name":"5.\u00aa edi\u00e7\u00e3o do Extreme Peneda Xur\u00e9s passou por Arcos de Valdevez","isPartOf":{"@id":"https:\/\/www.altominho.tv\/site\/#website"},"primaryImageOfPage":{"@id":"https:\/\/www.altominho.tv\/site\/2025\/07\/22\/5-a-edicao-do-extreme-peneda-xures-arcos-de-valdevez\/#primaryimage"},"image":{"@id":"https:\/\/www.altominho.tv\/site\/2025\/07\/22\/5-a-edicao-do-extreme-peneda-xures-arcos-de-valdevez\/#primaryimage"},"thumbnailUrl":"https:\/\/www.altominho.tv\/site\/wp-content\/uploads\/2025\/07\/Extreme-Peneda-Xures-Arcos.jpg","datePublished":"2025-07-22T09:53:28+00:00","dateModified":"2025-07-22T09:53:30+00:00","author":{"@id":"https:\/\/www.altominho.tv\/site\/#\/schema\/person\/4e536851627d7914baf3dac752b6af22"},"description":"No passado dia 28 de junho realizou-se a 5.\u00aa edi\u00e7\u00e3o do EXP \u2013 Extreme Peneda Xur\u00e9s.","breadcrumb":{"@id":"https:\/\/www.altominho.tv\/site\/2025\/07\/22\/5-a-edicao-do-extreme-peneda-xures-arcos-de-valdevez\/#breadcrumb"},"inLanguage":"pt-PT","potentialAction":[{"@type":"ReadAction","target":["https:\/\/www.altominho.tv\/site\/2025\/07\/22\/5-a-edicao-do-extreme-peneda-xures-arcos-de-valdevez\/"]}]},{"@type":"ImageObject","inLanguage":"pt-PT","@id":"https:\/\/www.altominho.tv\/site\/2025\/07\/22\/5-a-edicao-do-extreme-peneda-xures-arcos-de-valdevez\/#primaryimage","url":"https:\/\/www.altominho.tv\/site\/wp-content\/uploads\/2025\/07\/Extreme-Peneda-Xures-Arcos.jpg","contentUrl":"https:\/\/www.altominho.tv\/site\/wp-content\/uploads\/2025\/07\/Extreme-Peneda-Xures-Arcos.jpg","width":1200,"height":630},{"@type":"BreadcrumbList","@id":"https:\/\/www.altominho.tv\/site\/2025\/07\/22\/5-a-edicao-do-extreme-peneda-xures-arcos-de-valdevez\/#breadcrumb","itemListElement":[{"@type":"ListItem","position":1,"name":"In\u00edcio","item":"https:\/\/www.altominho.tv\/site\/"},{"@type":"ListItem","position":2,"name":"5.\u00aa edi\u00e7\u00e3o do Extreme Peneda Xur\u00e9s passou por Arcos de Valdevez"}]},{"@type":"WebSite","@id":"https:\/\/www.altominho.tv\/site\/#website","url":"https:\/\/www.altominho.tv\/site\/","name":"Altominho.tv","description":"A sua regi\u00e3o \u00e0 dist\u00e2ncia de um clique...","potentialAction":[{"@type":"SearchAction","target":{"@type":"EntryPoint","urlTemplate":"https:\/\/www.altominho.tv\/site\/?s={search_term_string}"},"query-input":{"@type":"PropertyValueSpecification","valueRequired":true,"valueName":"search_term_string"}}],"inLanguage":"pt-PT"},{"@type":"Person","@id":"https:\/\/www.altominho.tv\/site\/#\/schema\/person\/4e536851627d7914baf3dac752b6af22","name":"Altominho.tv","image":{"@type":"ImageObject","inLanguage":"pt-PT","@id":"https:\/\/www.altominho.tv\/site\/wp-content\/uploads\/2019\/11\/Logo_Avatar_2-150x150.jpg","url":"https:\/\/www.altominho.tv\/site\/wp-content\/uploads\/2019\/11\/Logo_Avatar_2-150x150.jpg","contentUrl":"https:\/\/www.altominho.tv\/site\/wp-content\/uploads\/2019\/11\/Logo_Avatar_2-150x150.jpg","caption":"Altominho.tv"},"url":"https:\/\/www.altominho.tv\/site\/author\/altominhotv-tecnico\/"}]}},"_links":{"self":[{"href":"https:\/\/www.altominho.tv\/site\/wp-json\/wp\/v2\/posts\/121046","targetHints":{"allow":["GET"]}}],"collection":[{"href":"https:\/\/www.altominho.tv\/site\/wp-json\/wp\/v2\/posts"}],"about":[{"href":"https:\/\/www.altominho.tv\/site\/wp-json\/wp\/v2\/types\/post"}],"author":[{"embeddable":true,"href":"https:\/\/www.altominho.tv\/site\/wp-json\/wp\/v2\/users\/1"}],"replies":[{"embeddable":true,"href":"https:\/\/www.altominho.tv\/site\/wp-json\/wp\/v2\/comments?post=121046"}],"version-history":[{"count":2,"href":"https:\/\/www.altominho.tv\/site\/wp-json\/wp\/v2\/posts\/121046\/revisions"}],"predecessor-version":[{"id":121049,"href":"https:\/\/www.altominho.tv\/site\/wp-json\/wp\/v2\/posts\/121046\/revisions\/121049"}],"wp:featuredmedia":[{"embeddable":true,"href":"https:\/\/www.altominho.tv\/site\/wp-json\/wp\/v2\/media\/121047"}],"wp:attachment":[{"href":"https:\/\/www.altominho.tv\/site\/wp-json\/wp\/v2\/media?parent=121046"}],"wp:term":[{"taxonomy":"category","embeddable":true,"href":"https:\/\/www.altominho.tv\/site\/wp-json\/wp\/v2\/categories?post=121046"},{"taxonomy":"post_tag","embeddable":true,"href":"https:\/\/www.altominho.tv\/site\/wp-json\/wp\/v2\/tags?post=121046"}],"curies":[{"name":"wp","href":"https:\/\/api.w.org\/{rel}","templated":true}]}}