{"id":121002,"date":"2025-07-21T10:00:41","date_gmt":"2025-07-21T09:00:41","guid":{"rendered":"https:\/\/www.altominho.tv\/site\/?p=121002"},"modified":"2025-07-21T10:00:42","modified_gmt":"2025-07-21T09:00:42","slug":"tiago-cunha-e-o-candidato-do-ps-a-camara-de-paredes-de-coura","status":"publish","type":"post","link":"https:\/\/www.altominho.tv\/site\/2025\/07\/21\/tiago-cunha-e-o-candidato-do-ps-a-camara-de-paredes-de-coura\/","title":{"rendered":"Tiago Cunha \u00e9 o candidato do PS \u00e0 C\u00e2mara de Paredes de Coura"},"content":{"rendered":"<p>Tiago Cunha apresentou este domingo, dia 20 de julho, a sua candidatura \u00e0 C\u00e2mara de Paredes de Coura, que contou com a presen\u00e7a do secret\u00e1rio-geral do Partido Socialista, Jos\u00e9 Lu\u00eds Carneiro, bem como V\u00edtor Paulo Pereira, atual presidente da C\u00e2mara Municipal de Paredes de Coura.<\/p>\n<p>O candidato apontou tr\u00eas eixos estrat\u00e9gicos para o concelho: habita\u00e7\u00e3o, emprego e turismo sustent\u00e1vel. \u201cVamos garantir que Coura seja a casa, o emprego digno para quem quer ficar, o turismo sustent\u00e1vel para quem nos quiser visitar\u201d, projetou.<\/p>\n<p>Relativamente \u00e0 habita\u00e7\u00e3o, o candidato quer apostar num plano municipal de habita\u00e7\u00e3o acess\u00edvel, \u201ccom parcerias com o Estado, mas tamb\u00e9m envolvendo o setor privado e as cooperativas de habita\u00e7\u00e3o\u201d.<\/p>\n<p>Com o emprego e o trabalho como motor da economia e bem-estar da popula\u00e7\u00e3o,\u00a0Tiago Cunha\u00a0apontou como priorit\u00e1ria a constru\u00e7\u00e3o da nova Zona Industrial de Linhares e Ferreira, para desta forma se \u201crefor\u00e7ar a capta\u00e7\u00e3o de investimento. Atrair novas empresas para as Zonas Industriais e diversificar os setores de atividade. Queremos garantir o espa\u00e7o industrial para as empresas familiares e PME\u2019s que j\u00e1 existem em Coura e precisam de crescer\u201d.<\/p>\n<p>O socialista acredita que \u00e9 altura de converter a sazonalidade em oferta e visita\u00e7\u00e3o constante, propondo a cria\u00e7\u00e3o de &#8220;um plano integrado de turismo, com promo\u00e7\u00e3o sustent\u00e1vel do Caminho do Santiago, dos percursos pedestres, dos percursos cicl\u00e1veis e do turismo rural e ecol\u00f3gico\u201d, explicou, real\u00e7ando a import\u00e2ncia de \u201cdar vida \u00e0s aldeias com projetos de turismo sustent\u00e1vel. Vamos apoiar o alojamento local, modernizar a nossa oferta e diversificar os eventos durante todo o ano, porque Coura tem tudo para ser visitada em janeiro ou agosto\u201d.<\/p>\n<p>Tiago Cunha \u00e9 atualmente o vice-presidente da C\u00e2mara Municipal de Paredes de Coura.<\/p>\n<p>As elei\u00e7\u00f5es aut\u00e1rquicas realizam-se a 12 de outubro de 2025.<\/p>\n","protected":false},"excerpt":{"rendered":"<p>Tiago Cunha apresentou este domingo, dia 20 de julho, a sua candidatura \u00e0 C\u00e2mara de Paredes de Coura, que contou com a presen\u00e7a do secret\u00e1rio-geral do Partido Socialista, Jos\u00e9 Lu\u00eds Carneiro, bem como V\u00edtor Paulo Pereira, atual presidente da C\u00e2mara Municipal de Paredes de Coura. O candidato apontou tr\u00eas eixos estrat\u00e9gicos para o concelho: habita\u00e7\u00e3o, [&hellip;]<\/p>\n","protected":false},"author":1,"featured_media":121003,"comment_status":"closed","ping_status":"closed","sticky":false,"template":"","format":"standard","meta":{"_exactmetrics_skip_tracking":false,"_exactmetrics_sitenote_active":false,"_exactmetrics_sitenote_note":"","_exactmetrics_sitenote_category":0,"footnotes":""},"categories":[10],"tags":[56326],"class_list":["post-121002","post","type-post","status-publish","format-standard","has-post-thumbnail","hentry","category-paredes-de-coura","tag-politica"],"yoast_head":"<!-- This site is optimized with the Yoast SEO Premium plugin v27.4 (Yoast SEO v27.4) - https:\/\/yoast.com\/product\/yoast-seo-premium-wordpress\/ -->\n<title>Tiago Cunha \u00e9 o candidato do PS \u00e0 C\u00e2mara de Paredes de Coura<\/title>\n<meta name=\"description\" content=\"Tiago Cunha apresentou este domingo, dia 20 de julho, a sua candidatura \u00e0 C\u00e2mara de Paredes de Coura, que contou com a presen\u00e7a do secret\u00e1rio-geral do Partido Socialista, Jos\u00e9 Lu\u00eds Carneiro, bem como V\u00edtor Paulo Pereira, atual presidente da C\u00e2mara Municipal de Paredes de Coura.\" \/>\n<meta name=\"robots\" content=\"index, follow, max-snippet:-1, max-image-preview:large, max-video-preview:-1\" \/>\n<link rel=\"canonical\" href=\"https:\/\/www.altominho.tv\/site\/2025\/07\/21\/tiago-cunha-e-o-candidato-do-ps-a-camara-de-paredes-de-coura\/\" \/>\n<meta property=\"og:locale\" content=\"pt_PT\" \/>\n<meta property=\"og:type\" content=\"article\" \/>\n<meta property=\"og:title\" content=\"Tiago Cunha \u00e9 o candidato do PS \u00e0 C\u00e2mara de Paredes de Coura\" \/>\n<meta property=\"og:description\" content=\"Tiago Cunha apresentou este domingo, dia 20 de julho, a sua candidatura \u00e0 C\u00e2mara de Paredes de Coura, que contou com a presen\u00e7a do secret\u00e1rio-geral do Partido Socialista, Jos\u00e9 Lu\u00eds Carneiro, bem como V\u00edtor Paulo Pereira, atual presidente da C\u00e2mara Municipal de Paredes de Coura.\" \/>\n<meta property=\"og:url\" content=\"https:\/\/www.altominho.tv\/site\/2025\/07\/21\/tiago-cunha-e-o-candidato-do-ps-a-camara-de-paredes-de-coura\/\" \/>\n<meta property=\"og:site_name\" content=\"Altominho.tv\" \/>\n<meta property=\"article:publisher\" content=\"https:\/\/www.facebook.com\/altominhotv\" \/>\n<meta property=\"article:published_time\" content=\"2025-07-21T09:00:41+00:00\" \/>\n<meta property=\"article:modified_time\" content=\"2025-07-21T09:00:42+00:00\" \/>\n<meta property=\"og:image\" content=\"https:\/\/www.altominho.tv\/site\/wp-content\/uploads\/2025\/07\/tiago-cunha.jpg\" \/>\n\t<meta property=\"og:image:width\" content=\"1200\" \/>\n\t<meta property=\"og:image:height\" content=\"630\" \/>\n\t<meta property=\"og:image:type\" content=\"image\/jpeg\" \/>\n<meta name=\"author\" content=\"Altominho.tv\" \/>\n<meta name=\"twitter:card\" content=\"summary_large_image\" \/>\n<meta name=\"twitter:creator\" content=\"@altominhoTV\" \/>\n<meta name=\"twitter:site\" content=\"@altominhoTV\" \/>\n<meta name=\"twitter:label1\" content=\"Escrito por\" \/>\n\t<meta name=\"twitter:data1\" content=\"Altominho.tv\" \/>\n\t<meta name=\"twitter:label2\" content=\"Tempo estimado de leitura\" \/>\n\t<meta name=\"twitter:data2\" content=\"2 minutos\" \/>\n<script type=\"application\/ld+json\" class=\"yoast-schema-graph\">{\"@context\":\"https:\\\/\\\/schema.org\",\"@graph\":[{\"@type\":\"Article\",\"@id\":\"https:\\\/\\\/www.altominho.tv\\\/site\\\/2025\\\/07\\\/21\\\/tiago-cunha-e-o-candidato-do-ps-a-camara-de-paredes-de-coura\\\/#article\",\"isPartOf\":{\"@id\":\"https:\\\/\\\/www.altominho.tv\\\/site\\\/2025\\\/07\\\/21\\\/tiago-cunha-e-o-candidato-do-ps-a-camara-de-paredes-de-coura\\\/\"},\"author\":{\"name\":\"Altominho.tv\",\"@id\":\"https:\\\/\\\/www.altominho.tv\\\/site\\\/#\\\/schema\\\/person\\\/4e536851627d7914baf3dac752b6af22\"},\"headline\":\"Tiago Cunha \u00e9 o candidato do PS \u00e0 C\u00e2mara de Paredes de Coura\",\"datePublished\":\"2025-07-21T09:00:41+00:00\",\"dateModified\":\"2025-07-21T09:00:42+00:00\",\"mainEntityOfPage\":{\"@id\":\"https:\\\/\\\/www.altominho.tv\\\/site\\\/2025\\\/07\\\/21\\\/tiago-cunha-e-o-candidato-do-ps-a-camara-de-paredes-de-coura\\\/\"},\"wordCount\":330,\"image\":{\"@id\":\"https:\\\/\\\/www.altominho.tv\\\/site\\\/2025\\\/07\\\/21\\\/tiago-cunha-e-o-candidato-do-ps-a-camara-de-paredes-de-coura\\\/#primaryimage\"},\"thumbnailUrl\":\"https:\\\/\\\/www.altominho.tv\\\/site\\\/wp-content\\\/uploads\\\/2025\\\/07\\\/tiago-cunha.jpg\",\"keywords\":[\"Pol\u00edtica\"],\"articleSection\":[\"Paredes de Coura\"],\"inLanguage\":\"pt-PT\",\"copyrightYear\":\"2025\",\"copyrightHolder\":{\"@id\":\"https:\\\/\\\/www.altominho.tv\\\/site\\\/#organization\"}},{\"@type\":\"WebPage\",\"@id\":\"https:\\\/\\\/www.altominho.tv\\\/site\\\/2025\\\/07\\\/21\\\/tiago-cunha-e-o-candidato-do-ps-a-camara-de-paredes-de-coura\\\/\",\"url\":\"https:\\\/\\\/www.altominho.tv\\\/site\\\/2025\\\/07\\\/21\\\/tiago-cunha-e-o-candidato-do-ps-a-camara-de-paredes-de-coura\\\/\",\"name\":\"Tiago Cunha \u00e9 o candidato do PS \u00e0 C\u00e2mara de Paredes de Coura\",\"isPartOf\":{\"@id\":\"https:\\\/\\\/www.altominho.tv\\\/site\\\/#website\"},\"primaryImageOfPage\":{\"@id\":\"https:\\\/\\\/www.altominho.tv\\\/site\\\/2025\\\/07\\\/21\\\/tiago-cunha-e-o-candidato-do-ps-a-camara-de-paredes-de-coura\\\/#primaryimage\"},\"image\":{\"@id\":\"https:\\\/\\\/www.altominho.tv\\\/site\\\/2025\\\/07\\\/21\\\/tiago-cunha-e-o-candidato-do-ps-a-camara-de-paredes-de-coura\\\/#primaryimage\"},\"thumbnailUrl\":\"https:\\\/\\\/www.altominho.tv\\\/site\\\/wp-content\\\/uploads\\\/2025\\\/07\\\/tiago-cunha.jpg\",\"datePublished\":\"2025-07-21T09:00:41+00:00\",\"dateModified\":\"2025-07-21T09:00:42+00:00\",\"author\":{\"@id\":\"https:\\\/\\\/www.altominho.tv\\\/site\\\/#\\\/schema\\\/person\\\/4e536851627d7914baf3dac752b6af22\"},\"description\":\"Tiago Cunha apresentou este domingo, dia 20 de julho, a sua candidatura \u00e0 C\u00e2mara de Paredes de Coura, que contou com a presen\u00e7a do secret\u00e1rio-geral do Partido Socialista, Jos\u00e9 Lu\u00eds Carneiro, bem como V\u00edtor Paulo Pereira, atual presidente da C\u00e2mara Municipal de Paredes de Coura.\",\"breadcrumb\":{\"@id\":\"https:\\\/\\\/www.altominho.tv\\\/site\\\/2025\\\/07\\\/21\\\/tiago-cunha-e-o-candidato-do-ps-a-camara-de-paredes-de-coura\\\/#breadcrumb\"},\"inLanguage\":\"pt-PT\",\"potentialAction\":[{\"@type\":\"ReadAction\",\"target\":[\"https:\\\/\\\/www.altominho.tv\\\/site\\\/2025\\\/07\\\/21\\\/tiago-cunha-e-o-candidato-do-ps-a-camara-de-paredes-de-coura\\\/\"]}]},{\"@type\":\"ImageObject\",\"inLanguage\":\"pt-PT\",\"@id\":\"https:\\\/\\\/www.altominho.tv\\\/site\\\/2025\\\/07\\\/21\\\/tiago-cunha-e-o-candidato-do-ps-a-camara-de-paredes-de-coura\\\/#primaryimage\",\"url\":\"https:\\\/\\\/www.altominho.tv\\\/site\\\/wp-content\\\/uploads\\\/2025\\\/07\\\/tiago-cunha.jpg\",\"contentUrl\":\"https:\\\/\\\/www.altominho.tv\\\/site\\\/wp-content\\\/uploads\\\/2025\\\/07\\\/tiago-cunha.jpg\",\"width\":1200,\"height\":630},{\"@type\":\"BreadcrumbList\",\"@id\":\"https:\\\/\\\/www.altominho.tv\\\/site\\\/2025\\\/07\\\/21\\\/tiago-cunha-e-o-candidato-do-ps-a-camara-de-paredes-de-coura\\\/#breadcrumb\",\"itemListElement\":[{\"@type\":\"ListItem\",\"position\":1,\"name\":\"In\u00edcio\",\"item\":\"https:\\\/\\\/www.altominho.tv\\\/site\\\/\"},{\"@type\":\"ListItem\",\"position\":2,\"name\":\"Tiago Cunha \u00e9 o candidato do PS \u00e0 C\u00e2mara de Paredes de Coura\"}]},{\"@type\":\"WebSite\",\"@id\":\"https:\\\/\\\/www.altominho.tv\\\/site\\\/#website\",\"url\":\"https:\\\/\\\/www.altominho.tv\\\/site\\\/\",\"name\":\"Altominho.tv\",\"description\":\"A sua regi\u00e3o \u00e0 dist\u00e2ncia de um clique...\",\"potentialAction\":[{\"@type\":\"SearchAction\",\"target\":{\"@type\":\"EntryPoint\",\"urlTemplate\":\"https:\\\/\\\/www.altominho.tv\\\/site\\\/?s={search_term_string}\"},\"query-input\":{\"@type\":\"PropertyValueSpecification\",\"valueRequired\":true,\"valueName\":\"search_term_string\"}}],\"inLanguage\":\"pt-PT\"},{\"@type\":\"Person\",\"@id\":\"https:\\\/\\\/www.altominho.tv\\\/site\\\/#\\\/schema\\\/person\\\/4e536851627d7914baf3dac752b6af22\",\"name\":\"Altominho.tv\",\"image\":{\"@type\":\"ImageObject\",\"inLanguage\":\"pt-PT\",\"@id\":\"https:\\\/\\\/www.altominho.tv\\\/site\\\/wp-content\\\/uploads\\\/2019\\\/11\\\/Logo_Avatar_2-150x150.jpg\",\"url\":\"https:\\\/\\\/www.altominho.tv\\\/site\\\/wp-content\\\/uploads\\\/2019\\\/11\\\/Logo_Avatar_2-150x150.jpg\",\"contentUrl\":\"https:\\\/\\\/www.altominho.tv\\\/site\\\/wp-content\\\/uploads\\\/2019\\\/11\\\/Logo_Avatar_2-150x150.jpg\",\"caption\":\"Altominho.tv\"},\"url\":\"https:\\\/\\\/www.altominho.tv\\\/site\\\/author\\\/altominhotv-tecnico\\\/\"}]}<\/script>\n<!-- \/ Yoast SEO Premium plugin. -->","yoast_head_json":{"title":"Tiago Cunha \u00e9 o candidato do PS \u00e0 C\u00e2mara de Paredes de Coura","description":"Tiago Cunha apresentou este domingo, dia 20 de julho, a sua candidatura \u00e0 C\u00e2mara de Paredes de Coura, que contou com a presen\u00e7a do secret\u00e1rio-geral do Partido Socialista, Jos\u00e9 Lu\u00eds Carneiro, bem como V\u00edtor Paulo Pereira, atual presidente da C\u00e2mara Municipal de Paredes de Coura.","robots":{"index":"index","follow":"follow","max-snippet":"max-snippet:-1","max-image-preview":"max-image-preview:large","max-video-preview":"max-video-preview:-1"},"canonical":"https:\/\/www.altominho.tv\/site\/2025\/07\/21\/tiago-cunha-e-o-candidato-do-ps-a-camara-de-paredes-de-coura\/","og_locale":"pt_PT","og_type":"article","og_title":"Tiago Cunha \u00e9 o candidato do PS \u00e0 C\u00e2mara de Paredes de Coura","og_description":"Tiago Cunha apresentou este domingo, dia 20 de julho, a sua candidatura \u00e0 C\u00e2mara de Paredes de Coura, que contou com a presen\u00e7a do secret\u00e1rio-geral do Partido Socialista, Jos\u00e9 Lu\u00eds Carneiro, bem como V\u00edtor Paulo Pereira, atual presidente da C\u00e2mara Municipal de Paredes de Coura.","og_url":"https:\/\/www.altominho.tv\/site\/2025\/07\/21\/tiago-cunha-e-o-candidato-do-ps-a-camara-de-paredes-de-coura\/","og_site_name":"Altominho.tv","article_publisher":"https:\/\/www.facebook.com\/altominhotv","article_published_time":"2025-07-21T09:00:41+00:00","article_modified_time":"2025-07-21T09:00:42+00:00","og_image":[{"width":1200,"height":630,"url":"https:\/\/www.altominho.tv\/site\/wp-content\/uploads\/2025\/07\/tiago-cunha.jpg","type":"image\/jpeg"}],"author":"Altominho.tv","twitter_card":"summary_large_image","twitter_creator":"@altominhoTV","twitter_site":"@altominhoTV","twitter_misc":{"Escrito por":"Altominho.tv","Tempo estimado de leitura":"2 minutos"},"schema":{"@context":"https:\/\/schema.org","@graph":[{"@type":"Article","@id":"https:\/\/www.altominho.tv\/site\/2025\/07\/21\/tiago-cunha-e-o-candidato-do-ps-a-camara-de-paredes-de-coura\/#article","isPartOf":{"@id":"https:\/\/www.altominho.tv\/site\/2025\/07\/21\/tiago-cunha-e-o-candidato-do-ps-a-camara-de-paredes-de-coura\/"},"author":{"name":"Altominho.tv","@id":"https:\/\/www.altominho.tv\/site\/#\/schema\/person\/4e536851627d7914baf3dac752b6af22"},"headline":"Tiago Cunha \u00e9 o candidato do PS \u00e0 C\u00e2mara de Paredes de Coura","datePublished":"2025-07-21T09:00:41+00:00","dateModified":"2025-07-21T09:00:42+00:00","mainEntityOfPage":{"@id":"https:\/\/www.altominho.tv\/site\/2025\/07\/21\/tiago-cunha-e-o-candidato-do-ps-a-camara-de-paredes-de-coura\/"},"wordCount":330,"image":{"@id":"https:\/\/www.altominho.tv\/site\/2025\/07\/21\/tiago-cunha-e-o-candidato-do-ps-a-camara-de-paredes-de-coura\/#primaryimage"},"thumbnailUrl":"https:\/\/www.altominho.tv\/site\/wp-content\/uploads\/2025\/07\/tiago-cunha.jpg","keywords":["Pol\u00edtica"],"articleSection":["Paredes de Coura"],"inLanguage":"pt-PT","copyrightYear":"2025","copyrightHolder":{"@id":"https:\/\/www.altominho.tv\/site\/#organization"}},{"@type":"WebPage","@id":"https:\/\/www.altominho.tv\/site\/2025\/07\/21\/tiago-cunha-e-o-candidato-do-ps-a-camara-de-paredes-de-coura\/","url":"https:\/\/www.altominho.tv\/site\/2025\/07\/21\/tiago-cunha-e-o-candidato-do-ps-a-camara-de-paredes-de-coura\/","name":"Tiago Cunha \u00e9 o candidato do PS \u00e0 C\u00e2mara de Paredes de Coura","isPartOf":{"@id":"https:\/\/www.altominho.tv\/site\/#website"},"primaryImageOfPage":{"@id":"https:\/\/www.altominho.tv\/site\/2025\/07\/21\/tiago-cunha-e-o-candidato-do-ps-a-camara-de-paredes-de-coura\/#primaryimage"},"image":{"@id":"https:\/\/www.altominho.tv\/site\/2025\/07\/21\/tiago-cunha-e-o-candidato-do-ps-a-camara-de-paredes-de-coura\/#primaryimage"},"thumbnailUrl":"https:\/\/www.altominho.tv\/site\/wp-content\/uploads\/2025\/07\/tiago-cunha.jpg","datePublished":"2025-07-21T09:00:41+00:00","dateModified":"2025-07-21T09:00:42+00:00","author":{"@id":"https:\/\/www.altominho.tv\/site\/#\/schema\/person\/4e536851627d7914baf3dac752b6af22"},"description":"Tiago Cunha apresentou este domingo, dia 20 de julho, a sua candidatura \u00e0 C\u00e2mara de Paredes de Coura, que contou com a presen\u00e7a do secret\u00e1rio-geral do Partido Socialista, Jos\u00e9 Lu\u00eds Carneiro, bem como V\u00edtor Paulo Pereira, atual presidente da C\u00e2mara Municipal de Paredes de Coura.","breadcrumb":{"@id":"https:\/\/www.altominho.tv\/site\/2025\/07\/21\/tiago-cunha-e-o-candidato-do-ps-a-camara-de-paredes-de-coura\/#breadcrumb"},"inLanguage":"pt-PT","potentialAction":[{"@type":"ReadAction","target":["https:\/\/www.altominho.tv\/site\/2025\/07\/21\/tiago-cunha-e-o-candidato-do-ps-a-camara-de-paredes-de-coura\/"]}]},{"@type":"ImageObject","inLanguage":"pt-PT","@id":"https:\/\/www.altominho.tv\/site\/2025\/07\/21\/tiago-cunha-e-o-candidato-do-ps-a-camara-de-paredes-de-coura\/#primaryimage","url":"https:\/\/www.altominho.tv\/site\/wp-content\/uploads\/2025\/07\/tiago-cunha.jpg","contentUrl":"https:\/\/www.altominho.tv\/site\/wp-content\/uploads\/2025\/07\/tiago-cunha.jpg","width":1200,"height":630},{"@type":"BreadcrumbList","@id":"https:\/\/www.altominho.tv\/site\/2025\/07\/21\/tiago-cunha-e-o-candidato-do-ps-a-camara-de-paredes-de-coura\/#breadcrumb","itemListElement":[{"@type":"ListItem","position":1,"name":"In\u00edcio","item":"https:\/\/www.altominho.tv\/site\/"},{"@type":"ListItem","position":2,"name":"Tiago Cunha \u00e9 o candidato do PS \u00e0 C\u00e2mara de Paredes de Coura"}]},{"@type":"WebSite","@id":"https:\/\/www.altominho.tv\/site\/#website","url":"https:\/\/www.altominho.tv\/site\/","name":"Altominho.tv","description":"A sua regi\u00e3o \u00e0 dist\u00e2ncia de um clique...","potentialAction":[{"@type":"SearchAction","target":{"@type":"EntryPoint","urlTemplate":"https:\/\/www.altominho.tv\/site\/?s={search_term_string}"},"query-input":{"@type":"PropertyValueSpecification","valueRequired":true,"valueName":"search_term_string"}}],"inLanguage":"pt-PT"},{"@type":"Person","@id":"https:\/\/www.altominho.tv\/site\/#\/schema\/person\/4e536851627d7914baf3dac752b6af22","name":"Altominho.tv","image":{"@type":"ImageObject","inLanguage":"pt-PT","@id":"https:\/\/www.altominho.tv\/site\/wp-content\/uploads\/2019\/11\/Logo_Avatar_2-150x150.jpg","url":"https:\/\/www.altominho.tv\/site\/wp-content\/uploads\/2019\/11\/Logo_Avatar_2-150x150.jpg","contentUrl":"https:\/\/www.altominho.tv\/site\/wp-content\/uploads\/2019\/11\/Logo_Avatar_2-150x150.jpg","caption":"Altominho.tv"},"url":"https:\/\/www.altominho.tv\/site\/author\/altominhotv-tecnico\/"}]}},"_links":{"self":[{"href":"https:\/\/www.altominho.tv\/site\/wp-json\/wp\/v2\/posts\/121002","targetHints":{"allow":["GET"]}}],"collection":[{"href":"https:\/\/www.altominho.tv\/site\/wp-json\/wp\/v2\/posts"}],"about":[{"href":"https:\/\/www.altominho.tv\/site\/wp-json\/wp\/v2\/types\/post"}],"author":[{"embeddable":true,"href":"https:\/\/www.altominho.tv\/site\/wp-json\/wp\/v2\/users\/1"}],"replies":[{"embeddable":true,"href":"https:\/\/www.altominho.tv\/site\/wp-json\/wp\/v2\/comments?post=121002"}],"version-history":[{"count":1,"href":"https:\/\/www.altominho.tv\/site\/wp-json\/wp\/v2\/posts\/121002\/revisions"}],"predecessor-version":[{"id":121004,"href":"https:\/\/www.altominho.tv\/site\/wp-json\/wp\/v2\/posts\/121002\/revisions\/121004"}],"wp:featuredmedia":[{"embeddable":true,"href":"https:\/\/www.altominho.tv\/site\/wp-json\/wp\/v2\/media\/121003"}],"wp:attachment":[{"href":"https:\/\/www.altominho.tv\/site\/wp-json\/wp\/v2\/media?parent=121002"}],"wp:term":[{"taxonomy":"category","embeddable":true,"href":"https:\/\/www.altominho.tv\/site\/wp-json\/wp\/v2\/categories?post=121002"},{"taxonomy":"post_tag","embeddable":true,"href":"https:\/\/www.altominho.tv\/site\/wp-json\/wp\/v2\/tags?post=121002"}],"curies":[{"name":"wp","href":"https:\/\/api.w.org\/{rel}","templated":true}]}}