{"id":120876,"date":"2025-07-17T09:56:06","date_gmt":"2025-07-17T08:56:06","guid":{"rendered":"https:\/\/www.altominho.tv\/site\/?p=120876"},"modified":"2025-07-17T09:58:17","modified_gmt":"2025-07-17T08:58:17","slug":"xiii-festival-internacional-de-musica-popular-da-feitosa","status":"publish","type":"post","link":"https:\/\/www.altominho.tv\/site\/2025\/07\/17\/xiii-festival-internacional-de-musica-popular-da-feitosa\/","title":{"rendered":"XIII Festival Internacional de M\u00fasica Popular da Feitosa realiza-se a 3 de agosto"},"content":{"rendered":"<p class=\"p1\">O XIII Festival Internacional de M\u00fasica Popular da Feitosa vai-se realizar no pr\u00f3ximo dia 3 de agosto, na freguesia de Feitosa em Ponte de Lima. O evento \u00e9 uma organiza\u00e7\u00e3o da Associa\u00e7\u00e3o Cultural, Recreativa e Desportiva da Feitosa, inserido nas comemora\u00e7\u00f5es do 19\u00ba anivers\u00e1rio da sua funda\u00e7\u00e3o.<\/p>\n<p class=\"p1\">Segundo a presidente da dire\u00e7\u00e3o da Associa\u00e7\u00e3o, Celina Pereira, \u201co Festival de M\u00fasica Popular da Feitosa reveste-se de grande import\u00e2ncia, j\u00e1 que permite um importante intercambio cultural entre grupos de m\u00fasica tradicional e trazer \u00e1 freguesia da Feitosa sonoridades de diferentes pontos do pa\u00eds\u201d.<\/p>\n<p class=\"p1\">A anima\u00e7\u00e3o fica a cargo de v\u00e1rios grupos de m\u00fasica popular e tradicional, como o Grupo de M\u00fasica Popular da Feitosa, o Grupo de Cantigas da Associa\u00e7\u00e3o Cultural de Padornelo, o Grupo Cantares \u201cOs Mondeguinho\u201d e o Grupo de M\u00fasica Tradicional Bodo Musical.<\/p>\n","protected":false},"excerpt":{"rendered":"<p>O XIII Festival Internacional de M\u00fasica Popular da Feitosa vai-se realizar no pr\u00f3ximo dia 3 de agosto, na freguesia de Feitosa em Ponte de Lima. O evento \u00e9 uma organiza\u00e7\u00e3o da Associa\u00e7\u00e3o Cultural, Recreativa e Desportiva da Feitosa, inserido nas comemora\u00e7\u00f5es do 19\u00ba anivers\u00e1rio da sua funda\u00e7\u00e3o. Segundo a presidente da dire\u00e7\u00e3o da Associa\u00e7\u00e3o, Celina [&hellip;]<\/p>\n","protected":false},"author":1,"featured_media":120877,"comment_status":"closed","ping_status":"closed","sticky":false,"template":"","format":"standard","meta":{"_exactmetrics_skip_tracking":false,"_exactmetrics_sitenote_active":false,"_exactmetrics_sitenote_note":"","_exactmetrics_sitenote_category":0,"footnotes":""},"categories":[12],"tags":[27],"class_list":["post-120876","post","type-post","status-publish","format-standard","has-post-thumbnail","hentry","category-ponte-de-lima","tag-sociedade"],"yoast_head":"<!-- This site is optimized with the Yoast SEO Premium plugin v27.5 (Yoast SEO v27.5) - https:\/\/yoast.com\/product\/yoast-seo-premium-wordpress\/ -->\n<title>XIII Festival Internacional de M\u00fasica Popular da Feitosa realiza-se a 3 de agosto<\/title>\n<meta name=\"description\" content=\"O XIII Festival Internacional de M\u00fasica Popular da Feitosa vai-se realizar no pr\u00f3ximo dia 3 de agosto, na freguesia de Feitosa em Ponte de Lima.\" \/>\n<meta name=\"robots\" content=\"index, follow, max-snippet:-1, max-image-preview:large, max-video-preview:-1\" \/>\n<link rel=\"canonical\" href=\"https:\/\/www.altominho.tv\/site\/2025\/07\/17\/xiii-festival-internacional-de-musica-popular-da-feitosa\/\" \/>\n<meta property=\"og:locale\" content=\"pt_PT\" \/>\n<meta property=\"og:type\" content=\"article\" \/>\n<meta property=\"og:title\" content=\"XIII Festival Internacional de M\u00fasica Popular da Feitosa realiza-se a 3 de agosto\" \/>\n<meta property=\"og:description\" content=\"O XIII Festival Internacional de M\u00fasica Popular da Feitosa vai-se realizar no pr\u00f3ximo dia 3 de agosto, na freguesia de Feitosa em Ponte de Lima.\" \/>\n<meta property=\"og:url\" content=\"https:\/\/www.altominho.tv\/site\/2025\/07\/17\/xiii-festival-internacional-de-musica-popular-da-feitosa\/\" \/>\n<meta property=\"og:site_name\" content=\"Altominho.tv\" \/>\n<meta property=\"article:publisher\" content=\"https:\/\/www.facebook.com\/altominhotv\" \/>\n<meta property=\"article:published_time\" content=\"2025-07-17T08:56:06+00:00\" \/>\n<meta property=\"article:modified_time\" content=\"2025-07-17T08:58:17+00:00\" \/>\n<meta property=\"og:image\" content=\"https:\/\/www.altominho.tv\/site\/wp-content\/uploads\/2025\/07\/Festival-Internacional-de-Musica-Popular-da-Feitosa.jpg\" \/>\n\t<meta property=\"og:image:width\" content=\"1200\" \/>\n\t<meta property=\"og:image:height\" content=\"630\" \/>\n\t<meta property=\"og:image:type\" content=\"image\/jpeg\" \/>\n<meta name=\"author\" content=\"Altominho.tv\" \/>\n<meta name=\"twitter:card\" content=\"summary_large_image\" \/>\n<meta name=\"twitter:creator\" content=\"@altominhoTV\" \/>\n<meta name=\"twitter:site\" content=\"@altominhoTV\" \/>\n<meta name=\"twitter:label1\" content=\"Escrito por\" \/>\n\t<meta name=\"twitter:data1\" content=\"Altominho.tv\" \/>\n\t<meta name=\"twitter:label2\" content=\"Tempo estimado de leitura\" \/>\n\t<meta name=\"twitter:data2\" content=\"1 minuto\" \/>\n<script type=\"application\/ld+json\" class=\"yoast-schema-graph\">{\"@context\":\"https:\\\/\\\/schema.org\",\"@graph\":[{\"@type\":\"Article\",\"@id\":\"https:\\\/\\\/www.altominho.tv\\\/site\\\/2025\\\/07\\\/17\\\/xiii-festival-internacional-de-musica-popular-da-feitosa\\\/#article\",\"isPartOf\":{\"@id\":\"https:\\\/\\\/www.altominho.tv\\\/site\\\/2025\\\/07\\\/17\\\/xiii-festival-internacional-de-musica-popular-da-feitosa\\\/\"},\"author\":{\"name\":\"Altominho.tv\",\"@id\":\"https:\\\/\\\/www.altominho.tv\\\/site\\\/#\\\/schema\\\/person\\\/4e536851627d7914baf3dac752b6af22\"},\"headline\":\"XIII Festival Internacional de M\u00fasica Popular da Feitosa realiza-se a 3 de agosto\",\"datePublished\":\"2025-07-17T08:56:06+00:00\",\"dateModified\":\"2025-07-17T08:58:17+00:00\",\"mainEntityOfPage\":{\"@id\":\"https:\\\/\\\/www.altominho.tv\\\/site\\\/2025\\\/07\\\/17\\\/xiii-festival-internacional-de-musica-popular-da-feitosa\\\/\"},\"wordCount\":162,\"image\":{\"@id\":\"https:\\\/\\\/www.altominho.tv\\\/site\\\/2025\\\/07\\\/17\\\/xiii-festival-internacional-de-musica-popular-da-feitosa\\\/#primaryimage\"},\"thumbnailUrl\":\"https:\\\/\\\/www.altominho.tv\\\/site\\\/wp-content\\\/uploads\\\/2025\\\/07\\\/Festival-Internacional-de-Musica-Popular-da-Feitosa.jpg\",\"keywords\":[\"Sociedade\"],\"articleSection\":[\"Ponte de Lima\"],\"inLanguage\":\"pt-PT\",\"copyrightYear\":\"2025\",\"copyrightHolder\":{\"@id\":\"https:\\\/\\\/www.altominho.tv\\\/site\\\/#organization\"}},{\"@type\":\"WebPage\",\"@id\":\"https:\\\/\\\/www.altominho.tv\\\/site\\\/2025\\\/07\\\/17\\\/xiii-festival-internacional-de-musica-popular-da-feitosa\\\/\",\"url\":\"https:\\\/\\\/www.altominho.tv\\\/site\\\/2025\\\/07\\\/17\\\/xiii-festival-internacional-de-musica-popular-da-feitosa\\\/\",\"name\":\"XIII Festival Internacional de M\u00fasica Popular da Feitosa realiza-se a 3 de agosto\",\"isPartOf\":{\"@id\":\"https:\\\/\\\/www.altominho.tv\\\/site\\\/#website\"},\"primaryImageOfPage\":{\"@id\":\"https:\\\/\\\/www.altominho.tv\\\/site\\\/2025\\\/07\\\/17\\\/xiii-festival-internacional-de-musica-popular-da-feitosa\\\/#primaryimage\"},\"image\":{\"@id\":\"https:\\\/\\\/www.altominho.tv\\\/site\\\/2025\\\/07\\\/17\\\/xiii-festival-internacional-de-musica-popular-da-feitosa\\\/#primaryimage\"},\"thumbnailUrl\":\"https:\\\/\\\/www.altominho.tv\\\/site\\\/wp-content\\\/uploads\\\/2025\\\/07\\\/Festival-Internacional-de-Musica-Popular-da-Feitosa.jpg\",\"datePublished\":\"2025-07-17T08:56:06+00:00\",\"dateModified\":\"2025-07-17T08:58:17+00:00\",\"author\":{\"@id\":\"https:\\\/\\\/www.altominho.tv\\\/site\\\/#\\\/schema\\\/person\\\/4e536851627d7914baf3dac752b6af22\"},\"description\":\"O XIII Festival Internacional de M\u00fasica Popular da Feitosa vai-se realizar no pr\u00f3ximo dia 3 de agosto, na freguesia de Feitosa em Ponte de Lima.\",\"breadcrumb\":{\"@id\":\"https:\\\/\\\/www.altominho.tv\\\/site\\\/2025\\\/07\\\/17\\\/xiii-festival-internacional-de-musica-popular-da-feitosa\\\/#breadcrumb\"},\"inLanguage\":\"pt-PT\",\"potentialAction\":[{\"@type\":\"ReadAction\",\"target\":[\"https:\\\/\\\/www.altominho.tv\\\/site\\\/2025\\\/07\\\/17\\\/xiii-festival-internacional-de-musica-popular-da-feitosa\\\/\"]}]},{\"@type\":\"ImageObject\",\"inLanguage\":\"pt-PT\",\"@id\":\"https:\\\/\\\/www.altominho.tv\\\/site\\\/2025\\\/07\\\/17\\\/xiii-festival-internacional-de-musica-popular-da-feitosa\\\/#primaryimage\",\"url\":\"https:\\\/\\\/www.altominho.tv\\\/site\\\/wp-content\\\/uploads\\\/2025\\\/07\\\/Festival-Internacional-de-Musica-Popular-da-Feitosa.jpg\",\"contentUrl\":\"https:\\\/\\\/www.altominho.tv\\\/site\\\/wp-content\\\/uploads\\\/2025\\\/07\\\/Festival-Internacional-de-Musica-Popular-da-Feitosa.jpg\",\"width\":1200,\"height\":630},{\"@type\":\"BreadcrumbList\",\"@id\":\"https:\\\/\\\/www.altominho.tv\\\/site\\\/2025\\\/07\\\/17\\\/xiii-festival-internacional-de-musica-popular-da-feitosa\\\/#breadcrumb\",\"itemListElement\":[{\"@type\":\"ListItem\",\"position\":1,\"name\":\"In\u00edcio\",\"item\":\"https:\\\/\\\/www.altominho.tv\\\/site\\\/\"},{\"@type\":\"ListItem\",\"position\":2,\"name\":\"XIII Festival Internacional de M\u00fasica Popular da Feitosa realiza-se a 3 de agosto\"}]},{\"@type\":\"WebSite\",\"@id\":\"https:\\\/\\\/www.altominho.tv\\\/site\\\/#website\",\"url\":\"https:\\\/\\\/www.altominho.tv\\\/site\\\/\",\"name\":\"Altominho.tv\",\"description\":\"A sua regi\u00e3o \u00e0 dist\u00e2ncia de um clique...\",\"potentialAction\":[{\"@type\":\"SearchAction\",\"target\":{\"@type\":\"EntryPoint\",\"urlTemplate\":\"https:\\\/\\\/www.altominho.tv\\\/site\\\/?s={search_term_string}\"},\"query-input\":{\"@type\":\"PropertyValueSpecification\",\"valueRequired\":true,\"valueName\":\"search_term_string\"}}],\"inLanguage\":\"pt-PT\"},{\"@type\":\"Person\",\"@id\":\"https:\\\/\\\/www.altominho.tv\\\/site\\\/#\\\/schema\\\/person\\\/4e536851627d7914baf3dac752b6af22\",\"name\":\"Altominho.tv\",\"image\":{\"@type\":\"ImageObject\",\"inLanguage\":\"pt-PT\",\"@id\":\"https:\\\/\\\/www.altominho.tv\\\/site\\\/wp-content\\\/uploads\\\/2019\\\/11\\\/Logo_Avatar_2-150x150.jpg\",\"url\":\"https:\\\/\\\/www.altominho.tv\\\/site\\\/wp-content\\\/uploads\\\/2019\\\/11\\\/Logo_Avatar_2-150x150.jpg\",\"contentUrl\":\"https:\\\/\\\/www.altominho.tv\\\/site\\\/wp-content\\\/uploads\\\/2019\\\/11\\\/Logo_Avatar_2-150x150.jpg\",\"caption\":\"Altominho.tv\"},\"url\":\"https:\\\/\\\/www.altominho.tv\\\/site\\\/author\\\/altominhotv-tecnico\\\/\"}]}<\/script>\n<!-- \/ Yoast SEO Premium plugin. -->","yoast_head_json":{"title":"XIII Festival Internacional de M\u00fasica Popular da Feitosa realiza-se a 3 de agosto","description":"O XIII Festival Internacional de M\u00fasica Popular da Feitosa vai-se realizar no pr\u00f3ximo dia 3 de agosto, na freguesia de Feitosa em Ponte de Lima.","robots":{"index":"index","follow":"follow","max-snippet":"max-snippet:-1","max-image-preview":"max-image-preview:large","max-video-preview":"max-video-preview:-1"},"canonical":"https:\/\/www.altominho.tv\/site\/2025\/07\/17\/xiii-festival-internacional-de-musica-popular-da-feitosa\/","og_locale":"pt_PT","og_type":"article","og_title":"XIII Festival Internacional de M\u00fasica Popular da Feitosa realiza-se a 3 de agosto","og_description":"O XIII Festival Internacional de M\u00fasica Popular da Feitosa vai-se realizar no pr\u00f3ximo dia 3 de agosto, na freguesia de Feitosa em Ponte de Lima.","og_url":"https:\/\/www.altominho.tv\/site\/2025\/07\/17\/xiii-festival-internacional-de-musica-popular-da-feitosa\/","og_site_name":"Altominho.tv","article_publisher":"https:\/\/www.facebook.com\/altominhotv","article_published_time":"2025-07-17T08:56:06+00:00","article_modified_time":"2025-07-17T08:58:17+00:00","og_image":[{"width":1200,"height":630,"url":"https:\/\/www.altominho.tv\/site\/wp-content\/uploads\/2025\/07\/Festival-Internacional-de-Musica-Popular-da-Feitosa.jpg","type":"image\/jpeg"}],"author":"Altominho.tv","twitter_card":"summary_large_image","twitter_creator":"@altominhoTV","twitter_site":"@altominhoTV","twitter_misc":{"Escrito por":"Altominho.tv","Tempo estimado de leitura":"1 minuto"},"schema":{"@context":"https:\/\/schema.org","@graph":[{"@type":"Article","@id":"https:\/\/www.altominho.tv\/site\/2025\/07\/17\/xiii-festival-internacional-de-musica-popular-da-feitosa\/#article","isPartOf":{"@id":"https:\/\/www.altominho.tv\/site\/2025\/07\/17\/xiii-festival-internacional-de-musica-popular-da-feitosa\/"},"author":{"name":"Altominho.tv","@id":"https:\/\/www.altominho.tv\/site\/#\/schema\/person\/4e536851627d7914baf3dac752b6af22"},"headline":"XIII Festival Internacional de M\u00fasica Popular da Feitosa realiza-se a 3 de agosto","datePublished":"2025-07-17T08:56:06+00:00","dateModified":"2025-07-17T08:58:17+00:00","mainEntityOfPage":{"@id":"https:\/\/www.altominho.tv\/site\/2025\/07\/17\/xiii-festival-internacional-de-musica-popular-da-feitosa\/"},"wordCount":162,"image":{"@id":"https:\/\/www.altominho.tv\/site\/2025\/07\/17\/xiii-festival-internacional-de-musica-popular-da-feitosa\/#primaryimage"},"thumbnailUrl":"https:\/\/www.altominho.tv\/site\/wp-content\/uploads\/2025\/07\/Festival-Internacional-de-Musica-Popular-da-Feitosa.jpg","keywords":["Sociedade"],"articleSection":["Ponte de Lima"],"inLanguage":"pt-PT","copyrightYear":"2025","copyrightHolder":{"@id":"https:\/\/www.altominho.tv\/site\/#organization"}},{"@type":"WebPage","@id":"https:\/\/www.altominho.tv\/site\/2025\/07\/17\/xiii-festival-internacional-de-musica-popular-da-feitosa\/","url":"https:\/\/www.altominho.tv\/site\/2025\/07\/17\/xiii-festival-internacional-de-musica-popular-da-feitosa\/","name":"XIII Festival Internacional de M\u00fasica Popular da Feitosa realiza-se a 3 de agosto","isPartOf":{"@id":"https:\/\/www.altominho.tv\/site\/#website"},"primaryImageOfPage":{"@id":"https:\/\/www.altominho.tv\/site\/2025\/07\/17\/xiii-festival-internacional-de-musica-popular-da-feitosa\/#primaryimage"},"image":{"@id":"https:\/\/www.altominho.tv\/site\/2025\/07\/17\/xiii-festival-internacional-de-musica-popular-da-feitosa\/#primaryimage"},"thumbnailUrl":"https:\/\/www.altominho.tv\/site\/wp-content\/uploads\/2025\/07\/Festival-Internacional-de-Musica-Popular-da-Feitosa.jpg","datePublished":"2025-07-17T08:56:06+00:00","dateModified":"2025-07-17T08:58:17+00:00","author":{"@id":"https:\/\/www.altominho.tv\/site\/#\/schema\/person\/4e536851627d7914baf3dac752b6af22"},"description":"O XIII Festival Internacional de M\u00fasica Popular da Feitosa vai-se realizar no pr\u00f3ximo dia 3 de agosto, na freguesia de Feitosa em Ponte de Lima.","breadcrumb":{"@id":"https:\/\/www.altominho.tv\/site\/2025\/07\/17\/xiii-festival-internacional-de-musica-popular-da-feitosa\/#breadcrumb"},"inLanguage":"pt-PT","potentialAction":[{"@type":"ReadAction","target":["https:\/\/www.altominho.tv\/site\/2025\/07\/17\/xiii-festival-internacional-de-musica-popular-da-feitosa\/"]}]},{"@type":"ImageObject","inLanguage":"pt-PT","@id":"https:\/\/www.altominho.tv\/site\/2025\/07\/17\/xiii-festival-internacional-de-musica-popular-da-feitosa\/#primaryimage","url":"https:\/\/www.altominho.tv\/site\/wp-content\/uploads\/2025\/07\/Festival-Internacional-de-Musica-Popular-da-Feitosa.jpg","contentUrl":"https:\/\/www.altominho.tv\/site\/wp-content\/uploads\/2025\/07\/Festival-Internacional-de-Musica-Popular-da-Feitosa.jpg","width":1200,"height":630},{"@type":"BreadcrumbList","@id":"https:\/\/www.altominho.tv\/site\/2025\/07\/17\/xiii-festival-internacional-de-musica-popular-da-feitosa\/#breadcrumb","itemListElement":[{"@type":"ListItem","position":1,"name":"In\u00edcio","item":"https:\/\/www.altominho.tv\/site\/"},{"@type":"ListItem","position":2,"name":"XIII Festival Internacional de M\u00fasica Popular da Feitosa realiza-se a 3 de agosto"}]},{"@type":"WebSite","@id":"https:\/\/www.altominho.tv\/site\/#website","url":"https:\/\/www.altominho.tv\/site\/","name":"Altominho.tv","description":"A sua regi\u00e3o \u00e0 dist\u00e2ncia de um clique...","potentialAction":[{"@type":"SearchAction","target":{"@type":"EntryPoint","urlTemplate":"https:\/\/www.altominho.tv\/site\/?s={search_term_string}"},"query-input":{"@type":"PropertyValueSpecification","valueRequired":true,"valueName":"search_term_string"}}],"inLanguage":"pt-PT"},{"@type":"Person","@id":"https:\/\/www.altominho.tv\/site\/#\/schema\/person\/4e536851627d7914baf3dac752b6af22","name":"Altominho.tv","image":{"@type":"ImageObject","inLanguage":"pt-PT","@id":"https:\/\/www.altominho.tv\/site\/wp-content\/uploads\/2019\/11\/Logo_Avatar_2-150x150.jpg","url":"https:\/\/www.altominho.tv\/site\/wp-content\/uploads\/2019\/11\/Logo_Avatar_2-150x150.jpg","contentUrl":"https:\/\/www.altominho.tv\/site\/wp-content\/uploads\/2019\/11\/Logo_Avatar_2-150x150.jpg","caption":"Altominho.tv"},"url":"https:\/\/www.altominho.tv\/site\/author\/altominhotv-tecnico\/"}]}},"_links":{"self":[{"href":"https:\/\/www.altominho.tv\/site\/wp-json\/wp\/v2\/posts\/120876","targetHints":{"allow":["GET"]}}],"collection":[{"href":"https:\/\/www.altominho.tv\/site\/wp-json\/wp\/v2\/posts"}],"about":[{"href":"https:\/\/www.altominho.tv\/site\/wp-json\/wp\/v2\/types\/post"}],"author":[{"embeddable":true,"href":"https:\/\/www.altominho.tv\/site\/wp-json\/wp\/v2\/users\/1"}],"replies":[{"embeddable":true,"href":"https:\/\/www.altominho.tv\/site\/wp-json\/wp\/v2\/comments?post=120876"}],"version-history":[{"count":4,"href":"https:\/\/www.altominho.tv\/site\/wp-json\/wp\/v2\/posts\/120876\/revisions"}],"predecessor-version":[{"id":120883,"href":"https:\/\/www.altominho.tv\/site\/wp-json\/wp\/v2\/posts\/120876\/revisions\/120883"}],"wp:featuredmedia":[{"embeddable":true,"href":"https:\/\/www.altominho.tv\/site\/wp-json\/wp\/v2\/media\/120877"}],"wp:attachment":[{"href":"https:\/\/www.altominho.tv\/site\/wp-json\/wp\/v2\/media?parent=120876"}],"wp:term":[{"taxonomy":"category","embeddable":true,"href":"https:\/\/www.altominho.tv\/site\/wp-json\/wp\/v2\/categories?post=120876"},{"taxonomy":"post_tag","embeddable":true,"href":"https:\/\/www.altominho.tv\/site\/wp-json\/wp\/v2\/tags?post=120876"}],"curies":[{"name":"wp","href":"https:\/\/api.w.org\/{rel}","templated":true}]}}