{"id":120868,"date":"2025-07-17T09:34:19","date_gmt":"2025-07-17T08:34:19","guid":{"rendered":"https:\/\/www.altominho.tv\/site\/?p=120868"},"modified":"2025-07-17T09:38:16","modified_gmt":"2025-07-17T08:38:16","slug":"ponte-da-barca-sao-bartolomeu-festas-romarias","status":"publish","type":"post","link":"https:\/\/www.altominho.tv\/site\/2025\/07\/17\/ponte-da-barca-sao-bartolomeu-festas-romarias\/","title":{"rendered":"Romaria de S\u00e3o Bartolomeu est\u00e1 de regresso de 18 a 24 de agosto"},"content":{"rendered":"\n<p>De 18 a 24 de agosto, a vila de Ponte da Barca vive as suas Festas Concelhias &#8211; a Romaria de S\u00e3o Bartolomeu.<\/p>\n\n\n\n<p>O S\u00e3o Bartolomeu constitui &#8220;um dos maiores cart\u00f5es de visita do concelho barquense&#8221;.<\/p>\n\n\n\n<p>A organiza\u00e7\u00e3o est\u00e1 a preparar &#8220;uma intensa semana de tradi\u00e7\u00f5es, usos e costumes mais genu\u00ednos desta regi\u00e3o&#8221;.<\/p>\n\n\n\n<p>Mas o grande cartaz das Festas de S. Bartolomeu acontece na noite de 23 de agosto, com o desfile e atua\u00e7\u00e3o das rusgas pelas ruas da vila, arrastando multid\u00f5es e prolongando a folia por toda a noite.<\/p>\n\n\n\n<p>Ao longo dos sete dias de festa, a programa\u00e7\u00e3o \u00e9 variada.<\/p>\n","protected":false},"excerpt":{"rendered":"<p>De 18 a 24 de agosto, a vila de Ponte da Barca vive as suas Festas Concelhias &#8211; a Romaria de S\u00e3o Bartolomeu. O S\u00e3o Bartolomeu constitui &#8220;um dos maiores cart\u00f5es de visita do concelho barquense&#8221;. A organiza\u00e7\u00e3o est\u00e1 a preparar &#8220;uma intensa semana de tradi\u00e7\u00f5es, usos e costumes mais genu\u00ednos desta regi\u00e3o&#8221;. Mas o [&hellip;]<\/p>\n","protected":false},"author":7,"featured_media":120872,"comment_status":"closed","ping_status":"closed","sticky":false,"template":"","format":"standard","meta":{"_exactmetrics_skip_tracking":false,"_exactmetrics_sitenote_active":false,"_exactmetrics_sitenote_note":"","_exactmetrics_sitenote_category":0,"footnotes":""},"categories":[11],"tags":[27],"class_list":["post-120868","post","type-post","status-publish","format-standard","has-post-thumbnail","hentry","category-ponte-da-barca","tag-sociedade"],"yoast_head":"<!-- This site is optimized with the Yoast SEO Premium plugin v27.4 (Yoast SEO v27.4) - https:\/\/yoast.com\/product\/yoast-seo-premium-wordpress\/ -->\n<title>Romaria de S\u00e3o Bartolomeu est\u00e1 de regresso de 18 a 24 de agosto<\/title>\n<meta name=\"description\" content=\"A Romaria de S\u00e3o Bartolomeu est\u00e1 de regresso a Ponte da Barca de 18 a 24 de agosto.\" \/>\n<meta name=\"robots\" content=\"index, follow, max-snippet:-1, max-image-preview:large, max-video-preview:-1\" \/>\n<link rel=\"canonical\" href=\"https:\/\/www.altominho.tv\/site\/2025\/07\/17\/ponte-da-barca-sao-bartolomeu-festas-romarias\/\" \/>\n<meta property=\"og:locale\" content=\"pt_PT\" \/>\n<meta property=\"og:type\" content=\"article\" \/>\n<meta property=\"og:title\" content=\"Romaria de S\u00e3o Bartolomeu est\u00e1 de regresso de 18 a 24 de agosto\" \/>\n<meta property=\"og:description\" content=\"A Romaria de S\u00e3o Bartolomeu est\u00e1 de regresso a Ponte da Barca de 18 a 24 de agosto.\" \/>\n<meta property=\"og:url\" content=\"https:\/\/www.altominho.tv\/site\/2025\/07\/17\/ponte-da-barca-sao-bartolomeu-festas-romarias\/\" \/>\n<meta property=\"og:site_name\" content=\"Altominho.tv\" \/>\n<meta property=\"article:publisher\" content=\"https:\/\/www.facebook.com\/altominhotv\" \/>\n<meta property=\"article:published_time\" content=\"2025-07-17T08:34:19+00:00\" \/>\n<meta property=\"article:modified_time\" content=\"2025-07-17T08:38:16+00:00\" \/>\n<meta property=\"og:image\" content=\"https:\/\/www.altominho.tv\/site\/wp-content\/uploads\/2025\/07\/romaria.png\" \/>\n\t<meta property=\"og:image:width\" content=\"1200\" \/>\n\t<meta property=\"og:image:height\" content=\"630\" \/>\n\t<meta property=\"og:image:type\" content=\"image\/png\" \/>\n<meta name=\"author\" content=\"Andreia Cunha\" \/>\n<meta name=\"twitter:card\" content=\"summary_large_image\" \/>\n<meta name=\"twitter:creator\" content=\"@altominhoTV\" \/>\n<meta name=\"twitter:site\" content=\"@altominhoTV\" \/>\n<meta name=\"twitter:label1\" content=\"Escrito por\" \/>\n\t<meta name=\"twitter:data1\" content=\"Andreia Cunha\" \/>\n\t<meta name=\"twitter:label2\" content=\"Tempo estimado de leitura\" \/>\n\t<meta name=\"twitter:data2\" content=\"1 minuto\" \/>\n<script type=\"application\/ld+json\" class=\"yoast-schema-graph\">{\"@context\":\"https:\\\/\\\/schema.org\",\"@graph\":[{\"@type\":\"Article\",\"@id\":\"https:\\\/\\\/www.altominho.tv\\\/site\\\/2025\\\/07\\\/17\\\/ponte-da-barca-sao-bartolomeu-festas-romarias\\\/#article\",\"isPartOf\":{\"@id\":\"https:\\\/\\\/www.altominho.tv\\\/site\\\/2025\\\/07\\\/17\\\/ponte-da-barca-sao-bartolomeu-festas-romarias\\\/\"},\"author\":{\"name\":\"Andreia Cunha\",\"@id\":\"https:\\\/\\\/www.altominho.tv\\\/site\\\/#\\\/schema\\\/person\\\/a0e4ef6d041f98ca284393d8f1d97153\"},\"headline\":\"Romaria de S\u00e3o Bartolomeu est\u00e1 de regresso de 18 a 24 de agosto\",\"datePublished\":\"2025-07-17T08:34:19+00:00\",\"dateModified\":\"2025-07-17T08:38:16+00:00\",\"mainEntityOfPage\":{\"@id\":\"https:\\\/\\\/www.altominho.tv\\\/site\\\/2025\\\/07\\\/17\\\/ponte-da-barca-sao-bartolomeu-festas-romarias\\\/\"},\"wordCount\":119,\"image\":{\"@id\":\"https:\\\/\\\/www.altominho.tv\\\/site\\\/2025\\\/07\\\/17\\\/ponte-da-barca-sao-bartolomeu-festas-romarias\\\/#primaryimage\"},\"thumbnailUrl\":\"https:\\\/\\\/www.altominho.tv\\\/site\\\/wp-content\\\/uploads\\\/2025\\\/07\\\/romaria.png\",\"keywords\":[\"Sociedade\"],\"articleSection\":[\"Ponte da Barca\"],\"inLanguage\":\"pt-PT\",\"copyrightYear\":\"2025\",\"copyrightHolder\":{\"@id\":\"https:\\\/\\\/www.altominho.tv\\\/site\\\/#organization\"}},{\"@type\":\"WebPage\",\"@id\":\"https:\\\/\\\/www.altominho.tv\\\/site\\\/2025\\\/07\\\/17\\\/ponte-da-barca-sao-bartolomeu-festas-romarias\\\/\",\"url\":\"https:\\\/\\\/www.altominho.tv\\\/site\\\/2025\\\/07\\\/17\\\/ponte-da-barca-sao-bartolomeu-festas-romarias\\\/\",\"name\":\"Romaria de S\u00e3o Bartolomeu est\u00e1 de regresso de 18 a 24 de agosto\",\"isPartOf\":{\"@id\":\"https:\\\/\\\/www.altominho.tv\\\/site\\\/#website\"},\"primaryImageOfPage\":{\"@id\":\"https:\\\/\\\/www.altominho.tv\\\/site\\\/2025\\\/07\\\/17\\\/ponte-da-barca-sao-bartolomeu-festas-romarias\\\/#primaryimage\"},\"image\":{\"@id\":\"https:\\\/\\\/www.altominho.tv\\\/site\\\/2025\\\/07\\\/17\\\/ponte-da-barca-sao-bartolomeu-festas-romarias\\\/#primaryimage\"},\"thumbnailUrl\":\"https:\\\/\\\/www.altominho.tv\\\/site\\\/wp-content\\\/uploads\\\/2025\\\/07\\\/romaria.png\",\"datePublished\":\"2025-07-17T08:34:19+00:00\",\"dateModified\":\"2025-07-17T08:38:16+00:00\",\"author\":{\"@id\":\"https:\\\/\\\/www.altominho.tv\\\/site\\\/#\\\/schema\\\/person\\\/a0e4ef6d041f98ca284393d8f1d97153\"},\"description\":\"A Romaria de S\u00e3o Bartolomeu est\u00e1 de regresso a Ponte da Barca de 18 a 24 de agosto.\",\"breadcrumb\":{\"@id\":\"https:\\\/\\\/www.altominho.tv\\\/site\\\/2025\\\/07\\\/17\\\/ponte-da-barca-sao-bartolomeu-festas-romarias\\\/#breadcrumb\"},\"inLanguage\":\"pt-PT\",\"potentialAction\":[{\"@type\":\"ReadAction\",\"target\":[\"https:\\\/\\\/www.altominho.tv\\\/site\\\/2025\\\/07\\\/17\\\/ponte-da-barca-sao-bartolomeu-festas-romarias\\\/\"]}]},{\"@type\":\"ImageObject\",\"inLanguage\":\"pt-PT\",\"@id\":\"https:\\\/\\\/www.altominho.tv\\\/site\\\/2025\\\/07\\\/17\\\/ponte-da-barca-sao-bartolomeu-festas-romarias\\\/#primaryimage\",\"url\":\"https:\\\/\\\/www.altominho.tv\\\/site\\\/wp-content\\\/uploads\\\/2025\\\/07\\\/romaria.png\",\"contentUrl\":\"https:\\\/\\\/www.altominho.tv\\\/site\\\/wp-content\\\/uploads\\\/2025\\\/07\\\/romaria.png\",\"width\":1200,\"height\":630},{\"@type\":\"BreadcrumbList\",\"@id\":\"https:\\\/\\\/www.altominho.tv\\\/site\\\/2025\\\/07\\\/17\\\/ponte-da-barca-sao-bartolomeu-festas-romarias\\\/#breadcrumb\",\"itemListElement\":[{\"@type\":\"ListItem\",\"position\":1,\"name\":\"In\u00edcio\",\"item\":\"https:\\\/\\\/www.altominho.tv\\\/site\\\/\"},{\"@type\":\"ListItem\",\"position\":2,\"name\":\"Romaria de S\u00e3o Bartolomeu est\u00e1 de regresso de 18 a 24 de agosto\"}]},{\"@type\":\"WebSite\",\"@id\":\"https:\\\/\\\/www.altominho.tv\\\/site\\\/#website\",\"url\":\"https:\\\/\\\/www.altominho.tv\\\/site\\\/\",\"name\":\"Altominho.tv\",\"description\":\"A sua regi\u00e3o \u00e0 dist\u00e2ncia de um clique...\",\"potentialAction\":[{\"@type\":\"SearchAction\",\"target\":{\"@type\":\"EntryPoint\",\"urlTemplate\":\"https:\\\/\\\/www.altominho.tv\\\/site\\\/?s={search_term_string}\"},\"query-input\":{\"@type\":\"PropertyValueSpecification\",\"valueRequired\":true,\"valueName\":\"search_term_string\"}}],\"inLanguage\":\"pt-PT\"},{\"@type\":\"Person\",\"@id\":\"https:\\\/\\\/www.altominho.tv\\\/site\\\/#\\\/schema\\\/person\\\/a0e4ef6d041f98ca284393d8f1d97153\",\"name\":\"Andreia Cunha\",\"image\":{\"@type\":\"ImageObject\",\"inLanguage\":\"pt-PT\",\"@id\":\"https:\\\/\\\/www.altominho.tv\\\/site\\\/wp-content\\\/uploads\\\/2017\\\/11\\\/Andreia_Cunha-1-150x150.jpg\",\"url\":\"https:\\\/\\\/www.altominho.tv\\\/site\\\/wp-content\\\/uploads\\\/2017\\\/11\\\/Andreia_Cunha-1-150x150.jpg\",\"contentUrl\":\"https:\\\/\\\/www.altominho.tv\\\/site\\\/wp-content\\\/uploads\\\/2017\\\/11\\\/Andreia_Cunha-1-150x150.jpg\",\"caption\":\"Andreia Cunha\"},\"url\":\"https:\\\/\\\/www.altominho.tv\\\/site\\\/author\\\/andreiacunha\\\/\"}]}<\/script>\n<!-- \/ Yoast SEO Premium plugin. -->","yoast_head_json":{"title":"Romaria de S\u00e3o Bartolomeu est\u00e1 de regresso de 18 a 24 de agosto","description":"A Romaria de S\u00e3o Bartolomeu est\u00e1 de regresso a Ponte da Barca de 18 a 24 de agosto.","robots":{"index":"index","follow":"follow","max-snippet":"max-snippet:-1","max-image-preview":"max-image-preview:large","max-video-preview":"max-video-preview:-1"},"canonical":"https:\/\/www.altominho.tv\/site\/2025\/07\/17\/ponte-da-barca-sao-bartolomeu-festas-romarias\/","og_locale":"pt_PT","og_type":"article","og_title":"Romaria de S\u00e3o Bartolomeu est\u00e1 de regresso de 18 a 24 de agosto","og_description":"A Romaria de S\u00e3o Bartolomeu est\u00e1 de regresso a Ponte da Barca de 18 a 24 de agosto.","og_url":"https:\/\/www.altominho.tv\/site\/2025\/07\/17\/ponte-da-barca-sao-bartolomeu-festas-romarias\/","og_site_name":"Altominho.tv","article_publisher":"https:\/\/www.facebook.com\/altominhotv","article_published_time":"2025-07-17T08:34:19+00:00","article_modified_time":"2025-07-17T08:38:16+00:00","og_image":[{"width":1200,"height":630,"url":"https:\/\/www.altominho.tv\/site\/wp-content\/uploads\/2025\/07\/romaria.png","type":"image\/png"}],"author":"Andreia Cunha","twitter_card":"summary_large_image","twitter_creator":"@altominhoTV","twitter_site":"@altominhoTV","twitter_misc":{"Escrito por":"Andreia Cunha","Tempo estimado de leitura":"1 minuto"},"schema":{"@context":"https:\/\/schema.org","@graph":[{"@type":"Article","@id":"https:\/\/www.altominho.tv\/site\/2025\/07\/17\/ponte-da-barca-sao-bartolomeu-festas-romarias\/#article","isPartOf":{"@id":"https:\/\/www.altominho.tv\/site\/2025\/07\/17\/ponte-da-barca-sao-bartolomeu-festas-romarias\/"},"author":{"name":"Andreia Cunha","@id":"https:\/\/www.altominho.tv\/site\/#\/schema\/person\/a0e4ef6d041f98ca284393d8f1d97153"},"headline":"Romaria de S\u00e3o Bartolomeu est\u00e1 de regresso de 18 a 24 de agosto","datePublished":"2025-07-17T08:34:19+00:00","dateModified":"2025-07-17T08:38:16+00:00","mainEntityOfPage":{"@id":"https:\/\/www.altominho.tv\/site\/2025\/07\/17\/ponte-da-barca-sao-bartolomeu-festas-romarias\/"},"wordCount":119,"image":{"@id":"https:\/\/www.altominho.tv\/site\/2025\/07\/17\/ponte-da-barca-sao-bartolomeu-festas-romarias\/#primaryimage"},"thumbnailUrl":"https:\/\/www.altominho.tv\/site\/wp-content\/uploads\/2025\/07\/romaria.png","keywords":["Sociedade"],"articleSection":["Ponte da Barca"],"inLanguage":"pt-PT","copyrightYear":"2025","copyrightHolder":{"@id":"https:\/\/www.altominho.tv\/site\/#organization"}},{"@type":"WebPage","@id":"https:\/\/www.altominho.tv\/site\/2025\/07\/17\/ponte-da-barca-sao-bartolomeu-festas-romarias\/","url":"https:\/\/www.altominho.tv\/site\/2025\/07\/17\/ponte-da-barca-sao-bartolomeu-festas-romarias\/","name":"Romaria de S\u00e3o Bartolomeu est\u00e1 de regresso de 18 a 24 de agosto","isPartOf":{"@id":"https:\/\/www.altominho.tv\/site\/#website"},"primaryImageOfPage":{"@id":"https:\/\/www.altominho.tv\/site\/2025\/07\/17\/ponte-da-barca-sao-bartolomeu-festas-romarias\/#primaryimage"},"image":{"@id":"https:\/\/www.altominho.tv\/site\/2025\/07\/17\/ponte-da-barca-sao-bartolomeu-festas-romarias\/#primaryimage"},"thumbnailUrl":"https:\/\/www.altominho.tv\/site\/wp-content\/uploads\/2025\/07\/romaria.png","datePublished":"2025-07-17T08:34:19+00:00","dateModified":"2025-07-17T08:38:16+00:00","author":{"@id":"https:\/\/www.altominho.tv\/site\/#\/schema\/person\/a0e4ef6d041f98ca284393d8f1d97153"},"description":"A Romaria de S\u00e3o Bartolomeu est\u00e1 de regresso a Ponte da Barca de 18 a 24 de agosto.","breadcrumb":{"@id":"https:\/\/www.altominho.tv\/site\/2025\/07\/17\/ponte-da-barca-sao-bartolomeu-festas-romarias\/#breadcrumb"},"inLanguage":"pt-PT","potentialAction":[{"@type":"ReadAction","target":["https:\/\/www.altominho.tv\/site\/2025\/07\/17\/ponte-da-barca-sao-bartolomeu-festas-romarias\/"]}]},{"@type":"ImageObject","inLanguage":"pt-PT","@id":"https:\/\/www.altominho.tv\/site\/2025\/07\/17\/ponte-da-barca-sao-bartolomeu-festas-romarias\/#primaryimage","url":"https:\/\/www.altominho.tv\/site\/wp-content\/uploads\/2025\/07\/romaria.png","contentUrl":"https:\/\/www.altominho.tv\/site\/wp-content\/uploads\/2025\/07\/romaria.png","width":1200,"height":630},{"@type":"BreadcrumbList","@id":"https:\/\/www.altominho.tv\/site\/2025\/07\/17\/ponte-da-barca-sao-bartolomeu-festas-romarias\/#breadcrumb","itemListElement":[{"@type":"ListItem","position":1,"name":"In\u00edcio","item":"https:\/\/www.altominho.tv\/site\/"},{"@type":"ListItem","position":2,"name":"Romaria de S\u00e3o Bartolomeu est\u00e1 de regresso de 18 a 24 de agosto"}]},{"@type":"WebSite","@id":"https:\/\/www.altominho.tv\/site\/#website","url":"https:\/\/www.altominho.tv\/site\/","name":"Altominho.tv","description":"A sua regi\u00e3o \u00e0 dist\u00e2ncia de um clique...","potentialAction":[{"@type":"SearchAction","target":{"@type":"EntryPoint","urlTemplate":"https:\/\/www.altominho.tv\/site\/?s={search_term_string}"},"query-input":{"@type":"PropertyValueSpecification","valueRequired":true,"valueName":"search_term_string"}}],"inLanguage":"pt-PT"},{"@type":"Person","@id":"https:\/\/www.altominho.tv\/site\/#\/schema\/person\/a0e4ef6d041f98ca284393d8f1d97153","name":"Andreia Cunha","image":{"@type":"ImageObject","inLanguage":"pt-PT","@id":"https:\/\/www.altominho.tv\/site\/wp-content\/uploads\/2017\/11\/Andreia_Cunha-1-150x150.jpg","url":"https:\/\/www.altominho.tv\/site\/wp-content\/uploads\/2017\/11\/Andreia_Cunha-1-150x150.jpg","contentUrl":"https:\/\/www.altominho.tv\/site\/wp-content\/uploads\/2017\/11\/Andreia_Cunha-1-150x150.jpg","caption":"Andreia Cunha"},"url":"https:\/\/www.altominho.tv\/site\/author\/andreiacunha\/"}]}},"_links":{"self":[{"href":"https:\/\/www.altominho.tv\/site\/wp-json\/wp\/v2\/posts\/120868","targetHints":{"allow":["GET"]}}],"collection":[{"href":"https:\/\/www.altominho.tv\/site\/wp-json\/wp\/v2\/posts"}],"about":[{"href":"https:\/\/www.altominho.tv\/site\/wp-json\/wp\/v2\/types\/post"}],"author":[{"embeddable":true,"href":"https:\/\/www.altominho.tv\/site\/wp-json\/wp\/v2\/users\/7"}],"replies":[{"embeddable":true,"href":"https:\/\/www.altominho.tv\/site\/wp-json\/wp\/v2\/comments?post=120868"}],"version-history":[{"count":2,"href":"https:\/\/www.altominho.tv\/site\/wp-json\/wp\/v2\/posts\/120868\/revisions"}],"predecessor-version":[{"id":120874,"href":"https:\/\/www.altominho.tv\/site\/wp-json\/wp\/v2\/posts\/120868\/revisions\/120874"}],"wp:featuredmedia":[{"embeddable":true,"href":"https:\/\/www.altominho.tv\/site\/wp-json\/wp\/v2\/media\/120872"}],"wp:attachment":[{"href":"https:\/\/www.altominho.tv\/site\/wp-json\/wp\/v2\/media?parent=120868"}],"wp:term":[{"taxonomy":"category","embeddable":true,"href":"https:\/\/www.altominho.tv\/site\/wp-json\/wp\/v2\/categories?post=120868"},{"taxonomy":"post_tag","embeddable":true,"href":"https:\/\/www.altominho.tv\/site\/wp-json\/wp\/v2\/tags?post=120868"}],"curies":[{"name":"wp","href":"https:\/\/api.w.org\/{rel}","templated":true}]}}