{"id":120748,"date":"2025-07-14T11:31:38","date_gmt":"2025-07-14T10:31:38","guid":{"rendered":"https:\/\/www.altominho.tv\/site\/?p=120748"},"modified":"2025-07-14T11:31:40","modified_gmt":"2025-07-14T10:31:40","slug":"municipio-de-moncao-entrega-dez-mil-kg-racao-rafeiros-e-companhia","status":"publish","type":"post","link":"https:\/\/www.altominho.tv\/site\/2025\/07\/14\/municipio-de-moncao-entrega-dez-mil-kg-racao-rafeiros-e-companhia\/","title":{"rendered":"Munic\u00edpio de Mon\u00e7\u00e3o entrega dez mil kg de ra\u00e7\u00e3o \u00e0 associa\u00e7\u00e3o Rafeiros e Companhia"},"content":{"rendered":"<p class=\"p1\">O munic\u00edpio de Mon\u00e7\u00e3o procedeu \u00e0 aquisi\u00e7\u00e3o de dez mil kg de ra\u00e7\u00e3o<b>\u00a0<\/b>seca, no valor de 6.672,75 euros, destinados \u00e0 alimenta\u00e7\u00e3o dos animais ao cuidado da associa\u00e7\u00e3o Rafeiros e Companhia. A entrega ser\u00e1 feita em per\u00edodos distintos, mediante as necessidades.<\/p>\n<p class=\"p1\">A a\u00e7\u00e3o junta-se a um conjunto de iniciativas municipais defensoras dos animais, como a requalifica\u00e7\u00e3o do abrigo de animais, interven\u00e7\u00e3o em curso que ir\u00e1 garantir melhores condi\u00e7\u00f5es de trabalho, bem como a constru\u00e7\u00e3o de mais boxes para os animais, passando de 19 para 35.<\/p>\n<p class=\"p1\">Al\u00e9m disto, o munic\u00edpio presta apoio na identifica\u00e7\u00e3o, vacina\u00e7\u00e3o e esteriliza\u00e7\u00e3o de c\u00e3es e gatos pertencentes a fam\u00edlias em situa\u00e7\u00e3o de car\u00eancia econ\u00f3mica, col\u00f3nias de animais vadios e errantes e os animais adotados pela Associa\u00e7\u00e3o Rafeiros e Companhia.<\/p>\n<p class=\"p1\">O apoio \u00e9 intemporal, sendo necess\u00e1rio apresentar a respetiva candidatura.<\/p>\n","protected":false},"excerpt":{"rendered":"<p>O munic\u00edpio de Mon\u00e7\u00e3o procedeu \u00e0 aquisi\u00e7\u00e3o de dez mil kg de ra\u00e7\u00e3o\u00a0seca, no valor de 6.672,75 euros, destinados \u00e0 alimenta\u00e7\u00e3o dos animais ao cuidado da associa\u00e7\u00e3o Rafeiros e Companhia. A entrega ser\u00e1 feita em per\u00edodos distintos, mediante as necessidades. A a\u00e7\u00e3o junta-se a um conjunto de iniciativas municipais defensoras dos animais, como a requalifica\u00e7\u00e3o [&hellip;]<\/p>\n","protected":false},"author":1,"featured_media":120749,"comment_status":"closed","ping_status":"closed","sticky":false,"template":"","format":"standard","meta":{"_exactmetrics_skip_tracking":false,"_exactmetrics_sitenote_active":false,"_exactmetrics_sitenote_note":"","_exactmetrics_sitenote_category":0,"footnotes":""},"categories":[9],"tags":[27],"class_list":["post-120748","post","type-post","status-publish","format-standard","has-post-thumbnail","hentry","category-moncao","tag-sociedade"],"yoast_head":"<!-- This site is optimized with the Yoast SEO Premium plugin v27.5 (Yoast SEO v27.5) - https:\/\/yoast.com\/product\/yoast-seo-premium-wordpress\/ -->\n<title>Munic\u00edpio de Mon\u00e7\u00e3o entrega dez mil kg de ra\u00e7\u00e3o \u00e0 associa\u00e7\u00e3o Rafeiros e Companhia<\/title>\n<meta name=\"description\" content=\"O munic\u00edpio de Mon\u00e7\u00e3o procedeu \u00e0 aquisi\u00e7\u00e3o de dez mil kg de ra\u00e7\u00e3o\u00a0seca, no valor de 6.672,75 euros, destinados \u00e0 alimenta\u00e7\u00e3o dos animais ao cuidado da associa\u00e7\u00e3o Rafeiros e Companhia.\" \/>\n<meta name=\"robots\" content=\"index, follow, max-snippet:-1, max-image-preview:large, max-video-preview:-1\" \/>\n<link rel=\"canonical\" href=\"https:\/\/www.altominho.tv\/site\/2025\/07\/14\/municipio-de-moncao-entrega-dez-mil-kg-racao-rafeiros-e-companhia\/\" \/>\n<meta property=\"og:locale\" content=\"pt_PT\" \/>\n<meta property=\"og:type\" content=\"article\" \/>\n<meta property=\"og:title\" content=\"Munic\u00edpio de Mon\u00e7\u00e3o entrega dez mil kg de ra\u00e7\u00e3o \u00e0 associa\u00e7\u00e3o Rafeiros e Companhia\" \/>\n<meta property=\"og:description\" content=\"O munic\u00edpio de Mon\u00e7\u00e3o procedeu \u00e0 aquisi\u00e7\u00e3o de dez mil kg de ra\u00e7\u00e3o\u00a0seca, no valor de 6.672,75 euros, destinados \u00e0 alimenta\u00e7\u00e3o dos animais ao cuidado da associa\u00e7\u00e3o Rafeiros e Companhia.\" \/>\n<meta property=\"og:url\" content=\"https:\/\/www.altominho.tv\/site\/2025\/07\/14\/municipio-de-moncao-entrega-dez-mil-kg-racao-rafeiros-e-companhia\/\" \/>\n<meta property=\"og:site_name\" content=\"Altominho.tv\" \/>\n<meta property=\"article:publisher\" content=\"https:\/\/www.facebook.com\/altominhotv\" \/>\n<meta property=\"article:published_time\" content=\"2025-07-14T10:31:38+00:00\" \/>\n<meta property=\"article:modified_time\" content=\"2025-07-14T10:31:40+00:00\" \/>\n<meta property=\"og:image\" content=\"https:\/\/www.altominho.tv\/site\/wp-content\/uploads\/2025\/07\/cao.jpg\" \/>\n\t<meta property=\"og:image:width\" content=\"1200\" \/>\n\t<meta property=\"og:image:height\" content=\"630\" \/>\n\t<meta property=\"og:image:type\" content=\"image\/jpeg\" \/>\n<meta name=\"author\" content=\"Altominho.tv\" \/>\n<meta name=\"twitter:card\" content=\"summary_large_image\" \/>\n<meta name=\"twitter:creator\" content=\"@altominhoTV\" \/>\n<meta name=\"twitter:site\" content=\"@altominhoTV\" \/>\n<meta name=\"twitter:label1\" content=\"Escrito por\" \/>\n\t<meta name=\"twitter:data1\" content=\"Altominho.tv\" \/>\n\t<meta name=\"twitter:label2\" content=\"Tempo estimado de leitura\" \/>\n\t<meta name=\"twitter:data2\" content=\"1 minuto\" \/>\n<script type=\"application\/ld+json\" class=\"yoast-schema-graph\">{\"@context\":\"https:\\\/\\\/schema.org\",\"@graph\":[{\"@type\":\"Article\",\"@id\":\"https:\\\/\\\/www.altominho.tv\\\/site\\\/2025\\\/07\\\/14\\\/municipio-de-moncao-entrega-dez-mil-kg-racao-rafeiros-e-companhia\\\/#article\",\"isPartOf\":{\"@id\":\"https:\\\/\\\/www.altominho.tv\\\/site\\\/2025\\\/07\\\/14\\\/municipio-de-moncao-entrega-dez-mil-kg-racao-rafeiros-e-companhia\\\/\"},\"author\":{\"name\":\"Altominho.tv\",\"@id\":\"https:\\\/\\\/www.altominho.tv\\\/site\\\/#\\\/schema\\\/person\\\/4e536851627d7914baf3dac752b6af22\"},\"headline\":\"Munic\u00edpio de Mon\u00e7\u00e3o entrega dez mil kg de ra\u00e7\u00e3o \u00e0 associa\u00e7\u00e3o Rafeiros e Companhia\",\"datePublished\":\"2025-07-14T10:31:38+00:00\",\"dateModified\":\"2025-07-14T10:31:40+00:00\",\"mainEntityOfPage\":{\"@id\":\"https:\\\/\\\/www.altominho.tv\\\/site\\\/2025\\\/07\\\/14\\\/municipio-de-moncao-entrega-dez-mil-kg-racao-rafeiros-e-companhia\\\/\"},\"wordCount\":169,\"image\":{\"@id\":\"https:\\\/\\\/www.altominho.tv\\\/site\\\/2025\\\/07\\\/14\\\/municipio-de-moncao-entrega-dez-mil-kg-racao-rafeiros-e-companhia\\\/#primaryimage\"},\"thumbnailUrl\":\"https:\\\/\\\/www.altominho.tv\\\/site\\\/wp-content\\\/uploads\\\/2025\\\/07\\\/cao.jpg\",\"keywords\":[\"Sociedade\"],\"articleSection\":[\"Mon\u00e7\u00e3o\"],\"inLanguage\":\"pt-PT\",\"copyrightYear\":\"2025\",\"copyrightHolder\":{\"@id\":\"https:\\\/\\\/www.altominho.tv\\\/site\\\/#organization\"}},{\"@type\":\"WebPage\",\"@id\":\"https:\\\/\\\/www.altominho.tv\\\/site\\\/2025\\\/07\\\/14\\\/municipio-de-moncao-entrega-dez-mil-kg-racao-rafeiros-e-companhia\\\/\",\"url\":\"https:\\\/\\\/www.altominho.tv\\\/site\\\/2025\\\/07\\\/14\\\/municipio-de-moncao-entrega-dez-mil-kg-racao-rafeiros-e-companhia\\\/\",\"name\":\"Munic\u00edpio de Mon\u00e7\u00e3o entrega dez mil kg de ra\u00e7\u00e3o \u00e0 associa\u00e7\u00e3o Rafeiros e Companhia\",\"isPartOf\":{\"@id\":\"https:\\\/\\\/www.altominho.tv\\\/site\\\/#website\"},\"primaryImageOfPage\":{\"@id\":\"https:\\\/\\\/www.altominho.tv\\\/site\\\/2025\\\/07\\\/14\\\/municipio-de-moncao-entrega-dez-mil-kg-racao-rafeiros-e-companhia\\\/#primaryimage\"},\"image\":{\"@id\":\"https:\\\/\\\/www.altominho.tv\\\/site\\\/2025\\\/07\\\/14\\\/municipio-de-moncao-entrega-dez-mil-kg-racao-rafeiros-e-companhia\\\/#primaryimage\"},\"thumbnailUrl\":\"https:\\\/\\\/www.altominho.tv\\\/site\\\/wp-content\\\/uploads\\\/2025\\\/07\\\/cao.jpg\",\"datePublished\":\"2025-07-14T10:31:38+00:00\",\"dateModified\":\"2025-07-14T10:31:40+00:00\",\"author\":{\"@id\":\"https:\\\/\\\/www.altominho.tv\\\/site\\\/#\\\/schema\\\/person\\\/4e536851627d7914baf3dac752b6af22\"},\"description\":\"O munic\u00edpio de Mon\u00e7\u00e3o procedeu \u00e0 aquisi\u00e7\u00e3o de dez mil kg de ra\u00e7\u00e3o\u00a0seca, no valor de 6.672,75 euros, destinados \u00e0 alimenta\u00e7\u00e3o dos animais ao cuidado da associa\u00e7\u00e3o Rafeiros e Companhia.\",\"breadcrumb\":{\"@id\":\"https:\\\/\\\/www.altominho.tv\\\/site\\\/2025\\\/07\\\/14\\\/municipio-de-moncao-entrega-dez-mil-kg-racao-rafeiros-e-companhia\\\/#breadcrumb\"},\"inLanguage\":\"pt-PT\",\"potentialAction\":[{\"@type\":\"ReadAction\",\"target\":[\"https:\\\/\\\/www.altominho.tv\\\/site\\\/2025\\\/07\\\/14\\\/municipio-de-moncao-entrega-dez-mil-kg-racao-rafeiros-e-companhia\\\/\"]}]},{\"@type\":\"ImageObject\",\"inLanguage\":\"pt-PT\",\"@id\":\"https:\\\/\\\/www.altominho.tv\\\/site\\\/2025\\\/07\\\/14\\\/municipio-de-moncao-entrega-dez-mil-kg-racao-rafeiros-e-companhia\\\/#primaryimage\",\"url\":\"https:\\\/\\\/www.altominho.tv\\\/site\\\/wp-content\\\/uploads\\\/2025\\\/07\\\/cao.jpg\",\"contentUrl\":\"https:\\\/\\\/www.altominho.tv\\\/site\\\/wp-content\\\/uploads\\\/2025\\\/07\\\/cao.jpg\",\"width\":1200,\"height\":630},{\"@type\":\"BreadcrumbList\",\"@id\":\"https:\\\/\\\/www.altominho.tv\\\/site\\\/2025\\\/07\\\/14\\\/municipio-de-moncao-entrega-dez-mil-kg-racao-rafeiros-e-companhia\\\/#breadcrumb\",\"itemListElement\":[{\"@type\":\"ListItem\",\"position\":1,\"name\":\"In\u00edcio\",\"item\":\"https:\\\/\\\/www.altominho.tv\\\/site\\\/\"},{\"@type\":\"ListItem\",\"position\":2,\"name\":\"Munic\u00edpio de Mon\u00e7\u00e3o entrega dez mil kg de ra\u00e7\u00e3o \u00e0 associa\u00e7\u00e3o Rafeiros e Companhia\"}]},{\"@type\":\"WebSite\",\"@id\":\"https:\\\/\\\/www.altominho.tv\\\/site\\\/#website\",\"url\":\"https:\\\/\\\/www.altominho.tv\\\/site\\\/\",\"name\":\"Altominho.tv\",\"description\":\"A sua regi\u00e3o \u00e0 dist\u00e2ncia de um clique...\",\"potentialAction\":[{\"@type\":\"SearchAction\",\"target\":{\"@type\":\"EntryPoint\",\"urlTemplate\":\"https:\\\/\\\/www.altominho.tv\\\/site\\\/?s={search_term_string}\"},\"query-input\":{\"@type\":\"PropertyValueSpecification\",\"valueRequired\":true,\"valueName\":\"search_term_string\"}}],\"inLanguage\":\"pt-PT\"},{\"@type\":\"Person\",\"@id\":\"https:\\\/\\\/www.altominho.tv\\\/site\\\/#\\\/schema\\\/person\\\/4e536851627d7914baf3dac752b6af22\",\"name\":\"Altominho.tv\",\"image\":{\"@type\":\"ImageObject\",\"inLanguage\":\"pt-PT\",\"@id\":\"https:\\\/\\\/www.altominho.tv\\\/site\\\/wp-content\\\/uploads\\\/2019\\\/11\\\/Logo_Avatar_2-150x150.jpg\",\"url\":\"https:\\\/\\\/www.altominho.tv\\\/site\\\/wp-content\\\/uploads\\\/2019\\\/11\\\/Logo_Avatar_2-150x150.jpg\",\"contentUrl\":\"https:\\\/\\\/www.altominho.tv\\\/site\\\/wp-content\\\/uploads\\\/2019\\\/11\\\/Logo_Avatar_2-150x150.jpg\",\"caption\":\"Altominho.tv\"},\"url\":\"https:\\\/\\\/www.altominho.tv\\\/site\\\/author\\\/altominhotv-tecnico\\\/\"}]}<\/script>\n<!-- \/ Yoast SEO Premium plugin. -->","yoast_head_json":{"title":"Munic\u00edpio de Mon\u00e7\u00e3o entrega dez mil kg de ra\u00e7\u00e3o \u00e0 associa\u00e7\u00e3o Rafeiros e Companhia","description":"O munic\u00edpio de Mon\u00e7\u00e3o procedeu \u00e0 aquisi\u00e7\u00e3o de dez mil kg de ra\u00e7\u00e3o\u00a0seca, no valor de 6.672,75 euros, destinados \u00e0 alimenta\u00e7\u00e3o dos animais ao cuidado da associa\u00e7\u00e3o Rafeiros e Companhia.","robots":{"index":"index","follow":"follow","max-snippet":"max-snippet:-1","max-image-preview":"max-image-preview:large","max-video-preview":"max-video-preview:-1"},"canonical":"https:\/\/www.altominho.tv\/site\/2025\/07\/14\/municipio-de-moncao-entrega-dez-mil-kg-racao-rafeiros-e-companhia\/","og_locale":"pt_PT","og_type":"article","og_title":"Munic\u00edpio de Mon\u00e7\u00e3o entrega dez mil kg de ra\u00e7\u00e3o \u00e0 associa\u00e7\u00e3o Rafeiros e Companhia","og_description":"O munic\u00edpio de Mon\u00e7\u00e3o procedeu \u00e0 aquisi\u00e7\u00e3o de dez mil kg de ra\u00e7\u00e3o\u00a0seca, no valor de 6.672,75 euros, destinados \u00e0 alimenta\u00e7\u00e3o dos animais ao cuidado da associa\u00e7\u00e3o Rafeiros e Companhia.","og_url":"https:\/\/www.altominho.tv\/site\/2025\/07\/14\/municipio-de-moncao-entrega-dez-mil-kg-racao-rafeiros-e-companhia\/","og_site_name":"Altominho.tv","article_publisher":"https:\/\/www.facebook.com\/altominhotv","article_published_time":"2025-07-14T10:31:38+00:00","article_modified_time":"2025-07-14T10:31:40+00:00","og_image":[{"width":1200,"height":630,"url":"https:\/\/www.altominho.tv\/site\/wp-content\/uploads\/2025\/07\/cao.jpg","type":"image\/jpeg"}],"author":"Altominho.tv","twitter_card":"summary_large_image","twitter_creator":"@altominhoTV","twitter_site":"@altominhoTV","twitter_misc":{"Escrito por":"Altominho.tv","Tempo estimado de leitura":"1 minuto"},"schema":{"@context":"https:\/\/schema.org","@graph":[{"@type":"Article","@id":"https:\/\/www.altominho.tv\/site\/2025\/07\/14\/municipio-de-moncao-entrega-dez-mil-kg-racao-rafeiros-e-companhia\/#article","isPartOf":{"@id":"https:\/\/www.altominho.tv\/site\/2025\/07\/14\/municipio-de-moncao-entrega-dez-mil-kg-racao-rafeiros-e-companhia\/"},"author":{"name":"Altominho.tv","@id":"https:\/\/www.altominho.tv\/site\/#\/schema\/person\/4e536851627d7914baf3dac752b6af22"},"headline":"Munic\u00edpio de Mon\u00e7\u00e3o entrega dez mil kg de ra\u00e7\u00e3o \u00e0 associa\u00e7\u00e3o Rafeiros e Companhia","datePublished":"2025-07-14T10:31:38+00:00","dateModified":"2025-07-14T10:31:40+00:00","mainEntityOfPage":{"@id":"https:\/\/www.altominho.tv\/site\/2025\/07\/14\/municipio-de-moncao-entrega-dez-mil-kg-racao-rafeiros-e-companhia\/"},"wordCount":169,"image":{"@id":"https:\/\/www.altominho.tv\/site\/2025\/07\/14\/municipio-de-moncao-entrega-dez-mil-kg-racao-rafeiros-e-companhia\/#primaryimage"},"thumbnailUrl":"https:\/\/www.altominho.tv\/site\/wp-content\/uploads\/2025\/07\/cao.jpg","keywords":["Sociedade"],"articleSection":["Mon\u00e7\u00e3o"],"inLanguage":"pt-PT","copyrightYear":"2025","copyrightHolder":{"@id":"https:\/\/www.altominho.tv\/site\/#organization"}},{"@type":"WebPage","@id":"https:\/\/www.altominho.tv\/site\/2025\/07\/14\/municipio-de-moncao-entrega-dez-mil-kg-racao-rafeiros-e-companhia\/","url":"https:\/\/www.altominho.tv\/site\/2025\/07\/14\/municipio-de-moncao-entrega-dez-mil-kg-racao-rafeiros-e-companhia\/","name":"Munic\u00edpio de Mon\u00e7\u00e3o entrega dez mil kg de ra\u00e7\u00e3o \u00e0 associa\u00e7\u00e3o Rafeiros e Companhia","isPartOf":{"@id":"https:\/\/www.altominho.tv\/site\/#website"},"primaryImageOfPage":{"@id":"https:\/\/www.altominho.tv\/site\/2025\/07\/14\/municipio-de-moncao-entrega-dez-mil-kg-racao-rafeiros-e-companhia\/#primaryimage"},"image":{"@id":"https:\/\/www.altominho.tv\/site\/2025\/07\/14\/municipio-de-moncao-entrega-dez-mil-kg-racao-rafeiros-e-companhia\/#primaryimage"},"thumbnailUrl":"https:\/\/www.altominho.tv\/site\/wp-content\/uploads\/2025\/07\/cao.jpg","datePublished":"2025-07-14T10:31:38+00:00","dateModified":"2025-07-14T10:31:40+00:00","author":{"@id":"https:\/\/www.altominho.tv\/site\/#\/schema\/person\/4e536851627d7914baf3dac752b6af22"},"description":"O munic\u00edpio de Mon\u00e7\u00e3o procedeu \u00e0 aquisi\u00e7\u00e3o de dez mil kg de ra\u00e7\u00e3o\u00a0seca, no valor de 6.672,75 euros, destinados \u00e0 alimenta\u00e7\u00e3o dos animais ao cuidado da associa\u00e7\u00e3o Rafeiros e Companhia.","breadcrumb":{"@id":"https:\/\/www.altominho.tv\/site\/2025\/07\/14\/municipio-de-moncao-entrega-dez-mil-kg-racao-rafeiros-e-companhia\/#breadcrumb"},"inLanguage":"pt-PT","potentialAction":[{"@type":"ReadAction","target":["https:\/\/www.altominho.tv\/site\/2025\/07\/14\/municipio-de-moncao-entrega-dez-mil-kg-racao-rafeiros-e-companhia\/"]}]},{"@type":"ImageObject","inLanguage":"pt-PT","@id":"https:\/\/www.altominho.tv\/site\/2025\/07\/14\/municipio-de-moncao-entrega-dez-mil-kg-racao-rafeiros-e-companhia\/#primaryimage","url":"https:\/\/www.altominho.tv\/site\/wp-content\/uploads\/2025\/07\/cao.jpg","contentUrl":"https:\/\/www.altominho.tv\/site\/wp-content\/uploads\/2025\/07\/cao.jpg","width":1200,"height":630},{"@type":"BreadcrumbList","@id":"https:\/\/www.altominho.tv\/site\/2025\/07\/14\/municipio-de-moncao-entrega-dez-mil-kg-racao-rafeiros-e-companhia\/#breadcrumb","itemListElement":[{"@type":"ListItem","position":1,"name":"In\u00edcio","item":"https:\/\/www.altominho.tv\/site\/"},{"@type":"ListItem","position":2,"name":"Munic\u00edpio de Mon\u00e7\u00e3o entrega dez mil kg de ra\u00e7\u00e3o \u00e0 associa\u00e7\u00e3o Rafeiros e Companhia"}]},{"@type":"WebSite","@id":"https:\/\/www.altominho.tv\/site\/#website","url":"https:\/\/www.altominho.tv\/site\/","name":"Altominho.tv","description":"A sua regi\u00e3o \u00e0 dist\u00e2ncia de um clique...","potentialAction":[{"@type":"SearchAction","target":{"@type":"EntryPoint","urlTemplate":"https:\/\/www.altominho.tv\/site\/?s={search_term_string}"},"query-input":{"@type":"PropertyValueSpecification","valueRequired":true,"valueName":"search_term_string"}}],"inLanguage":"pt-PT"},{"@type":"Person","@id":"https:\/\/www.altominho.tv\/site\/#\/schema\/person\/4e536851627d7914baf3dac752b6af22","name":"Altominho.tv","image":{"@type":"ImageObject","inLanguage":"pt-PT","@id":"https:\/\/www.altominho.tv\/site\/wp-content\/uploads\/2019\/11\/Logo_Avatar_2-150x150.jpg","url":"https:\/\/www.altominho.tv\/site\/wp-content\/uploads\/2019\/11\/Logo_Avatar_2-150x150.jpg","contentUrl":"https:\/\/www.altominho.tv\/site\/wp-content\/uploads\/2019\/11\/Logo_Avatar_2-150x150.jpg","caption":"Altominho.tv"},"url":"https:\/\/www.altominho.tv\/site\/author\/altominhotv-tecnico\/"}]}},"_links":{"self":[{"href":"https:\/\/www.altominho.tv\/site\/wp-json\/wp\/v2\/posts\/120748","targetHints":{"allow":["GET"]}}],"collection":[{"href":"https:\/\/www.altominho.tv\/site\/wp-json\/wp\/v2\/posts"}],"about":[{"href":"https:\/\/www.altominho.tv\/site\/wp-json\/wp\/v2\/types\/post"}],"author":[{"embeddable":true,"href":"https:\/\/www.altominho.tv\/site\/wp-json\/wp\/v2\/users\/1"}],"replies":[{"embeddable":true,"href":"https:\/\/www.altominho.tv\/site\/wp-json\/wp\/v2\/comments?post=120748"}],"version-history":[{"count":1,"href":"https:\/\/www.altominho.tv\/site\/wp-json\/wp\/v2\/posts\/120748\/revisions"}],"predecessor-version":[{"id":120750,"href":"https:\/\/www.altominho.tv\/site\/wp-json\/wp\/v2\/posts\/120748\/revisions\/120750"}],"wp:featuredmedia":[{"embeddable":true,"href":"https:\/\/www.altominho.tv\/site\/wp-json\/wp\/v2\/media\/120749"}],"wp:attachment":[{"href":"https:\/\/www.altominho.tv\/site\/wp-json\/wp\/v2\/media?parent=120748"}],"wp:term":[{"taxonomy":"category","embeddable":true,"href":"https:\/\/www.altominho.tv\/site\/wp-json\/wp\/v2\/categories?post=120748"},{"taxonomy":"post_tag","embeddable":true,"href":"https:\/\/www.altominho.tv\/site\/wp-json\/wp\/v2\/tags?post=120748"}],"curies":[{"name":"wp","href":"https:\/\/api.w.org\/{rel}","templated":true}]}}