{"id":120737,"date":"2025-07-14T10:14:15","date_gmt":"2025-07-14T09:14:15","guid":{"rendered":"https:\/\/www.altominho.tv\/site\/?p=120737"},"modified":"2025-07-14T10:21:14","modified_gmt":"2025-07-14T09:21:14","slug":"pedro-lago-vieira-jorge-carvalho-vencem-o-amf-mobilidade-rally-series","status":"publish","type":"post","link":"https:\/\/www.altominho.tv\/site\/2025\/07\/14\/pedro-lago-vieira-jorge-carvalho-vencem-o-amf-mobilidade-rally-series\/","title":{"rendered":"Pedro Lago Vieira &amp; Jorge Carvalho vencem o AMF Mobilidade Rally Series de Ponte de Lima"},"content":{"rendered":"<p class=\"p1\">A terceira ronda do Portugal Rally Series 2025 decorreu a 12 e 13 de julho, levando milhares de espetadores a Ponte de Lima. A dupla da casa<span class=\"Apple-converted-space\">\u00a0 <\/span>Pedro Lago Vieira &amp; Jorge Carvalho, na sua estreia no Toyota GR Yaris Rally2, conquistou a vit\u00f3ria no AMF Mobilidade Rally Series Ponte de Lima, batendo Diogo Mar\u00fajo &amp; Jorge Henriques no Skoda Fabia Rally2 evo. Miguel Carvalho e Ant\u00f3nio Reis fecharam o p\u00f3dio geral e subiram ao topo da classifica\u00e7\u00e3o do Portugal Rally Series.<\/p>\n<p class=\"p1\">\u201c\u00c9 um sonho, a estreia de sonho, carro de sonho, na minha cidade natal e num final disputad\u00edssimo com o Diogo Mar\u00fajo que est\u00e1 de parab\u00e9ns. Foi muito bom, estivemos sempre a puxar um pelo outro. O final foi muito emocionante porque sabia que ia perder algum tempo na Arena porque n\u00e3o me sentia muito \u00e0 vontade no tra\u00e7ado mas correu-nos bem.\u201d afirmou Pedro Lago Vieira.<\/p>\n<p class=\"p1\">O Portugal Rally Series regressa com a quarta ronda em Sever de Vouga, nos dias 13 e 14 de setembro.<\/p>\n","protected":false},"excerpt":{"rendered":"<p>A terceira ronda do Portugal Rally Series 2025 decorreu a 12 e 13 de julho, levando milhares de espetadores a Ponte de Lima. A dupla da casa\u00a0 Pedro Lago Vieira &amp; Jorge Carvalho, na sua estreia no Toyota GR Yaris Rally2, conquistou a vit\u00f3ria no AMF Mobilidade Rally Series Ponte de Lima, batendo Diogo Mar\u00fajo [&hellip;]<\/p>\n","protected":false},"author":1,"featured_media":120739,"comment_status":"closed","ping_status":"closed","sticky":false,"template":"","format":"standard","meta":{"_exactmetrics_skip_tracking":false,"_exactmetrics_sitenote_active":false,"_exactmetrics_sitenote_note":"","_exactmetrics_sitenote_category":0,"footnotes":""},"categories":[12],"tags":[20],"class_list":["post-120737","post","type-post","status-publish","format-standard","has-post-thumbnail","hentry","category-ponte-de-lima","tag-desporto"],"yoast_head":"<!-- This site is optimized with the Yoast SEO Premium plugin v27.5 (Yoast SEO v27.5) - https:\/\/yoast.com\/product\/yoast-seo-premium-wordpress\/ -->\n<title>Pedro Lago Vieira &amp; Jorge Carvalho vencem o AMF Mobilidade Rally Series de Ponte de Lima<\/title>\n<meta name=\"description\" content=\"A terceira ronda do Portugal Rally Series 2025 decorreu a 12 e 13 de julho, levando milhares de espetadores a Ponte de Lima.\" \/>\n<meta name=\"robots\" content=\"index, follow, max-snippet:-1, max-image-preview:large, max-video-preview:-1\" \/>\n<link rel=\"canonical\" href=\"https:\/\/www.altominho.tv\/site\/2025\/07\/14\/pedro-lago-vieira-jorge-carvalho-vencem-o-amf-mobilidade-rally-series\/\" \/>\n<meta property=\"og:locale\" content=\"pt_PT\" \/>\n<meta property=\"og:type\" content=\"article\" \/>\n<meta property=\"og:title\" content=\"Pedro Lago Vieira &amp; Jorge Carvalho vencem o AMF Mobilidade Rally Series de Ponte de Lima\" \/>\n<meta property=\"og:description\" content=\"A terceira ronda do Portugal Rally Series 2025 decorreu a 12 e 13 de julho, levando milhares de espetadores a Ponte de Lima.\" \/>\n<meta property=\"og:url\" content=\"https:\/\/www.altominho.tv\/site\/2025\/07\/14\/pedro-lago-vieira-jorge-carvalho-vencem-o-amf-mobilidade-rally-series\/\" \/>\n<meta property=\"og:site_name\" content=\"Altominho.tv\" \/>\n<meta property=\"article:publisher\" content=\"https:\/\/www.facebook.com\/altominhotv\" \/>\n<meta property=\"article:published_time\" content=\"2025-07-14T09:14:15+00:00\" \/>\n<meta property=\"article:modified_time\" content=\"2025-07-14T09:21:14+00:00\" \/>\n<meta property=\"og:image\" content=\"https:\/\/www.altominho.tv\/site\/wp-content\/uploads\/2025\/07\/Pedro-Lago-Vieira-Jorge-Carvalho.jpg\" \/>\n\t<meta property=\"og:image:width\" content=\"1200\" \/>\n\t<meta property=\"og:image:height\" content=\"630\" \/>\n\t<meta property=\"og:image:type\" content=\"image\/jpeg\" \/>\n<meta name=\"author\" content=\"Altominho.tv\" \/>\n<meta name=\"twitter:card\" content=\"summary_large_image\" \/>\n<meta name=\"twitter:creator\" content=\"@altominhoTV\" \/>\n<meta name=\"twitter:site\" content=\"@altominhoTV\" \/>\n<meta name=\"twitter:label1\" content=\"Escrito por\" \/>\n\t<meta name=\"twitter:data1\" content=\"Altominho.tv\" \/>\n\t<meta name=\"twitter:label2\" content=\"Tempo estimado de leitura\" \/>\n\t<meta name=\"twitter:data2\" content=\"2 minutos\" \/>\n<script type=\"application\/ld+json\" class=\"yoast-schema-graph\">{\"@context\":\"https:\\\/\\\/schema.org\",\"@graph\":[{\"@type\":\"Article\",\"@id\":\"https:\\\/\\\/www.altominho.tv\\\/site\\\/2025\\\/07\\\/14\\\/pedro-lago-vieira-jorge-carvalho-vencem-o-amf-mobilidade-rally-series\\\/#article\",\"isPartOf\":{\"@id\":\"https:\\\/\\\/www.altominho.tv\\\/site\\\/2025\\\/07\\\/14\\\/pedro-lago-vieira-jorge-carvalho-vencem-o-amf-mobilidade-rally-series\\\/\"},\"author\":{\"name\":\"Altominho.tv\",\"@id\":\"https:\\\/\\\/www.altominho.tv\\\/site\\\/#\\\/schema\\\/person\\\/4e536851627d7914baf3dac752b6af22\"},\"headline\":\"Pedro Lago Vieira &amp; Jorge Carvalho vencem o AMF Mobilidade Rally Series de Ponte de Lima\",\"datePublished\":\"2025-07-14T09:14:15+00:00\",\"dateModified\":\"2025-07-14T09:21:14+00:00\",\"mainEntityOfPage\":{\"@id\":\"https:\\\/\\\/www.altominho.tv\\\/site\\\/2025\\\/07\\\/14\\\/pedro-lago-vieira-jorge-carvalho-vencem-o-amf-mobilidade-rally-series\\\/\"},\"wordCount\":187,\"image\":{\"@id\":\"https:\\\/\\\/www.altominho.tv\\\/site\\\/2025\\\/07\\\/14\\\/pedro-lago-vieira-jorge-carvalho-vencem-o-amf-mobilidade-rally-series\\\/#primaryimage\"},\"thumbnailUrl\":\"https:\\\/\\\/www.altominho.tv\\\/site\\\/wp-content\\\/uploads\\\/2025\\\/07\\\/Pedro-Lago-Vieira-Jorge-Carvalho.jpg\",\"keywords\":[\"Desporto\"],\"articleSection\":[\"Ponte de Lima\"],\"inLanguage\":\"pt-PT\",\"copyrightYear\":\"2025\",\"copyrightHolder\":{\"@id\":\"https:\\\/\\\/www.altominho.tv\\\/site\\\/#organization\"}},{\"@type\":\"WebPage\",\"@id\":\"https:\\\/\\\/www.altominho.tv\\\/site\\\/2025\\\/07\\\/14\\\/pedro-lago-vieira-jorge-carvalho-vencem-o-amf-mobilidade-rally-series\\\/\",\"url\":\"https:\\\/\\\/www.altominho.tv\\\/site\\\/2025\\\/07\\\/14\\\/pedro-lago-vieira-jorge-carvalho-vencem-o-amf-mobilidade-rally-series\\\/\",\"name\":\"Pedro Lago Vieira &amp; Jorge Carvalho vencem o AMF Mobilidade Rally Series de Ponte de Lima\",\"isPartOf\":{\"@id\":\"https:\\\/\\\/www.altominho.tv\\\/site\\\/#website\"},\"primaryImageOfPage\":{\"@id\":\"https:\\\/\\\/www.altominho.tv\\\/site\\\/2025\\\/07\\\/14\\\/pedro-lago-vieira-jorge-carvalho-vencem-o-amf-mobilidade-rally-series\\\/#primaryimage\"},\"image\":{\"@id\":\"https:\\\/\\\/www.altominho.tv\\\/site\\\/2025\\\/07\\\/14\\\/pedro-lago-vieira-jorge-carvalho-vencem-o-amf-mobilidade-rally-series\\\/#primaryimage\"},\"thumbnailUrl\":\"https:\\\/\\\/www.altominho.tv\\\/site\\\/wp-content\\\/uploads\\\/2025\\\/07\\\/Pedro-Lago-Vieira-Jorge-Carvalho.jpg\",\"datePublished\":\"2025-07-14T09:14:15+00:00\",\"dateModified\":\"2025-07-14T09:21:14+00:00\",\"author\":{\"@id\":\"https:\\\/\\\/www.altominho.tv\\\/site\\\/#\\\/schema\\\/person\\\/4e536851627d7914baf3dac752b6af22\"},\"description\":\"A terceira ronda do Portugal Rally Series 2025 decorreu a 12 e 13 de julho, levando milhares de espetadores a Ponte de Lima.\",\"breadcrumb\":{\"@id\":\"https:\\\/\\\/www.altominho.tv\\\/site\\\/2025\\\/07\\\/14\\\/pedro-lago-vieira-jorge-carvalho-vencem-o-amf-mobilidade-rally-series\\\/#breadcrumb\"},\"inLanguage\":\"pt-PT\",\"potentialAction\":[{\"@type\":\"ReadAction\",\"target\":[\"https:\\\/\\\/www.altominho.tv\\\/site\\\/2025\\\/07\\\/14\\\/pedro-lago-vieira-jorge-carvalho-vencem-o-amf-mobilidade-rally-series\\\/\"]}]},{\"@type\":\"ImageObject\",\"inLanguage\":\"pt-PT\",\"@id\":\"https:\\\/\\\/www.altominho.tv\\\/site\\\/2025\\\/07\\\/14\\\/pedro-lago-vieira-jorge-carvalho-vencem-o-amf-mobilidade-rally-series\\\/#primaryimage\",\"url\":\"https:\\\/\\\/www.altominho.tv\\\/site\\\/wp-content\\\/uploads\\\/2025\\\/07\\\/Pedro-Lago-Vieira-Jorge-Carvalho.jpg\",\"contentUrl\":\"https:\\\/\\\/www.altominho.tv\\\/site\\\/wp-content\\\/uploads\\\/2025\\\/07\\\/Pedro-Lago-Vieira-Jorge-Carvalho.jpg\",\"width\":1200,\"height\":630},{\"@type\":\"BreadcrumbList\",\"@id\":\"https:\\\/\\\/www.altominho.tv\\\/site\\\/2025\\\/07\\\/14\\\/pedro-lago-vieira-jorge-carvalho-vencem-o-amf-mobilidade-rally-series\\\/#breadcrumb\",\"itemListElement\":[{\"@type\":\"ListItem\",\"position\":1,\"name\":\"In\u00edcio\",\"item\":\"https:\\\/\\\/www.altominho.tv\\\/site\\\/\"},{\"@type\":\"ListItem\",\"position\":2,\"name\":\"Pedro Lago Vieira &amp; Jorge Carvalho vencem o AMF Mobilidade Rally Series de Ponte de Lima\"}]},{\"@type\":\"WebSite\",\"@id\":\"https:\\\/\\\/www.altominho.tv\\\/site\\\/#website\",\"url\":\"https:\\\/\\\/www.altominho.tv\\\/site\\\/\",\"name\":\"Altominho.tv\",\"description\":\"A sua regi\u00e3o \u00e0 dist\u00e2ncia de um clique...\",\"potentialAction\":[{\"@type\":\"SearchAction\",\"target\":{\"@type\":\"EntryPoint\",\"urlTemplate\":\"https:\\\/\\\/www.altominho.tv\\\/site\\\/?s={search_term_string}\"},\"query-input\":{\"@type\":\"PropertyValueSpecification\",\"valueRequired\":true,\"valueName\":\"search_term_string\"}}],\"inLanguage\":\"pt-PT\"},{\"@type\":\"Person\",\"@id\":\"https:\\\/\\\/www.altominho.tv\\\/site\\\/#\\\/schema\\\/person\\\/4e536851627d7914baf3dac752b6af22\",\"name\":\"Altominho.tv\",\"image\":{\"@type\":\"ImageObject\",\"inLanguage\":\"pt-PT\",\"@id\":\"https:\\\/\\\/www.altominho.tv\\\/site\\\/wp-content\\\/uploads\\\/2019\\\/11\\\/Logo_Avatar_2-150x150.jpg\",\"url\":\"https:\\\/\\\/www.altominho.tv\\\/site\\\/wp-content\\\/uploads\\\/2019\\\/11\\\/Logo_Avatar_2-150x150.jpg\",\"contentUrl\":\"https:\\\/\\\/www.altominho.tv\\\/site\\\/wp-content\\\/uploads\\\/2019\\\/11\\\/Logo_Avatar_2-150x150.jpg\",\"caption\":\"Altominho.tv\"},\"url\":\"https:\\\/\\\/www.altominho.tv\\\/site\\\/author\\\/altominhotv-tecnico\\\/\"}]}<\/script>\n<!-- \/ Yoast SEO Premium plugin. -->","yoast_head_json":{"title":"Pedro Lago Vieira &amp; Jorge Carvalho vencem o AMF Mobilidade Rally Series de Ponte de Lima","description":"A terceira ronda do Portugal Rally Series 2025 decorreu a 12 e 13 de julho, levando milhares de espetadores a Ponte de Lima.","robots":{"index":"index","follow":"follow","max-snippet":"max-snippet:-1","max-image-preview":"max-image-preview:large","max-video-preview":"max-video-preview:-1"},"canonical":"https:\/\/www.altominho.tv\/site\/2025\/07\/14\/pedro-lago-vieira-jorge-carvalho-vencem-o-amf-mobilidade-rally-series\/","og_locale":"pt_PT","og_type":"article","og_title":"Pedro Lago Vieira &amp; Jorge Carvalho vencem o AMF Mobilidade Rally Series de Ponte de Lima","og_description":"A terceira ronda do Portugal Rally Series 2025 decorreu a 12 e 13 de julho, levando milhares de espetadores a Ponte de Lima.","og_url":"https:\/\/www.altominho.tv\/site\/2025\/07\/14\/pedro-lago-vieira-jorge-carvalho-vencem-o-amf-mobilidade-rally-series\/","og_site_name":"Altominho.tv","article_publisher":"https:\/\/www.facebook.com\/altominhotv","article_published_time":"2025-07-14T09:14:15+00:00","article_modified_time":"2025-07-14T09:21:14+00:00","og_image":[{"width":1200,"height":630,"url":"https:\/\/www.altominho.tv\/site\/wp-content\/uploads\/2025\/07\/Pedro-Lago-Vieira-Jorge-Carvalho.jpg","type":"image\/jpeg"}],"author":"Altominho.tv","twitter_card":"summary_large_image","twitter_creator":"@altominhoTV","twitter_site":"@altominhoTV","twitter_misc":{"Escrito por":"Altominho.tv","Tempo estimado de leitura":"2 minutos"},"schema":{"@context":"https:\/\/schema.org","@graph":[{"@type":"Article","@id":"https:\/\/www.altominho.tv\/site\/2025\/07\/14\/pedro-lago-vieira-jorge-carvalho-vencem-o-amf-mobilidade-rally-series\/#article","isPartOf":{"@id":"https:\/\/www.altominho.tv\/site\/2025\/07\/14\/pedro-lago-vieira-jorge-carvalho-vencem-o-amf-mobilidade-rally-series\/"},"author":{"name":"Altominho.tv","@id":"https:\/\/www.altominho.tv\/site\/#\/schema\/person\/4e536851627d7914baf3dac752b6af22"},"headline":"Pedro Lago Vieira &amp; Jorge Carvalho vencem o AMF Mobilidade Rally Series de Ponte de Lima","datePublished":"2025-07-14T09:14:15+00:00","dateModified":"2025-07-14T09:21:14+00:00","mainEntityOfPage":{"@id":"https:\/\/www.altominho.tv\/site\/2025\/07\/14\/pedro-lago-vieira-jorge-carvalho-vencem-o-amf-mobilidade-rally-series\/"},"wordCount":187,"image":{"@id":"https:\/\/www.altominho.tv\/site\/2025\/07\/14\/pedro-lago-vieira-jorge-carvalho-vencem-o-amf-mobilidade-rally-series\/#primaryimage"},"thumbnailUrl":"https:\/\/www.altominho.tv\/site\/wp-content\/uploads\/2025\/07\/Pedro-Lago-Vieira-Jorge-Carvalho.jpg","keywords":["Desporto"],"articleSection":["Ponte de Lima"],"inLanguage":"pt-PT","copyrightYear":"2025","copyrightHolder":{"@id":"https:\/\/www.altominho.tv\/site\/#organization"}},{"@type":"WebPage","@id":"https:\/\/www.altominho.tv\/site\/2025\/07\/14\/pedro-lago-vieira-jorge-carvalho-vencem-o-amf-mobilidade-rally-series\/","url":"https:\/\/www.altominho.tv\/site\/2025\/07\/14\/pedro-lago-vieira-jorge-carvalho-vencem-o-amf-mobilidade-rally-series\/","name":"Pedro Lago Vieira &amp; Jorge Carvalho vencem o AMF Mobilidade Rally Series de Ponte de Lima","isPartOf":{"@id":"https:\/\/www.altominho.tv\/site\/#website"},"primaryImageOfPage":{"@id":"https:\/\/www.altominho.tv\/site\/2025\/07\/14\/pedro-lago-vieira-jorge-carvalho-vencem-o-amf-mobilidade-rally-series\/#primaryimage"},"image":{"@id":"https:\/\/www.altominho.tv\/site\/2025\/07\/14\/pedro-lago-vieira-jorge-carvalho-vencem-o-amf-mobilidade-rally-series\/#primaryimage"},"thumbnailUrl":"https:\/\/www.altominho.tv\/site\/wp-content\/uploads\/2025\/07\/Pedro-Lago-Vieira-Jorge-Carvalho.jpg","datePublished":"2025-07-14T09:14:15+00:00","dateModified":"2025-07-14T09:21:14+00:00","author":{"@id":"https:\/\/www.altominho.tv\/site\/#\/schema\/person\/4e536851627d7914baf3dac752b6af22"},"description":"A terceira ronda do Portugal Rally Series 2025 decorreu a 12 e 13 de julho, levando milhares de espetadores a Ponte de Lima.","breadcrumb":{"@id":"https:\/\/www.altominho.tv\/site\/2025\/07\/14\/pedro-lago-vieira-jorge-carvalho-vencem-o-amf-mobilidade-rally-series\/#breadcrumb"},"inLanguage":"pt-PT","potentialAction":[{"@type":"ReadAction","target":["https:\/\/www.altominho.tv\/site\/2025\/07\/14\/pedro-lago-vieira-jorge-carvalho-vencem-o-amf-mobilidade-rally-series\/"]}]},{"@type":"ImageObject","inLanguage":"pt-PT","@id":"https:\/\/www.altominho.tv\/site\/2025\/07\/14\/pedro-lago-vieira-jorge-carvalho-vencem-o-amf-mobilidade-rally-series\/#primaryimage","url":"https:\/\/www.altominho.tv\/site\/wp-content\/uploads\/2025\/07\/Pedro-Lago-Vieira-Jorge-Carvalho.jpg","contentUrl":"https:\/\/www.altominho.tv\/site\/wp-content\/uploads\/2025\/07\/Pedro-Lago-Vieira-Jorge-Carvalho.jpg","width":1200,"height":630},{"@type":"BreadcrumbList","@id":"https:\/\/www.altominho.tv\/site\/2025\/07\/14\/pedro-lago-vieira-jorge-carvalho-vencem-o-amf-mobilidade-rally-series\/#breadcrumb","itemListElement":[{"@type":"ListItem","position":1,"name":"In\u00edcio","item":"https:\/\/www.altominho.tv\/site\/"},{"@type":"ListItem","position":2,"name":"Pedro Lago Vieira &amp; Jorge Carvalho vencem o AMF Mobilidade Rally Series de Ponte de Lima"}]},{"@type":"WebSite","@id":"https:\/\/www.altominho.tv\/site\/#website","url":"https:\/\/www.altominho.tv\/site\/","name":"Altominho.tv","description":"A sua regi\u00e3o \u00e0 dist\u00e2ncia de um clique...","potentialAction":[{"@type":"SearchAction","target":{"@type":"EntryPoint","urlTemplate":"https:\/\/www.altominho.tv\/site\/?s={search_term_string}"},"query-input":{"@type":"PropertyValueSpecification","valueRequired":true,"valueName":"search_term_string"}}],"inLanguage":"pt-PT"},{"@type":"Person","@id":"https:\/\/www.altominho.tv\/site\/#\/schema\/person\/4e536851627d7914baf3dac752b6af22","name":"Altominho.tv","image":{"@type":"ImageObject","inLanguage":"pt-PT","@id":"https:\/\/www.altominho.tv\/site\/wp-content\/uploads\/2019\/11\/Logo_Avatar_2-150x150.jpg","url":"https:\/\/www.altominho.tv\/site\/wp-content\/uploads\/2019\/11\/Logo_Avatar_2-150x150.jpg","contentUrl":"https:\/\/www.altominho.tv\/site\/wp-content\/uploads\/2019\/11\/Logo_Avatar_2-150x150.jpg","caption":"Altominho.tv"},"url":"https:\/\/www.altominho.tv\/site\/author\/altominhotv-tecnico\/"}]}},"_links":{"self":[{"href":"https:\/\/www.altominho.tv\/site\/wp-json\/wp\/v2\/posts\/120737","targetHints":{"allow":["GET"]}}],"collection":[{"href":"https:\/\/www.altominho.tv\/site\/wp-json\/wp\/v2\/posts"}],"about":[{"href":"https:\/\/www.altominho.tv\/site\/wp-json\/wp\/v2\/types\/post"}],"author":[{"embeddable":true,"href":"https:\/\/www.altominho.tv\/site\/wp-json\/wp\/v2\/users\/1"}],"replies":[{"embeddable":true,"href":"https:\/\/www.altominho.tv\/site\/wp-json\/wp\/v2\/comments?post=120737"}],"version-history":[{"count":2,"href":"https:\/\/www.altominho.tv\/site\/wp-json\/wp\/v2\/posts\/120737\/revisions"}],"predecessor-version":[{"id":120741,"href":"https:\/\/www.altominho.tv\/site\/wp-json\/wp\/v2\/posts\/120737\/revisions\/120741"}],"wp:featuredmedia":[{"embeddable":true,"href":"https:\/\/www.altominho.tv\/site\/wp-json\/wp\/v2\/media\/120739"}],"wp:attachment":[{"href":"https:\/\/www.altominho.tv\/site\/wp-json\/wp\/v2\/media?parent=120737"}],"wp:term":[{"taxonomy":"category","embeddable":true,"href":"https:\/\/www.altominho.tv\/site\/wp-json\/wp\/v2\/categories?post=120737"},{"taxonomy":"post_tag","embeddable":true,"href":"https:\/\/www.altominho.tv\/site\/wp-json\/wp\/v2\/tags?post=120737"}],"curies":[{"name":"wp","href":"https:\/\/api.w.org\/{rel}","templated":true}]}}