{"id":12054,"date":"2018-04-17T15:24:12","date_gmt":"2018-04-17T14:24:12","guid":{"rendered":"http:\/\/www.altominho.tv\/site\/?p=12054"},"modified":"2018-04-17T15:24:12","modified_gmt":"2018-04-17T14:24:12","slug":"fabrica-de-6-me-para-transformar-atum-arranca-em-julho-em-vila-nova-de-cerveira","status":"publish","type":"post","link":"https:\/\/www.altominho.tv\/site\/2018\/04\/17\/fabrica-de-6-me-para-transformar-atum-arranca-em-julho-em-vila-nova-de-cerveira\/","title":{"rendered":"F\u00e1brica de 6 ME para transformar atum arranca em julho em Vila Nova de Cerveira"},"content":{"rendered":"<p>Uma nova f\u00e1brica de transforma\u00e7\u00e3o de atum em constru\u00e7\u00e3o em Vila Nova de Cerveira, num investimento galego de seis milh\u00f5es de euros, vai come\u00e7ar a laborar em julho.<\/p>\n<p>Esta f\u00e1brica vai gerar 200 novos postos de trabalho, disse hoje fonte aut\u00e1rquica.<\/p>\n<p>A mesmo fonte adiantou que os trabalhos de constru\u00e7\u00e3o da nova unidade \u201cdecorrem a bom ritmo&#8221;, apontando o m\u00eas de julho para o in\u00edcio da produ\u00e7\u00e3o.<\/p>\n<p>A Unidade Central Lomera Portuguesa, SA &#8211; que resulta do investimento de duas das mais importantes empresas da Galiza na \u00e1rea da transforma\u00e7\u00e3o de pescado, a Marfrio e a Atunlo &#8211; est\u00e1 a ser criada no parque empresarial do Ful\u00e3o, estimando-se que &#8220;a produ\u00e7\u00e3o anual atinja as 20 mil toneladas de atum, destinadas ao mercado europeu&#8221;.<\/p>\n<p>A nova f\u00e1brica est\u00e1 a ser criada naquele parque empresarial privado, tamb\u00e9m ele investimento galego, com quem a C\u00e2mara estabeleceu, em 2016, um protocolo de coopera\u00e7\u00e3o &#8220;para poder dar resposta \u00e0s solicita\u00e7\u00f5es dos investidores&#8221;, sobretudo da vizinha Galiza, j\u00e1 que os dois polos empresariais criados na freguesia de Campos est\u00e3o lotados.<\/p>\n<p>&#8220;Est\u00e3o lotados com cerca de 40 empresas, 90% delas de capital espanhol e que empregam cerca de 3.600 trabalhadores&#8221;, explicou a fonte.<\/p>\n<p>O protocolo celebrado em 2016 entre a autarquia e a empresa propriet\u00e1ria do parque empresarial do Ful\u00e3o, com cerca de 40 hectares, &#8220;determina que o munic\u00edpio possa ser intermedi\u00e1rio na venda dos lotes dispon\u00edveis e a constru\u00e7\u00f5es Gradin, de Vigo, na Galiza, garanta a disponibiliza\u00e7\u00e3o dos terrenos e concretize as poss\u00edveis transa\u00e7\u00f5es com a maior celeridade poss\u00edvel&#8221;.<\/p>\n","protected":false},"excerpt":{"rendered":"<p>Uma nova f\u00e1brica de transforma\u00e7\u00e3o de atum em constru\u00e7\u00e3o em Vila Nova de Cerveira, num investimento galego de seis milh\u00f5es de euros, vai come\u00e7ar a laborar em julho. Esta f\u00e1brica vai gerar 200 novos postos de trabalho, disse hoje fonte aut\u00e1rquica. A mesmo fonte adiantou que os trabalhos de constru\u00e7\u00e3o da nova unidade \u201cdecorrem a [&hellip;]<\/p>\n","protected":false},"author":7,"featured_media":12055,"comment_status":"closed","ping_status":"closed","sticky":false,"template":"","format":"standard","meta":{"_exactmetrics_skip_tracking":false,"_exactmetrics_sitenote_active":false,"_exactmetrics_sitenote_note":"","_exactmetrics_sitenote_category":0,"footnotes":""},"categories":[15],"tags":[27],"class_list":["post-12054","post","type-post","status-publish","format-standard","has-post-thumbnail","hentry","category-vila-nova-de-cerveira","tag-sociedade"],"yoast_head":"<!-- This site is optimized with the Yoast SEO Premium plugin v27.4 (Yoast SEO v27.4) - https:\/\/yoast.com\/product\/yoast-seo-premium-wordpress\/ -->\n<title>F\u00e1brica de 6 ME para transformar atum arranca em julho em Vila Nova de Cerveira<\/title>\n<meta name=\"robots\" content=\"index, follow, max-snippet:-1, max-image-preview:large, max-video-preview:-1\" \/>\n<link rel=\"canonical\" href=\"https:\/\/www.altominho.tv\/site\/2018\/04\/17\/fabrica-de-6-me-para-transformar-atum-arranca-em-julho-em-vila-nova-de-cerveira\/\" \/>\n<meta property=\"og:locale\" content=\"pt_PT\" \/>\n<meta property=\"og:type\" content=\"article\" \/>\n<meta property=\"og:title\" content=\"F\u00e1brica de 6 ME para transformar atum arranca em julho em Vila Nova de Cerveira\" \/>\n<meta property=\"og:description\" content=\"Uma nova f\u00e1brica de transforma\u00e7\u00e3o de atum em constru\u00e7\u00e3o em Vila Nova de Cerveira, num investimento galego de seis milh\u00f5es de euros, vai come\u00e7ar a laborar em julho. Esta f\u00e1brica vai gerar 200 novos postos de trabalho, disse hoje fonte aut\u00e1rquica. A mesmo fonte adiantou que os trabalhos de constru\u00e7\u00e3o da nova unidade \u201cdecorrem a [&hellip;]\" \/>\n<meta property=\"og:url\" content=\"https:\/\/www.altominho.tv\/site\/2018\/04\/17\/fabrica-de-6-me-para-transformar-atum-arranca-em-julho-em-vila-nova-de-cerveira\/\" \/>\n<meta property=\"og:site_name\" content=\"Altominho.tv\" \/>\n<meta property=\"article:publisher\" content=\"https:\/\/www.facebook.com\/altominhotv\" \/>\n<meta property=\"article:published_time\" content=\"2018-04-17T14:24:12+00:00\" \/>\n<meta property=\"og:image\" content=\"https:\/\/www.altominho.tv\/site\/wp-content\/uploads\/2018\/04\/cerveira-1.jpg\" \/>\n\t<meta property=\"og:image:width\" content=\"750\" \/>\n\t<meta property=\"og:image:height\" content=\"422\" \/>\n\t<meta property=\"og:image:type\" content=\"image\/jpeg\" \/>\n<meta name=\"author\" content=\"Andreia Cunha\" \/>\n<meta name=\"twitter:card\" content=\"summary_large_image\" \/>\n<meta name=\"twitter:creator\" content=\"@altominhoTV\" \/>\n<meta name=\"twitter:site\" content=\"@altominhoTV\" \/>\n<meta name=\"twitter:label1\" content=\"Escrito por\" \/>\n\t<meta name=\"twitter:data1\" content=\"Andreia Cunha\" \/>\n\t<meta name=\"twitter:label2\" content=\"Tempo estimado de leitura\" \/>\n\t<meta name=\"twitter:data2\" content=\"1 minuto\" \/>\n<script type=\"application\/ld+json\" class=\"yoast-schema-graph\">{\"@context\":\"https:\\\/\\\/schema.org\",\"@graph\":[{\"@type\":\"Article\",\"@id\":\"https:\\\/\\\/www.altominho.tv\\\/site\\\/2018\\\/04\\\/17\\\/fabrica-de-6-me-para-transformar-atum-arranca-em-julho-em-vila-nova-de-cerveira\\\/#article\",\"isPartOf\":{\"@id\":\"https:\\\/\\\/www.altominho.tv\\\/site\\\/2018\\\/04\\\/17\\\/fabrica-de-6-me-para-transformar-atum-arranca-em-julho-em-vila-nova-de-cerveira\\\/\"},\"author\":{\"name\":\"Andreia Cunha\",\"@id\":\"https:\\\/\\\/www.altominho.tv\\\/site\\\/#\\\/schema\\\/person\\\/a0e4ef6d041f98ca284393d8f1d97153\"},\"headline\":\"F\u00e1brica de 6 ME para transformar atum arranca em julho em Vila Nova de Cerveira\",\"datePublished\":\"2018-04-17T14:24:12+00:00\",\"mainEntityOfPage\":{\"@id\":\"https:\\\/\\\/www.altominho.tv\\\/site\\\/2018\\\/04\\\/17\\\/fabrica-de-6-me-para-transformar-atum-arranca-em-julho-em-vila-nova-de-cerveira\\\/\"},\"wordCount\":291,\"image\":{\"@id\":\"https:\\\/\\\/www.altominho.tv\\\/site\\\/2018\\\/04\\\/17\\\/fabrica-de-6-me-para-transformar-atum-arranca-em-julho-em-vila-nova-de-cerveira\\\/#primaryimage\"},\"thumbnailUrl\":\"https:\\\/\\\/www.altominho.tv\\\/site\\\/wp-content\\\/uploads\\\/2018\\\/04\\\/cerveira-1.jpg\",\"keywords\":[\"Sociedade\"],\"articleSection\":[\"Vila Nova de Cerveira\"],\"inLanguage\":\"pt-PT\",\"copyrightYear\":\"2018\",\"copyrightHolder\":{\"@id\":\"https:\\\/\\\/www.altominho.tv\\\/site\\\/#organization\"}},{\"@type\":\"WebPage\",\"@id\":\"https:\\\/\\\/www.altominho.tv\\\/site\\\/2018\\\/04\\\/17\\\/fabrica-de-6-me-para-transformar-atum-arranca-em-julho-em-vila-nova-de-cerveira\\\/\",\"url\":\"https:\\\/\\\/www.altominho.tv\\\/site\\\/2018\\\/04\\\/17\\\/fabrica-de-6-me-para-transformar-atum-arranca-em-julho-em-vila-nova-de-cerveira\\\/\",\"name\":\"F\u00e1brica de 6 ME para transformar atum arranca em julho em Vila Nova de Cerveira\",\"isPartOf\":{\"@id\":\"https:\\\/\\\/www.altominho.tv\\\/site\\\/#website\"},\"primaryImageOfPage\":{\"@id\":\"https:\\\/\\\/www.altominho.tv\\\/site\\\/2018\\\/04\\\/17\\\/fabrica-de-6-me-para-transformar-atum-arranca-em-julho-em-vila-nova-de-cerveira\\\/#primaryimage\"},\"image\":{\"@id\":\"https:\\\/\\\/www.altominho.tv\\\/site\\\/2018\\\/04\\\/17\\\/fabrica-de-6-me-para-transformar-atum-arranca-em-julho-em-vila-nova-de-cerveira\\\/#primaryimage\"},\"thumbnailUrl\":\"https:\\\/\\\/www.altominho.tv\\\/site\\\/wp-content\\\/uploads\\\/2018\\\/04\\\/cerveira-1.jpg\",\"datePublished\":\"2018-04-17T14:24:12+00:00\",\"author\":{\"@id\":\"https:\\\/\\\/www.altominho.tv\\\/site\\\/#\\\/schema\\\/person\\\/a0e4ef6d041f98ca284393d8f1d97153\"},\"breadcrumb\":{\"@id\":\"https:\\\/\\\/www.altominho.tv\\\/site\\\/2018\\\/04\\\/17\\\/fabrica-de-6-me-para-transformar-atum-arranca-em-julho-em-vila-nova-de-cerveira\\\/#breadcrumb\"},\"inLanguage\":\"pt-PT\",\"potentialAction\":[{\"@type\":\"ReadAction\",\"target\":[\"https:\\\/\\\/www.altominho.tv\\\/site\\\/2018\\\/04\\\/17\\\/fabrica-de-6-me-para-transformar-atum-arranca-em-julho-em-vila-nova-de-cerveira\\\/\"]}]},{\"@type\":\"ImageObject\",\"inLanguage\":\"pt-PT\",\"@id\":\"https:\\\/\\\/www.altominho.tv\\\/site\\\/2018\\\/04\\\/17\\\/fabrica-de-6-me-para-transformar-atum-arranca-em-julho-em-vila-nova-de-cerveira\\\/#primaryimage\",\"url\":\"https:\\\/\\\/www.altominho.tv\\\/site\\\/wp-content\\\/uploads\\\/2018\\\/04\\\/cerveira-1.jpg\",\"contentUrl\":\"https:\\\/\\\/www.altominho.tv\\\/site\\\/wp-content\\\/uploads\\\/2018\\\/04\\\/cerveira-1.jpg\",\"width\":750,\"height\":422},{\"@type\":\"BreadcrumbList\",\"@id\":\"https:\\\/\\\/www.altominho.tv\\\/site\\\/2018\\\/04\\\/17\\\/fabrica-de-6-me-para-transformar-atum-arranca-em-julho-em-vila-nova-de-cerveira\\\/#breadcrumb\",\"itemListElement\":[{\"@type\":\"ListItem\",\"position\":1,\"name\":\"In\u00edcio\",\"item\":\"https:\\\/\\\/www.altominho.tv\\\/site\\\/\"},{\"@type\":\"ListItem\",\"position\":2,\"name\":\"F\u00e1brica de 6 ME para transformar atum arranca em julho em Vila Nova de Cerveira\"}]},{\"@type\":\"WebSite\",\"@id\":\"https:\\\/\\\/www.altominho.tv\\\/site\\\/#website\",\"url\":\"https:\\\/\\\/www.altominho.tv\\\/site\\\/\",\"name\":\"Altominho.tv\",\"description\":\"A sua regi\u00e3o \u00e0 dist\u00e2ncia de um clique...\",\"potentialAction\":[{\"@type\":\"SearchAction\",\"target\":{\"@type\":\"EntryPoint\",\"urlTemplate\":\"https:\\\/\\\/www.altominho.tv\\\/site\\\/?s={search_term_string}\"},\"query-input\":{\"@type\":\"PropertyValueSpecification\",\"valueRequired\":true,\"valueName\":\"search_term_string\"}}],\"inLanguage\":\"pt-PT\"},{\"@type\":\"Person\",\"@id\":\"https:\\\/\\\/www.altominho.tv\\\/site\\\/#\\\/schema\\\/person\\\/a0e4ef6d041f98ca284393d8f1d97153\",\"name\":\"Andreia Cunha\",\"image\":{\"@type\":\"ImageObject\",\"inLanguage\":\"pt-PT\",\"@id\":\"https:\\\/\\\/www.altominho.tv\\\/site\\\/wp-content\\\/uploads\\\/2017\\\/11\\\/Andreia_Cunha-1-150x150.jpg\",\"url\":\"https:\\\/\\\/www.altominho.tv\\\/site\\\/wp-content\\\/uploads\\\/2017\\\/11\\\/Andreia_Cunha-1-150x150.jpg\",\"contentUrl\":\"https:\\\/\\\/www.altominho.tv\\\/site\\\/wp-content\\\/uploads\\\/2017\\\/11\\\/Andreia_Cunha-1-150x150.jpg\",\"caption\":\"Andreia Cunha\"},\"url\":\"https:\\\/\\\/www.altominho.tv\\\/site\\\/author\\\/andreiacunha\\\/\"}]}<\/script>\n<!-- \/ Yoast SEO Premium plugin. -->","yoast_head_json":{"title":"F\u00e1brica de 6 ME para transformar atum arranca em julho em Vila Nova de Cerveira","robots":{"index":"index","follow":"follow","max-snippet":"max-snippet:-1","max-image-preview":"max-image-preview:large","max-video-preview":"max-video-preview:-1"},"canonical":"https:\/\/www.altominho.tv\/site\/2018\/04\/17\/fabrica-de-6-me-para-transformar-atum-arranca-em-julho-em-vila-nova-de-cerveira\/","og_locale":"pt_PT","og_type":"article","og_title":"F\u00e1brica de 6 ME para transformar atum arranca em julho em Vila Nova de Cerveira","og_description":"Uma nova f\u00e1brica de transforma\u00e7\u00e3o de atum em constru\u00e7\u00e3o em Vila Nova de Cerveira, num investimento galego de seis milh\u00f5es de euros, vai come\u00e7ar a laborar em julho. Esta f\u00e1brica vai gerar 200 novos postos de trabalho, disse hoje fonte aut\u00e1rquica. A mesmo fonte adiantou que os trabalhos de constru\u00e7\u00e3o da nova unidade \u201cdecorrem a [&hellip;]","og_url":"https:\/\/www.altominho.tv\/site\/2018\/04\/17\/fabrica-de-6-me-para-transformar-atum-arranca-em-julho-em-vila-nova-de-cerveira\/","og_site_name":"Altominho.tv","article_publisher":"https:\/\/www.facebook.com\/altominhotv","article_published_time":"2018-04-17T14:24:12+00:00","og_image":[{"width":750,"height":422,"url":"https:\/\/www.altominho.tv\/site\/wp-content\/uploads\/2018\/04\/cerveira-1.jpg","type":"image\/jpeg"}],"author":"Andreia Cunha","twitter_card":"summary_large_image","twitter_creator":"@altominhoTV","twitter_site":"@altominhoTV","twitter_misc":{"Escrito por":"Andreia Cunha","Tempo estimado de leitura":"1 minuto"},"schema":{"@context":"https:\/\/schema.org","@graph":[{"@type":"Article","@id":"https:\/\/www.altominho.tv\/site\/2018\/04\/17\/fabrica-de-6-me-para-transformar-atum-arranca-em-julho-em-vila-nova-de-cerveira\/#article","isPartOf":{"@id":"https:\/\/www.altominho.tv\/site\/2018\/04\/17\/fabrica-de-6-me-para-transformar-atum-arranca-em-julho-em-vila-nova-de-cerveira\/"},"author":{"name":"Andreia Cunha","@id":"https:\/\/www.altominho.tv\/site\/#\/schema\/person\/a0e4ef6d041f98ca284393d8f1d97153"},"headline":"F\u00e1brica de 6 ME para transformar atum arranca em julho em Vila Nova de Cerveira","datePublished":"2018-04-17T14:24:12+00:00","mainEntityOfPage":{"@id":"https:\/\/www.altominho.tv\/site\/2018\/04\/17\/fabrica-de-6-me-para-transformar-atum-arranca-em-julho-em-vila-nova-de-cerveira\/"},"wordCount":291,"image":{"@id":"https:\/\/www.altominho.tv\/site\/2018\/04\/17\/fabrica-de-6-me-para-transformar-atum-arranca-em-julho-em-vila-nova-de-cerveira\/#primaryimage"},"thumbnailUrl":"https:\/\/www.altominho.tv\/site\/wp-content\/uploads\/2018\/04\/cerveira-1.jpg","keywords":["Sociedade"],"articleSection":["Vila Nova de Cerveira"],"inLanguage":"pt-PT","copyrightYear":"2018","copyrightHolder":{"@id":"https:\/\/www.altominho.tv\/site\/#organization"}},{"@type":"WebPage","@id":"https:\/\/www.altominho.tv\/site\/2018\/04\/17\/fabrica-de-6-me-para-transformar-atum-arranca-em-julho-em-vila-nova-de-cerveira\/","url":"https:\/\/www.altominho.tv\/site\/2018\/04\/17\/fabrica-de-6-me-para-transformar-atum-arranca-em-julho-em-vila-nova-de-cerveira\/","name":"F\u00e1brica de 6 ME para transformar atum arranca em julho em Vila Nova de Cerveira","isPartOf":{"@id":"https:\/\/www.altominho.tv\/site\/#website"},"primaryImageOfPage":{"@id":"https:\/\/www.altominho.tv\/site\/2018\/04\/17\/fabrica-de-6-me-para-transformar-atum-arranca-em-julho-em-vila-nova-de-cerveira\/#primaryimage"},"image":{"@id":"https:\/\/www.altominho.tv\/site\/2018\/04\/17\/fabrica-de-6-me-para-transformar-atum-arranca-em-julho-em-vila-nova-de-cerveira\/#primaryimage"},"thumbnailUrl":"https:\/\/www.altominho.tv\/site\/wp-content\/uploads\/2018\/04\/cerveira-1.jpg","datePublished":"2018-04-17T14:24:12+00:00","author":{"@id":"https:\/\/www.altominho.tv\/site\/#\/schema\/person\/a0e4ef6d041f98ca284393d8f1d97153"},"breadcrumb":{"@id":"https:\/\/www.altominho.tv\/site\/2018\/04\/17\/fabrica-de-6-me-para-transformar-atum-arranca-em-julho-em-vila-nova-de-cerveira\/#breadcrumb"},"inLanguage":"pt-PT","potentialAction":[{"@type":"ReadAction","target":["https:\/\/www.altominho.tv\/site\/2018\/04\/17\/fabrica-de-6-me-para-transformar-atum-arranca-em-julho-em-vila-nova-de-cerveira\/"]}]},{"@type":"ImageObject","inLanguage":"pt-PT","@id":"https:\/\/www.altominho.tv\/site\/2018\/04\/17\/fabrica-de-6-me-para-transformar-atum-arranca-em-julho-em-vila-nova-de-cerveira\/#primaryimage","url":"https:\/\/www.altominho.tv\/site\/wp-content\/uploads\/2018\/04\/cerveira-1.jpg","contentUrl":"https:\/\/www.altominho.tv\/site\/wp-content\/uploads\/2018\/04\/cerveira-1.jpg","width":750,"height":422},{"@type":"BreadcrumbList","@id":"https:\/\/www.altominho.tv\/site\/2018\/04\/17\/fabrica-de-6-me-para-transformar-atum-arranca-em-julho-em-vila-nova-de-cerveira\/#breadcrumb","itemListElement":[{"@type":"ListItem","position":1,"name":"In\u00edcio","item":"https:\/\/www.altominho.tv\/site\/"},{"@type":"ListItem","position":2,"name":"F\u00e1brica de 6 ME para transformar atum arranca em julho em Vila Nova de Cerveira"}]},{"@type":"WebSite","@id":"https:\/\/www.altominho.tv\/site\/#website","url":"https:\/\/www.altominho.tv\/site\/","name":"Altominho.tv","description":"A sua regi\u00e3o \u00e0 dist\u00e2ncia de um clique...","potentialAction":[{"@type":"SearchAction","target":{"@type":"EntryPoint","urlTemplate":"https:\/\/www.altominho.tv\/site\/?s={search_term_string}"},"query-input":{"@type":"PropertyValueSpecification","valueRequired":true,"valueName":"search_term_string"}}],"inLanguage":"pt-PT"},{"@type":"Person","@id":"https:\/\/www.altominho.tv\/site\/#\/schema\/person\/a0e4ef6d041f98ca284393d8f1d97153","name":"Andreia Cunha","image":{"@type":"ImageObject","inLanguage":"pt-PT","@id":"https:\/\/www.altominho.tv\/site\/wp-content\/uploads\/2017\/11\/Andreia_Cunha-1-150x150.jpg","url":"https:\/\/www.altominho.tv\/site\/wp-content\/uploads\/2017\/11\/Andreia_Cunha-1-150x150.jpg","contentUrl":"https:\/\/www.altominho.tv\/site\/wp-content\/uploads\/2017\/11\/Andreia_Cunha-1-150x150.jpg","caption":"Andreia Cunha"},"url":"https:\/\/www.altominho.tv\/site\/author\/andreiacunha\/"}]}},"_links":{"self":[{"href":"https:\/\/www.altominho.tv\/site\/wp-json\/wp\/v2\/posts\/12054","targetHints":{"allow":["GET"]}}],"collection":[{"href":"https:\/\/www.altominho.tv\/site\/wp-json\/wp\/v2\/posts"}],"about":[{"href":"https:\/\/www.altominho.tv\/site\/wp-json\/wp\/v2\/types\/post"}],"author":[{"embeddable":true,"href":"https:\/\/www.altominho.tv\/site\/wp-json\/wp\/v2\/users\/7"}],"replies":[{"embeddable":true,"href":"https:\/\/www.altominho.tv\/site\/wp-json\/wp\/v2\/comments?post=12054"}],"version-history":[{"count":0,"href":"https:\/\/www.altominho.tv\/site\/wp-json\/wp\/v2\/posts\/12054\/revisions"}],"wp:featuredmedia":[{"embeddable":true,"href":"https:\/\/www.altominho.tv\/site\/wp-json\/wp\/v2\/media\/12055"}],"wp:attachment":[{"href":"https:\/\/www.altominho.tv\/site\/wp-json\/wp\/v2\/media?parent=12054"}],"wp:term":[{"taxonomy":"category","embeddable":true,"href":"https:\/\/www.altominho.tv\/site\/wp-json\/wp\/v2\/categories?post=12054"},{"taxonomy":"post_tag","embeddable":true,"href":"https:\/\/www.altominho.tv\/site\/wp-json\/wp\/v2\/tags?post=12054"}],"curies":[{"name":"wp","href":"https:\/\/api.w.org\/{rel}","templated":true}]}}