{"id":120485,"date":"2025-07-07T09:55:53","date_gmt":"2025-07-07T08:55:53","guid":{"rendered":"https:\/\/www.altominho.tv\/site\/?p=120485"},"modified":"2025-07-07T09:59:01","modified_gmt":"2025-07-07T08:59:01","slug":"feira-do-livro-de-ponte-de-lima-regressa-de-17-a-20-de-julho","status":"publish","type":"post","link":"https:\/\/www.altominho.tv\/site\/2025\/07\/07\/feira-do-livro-de-ponte-de-lima-regressa-de-17-a-20-de-julho\/","title":{"rendered":"Feira do Livro de Ponte de Lima regressa de 17 a 20 de julho"},"content":{"rendered":"<p class=\"p1\">A Feira do Livro de Ponte de Lima regressa \u00e0 Expolima entre os dias 17 e 20 de julho, com uma programa\u00e7\u00e3o diversificada e para todas as idades.<\/p>\n<p class=\"p1\">Nesta edi\u00e7\u00e3o destaca-se o Programa Infantil, que oferece uma variedade de atividades l\u00fadicas, culturais e educativas, destinadas a crian\u00e7as e fam\u00edlias.<\/p>\n<p class=\"p1\">Durante os quatro dias do certame, os mais novos poder\u00e3o participar em sess\u00f5es de contos, oficinas criativas, espet\u00e1culos teatrais, atividades de rob\u00f3tica, m\u00fasica em fam\u00edlia, yoga com hist\u00f3rias, entre muitas outras experi\u00eancias interativas.<\/p>\n<p class=\"p1\">As atividades carecem de inscri\u00e7\u00e3o pr\u00e9via, e decorrem ao longo do dia, com v\u00e1rios hor\u00e1rios e din\u00e2micas adequadas a diferentes faixas et\u00e1rias.<\/p>\n<p class=\"p1\">Haver\u00e1 ainda insufl\u00e1veis permanentes e momentos de pinturas faciais e modelagem de bal\u00f5es.<\/p>\n<p class=\"p1\">\u00a0<\/p>\n\n<div id='gallery-1' class='gallery galleryid-120485 gallery-columns-3 gallery-size-gridlove-single'><figure class='gallery-item'>\n\t\t\t<div class='gallery-icon portrait'>\n\t\t\t\t<a class=\"gridlove-popup\" href='https:\/\/www.altominho.tv\/site\/wp-content\/uploads\/2025\/07\/feiradolivro25_programa_infantil_1.png'><img loading=\"lazy\" decoding=\"async\" width=\"740\" height=\"925\" src=\"https:\/\/www.altominho.tv\/site\/wp-content\/uploads\/2025\/07\/feiradolivro25_programa_infantil_1-740x925.png\" class=\"attachment-gridlove-single size-gridlove-single\" alt=\"\" srcset=\"https:\/\/www.altominho.tv\/site\/wp-content\/uploads\/2025\/07\/feiradolivro25_programa_infantil_1-740x925.png 740w, https:\/\/www.altominho.tv\/site\/wp-content\/uploads\/2025\/07\/feiradolivro25_programa_infantil_1-346x433.png 346w, https:\/\/www.altominho.tv\/site\/wp-content\/uploads\/2025\/07\/feiradolivro25_programa_infantil_1-819x1024.png 819w, https:\/\/www.altominho.tv\/site\/wp-content\/uploads\/2025\/07\/feiradolivro25_programa_infantil_1-768x960.png 768w, https:\/\/www.altominho.tv\/site\/wp-content\/uploads\/2025\/07\/feiradolivro25_programa_infantil_1-370x462.png 370w, https:\/\/www.altominho.tv\/site\/wp-content\/uploads\/2025\/07\/feiradolivro25_programa_infantil_1-270x337.png 270w, https:\/\/www.altominho.tv\/site\/wp-content\/uploads\/2025\/07\/feiradolivro25_programa_infantil_1-570x712.png 570w, https:\/\/www.altominho.tv\/site\/wp-content\/uploads\/2025\/07\/feiradolivro25_programa_infantil_1.png 1081w\" sizes=\"auto, (max-width: 740px) 100vw, 740px\" \/><\/a>\n\t\t\t<\/div><\/figure><figure class='gallery-item'>\n\t\t\t<div class='gallery-icon portrait'>\n\t\t\t\t<a class=\"gridlove-popup\" href='https:\/\/www.altominho.tv\/site\/wp-content\/uploads\/2025\/07\/feirolivro25_programa_infantil_2.png'><img loading=\"lazy\" decoding=\"async\" width=\"740\" height=\"925\" src=\"https:\/\/www.altominho.tv\/site\/wp-content\/uploads\/2025\/07\/feirolivro25_programa_infantil_2-740x925.png\" class=\"attachment-gridlove-single size-gridlove-single\" alt=\"\" srcset=\"https:\/\/www.altominho.tv\/site\/wp-content\/uploads\/2025\/07\/feirolivro25_programa_infantil_2-740x925.png 740w, https:\/\/www.altominho.tv\/site\/wp-content\/uploads\/2025\/07\/feirolivro25_programa_infantil_2-346x433.png 346w, https:\/\/www.altominho.tv\/site\/wp-content\/uploads\/2025\/07\/feirolivro25_programa_infantil_2-819x1024.png 819w, https:\/\/www.altominho.tv\/site\/wp-content\/uploads\/2025\/07\/feirolivro25_programa_infantil_2-768x960.png 768w, https:\/\/www.altominho.tv\/site\/wp-content\/uploads\/2025\/07\/feirolivro25_programa_infantil_2-370x462.png 370w, https:\/\/www.altominho.tv\/site\/wp-content\/uploads\/2025\/07\/feirolivro25_programa_infantil_2-270x337.png 270w, https:\/\/www.altominho.tv\/site\/wp-content\/uploads\/2025\/07\/feirolivro25_programa_infantil_2-570x712.png 570w, https:\/\/www.altominho.tv\/site\/wp-content\/uploads\/2025\/07\/feirolivro25_programa_infantil_2.png 1081w\" sizes=\"auto, (max-width: 740px) 100vw, 740px\" \/><\/a>\n\t\t\t<\/div><\/figure>\n\t\t<\/div>\n\n\n\n<p><\/p>\n","protected":false},"excerpt":{"rendered":"<p>A Feira do Livro de Ponte de Lima regressa \u00e0 Expolima entre os dias 17 e 20 de julho, com uma programa\u00e7\u00e3o diversificada e para todas as idades. Nesta edi\u00e7\u00e3o destaca-se o Programa Infantil, que oferece uma variedade de atividades l\u00fadicas, culturais e educativas, destinadas a crian\u00e7as e fam\u00edlias. Durante os quatro dias do certame, [&hellip;]<\/p>\n","protected":false},"author":1,"featured_media":120486,"comment_status":"closed","ping_status":"closed","sticky":false,"template":"","format":"standard","meta":{"_exactmetrics_skip_tracking":false,"_exactmetrics_sitenote_active":false,"_exactmetrics_sitenote_note":"","_exactmetrics_sitenote_category":0,"footnotes":""},"categories":[12],"tags":[19],"class_list":["post-120485","post","type-post","status-publish","format-standard","has-post-thumbnail","hentry","category-ponte-de-lima","tag-cultura"],"yoast_head":"<!-- This site is optimized with the Yoast SEO Premium plugin v27.5 (Yoast SEO v27.5) - https:\/\/yoast.com\/product\/yoast-seo-premium-wordpress\/ -->\n<title>Feira do Livro de Ponte de Lima regressa de 17 a 20 de julho<\/title>\n<meta name=\"description\" content=\"A Feira do Livro de Ponte de Lima regressa \u00e0 Expolima entre os dias 17 e 20 de julho, com uma programa\u00e7\u00e3o diversificada e para todas as idades.\" \/>\n<meta name=\"robots\" content=\"index, follow, max-snippet:-1, max-image-preview:large, max-video-preview:-1\" \/>\n<link rel=\"canonical\" href=\"https:\/\/www.altominho.tv\/site\/2025\/07\/07\/feira-do-livro-de-ponte-de-lima-regressa-de-17-a-20-de-julho\/\" \/>\n<meta property=\"og:locale\" content=\"pt_PT\" \/>\n<meta property=\"og:type\" content=\"article\" \/>\n<meta property=\"og:title\" content=\"Feira do Livro de Ponte de Lima regressa de 17 a 20 de julho\" \/>\n<meta property=\"og:description\" content=\"A Feira do Livro de Ponte de Lima regressa \u00e0 Expolima entre os dias 17 e 20 de julho, com uma programa\u00e7\u00e3o diversificada e para todas as idades.\" \/>\n<meta property=\"og:url\" content=\"https:\/\/www.altominho.tv\/site\/2025\/07\/07\/feira-do-livro-de-ponte-de-lima-regressa-de-17-a-20-de-julho\/\" \/>\n<meta property=\"og:site_name\" content=\"Altominho.tv\" \/>\n<meta property=\"article:publisher\" content=\"https:\/\/www.facebook.com\/altominhotv\" \/>\n<meta property=\"article:published_time\" content=\"2025-07-07T08:55:53+00:00\" \/>\n<meta property=\"article:modified_time\" content=\"2025-07-07T08:59:01+00:00\" \/>\n<meta property=\"og:image\" content=\"https:\/\/www.altominho.tv\/site\/wp-content\/uploads\/2025\/07\/feira-do-livro.jpg\" \/>\n\t<meta property=\"og:image:width\" content=\"1200\" \/>\n\t<meta property=\"og:image:height\" content=\"630\" \/>\n\t<meta property=\"og:image:type\" content=\"image\/jpeg\" \/>\n<meta name=\"author\" content=\"Altominho.tv\" \/>\n<meta name=\"twitter:card\" content=\"summary_large_image\" \/>\n<meta name=\"twitter:creator\" content=\"@altominhoTV\" \/>\n<meta name=\"twitter:site\" content=\"@altominhoTV\" \/>\n<meta name=\"twitter:label1\" content=\"Escrito por\" \/>\n\t<meta name=\"twitter:data1\" content=\"Altominho.tv\" \/>\n\t<meta name=\"twitter:label2\" content=\"Tempo estimado de leitura\" \/>\n\t<meta name=\"twitter:data2\" content=\"2 minutos\" \/>\n<script type=\"application\/ld+json\" class=\"yoast-schema-graph\">{\"@context\":\"https:\\\/\\\/schema.org\",\"@graph\":[{\"@type\":\"Article\",\"@id\":\"https:\\\/\\\/www.altominho.tv\\\/site\\\/2025\\\/07\\\/07\\\/feira-do-livro-de-ponte-de-lima-regressa-de-17-a-20-de-julho\\\/#article\",\"isPartOf\":{\"@id\":\"https:\\\/\\\/www.altominho.tv\\\/site\\\/2025\\\/07\\\/07\\\/feira-do-livro-de-ponte-de-lima-regressa-de-17-a-20-de-julho\\\/\"},\"author\":{\"name\":\"Altominho.tv\",\"@id\":\"https:\\\/\\\/www.altominho.tv\\\/site\\\/#\\\/schema\\\/person\\\/4e536851627d7914baf3dac752b6af22\"},\"headline\":\"Feira do Livro de Ponte de Lima regressa de 17 a 20 de julho\",\"datePublished\":\"2025-07-07T08:55:53+00:00\",\"dateModified\":\"2025-07-07T08:59:01+00:00\",\"mainEntityOfPage\":{\"@id\":\"https:\\\/\\\/www.altominho.tv\\\/site\\\/2025\\\/07\\\/07\\\/feira-do-livro-de-ponte-de-lima-regressa-de-17-a-20-de-julho\\\/\"},\"wordCount\":147,\"image\":{\"@id\":\"https:\\\/\\\/www.altominho.tv\\\/site\\\/2025\\\/07\\\/07\\\/feira-do-livro-de-ponte-de-lima-regressa-de-17-a-20-de-julho\\\/#primaryimage\"},\"thumbnailUrl\":\"https:\\\/\\\/www.altominho.tv\\\/site\\\/wp-content\\\/uploads\\\/2025\\\/07\\\/feira-do-livro.jpg\",\"keywords\":[\"Cultura\"],\"articleSection\":[\"Ponte de Lima\"],\"inLanguage\":\"pt-PT\",\"copyrightYear\":\"2025\",\"copyrightHolder\":{\"@id\":\"https:\\\/\\\/www.altominho.tv\\\/site\\\/#organization\"}},{\"@type\":\"WebPage\",\"@id\":\"https:\\\/\\\/www.altominho.tv\\\/site\\\/2025\\\/07\\\/07\\\/feira-do-livro-de-ponte-de-lima-regressa-de-17-a-20-de-julho\\\/\",\"url\":\"https:\\\/\\\/www.altominho.tv\\\/site\\\/2025\\\/07\\\/07\\\/feira-do-livro-de-ponte-de-lima-regressa-de-17-a-20-de-julho\\\/\",\"name\":\"Feira do Livro de Ponte de Lima regressa de 17 a 20 de julho\",\"isPartOf\":{\"@id\":\"https:\\\/\\\/www.altominho.tv\\\/site\\\/#website\"},\"primaryImageOfPage\":{\"@id\":\"https:\\\/\\\/www.altominho.tv\\\/site\\\/2025\\\/07\\\/07\\\/feira-do-livro-de-ponte-de-lima-regressa-de-17-a-20-de-julho\\\/#primaryimage\"},\"image\":{\"@id\":\"https:\\\/\\\/www.altominho.tv\\\/site\\\/2025\\\/07\\\/07\\\/feira-do-livro-de-ponte-de-lima-regressa-de-17-a-20-de-julho\\\/#primaryimage\"},\"thumbnailUrl\":\"https:\\\/\\\/www.altominho.tv\\\/site\\\/wp-content\\\/uploads\\\/2025\\\/07\\\/feira-do-livro.jpg\",\"datePublished\":\"2025-07-07T08:55:53+00:00\",\"dateModified\":\"2025-07-07T08:59:01+00:00\",\"author\":{\"@id\":\"https:\\\/\\\/www.altominho.tv\\\/site\\\/#\\\/schema\\\/person\\\/4e536851627d7914baf3dac752b6af22\"},\"description\":\"A Feira do Livro de Ponte de Lima regressa \u00e0 Expolima entre os dias 17 e 20 de julho, com uma programa\u00e7\u00e3o diversificada e para todas as idades.\",\"breadcrumb\":{\"@id\":\"https:\\\/\\\/www.altominho.tv\\\/site\\\/2025\\\/07\\\/07\\\/feira-do-livro-de-ponte-de-lima-regressa-de-17-a-20-de-julho\\\/#breadcrumb\"},\"inLanguage\":\"pt-PT\",\"potentialAction\":[{\"@type\":\"ReadAction\",\"target\":[\"https:\\\/\\\/www.altominho.tv\\\/site\\\/2025\\\/07\\\/07\\\/feira-do-livro-de-ponte-de-lima-regressa-de-17-a-20-de-julho\\\/\"]}]},{\"@type\":\"ImageObject\",\"inLanguage\":\"pt-PT\",\"@id\":\"https:\\\/\\\/www.altominho.tv\\\/site\\\/2025\\\/07\\\/07\\\/feira-do-livro-de-ponte-de-lima-regressa-de-17-a-20-de-julho\\\/#primaryimage\",\"url\":\"https:\\\/\\\/www.altominho.tv\\\/site\\\/wp-content\\\/uploads\\\/2025\\\/07\\\/feira-do-livro.jpg\",\"contentUrl\":\"https:\\\/\\\/www.altominho.tv\\\/site\\\/wp-content\\\/uploads\\\/2025\\\/07\\\/feira-do-livro.jpg\",\"width\":1200,\"height\":630},{\"@type\":\"BreadcrumbList\",\"@id\":\"https:\\\/\\\/www.altominho.tv\\\/site\\\/2025\\\/07\\\/07\\\/feira-do-livro-de-ponte-de-lima-regressa-de-17-a-20-de-julho\\\/#breadcrumb\",\"itemListElement\":[{\"@type\":\"ListItem\",\"position\":1,\"name\":\"In\u00edcio\",\"item\":\"https:\\\/\\\/www.altominho.tv\\\/site\\\/\"},{\"@type\":\"ListItem\",\"position\":2,\"name\":\"Feira do Livro de Ponte de Lima regressa de 17 a 20 de julho\"}]},{\"@type\":\"WebSite\",\"@id\":\"https:\\\/\\\/www.altominho.tv\\\/site\\\/#website\",\"url\":\"https:\\\/\\\/www.altominho.tv\\\/site\\\/\",\"name\":\"Altominho.tv\",\"description\":\"A sua regi\u00e3o \u00e0 dist\u00e2ncia de um clique...\",\"potentialAction\":[{\"@type\":\"SearchAction\",\"target\":{\"@type\":\"EntryPoint\",\"urlTemplate\":\"https:\\\/\\\/www.altominho.tv\\\/site\\\/?s={search_term_string}\"},\"query-input\":{\"@type\":\"PropertyValueSpecification\",\"valueRequired\":true,\"valueName\":\"search_term_string\"}}],\"inLanguage\":\"pt-PT\"},{\"@type\":\"Person\",\"@id\":\"https:\\\/\\\/www.altominho.tv\\\/site\\\/#\\\/schema\\\/person\\\/4e536851627d7914baf3dac752b6af22\",\"name\":\"Altominho.tv\",\"image\":{\"@type\":\"ImageObject\",\"inLanguage\":\"pt-PT\",\"@id\":\"https:\\\/\\\/www.altominho.tv\\\/site\\\/wp-content\\\/uploads\\\/2019\\\/11\\\/Logo_Avatar_2-150x150.jpg\",\"url\":\"https:\\\/\\\/www.altominho.tv\\\/site\\\/wp-content\\\/uploads\\\/2019\\\/11\\\/Logo_Avatar_2-150x150.jpg\",\"contentUrl\":\"https:\\\/\\\/www.altominho.tv\\\/site\\\/wp-content\\\/uploads\\\/2019\\\/11\\\/Logo_Avatar_2-150x150.jpg\",\"caption\":\"Altominho.tv\"},\"url\":\"https:\\\/\\\/www.altominho.tv\\\/site\\\/author\\\/altominhotv-tecnico\\\/\"}]}<\/script>\n<!-- \/ Yoast SEO Premium plugin. -->","yoast_head_json":{"title":"Feira do Livro de Ponte de Lima regressa de 17 a 20 de julho","description":"A Feira do Livro de Ponte de Lima regressa \u00e0 Expolima entre os dias 17 e 20 de julho, com uma programa\u00e7\u00e3o diversificada e para todas as idades.","robots":{"index":"index","follow":"follow","max-snippet":"max-snippet:-1","max-image-preview":"max-image-preview:large","max-video-preview":"max-video-preview:-1"},"canonical":"https:\/\/www.altominho.tv\/site\/2025\/07\/07\/feira-do-livro-de-ponte-de-lima-regressa-de-17-a-20-de-julho\/","og_locale":"pt_PT","og_type":"article","og_title":"Feira do Livro de Ponte de Lima regressa de 17 a 20 de julho","og_description":"A Feira do Livro de Ponte de Lima regressa \u00e0 Expolima entre os dias 17 e 20 de julho, com uma programa\u00e7\u00e3o diversificada e para todas as idades.","og_url":"https:\/\/www.altominho.tv\/site\/2025\/07\/07\/feira-do-livro-de-ponte-de-lima-regressa-de-17-a-20-de-julho\/","og_site_name":"Altominho.tv","article_publisher":"https:\/\/www.facebook.com\/altominhotv","article_published_time":"2025-07-07T08:55:53+00:00","article_modified_time":"2025-07-07T08:59:01+00:00","og_image":[{"width":1200,"height":630,"url":"https:\/\/www.altominho.tv\/site\/wp-content\/uploads\/2025\/07\/feira-do-livro.jpg","type":"image\/jpeg"}],"author":"Altominho.tv","twitter_card":"summary_large_image","twitter_creator":"@altominhoTV","twitter_site":"@altominhoTV","twitter_misc":{"Escrito por":"Altominho.tv","Tempo estimado de leitura":"2 minutos"},"schema":{"@context":"https:\/\/schema.org","@graph":[{"@type":"Article","@id":"https:\/\/www.altominho.tv\/site\/2025\/07\/07\/feira-do-livro-de-ponte-de-lima-regressa-de-17-a-20-de-julho\/#article","isPartOf":{"@id":"https:\/\/www.altominho.tv\/site\/2025\/07\/07\/feira-do-livro-de-ponte-de-lima-regressa-de-17-a-20-de-julho\/"},"author":{"name":"Altominho.tv","@id":"https:\/\/www.altominho.tv\/site\/#\/schema\/person\/4e536851627d7914baf3dac752b6af22"},"headline":"Feira do Livro de Ponte de Lima regressa de 17 a 20 de julho","datePublished":"2025-07-07T08:55:53+00:00","dateModified":"2025-07-07T08:59:01+00:00","mainEntityOfPage":{"@id":"https:\/\/www.altominho.tv\/site\/2025\/07\/07\/feira-do-livro-de-ponte-de-lima-regressa-de-17-a-20-de-julho\/"},"wordCount":147,"image":{"@id":"https:\/\/www.altominho.tv\/site\/2025\/07\/07\/feira-do-livro-de-ponte-de-lima-regressa-de-17-a-20-de-julho\/#primaryimage"},"thumbnailUrl":"https:\/\/www.altominho.tv\/site\/wp-content\/uploads\/2025\/07\/feira-do-livro.jpg","keywords":["Cultura"],"articleSection":["Ponte de Lima"],"inLanguage":"pt-PT","copyrightYear":"2025","copyrightHolder":{"@id":"https:\/\/www.altominho.tv\/site\/#organization"}},{"@type":"WebPage","@id":"https:\/\/www.altominho.tv\/site\/2025\/07\/07\/feira-do-livro-de-ponte-de-lima-regressa-de-17-a-20-de-julho\/","url":"https:\/\/www.altominho.tv\/site\/2025\/07\/07\/feira-do-livro-de-ponte-de-lima-regressa-de-17-a-20-de-julho\/","name":"Feira do Livro de Ponte de Lima regressa de 17 a 20 de julho","isPartOf":{"@id":"https:\/\/www.altominho.tv\/site\/#website"},"primaryImageOfPage":{"@id":"https:\/\/www.altominho.tv\/site\/2025\/07\/07\/feira-do-livro-de-ponte-de-lima-regressa-de-17-a-20-de-julho\/#primaryimage"},"image":{"@id":"https:\/\/www.altominho.tv\/site\/2025\/07\/07\/feira-do-livro-de-ponte-de-lima-regressa-de-17-a-20-de-julho\/#primaryimage"},"thumbnailUrl":"https:\/\/www.altominho.tv\/site\/wp-content\/uploads\/2025\/07\/feira-do-livro.jpg","datePublished":"2025-07-07T08:55:53+00:00","dateModified":"2025-07-07T08:59:01+00:00","author":{"@id":"https:\/\/www.altominho.tv\/site\/#\/schema\/person\/4e536851627d7914baf3dac752b6af22"},"description":"A Feira do Livro de Ponte de Lima regressa \u00e0 Expolima entre os dias 17 e 20 de julho, com uma programa\u00e7\u00e3o diversificada e para todas as idades.","breadcrumb":{"@id":"https:\/\/www.altominho.tv\/site\/2025\/07\/07\/feira-do-livro-de-ponte-de-lima-regressa-de-17-a-20-de-julho\/#breadcrumb"},"inLanguage":"pt-PT","potentialAction":[{"@type":"ReadAction","target":["https:\/\/www.altominho.tv\/site\/2025\/07\/07\/feira-do-livro-de-ponte-de-lima-regressa-de-17-a-20-de-julho\/"]}]},{"@type":"ImageObject","inLanguage":"pt-PT","@id":"https:\/\/www.altominho.tv\/site\/2025\/07\/07\/feira-do-livro-de-ponte-de-lima-regressa-de-17-a-20-de-julho\/#primaryimage","url":"https:\/\/www.altominho.tv\/site\/wp-content\/uploads\/2025\/07\/feira-do-livro.jpg","contentUrl":"https:\/\/www.altominho.tv\/site\/wp-content\/uploads\/2025\/07\/feira-do-livro.jpg","width":1200,"height":630},{"@type":"BreadcrumbList","@id":"https:\/\/www.altominho.tv\/site\/2025\/07\/07\/feira-do-livro-de-ponte-de-lima-regressa-de-17-a-20-de-julho\/#breadcrumb","itemListElement":[{"@type":"ListItem","position":1,"name":"In\u00edcio","item":"https:\/\/www.altominho.tv\/site\/"},{"@type":"ListItem","position":2,"name":"Feira do Livro de Ponte de Lima regressa de 17 a 20 de julho"}]},{"@type":"WebSite","@id":"https:\/\/www.altominho.tv\/site\/#website","url":"https:\/\/www.altominho.tv\/site\/","name":"Altominho.tv","description":"A sua regi\u00e3o \u00e0 dist\u00e2ncia de um clique...","potentialAction":[{"@type":"SearchAction","target":{"@type":"EntryPoint","urlTemplate":"https:\/\/www.altominho.tv\/site\/?s={search_term_string}"},"query-input":{"@type":"PropertyValueSpecification","valueRequired":true,"valueName":"search_term_string"}}],"inLanguage":"pt-PT"},{"@type":"Person","@id":"https:\/\/www.altominho.tv\/site\/#\/schema\/person\/4e536851627d7914baf3dac752b6af22","name":"Altominho.tv","image":{"@type":"ImageObject","inLanguage":"pt-PT","@id":"https:\/\/www.altominho.tv\/site\/wp-content\/uploads\/2019\/11\/Logo_Avatar_2-150x150.jpg","url":"https:\/\/www.altominho.tv\/site\/wp-content\/uploads\/2019\/11\/Logo_Avatar_2-150x150.jpg","contentUrl":"https:\/\/www.altominho.tv\/site\/wp-content\/uploads\/2019\/11\/Logo_Avatar_2-150x150.jpg","caption":"Altominho.tv"},"url":"https:\/\/www.altominho.tv\/site\/author\/altominhotv-tecnico\/"}]}},"_links":{"self":[{"href":"https:\/\/www.altominho.tv\/site\/wp-json\/wp\/v2\/posts\/120485","targetHints":{"allow":["GET"]}}],"collection":[{"href":"https:\/\/www.altominho.tv\/site\/wp-json\/wp\/v2\/posts"}],"about":[{"href":"https:\/\/www.altominho.tv\/site\/wp-json\/wp\/v2\/types\/post"}],"author":[{"embeddable":true,"href":"https:\/\/www.altominho.tv\/site\/wp-json\/wp\/v2\/users\/1"}],"replies":[{"embeddable":true,"href":"https:\/\/www.altominho.tv\/site\/wp-json\/wp\/v2\/comments?post=120485"}],"version-history":[{"count":2,"href":"https:\/\/www.altominho.tv\/site\/wp-json\/wp\/v2\/posts\/120485\/revisions"}],"predecessor-version":[{"id":120491,"href":"https:\/\/www.altominho.tv\/site\/wp-json\/wp\/v2\/posts\/120485\/revisions\/120491"}],"wp:featuredmedia":[{"embeddable":true,"href":"https:\/\/www.altominho.tv\/site\/wp-json\/wp\/v2\/media\/120486"}],"wp:attachment":[{"href":"https:\/\/www.altominho.tv\/site\/wp-json\/wp\/v2\/media?parent=120485"}],"wp:term":[{"taxonomy":"category","embeddable":true,"href":"https:\/\/www.altominho.tv\/site\/wp-json\/wp\/v2\/categories?post=120485"},{"taxonomy":"post_tag","embeddable":true,"href":"https:\/\/www.altominho.tv\/site\/wp-json\/wp\/v2\/tags?post=120485"}],"curies":[{"name":"wp","href":"https:\/\/api.w.org\/{rel}","templated":true}]}}