{"id":120472,"date":"2025-07-06T19:41:34","date_gmt":"2025-07-06T18:41:34","guid":{"rendered":"https:\/\/www.altominho.tv\/site\/?p=120472"},"modified":"2025-07-06T19:41:36","modified_gmt":"2025-07-06T18:41:36","slug":"recolha-de-tampinhas-e-arrecadacao-de-fundos-no-gofundme-para-ajudar-o-pequeno-santiago","status":"publish","type":"post","link":"https:\/\/www.altominho.tv\/site\/2025\/07\/06\/recolha-de-tampinhas-e-arrecadacao-de-fundos-no-gofundme-para-ajudar-o-pequeno-santiago\/","title":{"rendered":"Recolha de tampinhas e arrecada\u00e7\u00e3o de fundos no GoFundMe para ajudar o pequeno Santiago"},"content":{"rendered":"\n<p>A fam\u00edlia do pequeno Santiago, natural de Arcos de Valdevez, lan\u00e7ou uma campanha de recolha de tampinhas e arrecada\u00e7\u00e3o de fundos no GoFundMe, para ajudar o beb\u00e9 de 11 meses, que \u00e9 portador de s\u00edndrome relacionada ao GRIN1, uma condi\u00e7\u00e3o gen\u00e9tica rara causada por altera\u00e7\u00f5es no gene GRIN1.<\/p>\n\n\n\n<p>&#8220;Est\u00e1vamos a aguardar o diagn\u00f3stico do nosso Santiago. E neste momento j\u00e1 temos confirmada a doen\u00e7a do nosso menino. O Santiago \u00e9 portador de s\u00edndrome relacionada ao GRIN1 \u00e9 uma condi\u00e7\u00e3o gen\u00e9tica rara causada por altera\u00e7\u00f5es no gene GRIN1. \u00c9 uma doen\u00e7a gen\u00e9tica que infelizmente lhe causa muitos desafios. Mas n\u00f3s como pais n\u00e3o vamos baixar os bra\u00e7os e queremos proporcionar ao Santiago o melhor poss\u00edvel para o seu desenvolvimento. Ent\u00e3o neste momento queremos iniciar uma campanha de recolha de tampinhas com o objetivo de angariar dinheiro para as terapias, uma vez que o que o SNS oferece \u00e9 muito pouco para as necessidades dele&#8221;, afirmou a m\u00e3e, Patr\u00edcia Antunes.<\/p>\n\n\n\n<p>A doen\u00e7a foi-lhe diagnosticada \u00e0 cerca de um m\u00eas.<\/p>\n\n\n\n<p>&#8220;O Santiago tem 11 meses, e n\u00e3o tem for\u00e7a muscular. N\u00e3o consegue segurar a cabe\u00e7a e esteve, durante muito tempo, a ser alimentado por uma sonda&#8221;, contou hoje a m\u00e3e, em entrevista \u00e0 Altominho.tv.<\/p>\n\n\n\n<p>&#8220;Quando o Santiago nasceu, tivemos alta normalmente, mas desde o nascimento que notamos que algo se passava. Duas semanas depois, voltamos ao Hospital&#8221;.<\/p>\n\n\n\n<p>O Santiago faz &#8220;bastante medica\u00e7\u00e3o&#8221;, e &#8220;precisa de terapia da fala, terapia ocupacional, entre outras&#8221;.<\/p>\n\n\n\n<figure class=\"wp-block-image size-large\"><img loading=\"lazy\" decoding=\"async\" width=\"1024\" height=\"1024\" src=\"https:\/\/www.altominho.tv\/site\/wp-content\/uploads\/2025\/07\/santiago-1024x1024.jpg\" alt=\"\" class=\"wp-image-120473\" srcset=\"https:\/\/www.altominho.tv\/site\/wp-content\/uploads\/2025\/07\/santiago-1024x1024.jpg 1024w, https:\/\/www.altominho.tv\/site\/wp-content\/uploads\/2025\/07\/santiago-433x433.jpg 433w, https:\/\/www.altominho.tv\/site\/wp-content\/uploads\/2025\/07\/santiago-150x150.jpg 150w, https:\/\/www.altominho.tv\/site\/wp-content\/uploads\/2025\/07\/santiago-768x768.jpg 768w, https:\/\/www.altominho.tv\/site\/wp-content\/uploads\/2025\/07\/santiago-370x370.jpg 370w, https:\/\/www.altominho.tv\/site\/wp-content\/uploads\/2025\/07\/santiago-270x270.jpg 270w, https:\/\/www.altominho.tv\/site\/wp-content\/uploads\/2025\/07\/santiago-570x570.jpg 570w, https:\/\/www.altominho.tv\/site\/wp-content\/uploads\/2025\/07\/santiago-740x740.jpg 740w, https:\/\/www.altominho.tv\/site\/wp-content\/uploads\/2025\/07\/santiago.jpg 1080w\" sizes=\"auto, (max-width: 1024px) 100vw, 1024px\" \/><\/figure>\n","protected":false},"excerpt":{"rendered":"<p>A fam\u00edlia do pequeno Santiago, natural de Arcos de Valdevez, lan\u00e7ou uma campanha de recolha de tampinhas e arrecada\u00e7\u00e3o de fundos no GoFundMe, para ajudar o beb\u00e9 de 11 meses, que \u00e9 portador de s\u00edndrome relacionada ao GRIN1, uma condi\u00e7\u00e3o gen\u00e9tica rara causada por altera\u00e7\u00f5es no gene GRIN1. &#8220;Est\u00e1vamos a aguardar o diagn\u00f3stico do nosso [&hellip;]<\/p>\n","protected":false},"author":7,"featured_media":120478,"comment_status":"closed","ping_status":"closed","sticky":false,"template":"","format":"standard","meta":{"_exactmetrics_skip_tracking":false,"_exactmetrics_sitenote_active":false,"_exactmetrics_sitenote_note":"","_exactmetrics_sitenote_category":0,"footnotes":""},"categories":[2],"tags":[27],"class_list":["post-120472","post","type-post","status-publish","format-standard","has-post-thumbnail","hentry","category-arcos-de-valdevez","tag-sociedade"],"yoast_head":"<!-- This site is optimized with the Yoast SEO Premium plugin v27.4 (Yoast SEO v27.4) - https:\/\/yoast.com\/product\/yoast-seo-premium-wordpress\/ -->\n<title>Recolha de tampinhas e arrecada\u00e7\u00e3o de fundos no GoFundMe para ajudar o pequeno Santiago<\/title>\n<meta name=\"robots\" content=\"index, follow, max-snippet:-1, max-image-preview:large, max-video-preview:-1\" \/>\n<link rel=\"canonical\" href=\"https:\/\/www.altominho.tv\/site\/2025\/07\/06\/recolha-de-tampinhas-e-arrecadacao-de-fundos-no-gofundme-para-ajudar-o-pequeno-santiago\/\" \/>\n<meta property=\"og:locale\" content=\"pt_PT\" \/>\n<meta property=\"og:type\" content=\"article\" \/>\n<meta property=\"og:title\" content=\"Recolha de tampinhas e arrecada\u00e7\u00e3o de fundos no GoFundMe para ajudar o pequeno Santiago\" \/>\n<meta property=\"og:description\" content=\"A fam\u00edlia do pequeno Santiago, natural de Arcos de Valdevez, lan\u00e7ou uma campanha de recolha de tampinhas e arrecada\u00e7\u00e3o de fundos no GoFundMe, para ajudar o beb\u00e9 de 11 meses, que \u00e9 portador de s\u00edndrome relacionada ao GRIN1, uma condi\u00e7\u00e3o gen\u00e9tica rara causada por altera\u00e7\u00f5es no gene GRIN1. &#8220;Est\u00e1vamos a aguardar o diagn\u00f3stico do nosso [&hellip;]\" \/>\n<meta property=\"og:url\" content=\"https:\/\/www.altominho.tv\/site\/2025\/07\/06\/recolha-de-tampinhas-e-arrecadacao-de-fundos-no-gofundme-para-ajudar-o-pequeno-santiago\/\" \/>\n<meta property=\"og:site_name\" content=\"Altominho.tv\" \/>\n<meta property=\"article:publisher\" content=\"https:\/\/www.facebook.com\/altominhotv\" \/>\n<meta property=\"article:published_time\" content=\"2025-07-06T18:41:34+00:00\" \/>\n<meta property=\"article:modified_time\" content=\"2025-07-06T18:41:36+00:00\" \/>\n<meta property=\"og:image\" content=\"https:\/\/www.altominho.tv\/site\/wp-content\/uploads\/2025\/07\/tampinhas.png\" \/>\n\t<meta property=\"og:image:width\" content=\"1200\" \/>\n\t<meta property=\"og:image:height\" content=\"630\" \/>\n\t<meta property=\"og:image:type\" content=\"image\/png\" \/>\n<meta name=\"author\" content=\"Andreia Cunha\" \/>\n<meta name=\"twitter:card\" content=\"summary_large_image\" \/>\n<meta name=\"twitter:creator\" content=\"@altominhoTV\" \/>\n<meta name=\"twitter:site\" content=\"@altominhoTV\" \/>\n<meta name=\"twitter:label1\" content=\"Escrito por\" \/>\n\t<meta name=\"twitter:data1\" content=\"Andreia Cunha\" \/>\n\t<meta name=\"twitter:label2\" content=\"Tempo estimado de leitura\" \/>\n\t<meta name=\"twitter:data2\" content=\"2 minutos\" \/>\n<script type=\"application\/ld+json\" class=\"yoast-schema-graph\">{\"@context\":\"https:\\\/\\\/schema.org\",\"@graph\":[{\"@type\":\"Article\",\"@id\":\"https:\\\/\\\/www.altominho.tv\\\/site\\\/2025\\\/07\\\/06\\\/recolha-de-tampinhas-e-arrecadacao-de-fundos-no-gofundme-para-ajudar-o-pequeno-santiago\\\/#article\",\"isPartOf\":{\"@id\":\"https:\\\/\\\/www.altominho.tv\\\/site\\\/2025\\\/07\\\/06\\\/recolha-de-tampinhas-e-arrecadacao-de-fundos-no-gofundme-para-ajudar-o-pequeno-santiago\\\/\"},\"author\":{\"name\":\"Andreia Cunha\",\"@id\":\"https:\\\/\\\/www.altominho.tv\\\/site\\\/#\\\/schema\\\/person\\\/a0e4ef6d041f98ca284393d8f1d97153\"},\"headline\":\"Recolha de tampinhas e arrecada\u00e7\u00e3o de fundos no GoFundMe para ajudar o pequeno Santiago\",\"datePublished\":\"2025-07-06T18:41:34+00:00\",\"dateModified\":\"2025-07-06T18:41:36+00:00\",\"mainEntityOfPage\":{\"@id\":\"https:\\\/\\\/www.altominho.tv\\\/site\\\/2025\\\/07\\\/06\\\/recolha-de-tampinhas-e-arrecadacao-de-fundos-no-gofundme-para-ajudar-o-pequeno-santiago\\\/\"},\"wordCount\":277,\"image\":{\"@id\":\"https:\\\/\\\/www.altominho.tv\\\/site\\\/2025\\\/07\\\/06\\\/recolha-de-tampinhas-e-arrecadacao-de-fundos-no-gofundme-para-ajudar-o-pequeno-santiago\\\/#primaryimage\"},\"thumbnailUrl\":\"https:\\\/\\\/www.altominho.tv\\\/site\\\/wp-content\\\/uploads\\\/2025\\\/07\\\/tampinhas.png\",\"keywords\":[\"Sociedade\"],\"articleSection\":[\"Arcos de Valdevez\"],\"inLanguage\":\"pt-PT\",\"copyrightYear\":\"2025\",\"copyrightHolder\":{\"@id\":\"https:\\\/\\\/www.altominho.tv\\\/site\\\/#organization\"}},{\"@type\":\"WebPage\",\"@id\":\"https:\\\/\\\/www.altominho.tv\\\/site\\\/2025\\\/07\\\/06\\\/recolha-de-tampinhas-e-arrecadacao-de-fundos-no-gofundme-para-ajudar-o-pequeno-santiago\\\/\",\"url\":\"https:\\\/\\\/www.altominho.tv\\\/site\\\/2025\\\/07\\\/06\\\/recolha-de-tampinhas-e-arrecadacao-de-fundos-no-gofundme-para-ajudar-o-pequeno-santiago\\\/\",\"name\":\"Recolha de tampinhas e arrecada\u00e7\u00e3o de fundos no GoFundMe para ajudar o pequeno Santiago\",\"isPartOf\":{\"@id\":\"https:\\\/\\\/www.altominho.tv\\\/site\\\/#website\"},\"primaryImageOfPage\":{\"@id\":\"https:\\\/\\\/www.altominho.tv\\\/site\\\/2025\\\/07\\\/06\\\/recolha-de-tampinhas-e-arrecadacao-de-fundos-no-gofundme-para-ajudar-o-pequeno-santiago\\\/#primaryimage\"},\"image\":{\"@id\":\"https:\\\/\\\/www.altominho.tv\\\/site\\\/2025\\\/07\\\/06\\\/recolha-de-tampinhas-e-arrecadacao-de-fundos-no-gofundme-para-ajudar-o-pequeno-santiago\\\/#primaryimage\"},\"thumbnailUrl\":\"https:\\\/\\\/www.altominho.tv\\\/site\\\/wp-content\\\/uploads\\\/2025\\\/07\\\/tampinhas.png\",\"datePublished\":\"2025-07-06T18:41:34+00:00\",\"dateModified\":\"2025-07-06T18:41:36+00:00\",\"author\":{\"@id\":\"https:\\\/\\\/www.altominho.tv\\\/site\\\/#\\\/schema\\\/person\\\/a0e4ef6d041f98ca284393d8f1d97153\"},\"breadcrumb\":{\"@id\":\"https:\\\/\\\/www.altominho.tv\\\/site\\\/2025\\\/07\\\/06\\\/recolha-de-tampinhas-e-arrecadacao-de-fundos-no-gofundme-para-ajudar-o-pequeno-santiago\\\/#breadcrumb\"},\"inLanguage\":\"pt-PT\",\"potentialAction\":[{\"@type\":\"ReadAction\",\"target\":[\"https:\\\/\\\/www.altominho.tv\\\/site\\\/2025\\\/07\\\/06\\\/recolha-de-tampinhas-e-arrecadacao-de-fundos-no-gofundme-para-ajudar-o-pequeno-santiago\\\/\"]}]},{\"@type\":\"ImageObject\",\"inLanguage\":\"pt-PT\",\"@id\":\"https:\\\/\\\/www.altominho.tv\\\/site\\\/2025\\\/07\\\/06\\\/recolha-de-tampinhas-e-arrecadacao-de-fundos-no-gofundme-para-ajudar-o-pequeno-santiago\\\/#primaryimage\",\"url\":\"https:\\\/\\\/www.altominho.tv\\\/site\\\/wp-content\\\/uploads\\\/2025\\\/07\\\/tampinhas.png\",\"contentUrl\":\"https:\\\/\\\/www.altominho.tv\\\/site\\\/wp-content\\\/uploads\\\/2025\\\/07\\\/tampinhas.png\",\"width\":1200,\"height\":630},{\"@type\":\"BreadcrumbList\",\"@id\":\"https:\\\/\\\/www.altominho.tv\\\/site\\\/2025\\\/07\\\/06\\\/recolha-de-tampinhas-e-arrecadacao-de-fundos-no-gofundme-para-ajudar-o-pequeno-santiago\\\/#breadcrumb\",\"itemListElement\":[{\"@type\":\"ListItem\",\"position\":1,\"name\":\"In\u00edcio\",\"item\":\"https:\\\/\\\/www.altominho.tv\\\/site\\\/\"},{\"@type\":\"ListItem\",\"position\":2,\"name\":\"Recolha de tampinhas e arrecada\u00e7\u00e3o de fundos no GoFundMe para ajudar o pequeno Santiago\"}]},{\"@type\":\"WebSite\",\"@id\":\"https:\\\/\\\/www.altominho.tv\\\/site\\\/#website\",\"url\":\"https:\\\/\\\/www.altominho.tv\\\/site\\\/\",\"name\":\"Altominho.tv\",\"description\":\"A sua regi\u00e3o \u00e0 dist\u00e2ncia de um clique...\",\"potentialAction\":[{\"@type\":\"SearchAction\",\"target\":{\"@type\":\"EntryPoint\",\"urlTemplate\":\"https:\\\/\\\/www.altominho.tv\\\/site\\\/?s={search_term_string}\"},\"query-input\":{\"@type\":\"PropertyValueSpecification\",\"valueRequired\":true,\"valueName\":\"search_term_string\"}}],\"inLanguage\":\"pt-PT\"},{\"@type\":\"Person\",\"@id\":\"https:\\\/\\\/www.altominho.tv\\\/site\\\/#\\\/schema\\\/person\\\/a0e4ef6d041f98ca284393d8f1d97153\",\"name\":\"Andreia Cunha\",\"image\":{\"@type\":\"ImageObject\",\"inLanguage\":\"pt-PT\",\"@id\":\"https:\\\/\\\/www.altominho.tv\\\/site\\\/wp-content\\\/uploads\\\/2017\\\/11\\\/Andreia_Cunha-1-150x150.jpg\",\"url\":\"https:\\\/\\\/www.altominho.tv\\\/site\\\/wp-content\\\/uploads\\\/2017\\\/11\\\/Andreia_Cunha-1-150x150.jpg\",\"contentUrl\":\"https:\\\/\\\/www.altominho.tv\\\/site\\\/wp-content\\\/uploads\\\/2017\\\/11\\\/Andreia_Cunha-1-150x150.jpg\",\"caption\":\"Andreia Cunha\"},\"url\":\"https:\\\/\\\/www.altominho.tv\\\/site\\\/author\\\/andreiacunha\\\/\"}]}<\/script>\n<!-- \/ Yoast SEO Premium plugin. -->","yoast_head_json":{"title":"Recolha de tampinhas e arrecada\u00e7\u00e3o de fundos no GoFundMe para ajudar o pequeno Santiago","robots":{"index":"index","follow":"follow","max-snippet":"max-snippet:-1","max-image-preview":"max-image-preview:large","max-video-preview":"max-video-preview:-1"},"canonical":"https:\/\/www.altominho.tv\/site\/2025\/07\/06\/recolha-de-tampinhas-e-arrecadacao-de-fundos-no-gofundme-para-ajudar-o-pequeno-santiago\/","og_locale":"pt_PT","og_type":"article","og_title":"Recolha de tampinhas e arrecada\u00e7\u00e3o de fundos no GoFundMe para ajudar o pequeno Santiago","og_description":"A fam\u00edlia do pequeno Santiago, natural de Arcos de Valdevez, lan\u00e7ou uma campanha de recolha de tampinhas e arrecada\u00e7\u00e3o de fundos no GoFundMe, para ajudar o beb\u00e9 de 11 meses, que \u00e9 portador de s\u00edndrome relacionada ao GRIN1, uma condi\u00e7\u00e3o gen\u00e9tica rara causada por altera\u00e7\u00f5es no gene GRIN1. &#8220;Est\u00e1vamos a aguardar o diagn\u00f3stico do nosso [&hellip;]","og_url":"https:\/\/www.altominho.tv\/site\/2025\/07\/06\/recolha-de-tampinhas-e-arrecadacao-de-fundos-no-gofundme-para-ajudar-o-pequeno-santiago\/","og_site_name":"Altominho.tv","article_publisher":"https:\/\/www.facebook.com\/altominhotv","article_published_time":"2025-07-06T18:41:34+00:00","article_modified_time":"2025-07-06T18:41:36+00:00","og_image":[{"width":1200,"height":630,"url":"https:\/\/www.altominho.tv\/site\/wp-content\/uploads\/2025\/07\/tampinhas.png","type":"image\/png"}],"author":"Andreia Cunha","twitter_card":"summary_large_image","twitter_creator":"@altominhoTV","twitter_site":"@altominhoTV","twitter_misc":{"Escrito por":"Andreia Cunha","Tempo estimado de leitura":"2 minutos"},"schema":{"@context":"https:\/\/schema.org","@graph":[{"@type":"Article","@id":"https:\/\/www.altominho.tv\/site\/2025\/07\/06\/recolha-de-tampinhas-e-arrecadacao-de-fundos-no-gofundme-para-ajudar-o-pequeno-santiago\/#article","isPartOf":{"@id":"https:\/\/www.altominho.tv\/site\/2025\/07\/06\/recolha-de-tampinhas-e-arrecadacao-de-fundos-no-gofundme-para-ajudar-o-pequeno-santiago\/"},"author":{"name":"Andreia Cunha","@id":"https:\/\/www.altominho.tv\/site\/#\/schema\/person\/a0e4ef6d041f98ca284393d8f1d97153"},"headline":"Recolha de tampinhas e arrecada\u00e7\u00e3o de fundos no GoFundMe para ajudar o pequeno Santiago","datePublished":"2025-07-06T18:41:34+00:00","dateModified":"2025-07-06T18:41:36+00:00","mainEntityOfPage":{"@id":"https:\/\/www.altominho.tv\/site\/2025\/07\/06\/recolha-de-tampinhas-e-arrecadacao-de-fundos-no-gofundme-para-ajudar-o-pequeno-santiago\/"},"wordCount":277,"image":{"@id":"https:\/\/www.altominho.tv\/site\/2025\/07\/06\/recolha-de-tampinhas-e-arrecadacao-de-fundos-no-gofundme-para-ajudar-o-pequeno-santiago\/#primaryimage"},"thumbnailUrl":"https:\/\/www.altominho.tv\/site\/wp-content\/uploads\/2025\/07\/tampinhas.png","keywords":["Sociedade"],"articleSection":["Arcos de Valdevez"],"inLanguage":"pt-PT","copyrightYear":"2025","copyrightHolder":{"@id":"https:\/\/www.altominho.tv\/site\/#organization"}},{"@type":"WebPage","@id":"https:\/\/www.altominho.tv\/site\/2025\/07\/06\/recolha-de-tampinhas-e-arrecadacao-de-fundos-no-gofundme-para-ajudar-o-pequeno-santiago\/","url":"https:\/\/www.altominho.tv\/site\/2025\/07\/06\/recolha-de-tampinhas-e-arrecadacao-de-fundos-no-gofundme-para-ajudar-o-pequeno-santiago\/","name":"Recolha de tampinhas e arrecada\u00e7\u00e3o de fundos no GoFundMe para ajudar o pequeno Santiago","isPartOf":{"@id":"https:\/\/www.altominho.tv\/site\/#website"},"primaryImageOfPage":{"@id":"https:\/\/www.altominho.tv\/site\/2025\/07\/06\/recolha-de-tampinhas-e-arrecadacao-de-fundos-no-gofundme-para-ajudar-o-pequeno-santiago\/#primaryimage"},"image":{"@id":"https:\/\/www.altominho.tv\/site\/2025\/07\/06\/recolha-de-tampinhas-e-arrecadacao-de-fundos-no-gofundme-para-ajudar-o-pequeno-santiago\/#primaryimage"},"thumbnailUrl":"https:\/\/www.altominho.tv\/site\/wp-content\/uploads\/2025\/07\/tampinhas.png","datePublished":"2025-07-06T18:41:34+00:00","dateModified":"2025-07-06T18:41:36+00:00","author":{"@id":"https:\/\/www.altominho.tv\/site\/#\/schema\/person\/a0e4ef6d041f98ca284393d8f1d97153"},"breadcrumb":{"@id":"https:\/\/www.altominho.tv\/site\/2025\/07\/06\/recolha-de-tampinhas-e-arrecadacao-de-fundos-no-gofundme-para-ajudar-o-pequeno-santiago\/#breadcrumb"},"inLanguage":"pt-PT","potentialAction":[{"@type":"ReadAction","target":["https:\/\/www.altominho.tv\/site\/2025\/07\/06\/recolha-de-tampinhas-e-arrecadacao-de-fundos-no-gofundme-para-ajudar-o-pequeno-santiago\/"]}]},{"@type":"ImageObject","inLanguage":"pt-PT","@id":"https:\/\/www.altominho.tv\/site\/2025\/07\/06\/recolha-de-tampinhas-e-arrecadacao-de-fundos-no-gofundme-para-ajudar-o-pequeno-santiago\/#primaryimage","url":"https:\/\/www.altominho.tv\/site\/wp-content\/uploads\/2025\/07\/tampinhas.png","contentUrl":"https:\/\/www.altominho.tv\/site\/wp-content\/uploads\/2025\/07\/tampinhas.png","width":1200,"height":630},{"@type":"BreadcrumbList","@id":"https:\/\/www.altominho.tv\/site\/2025\/07\/06\/recolha-de-tampinhas-e-arrecadacao-de-fundos-no-gofundme-para-ajudar-o-pequeno-santiago\/#breadcrumb","itemListElement":[{"@type":"ListItem","position":1,"name":"In\u00edcio","item":"https:\/\/www.altominho.tv\/site\/"},{"@type":"ListItem","position":2,"name":"Recolha de tampinhas e arrecada\u00e7\u00e3o de fundos no GoFundMe para ajudar o pequeno Santiago"}]},{"@type":"WebSite","@id":"https:\/\/www.altominho.tv\/site\/#website","url":"https:\/\/www.altominho.tv\/site\/","name":"Altominho.tv","description":"A sua regi\u00e3o \u00e0 dist\u00e2ncia de um clique...","potentialAction":[{"@type":"SearchAction","target":{"@type":"EntryPoint","urlTemplate":"https:\/\/www.altominho.tv\/site\/?s={search_term_string}"},"query-input":{"@type":"PropertyValueSpecification","valueRequired":true,"valueName":"search_term_string"}}],"inLanguage":"pt-PT"},{"@type":"Person","@id":"https:\/\/www.altominho.tv\/site\/#\/schema\/person\/a0e4ef6d041f98ca284393d8f1d97153","name":"Andreia Cunha","image":{"@type":"ImageObject","inLanguage":"pt-PT","@id":"https:\/\/www.altominho.tv\/site\/wp-content\/uploads\/2017\/11\/Andreia_Cunha-1-150x150.jpg","url":"https:\/\/www.altominho.tv\/site\/wp-content\/uploads\/2017\/11\/Andreia_Cunha-1-150x150.jpg","contentUrl":"https:\/\/www.altominho.tv\/site\/wp-content\/uploads\/2017\/11\/Andreia_Cunha-1-150x150.jpg","caption":"Andreia Cunha"},"url":"https:\/\/www.altominho.tv\/site\/author\/andreiacunha\/"}]}},"_links":{"self":[{"href":"https:\/\/www.altominho.tv\/site\/wp-json\/wp\/v2\/posts\/120472","targetHints":{"allow":["GET"]}}],"collection":[{"href":"https:\/\/www.altominho.tv\/site\/wp-json\/wp\/v2\/posts"}],"about":[{"href":"https:\/\/www.altominho.tv\/site\/wp-json\/wp\/v2\/types\/post"}],"author":[{"embeddable":true,"href":"https:\/\/www.altominho.tv\/site\/wp-json\/wp\/v2\/users\/7"}],"replies":[{"embeddable":true,"href":"https:\/\/www.altominho.tv\/site\/wp-json\/wp\/v2\/comments?post=120472"}],"version-history":[{"count":2,"href":"https:\/\/www.altominho.tv\/site\/wp-json\/wp\/v2\/posts\/120472\/revisions"}],"predecessor-version":[{"id":120479,"href":"https:\/\/www.altominho.tv\/site\/wp-json\/wp\/v2\/posts\/120472\/revisions\/120479"}],"wp:featuredmedia":[{"embeddable":true,"href":"https:\/\/www.altominho.tv\/site\/wp-json\/wp\/v2\/media\/120478"}],"wp:attachment":[{"href":"https:\/\/www.altominho.tv\/site\/wp-json\/wp\/v2\/media?parent=120472"}],"wp:term":[{"taxonomy":"category","embeddable":true,"href":"https:\/\/www.altominho.tv\/site\/wp-json\/wp\/v2\/categories?post=120472"},{"taxonomy":"post_tag","embeddable":true,"href":"https:\/\/www.altominho.tv\/site\/wp-json\/wp\/v2\/tags?post=120472"}],"curies":[{"name":"wp","href":"https:\/\/api.w.org\/{rel}","templated":true}]}}