{"id":120440,"date":"2025-07-05T14:02:31","date_gmt":"2025-07-05T13:02:31","guid":{"rendered":"https:\/\/www.altominho.tv\/site\/?p=120440"},"modified":"2025-07-05T14:02:33","modified_gmt":"2025-07-05T13:02:33","slug":"quim-barreiros-encerra-comemoracoes-do-centenario-da-elevacao-de-gontinhaes-a-vila-praia-de-ancora","status":"publish","type":"post","link":"https:\/\/www.altominho.tv\/site\/2025\/07\/05\/quim-barreiros-encerra-comemoracoes-do-centenario-da-elevacao-de-gontinhaes-a-vila-praia-de-ancora\/","title":{"rendered":"Quim Barreiros encerra comemora\u00e7\u00f5es do centen\u00e1rio da eleva\u00e7\u00e3o de Gontinh\u00e3es a Vila Praia de \u00c2ncora"},"content":{"rendered":"<p class=\"p1\">As comemora\u00e7\u00f5es do centen\u00e1rio da eleva\u00e7\u00e3o de Gontinh\u00e3es a Vila Praia de \u00c2ncora encerram esta segunda-feira, 7 de julho, com um concerto de Quim Barreiros. O espet\u00e1culo est\u00e1 marcado para as 22h00, na Pra\u00e7a da Rep\u00fablica, encerrando mais de um ano de celebra\u00e7\u00f5es dedicadas \u00e0 hist\u00f3ria da vila.<\/p>\n<p class=\"p1\">O programa comemorativo teve in\u00edcio em mar\u00e7o de 2024, com o descerramento de uma placa junto ao busto do contra-almirante Jorge Maia Ramos Pereira e a inaugura\u00e7\u00e3o de uma exposi\u00e7\u00e3o sobre a sua vida e obra, na Pra\u00e7a da Rep\u00fablica.<\/p>\n<p class=\"p1\">Todo o programa foi da responsabilidade da Comiss\u00e3o Organizadora das Comemora\u00e7\u00f5es do Centen\u00e1rio da Eleva\u00e7\u00e3o de Gontinh\u00e3es a Vila Praia de \u00c2ncora, o modo escolhido para organizar a efem\u00e9ride e que reuniu v\u00e1rias personalidades.<\/p>\n<p class=\"p1\">Segundo o presidente da C\u00e2mara Municipal, Rui Lages, \u201cpretendeu-se que a comemora\u00e7\u00e3o fosse tamb\u00e9m uma oportunidade de reflex\u00e3o para, recordando o passado, idealizar projetos e sonhos, que n\u00e3o podem ser de um homem s\u00f3, nem de uma institui\u00e7\u00e3o s\u00f3, mas que encontrou a f\u00f3rmula ideal numa Comiss\u00e3o independente.\u201d.<\/p>\n\n\n<figure class=\"wp-block-image size-large\"><img loading=\"lazy\" decoding=\"async\" width=\"724\" height=\"1024\" src=\"https:\/\/www.altominho.tv\/site\/wp-content\/uploads\/2025\/07\/Cartaz-2-724x1024.jpg\" alt=\"\" class=\"wp-image-120441\" srcset=\"https:\/\/www.altominho.tv\/site\/wp-content\/uploads\/2025\/07\/Cartaz-2-724x1024.jpg 724w, https:\/\/www.altominho.tv\/site\/wp-content\/uploads\/2025\/07\/Cartaz-2-306x433.jpg 306w, https:\/\/www.altominho.tv\/site\/wp-content\/uploads\/2025\/07\/Cartaz-2-768x1086.jpg 768w, https:\/\/www.altominho.tv\/site\/wp-content\/uploads\/2025\/07\/Cartaz-2-1086x1536.jpg 1086w, https:\/\/www.altominho.tv\/site\/wp-content\/uploads\/2025\/07\/Cartaz-2-370x523.jpg 370w, https:\/\/www.altominho.tv\/site\/wp-content\/uploads\/2025\/07\/Cartaz-2-270x382.jpg 270w, https:\/\/www.altominho.tv\/site\/wp-content\/uploads\/2025\/07\/Cartaz-2-570x806.jpg 570w, https:\/\/www.altominho.tv\/site\/wp-content\/uploads\/2025\/07\/Cartaz-2-740x1047.jpg 740w, https:\/\/www.altominho.tv\/site\/wp-content\/uploads\/2025\/07\/Cartaz-2.jpg 1448w\" sizes=\"auto, (max-width: 724px) 100vw, 724px\" \/><\/figure>\n","protected":false},"excerpt":{"rendered":"<p>As comemora\u00e7\u00f5es do centen\u00e1rio da eleva\u00e7\u00e3o de Gontinh\u00e3es a Vila Praia de \u00c2ncora encerram esta segunda-feira, 7 de julho, com um concerto de Quim Barreiros. O espet\u00e1culo est\u00e1 marcado para as 22h00, na Pra\u00e7a da Rep\u00fablica, encerrando mais de um ano de celebra\u00e7\u00f5es dedicadas \u00e0 hist\u00f3ria da vila. O programa comemorativo teve in\u00edcio em mar\u00e7o [&hellip;]<\/p>\n","protected":false},"author":1,"featured_media":120442,"comment_status":"closed","ping_status":"closed","sticky":false,"template":"","format":"standard","meta":{"_exactmetrics_skip_tracking":false,"_exactmetrics_sitenote_active":false,"_exactmetrics_sitenote_note":"","_exactmetrics_sitenote_category":0,"footnotes":""},"categories":[7],"tags":[27],"class_list":["post-120440","post","type-post","status-publish","format-standard","has-post-thumbnail","hentry","category-caminha","tag-sociedade"],"yoast_head":"<!-- This site is optimized with the Yoast SEO Premium plugin v27.5 (Yoast SEO v27.5) - https:\/\/yoast.com\/product\/yoast-seo-premium-wordpress\/ -->\n<title>Quim Barreiros encerra comemora\u00e7\u00f5es do centen\u00e1rio da eleva\u00e7\u00e3o de Gontinh\u00e3es a Vila Praia de \u00c2ncora<\/title>\n<meta name=\"description\" content=\"As comemora\u00e7\u00f5es do centen\u00e1rio da eleva\u00e7\u00e3o de Gontinh\u00e3es a Vila Praia de \u00c2ncora encerram esta segunda-feira, 7 de julho, com um concerto de Quim Barreiros. O espet\u00e1culo est\u00e1 marcado para as 22h00, na Pra\u00e7a da Rep\u00fablica, encerrando mais de um ano de celebra\u00e7\u00f5es dedicadas \u00e0 hist\u00f3ria da vila.\" \/>\n<meta name=\"robots\" content=\"index, follow, max-snippet:-1, max-image-preview:large, max-video-preview:-1\" \/>\n<link rel=\"canonical\" href=\"https:\/\/www.altominho.tv\/site\/2025\/07\/05\/quim-barreiros-encerra-comemoracoes-do-centenario-da-elevacao-de-gontinhaes-a-vila-praia-de-ancora\/\" \/>\n<meta property=\"og:locale\" content=\"pt_PT\" \/>\n<meta property=\"og:type\" content=\"article\" \/>\n<meta property=\"og:title\" content=\"Quim Barreiros encerra comemora\u00e7\u00f5es do centen\u00e1rio da eleva\u00e7\u00e3o de Gontinh\u00e3es a Vila Praia de \u00c2ncora\" \/>\n<meta property=\"og:description\" content=\"As comemora\u00e7\u00f5es do centen\u00e1rio da eleva\u00e7\u00e3o de Gontinh\u00e3es a Vila Praia de \u00c2ncora encerram esta segunda-feira, 7 de julho, com um concerto de Quim Barreiros. O espet\u00e1culo est\u00e1 marcado para as 22h00, na Pra\u00e7a da Rep\u00fablica, encerrando mais de um ano de celebra\u00e7\u00f5es dedicadas \u00e0 hist\u00f3ria da vila.\" \/>\n<meta property=\"og:url\" content=\"https:\/\/www.altominho.tv\/site\/2025\/07\/05\/quim-barreiros-encerra-comemoracoes-do-centenario-da-elevacao-de-gontinhaes-a-vila-praia-de-ancora\/\" \/>\n<meta property=\"og:site_name\" content=\"Altominho.tv\" \/>\n<meta property=\"article:publisher\" content=\"https:\/\/www.facebook.com\/altominhotv\" \/>\n<meta property=\"article:published_time\" content=\"2025-07-05T13:02:31+00:00\" \/>\n<meta property=\"article:modified_time\" content=\"2025-07-05T13:02:33+00:00\" \/>\n<meta property=\"og:image\" content=\"https:\/\/www.altominho.tv\/site\/wp-content\/uploads\/2025\/07\/quim-barreiros.jpg\" \/>\n\t<meta property=\"og:image:width\" content=\"1200\" \/>\n\t<meta property=\"og:image:height\" content=\"630\" \/>\n\t<meta property=\"og:image:type\" content=\"image\/jpeg\" \/>\n<meta name=\"author\" content=\"Altominho.tv\" \/>\n<meta name=\"twitter:card\" content=\"summary_large_image\" \/>\n<meta name=\"twitter:creator\" content=\"@altominhoTV\" \/>\n<meta name=\"twitter:site\" content=\"@altominhoTV\" \/>\n<meta name=\"twitter:label1\" content=\"Escrito por\" \/>\n\t<meta name=\"twitter:data1\" content=\"Altominho.tv\" \/>\n\t<meta name=\"twitter:label2\" content=\"Tempo estimado de leitura\" \/>\n\t<meta name=\"twitter:data2\" content=\"2 minutos\" \/>\n<script type=\"application\/ld+json\" class=\"yoast-schema-graph\">{\"@context\":\"https:\\\/\\\/schema.org\",\"@graph\":[{\"@type\":\"Article\",\"@id\":\"https:\\\/\\\/www.altominho.tv\\\/site\\\/2025\\\/07\\\/05\\\/quim-barreiros-encerra-comemoracoes-do-centenario-da-elevacao-de-gontinhaes-a-vila-praia-de-ancora\\\/#article\",\"isPartOf\":{\"@id\":\"https:\\\/\\\/www.altominho.tv\\\/site\\\/2025\\\/07\\\/05\\\/quim-barreiros-encerra-comemoracoes-do-centenario-da-elevacao-de-gontinhaes-a-vila-praia-de-ancora\\\/\"},\"author\":{\"name\":\"Altominho.tv\",\"@id\":\"https:\\\/\\\/www.altominho.tv\\\/site\\\/#\\\/schema\\\/person\\\/4e536851627d7914baf3dac752b6af22\"},\"headline\":\"Quim Barreiros encerra comemora\u00e7\u00f5es do centen\u00e1rio da eleva\u00e7\u00e3o de Gontinh\u00e3es a Vila Praia de \u00c2ncora\",\"datePublished\":\"2025-07-05T13:02:31+00:00\",\"dateModified\":\"2025-07-05T13:02:33+00:00\",\"mainEntityOfPage\":{\"@id\":\"https:\\\/\\\/www.altominho.tv\\\/site\\\/2025\\\/07\\\/05\\\/quim-barreiros-encerra-comemoracoes-do-centenario-da-elevacao-de-gontinhaes-a-vila-praia-de-ancora\\\/\"},\"wordCount\":216,\"image\":{\"@id\":\"https:\\\/\\\/www.altominho.tv\\\/site\\\/2025\\\/07\\\/05\\\/quim-barreiros-encerra-comemoracoes-do-centenario-da-elevacao-de-gontinhaes-a-vila-praia-de-ancora\\\/#primaryimage\"},\"thumbnailUrl\":\"https:\\\/\\\/www.altominho.tv\\\/site\\\/wp-content\\\/uploads\\\/2025\\\/07\\\/quim-barreiros.jpg\",\"keywords\":[\"Sociedade\"],\"articleSection\":[\"Caminha\"],\"inLanguage\":\"pt-PT\",\"copyrightYear\":\"2025\",\"copyrightHolder\":{\"@id\":\"https:\\\/\\\/www.altominho.tv\\\/site\\\/#organization\"}},{\"@type\":\"WebPage\",\"@id\":\"https:\\\/\\\/www.altominho.tv\\\/site\\\/2025\\\/07\\\/05\\\/quim-barreiros-encerra-comemoracoes-do-centenario-da-elevacao-de-gontinhaes-a-vila-praia-de-ancora\\\/\",\"url\":\"https:\\\/\\\/www.altominho.tv\\\/site\\\/2025\\\/07\\\/05\\\/quim-barreiros-encerra-comemoracoes-do-centenario-da-elevacao-de-gontinhaes-a-vila-praia-de-ancora\\\/\",\"name\":\"Quim Barreiros encerra comemora\u00e7\u00f5es do centen\u00e1rio da eleva\u00e7\u00e3o de Gontinh\u00e3es a Vila Praia de \u00c2ncora\",\"isPartOf\":{\"@id\":\"https:\\\/\\\/www.altominho.tv\\\/site\\\/#website\"},\"primaryImageOfPage\":{\"@id\":\"https:\\\/\\\/www.altominho.tv\\\/site\\\/2025\\\/07\\\/05\\\/quim-barreiros-encerra-comemoracoes-do-centenario-da-elevacao-de-gontinhaes-a-vila-praia-de-ancora\\\/#primaryimage\"},\"image\":{\"@id\":\"https:\\\/\\\/www.altominho.tv\\\/site\\\/2025\\\/07\\\/05\\\/quim-barreiros-encerra-comemoracoes-do-centenario-da-elevacao-de-gontinhaes-a-vila-praia-de-ancora\\\/#primaryimage\"},\"thumbnailUrl\":\"https:\\\/\\\/www.altominho.tv\\\/site\\\/wp-content\\\/uploads\\\/2025\\\/07\\\/quim-barreiros.jpg\",\"datePublished\":\"2025-07-05T13:02:31+00:00\",\"dateModified\":\"2025-07-05T13:02:33+00:00\",\"author\":{\"@id\":\"https:\\\/\\\/www.altominho.tv\\\/site\\\/#\\\/schema\\\/person\\\/4e536851627d7914baf3dac752b6af22\"},\"description\":\"As comemora\u00e7\u00f5es do centen\u00e1rio da eleva\u00e7\u00e3o de Gontinh\u00e3es a Vila Praia de \u00c2ncora encerram esta segunda-feira, 7 de julho, com um concerto de Quim Barreiros. O espet\u00e1culo est\u00e1 marcado para as 22h00, na Pra\u00e7a da Rep\u00fablica, encerrando mais de um ano de celebra\u00e7\u00f5es dedicadas \u00e0 hist\u00f3ria da vila.\",\"breadcrumb\":{\"@id\":\"https:\\\/\\\/www.altominho.tv\\\/site\\\/2025\\\/07\\\/05\\\/quim-barreiros-encerra-comemoracoes-do-centenario-da-elevacao-de-gontinhaes-a-vila-praia-de-ancora\\\/#breadcrumb\"},\"inLanguage\":\"pt-PT\",\"potentialAction\":[{\"@type\":\"ReadAction\",\"target\":[\"https:\\\/\\\/www.altominho.tv\\\/site\\\/2025\\\/07\\\/05\\\/quim-barreiros-encerra-comemoracoes-do-centenario-da-elevacao-de-gontinhaes-a-vila-praia-de-ancora\\\/\"]}]},{\"@type\":\"ImageObject\",\"inLanguage\":\"pt-PT\",\"@id\":\"https:\\\/\\\/www.altominho.tv\\\/site\\\/2025\\\/07\\\/05\\\/quim-barreiros-encerra-comemoracoes-do-centenario-da-elevacao-de-gontinhaes-a-vila-praia-de-ancora\\\/#primaryimage\",\"url\":\"https:\\\/\\\/www.altominho.tv\\\/site\\\/wp-content\\\/uploads\\\/2025\\\/07\\\/quim-barreiros.jpg\",\"contentUrl\":\"https:\\\/\\\/www.altominho.tv\\\/site\\\/wp-content\\\/uploads\\\/2025\\\/07\\\/quim-barreiros.jpg\",\"width\":1200,\"height\":630},{\"@type\":\"BreadcrumbList\",\"@id\":\"https:\\\/\\\/www.altominho.tv\\\/site\\\/2025\\\/07\\\/05\\\/quim-barreiros-encerra-comemoracoes-do-centenario-da-elevacao-de-gontinhaes-a-vila-praia-de-ancora\\\/#breadcrumb\",\"itemListElement\":[{\"@type\":\"ListItem\",\"position\":1,\"name\":\"In\u00edcio\",\"item\":\"https:\\\/\\\/www.altominho.tv\\\/site\\\/\"},{\"@type\":\"ListItem\",\"position\":2,\"name\":\"Quim Barreiros encerra comemora\u00e7\u00f5es do centen\u00e1rio da eleva\u00e7\u00e3o de Gontinh\u00e3es a Vila Praia de \u00c2ncora\"}]},{\"@type\":\"WebSite\",\"@id\":\"https:\\\/\\\/www.altominho.tv\\\/site\\\/#website\",\"url\":\"https:\\\/\\\/www.altominho.tv\\\/site\\\/\",\"name\":\"Altominho.tv\",\"description\":\"A sua regi\u00e3o \u00e0 dist\u00e2ncia de um clique...\",\"potentialAction\":[{\"@type\":\"SearchAction\",\"target\":{\"@type\":\"EntryPoint\",\"urlTemplate\":\"https:\\\/\\\/www.altominho.tv\\\/site\\\/?s={search_term_string}\"},\"query-input\":{\"@type\":\"PropertyValueSpecification\",\"valueRequired\":true,\"valueName\":\"search_term_string\"}}],\"inLanguage\":\"pt-PT\"},{\"@type\":\"Person\",\"@id\":\"https:\\\/\\\/www.altominho.tv\\\/site\\\/#\\\/schema\\\/person\\\/4e536851627d7914baf3dac752b6af22\",\"name\":\"Altominho.tv\",\"image\":{\"@type\":\"ImageObject\",\"inLanguage\":\"pt-PT\",\"@id\":\"https:\\\/\\\/www.altominho.tv\\\/site\\\/wp-content\\\/uploads\\\/2019\\\/11\\\/Logo_Avatar_2-150x150.jpg\",\"url\":\"https:\\\/\\\/www.altominho.tv\\\/site\\\/wp-content\\\/uploads\\\/2019\\\/11\\\/Logo_Avatar_2-150x150.jpg\",\"contentUrl\":\"https:\\\/\\\/www.altominho.tv\\\/site\\\/wp-content\\\/uploads\\\/2019\\\/11\\\/Logo_Avatar_2-150x150.jpg\",\"caption\":\"Altominho.tv\"},\"url\":\"https:\\\/\\\/www.altominho.tv\\\/site\\\/author\\\/altominhotv-tecnico\\\/\"}]}<\/script>\n<!-- \/ Yoast SEO Premium plugin. -->","yoast_head_json":{"title":"Quim Barreiros encerra comemora\u00e7\u00f5es do centen\u00e1rio da eleva\u00e7\u00e3o de Gontinh\u00e3es a Vila Praia de \u00c2ncora","description":"As comemora\u00e7\u00f5es do centen\u00e1rio da eleva\u00e7\u00e3o de Gontinh\u00e3es a Vila Praia de \u00c2ncora encerram esta segunda-feira, 7 de julho, com um concerto de Quim Barreiros. O espet\u00e1culo est\u00e1 marcado para as 22h00, na Pra\u00e7a da Rep\u00fablica, encerrando mais de um ano de celebra\u00e7\u00f5es dedicadas \u00e0 hist\u00f3ria da vila.","robots":{"index":"index","follow":"follow","max-snippet":"max-snippet:-1","max-image-preview":"max-image-preview:large","max-video-preview":"max-video-preview:-1"},"canonical":"https:\/\/www.altominho.tv\/site\/2025\/07\/05\/quim-barreiros-encerra-comemoracoes-do-centenario-da-elevacao-de-gontinhaes-a-vila-praia-de-ancora\/","og_locale":"pt_PT","og_type":"article","og_title":"Quim Barreiros encerra comemora\u00e7\u00f5es do centen\u00e1rio da eleva\u00e7\u00e3o de Gontinh\u00e3es a Vila Praia de \u00c2ncora","og_description":"As comemora\u00e7\u00f5es do centen\u00e1rio da eleva\u00e7\u00e3o de Gontinh\u00e3es a Vila Praia de \u00c2ncora encerram esta segunda-feira, 7 de julho, com um concerto de Quim Barreiros. O espet\u00e1culo est\u00e1 marcado para as 22h00, na Pra\u00e7a da Rep\u00fablica, encerrando mais de um ano de celebra\u00e7\u00f5es dedicadas \u00e0 hist\u00f3ria da vila.","og_url":"https:\/\/www.altominho.tv\/site\/2025\/07\/05\/quim-barreiros-encerra-comemoracoes-do-centenario-da-elevacao-de-gontinhaes-a-vila-praia-de-ancora\/","og_site_name":"Altominho.tv","article_publisher":"https:\/\/www.facebook.com\/altominhotv","article_published_time":"2025-07-05T13:02:31+00:00","article_modified_time":"2025-07-05T13:02:33+00:00","og_image":[{"width":1200,"height":630,"url":"https:\/\/www.altominho.tv\/site\/wp-content\/uploads\/2025\/07\/quim-barreiros.jpg","type":"image\/jpeg"}],"author":"Altominho.tv","twitter_card":"summary_large_image","twitter_creator":"@altominhoTV","twitter_site":"@altominhoTV","twitter_misc":{"Escrito por":"Altominho.tv","Tempo estimado de leitura":"2 minutos"},"schema":{"@context":"https:\/\/schema.org","@graph":[{"@type":"Article","@id":"https:\/\/www.altominho.tv\/site\/2025\/07\/05\/quim-barreiros-encerra-comemoracoes-do-centenario-da-elevacao-de-gontinhaes-a-vila-praia-de-ancora\/#article","isPartOf":{"@id":"https:\/\/www.altominho.tv\/site\/2025\/07\/05\/quim-barreiros-encerra-comemoracoes-do-centenario-da-elevacao-de-gontinhaes-a-vila-praia-de-ancora\/"},"author":{"name":"Altominho.tv","@id":"https:\/\/www.altominho.tv\/site\/#\/schema\/person\/4e536851627d7914baf3dac752b6af22"},"headline":"Quim Barreiros encerra comemora\u00e7\u00f5es do centen\u00e1rio da eleva\u00e7\u00e3o de Gontinh\u00e3es a Vila Praia de \u00c2ncora","datePublished":"2025-07-05T13:02:31+00:00","dateModified":"2025-07-05T13:02:33+00:00","mainEntityOfPage":{"@id":"https:\/\/www.altominho.tv\/site\/2025\/07\/05\/quim-barreiros-encerra-comemoracoes-do-centenario-da-elevacao-de-gontinhaes-a-vila-praia-de-ancora\/"},"wordCount":216,"image":{"@id":"https:\/\/www.altominho.tv\/site\/2025\/07\/05\/quim-barreiros-encerra-comemoracoes-do-centenario-da-elevacao-de-gontinhaes-a-vila-praia-de-ancora\/#primaryimage"},"thumbnailUrl":"https:\/\/www.altominho.tv\/site\/wp-content\/uploads\/2025\/07\/quim-barreiros.jpg","keywords":["Sociedade"],"articleSection":["Caminha"],"inLanguage":"pt-PT","copyrightYear":"2025","copyrightHolder":{"@id":"https:\/\/www.altominho.tv\/site\/#organization"}},{"@type":"WebPage","@id":"https:\/\/www.altominho.tv\/site\/2025\/07\/05\/quim-barreiros-encerra-comemoracoes-do-centenario-da-elevacao-de-gontinhaes-a-vila-praia-de-ancora\/","url":"https:\/\/www.altominho.tv\/site\/2025\/07\/05\/quim-barreiros-encerra-comemoracoes-do-centenario-da-elevacao-de-gontinhaes-a-vila-praia-de-ancora\/","name":"Quim Barreiros encerra comemora\u00e7\u00f5es do centen\u00e1rio da eleva\u00e7\u00e3o de Gontinh\u00e3es a Vila Praia de \u00c2ncora","isPartOf":{"@id":"https:\/\/www.altominho.tv\/site\/#website"},"primaryImageOfPage":{"@id":"https:\/\/www.altominho.tv\/site\/2025\/07\/05\/quim-barreiros-encerra-comemoracoes-do-centenario-da-elevacao-de-gontinhaes-a-vila-praia-de-ancora\/#primaryimage"},"image":{"@id":"https:\/\/www.altominho.tv\/site\/2025\/07\/05\/quim-barreiros-encerra-comemoracoes-do-centenario-da-elevacao-de-gontinhaes-a-vila-praia-de-ancora\/#primaryimage"},"thumbnailUrl":"https:\/\/www.altominho.tv\/site\/wp-content\/uploads\/2025\/07\/quim-barreiros.jpg","datePublished":"2025-07-05T13:02:31+00:00","dateModified":"2025-07-05T13:02:33+00:00","author":{"@id":"https:\/\/www.altominho.tv\/site\/#\/schema\/person\/4e536851627d7914baf3dac752b6af22"},"description":"As comemora\u00e7\u00f5es do centen\u00e1rio da eleva\u00e7\u00e3o de Gontinh\u00e3es a Vila Praia de \u00c2ncora encerram esta segunda-feira, 7 de julho, com um concerto de Quim Barreiros. O espet\u00e1culo est\u00e1 marcado para as 22h00, na Pra\u00e7a da Rep\u00fablica, encerrando mais de um ano de celebra\u00e7\u00f5es dedicadas \u00e0 hist\u00f3ria da vila.","breadcrumb":{"@id":"https:\/\/www.altominho.tv\/site\/2025\/07\/05\/quim-barreiros-encerra-comemoracoes-do-centenario-da-elevacao-de-gontinhaes-a-vila-praia-de-ancora\/#breadcrumb"},"inLanguage":"pt-PT","potentialAction":[{"@type":"ReadAction","target":["https:\/\/www.altominho.tv\/site\/2025\/07\/05\/quim-barreiros-encerra-comemoracoes-do-centenario-da-elevacao-de-gontinhaes-a-vila-praia-de-ancora\/"]}]},{"@type":"ImageObject","inLanguage":"pt-PT","@id":"https:\/\/www.altominho.tv\/site\/2025\/07\/05\/quim-barreiros-encerra-comemoracoes-do-centenario-da-elevacao-de-gontinhaes-a-vila-praia-de-ancora\/#primaryimage","url":"https:\/\/www.altominho.tv\/site\/wp-content\/uploads\/2025\/07\/quim-barreiros.jpg","contentUrl":"https:\/\/www.altominho.tv\/site\/wp-content\/uploads\/2025\/07\/quim-barreiros.jpg","width":1200,"height":630},{"@type":"BreadcrumbList","@id":"https:\/\/www.altominho.tv\/site\/2025\/07\/05\/quim-barreiros-encerra-comemoracoes-do-centenario-da-elevacao-de-gontinhaes-a-vila-praia-de-ancora\/#breadcrumb","itemListElement":[{"@type":"ListItem","position":1,"name":"In\u00edcio","item":"https:\/\/www.altominho.tv\/site\/"},{"@type":"ListItem","position":2,"name":"Quim Barreiros encerra comemora\u00e7\u00f5es do centen\u00e1rio da eleva\u00e7\u00e3o de Gontinh\u00e3es a Vila Praia de \u00c2ncora"}]},{"@type":"WebSite","@id":"https:\/\/www.altominho.tv\/site\/#website","url":"https:\/\/www.altominho.tv\/site\/","name":"Altominho.tv","description":"A sua regi\u00e3o \u00e0 dist\u00e2ncia de um clique...","potentialAction":[{"@type":"SearchAction","target":{"@type":"EntryPoint","urlTemplate":"https:\/\/www.altominho.tv\/site\/?s={search_term_string}"},"query-input":{"@type":"PropertyValueSpecification","valueRequired":true,"valueName":"search_term_string"}}],"inLanguage":"pt-PT"},{"@type":"Person","@id":"https:\/\/www.altominho.tv\/site\/#\/schema\/person\/4e536851627d7914baf3dac752b6af22","name":"Altominho.tv","image":{"@type":"ImageObject","inLanguage":"pt-PT","@id":"https:\/\/www.altominho.tv\/site\/wp-content\/uploads\/2019\/11\/Logo_Avatar_2-150x150.jpg","url":"https:\/\/www.altominho.tv\/site\/wp-content\/uploads\/2019\/11\/Logo_Avatar_2-150x150.jpg","contentUrl":"https:\/\/www.altominho.tv\/site\/wp-content\/uploads\/2019\/11\/Logo_Avatar_2-150x150.jpg","caption":"Altominho.tv"},"url":"https:\/\/www.altominho.tv\/site\/author\/altominhotv-tecnico\/"}]}},"_links":{"self":[{"href":"https:\/\/www.altominho.tv\/site\/wp-json\/wp\/v2\/posts\/120440","targetHints":{"allow":["GET"]}}],"collection":[{"href":"https:\/\/www.altominho.tv\/site\/wp-json\/wp\/v2\/posts"}],"about":[{"href":"https:\/\/www.altominho.tv\/site\/wp-json\/wp\/v2\/types\/post"}],"author":[{"embeddable":true,"href":"https:\/\/www.altominho.tv\/site\/wp-json\/wp\/v2\/users\/1"}],"replies":[{"embeddable":true,"href":"https:\/\/www.altominho.tv\/site\/wp-json\/wp\/v2\/comments?post=120440"}],"version-history":[{"count":2,"href":"https:\/\/www.altominho.tv\/site\/wp-json\/wp\/v2\/posts\/120440\/revisions"}],"predecessor-version":[{"id":120444,"href":"https:\/\/www.altominho.tv\/site\/wp-json\/wp\/v2\/posts\/120440\/revisions\/120444"}],"wp:featuredmedia":[{"embeddable":true,"href":"https:\/\/www.altominho.tv\/site\/wp-json\/wp\/v2\/media\/120442"}],"wp:attachment":[{"href":"https:\/\/www.altominho.tv\/site\/wp-json\/wp\/v2\/media?parent=120440"}],"wp:term":[{"taxonomy":"category","embeddable":true,"href":"https:\/\/www.altominho.tv\/site\/wp-json\/wp\/v2\/categories?post=120440"},{"taxonomy":"post_tag","embeddable":true,"href":"https:\/\/www.altominho.tv\/site\/wp-json\/wp\/v2\/tags?post=120440"}],"curies":[{"name":"wp","href":"https:\/\/api.w.org\/{rel}","templated":true}]}}