{"id":120427,"date":"2025-07-04T16:45:28","date_gmt":"2025-07-04T15:45:28","guid":{"rendered":"https:\/\/www.altominho.tv\/site\/?p=120427"},"modified":"2025-07-04T16:45:29","modified_gmt":"2025-07-04T15:45:29","slug":"camara-de-arcos-de-valdevez-avanca-com-nova-creche-em-sabadim","status":"publish","type":"post","link":"https:\/\/www.altominho.tv\/site\/2025\/07\/04\/camara-de-arcos-de-valdevez-avanca-com-nova-creche-em-sabadim\/","title":{"rendered":"C\u00e2mara de Arcos de Valdevez avan\u00e7a com nova creche em Sabadim"},"content":{"rendered":"<p><span data-contrast=\"auto\">A C\u00e2mara Municipal de Arcos de Valdevez aprovou a abertura de concurso p\u00fablico para a constru\u00e7\u00e3o de uma nova creche, a edificar dentro do recinto da Escola B\u00e1sica Dr. Manuel da Costa Brand\u00e3o, em Sabadim.<\/span><\/p>\n<p><span data-contrast=\"auto\">O novo equipamento, que ficar\u00e1 instalado num edif\u00edcio aut\u00f3nomo na zona sul do recinto escolar, representa um investimento base de 891.197 euros e ter\u00e1 um prazo de execu\u00e7\u00e3o previsto de 390 dias.<\/span><span data-ccp-props=\"{}\">\u00a0<\/span><\/p>\n<p><span data-contrast=\"auto\">A futura infraestrutura educativa ter\u00e1 capacidade para acolher 52 crian\u00e7as, distribu\u00eddas por duas salas de ber\u00e7\u00e1rio (0-12 meses), uma sala de atividades para crian\u00e7as dos 12 aos 24 meses e outra para o grupo et\u00e1rio dos 24 aos 36 meses. Com uma \u00e1rea de constru\u00e7\u00e3o de cerca de 670 metros quadrados, a creche visa responder \u00e0 crescente procura por parte das fam\u00edlias por estruturas sociais de apoio \u00e0 inf\u00e2ncia.<\/span><span data-ccp-props=\"{}\">\u00a0<\/span><\/p>\n<p><span data-contrast=\"auto\">Este projeto, segundo o munic\u00edpio, traduz um refor\u00e7o do compromisso aut\u00e1rquico com o bem-estar das fam\u00edlias, promovendo a oferta de respostas educativas de qualidade e facilitando a concilia\u00e7\u00e3o entre a vida profissional e familiar.<\/span><span data-ccp-props=\"{}\">\u00a0<\/span><\/p>\n<p><span data-contrast=\"auto\">A obra ser\u00e1 candidata a financiamento no \u00e2mbito do Portugal 2030, atrav\u00e9s do Programa NORTE 2030.<\/span><span data-ccp-props=\"{}\">\u00a0<\/span><\/p>\n","protected":false},"excerpt":{"rendered":"<p>A C\u00e2mara Municipal de Arcos de Valdevez aprovou a abertura de concurso p\u00fablico para a constru\u00e7\u00e3o de uma nova creche, a edificar dentro do recinto da Escola B\u00e1sica Dr. Manuel da Costa Brand\u00e3o, em Sabadim. O novo equipamento, que ficar\u00e1 instalado num edif\u00edcio aut\u00f3nomo na zona sul do recinto escolar, representa um investimento base de [&hellip;]<\/p>\n","protected":false},"author":1,"featured_media":120428,"comment_status":"closed","ping_status":"closed","sticky":false,"template":"","format":"standard","meta":{"_exactmetrics_skip_tracking":false,"_exactmetrics_sitenote_active":false,"_exactmetrics_sitenote_note":"","_exactmetrics_sitenote_category":0,"footnotes":""},"categories":[2],"tags":[27],"class_list":["post-120427","post","type-post","status-publish","format-standard","has-post-thumbnail","hentry","category-arcos-de-valdevez","tag-sociedade"],"yoast_head":"<!-- This site is optimized with the Yoast SEO Premium plugin v27.4 (Yoast SEO v27.4) - https:\/\/yoast.com\/product\/yoast-seo-premium-wordpress\/ -->\n<title>C\u00e2mara de Arcos de Valdevez avan\u00e7a com nova creche em Sabadim<\/title>\n<meta name=\"description\" content=\"A C\u00e2mara Municipal de Arcos de Valdevez aprovou a abertura de concurso p\u00fablico para a constru\u00e7\u00e3o de uma nova creche, a edificar dentro do recinto da Escola B\u00e1sica Dr. Manuel da Costa Brand\u00e3o, em Sabadim.\" \/>\n<meta name=\"robots\" content=\"index, follow, max-snippet:-1, max-image-preview:large, max-video-preview:-1\" \/>\n<link rel=\"canonical\" href=\"https:\/\/www.altominho.tv\/site\/2025\/07\/04\/camara-de-arcos-de-valdevez-avanca-com-nova-creche-em-sabadim\/\" \/>\n<meta property=\"og:locale\" content=\"pt_PT\" \/>\n<meta property=\"og:type\" content=\"article\" \/>\n<meta property=\"og:title\" content=\"C\u00e2mara de Arcos de Valdevez avan\u00e7a com nova creche em Sabadim\" \/>\n<meta property=\"og:description\" content=\"A C\u00e2mara Municipal de Arcos de Valdevez aprovou a abertura de concurso p\u00fablico para a constru\u00e7\u00e3o de uma nova creche, a edificar dentro do recinto da Escola B\u00e1sica Dr. Manuel da Costa Brand\u00e3o, em Sabadim.\" \/>\n<meta property=\"og:url\" content=\"https:\/\/www.altominho.tv\/site\/2025\/07\/04\/camara-de-arcos-de-valdevez-avanca-com-nova-creche-em-sabadim\/\" \/>\n<meta property=\"og:site_name\" content=\"Altominho.tv\" \/>\n<meta property=\"article:publisher\" content=\"https:\/\/www.facebook.com\/altominhotv\" \/>\n<meta property=\"article:published_time\" content=\"2025-07-04T15:45:28+00:00\" \/>\n<meta property=\"article:modified_time\" content=\"2025-07-04T15:45:29+00:00\" \/>\n<meta property=\"og:image\" content=\"https:\/\/www.altominho.tv\/site\/wp-content\/uploads\/2025\/07\/creche.jpg\" \/>\n\t<meta property=\"og:image:width\" content=\"1200\" \/>\n\t<meta property=\"og:image:height\" content=\"630\" \/>\n\t<meta property=\"og:image:type\" content=\"image\/jpeg\" \/>\n<meta name=\"author\" content=\"Altominho.tv\" \/>\n<meta name=\"twitter:card\" content=\"summary_large_image\" \/>\n<meta name=\"twitter:creator\" content=\"@altominhoTV\" \/>\n<meta name=\"twitter:site\" content=\"@altominhoTV\" \/>\n<meta name=\"twitter:label1\" content=\"Escrito por\" \/>\n\t<meta name=\"twitter:data1\" content=\"Altominho.tv\" \/>\n\t<meta name=\"twitter:label2\" content=\"Tempo estimado de leitura\" \/>\n\t<meta name=\"twitter:data2\" content=\"2 minutos\" \/>\n<script type=\"application\/ld+json\" class=\"yoast-schema-graph\">{\"@context\":\"https:\\\/\\\/schema.org\",\"@graph\":[{\"@type\":\"Article\",\"@id\":\"https:\\\/\\\/www.altominho.tv\\\/site\\\/2025\\\/07\\\/04\\\/camara-de-arcos-de-valdevez-avanca-com-nova-creche-em-sabadim\\\/#article\",\"isPartOf\":{\"@id\":\"https:\\\/\\\/www.altominho.tv\\\/site\\\/2025\\\/07\\\/04\\\/camara-de-arcos-de-valdevez-avanca-com-nova-creche-em-sabadim\\\/\"},\"author\":{\"name\":\"Altominho.tv\",\"@id\":\"https:\\\/\\\/www.altominho.tv\\\/site\\\/#\\\/schema\\\/person\\\/4e536851627d7914baf3dac752b6af22\"},\"headline\":\"C\u00e2mara de Arcos de Valdevez avan\u00e7a com nova creche em Sabadim\",\"datePublished\":\"2025-07-04T15:45:28+00:00\",\"dateModified\":\"2025-07-04T15:45:29+00:00\",\"mainEntityOfPage\":{\"@id\":\"https:\\\/\\\/www.altominho.tv\\\/site\\\/2025\\\/07\\\/04\\\/camara-de-arcos-de-valdevez-avanca-com-nova-creche-em-sabadim\\\/\"},\"wordCount\":209,\"image\":{\"@id\":\"https:\\\/\\\/www.altominho.tv\\\/site\\\/2025\\\/07\\\/04\\\/camara-de-arcos-de-valdevez-avanca-com-nova-creche-em-sabadim\\\/#primaryimage\"},\"thumbnailUrl\":\"https:\\\/\\\/www.altominho.tv\\\/site\\\/wp-content\\\/uploads\\\/2025\\\/07\\\/creche.jpg\",\"keywords\":[\"Sociedade\"],\"articleSection\":[\"Arcos de Valdevez\"],\"inLanguage\":\"pt-PT\",\"copyrightYear\":\"2025\",\"copyrightHolder\":{\"@id\":\"https:\\\/\\\/www.altominho.tv\\\/site\\\/#organization\"}},{\"@type\":\"WebPage\",\"@id\":\"https:\\\/\\\/www.altominho.tv\\\/site\\\/2025\\\/07\\\/04\\\/camara-de-arcos-de-valdevez-avanca-com-nova-creche-em-sabadim\\\/\",\"url\":\"https:\\\/\\\/www.altominho.tv\\\/site\\\/2025\\\/07\\\/04\\\/camara-de-arcos-de-valdevez-avanca-com-nova-creche-em-sabadim\\\/\",\"name\":\"C\u00e2mara de Arcos de Valdevez avan\u00e7a com nova creche em Sabadim\",\"isPartOf\":{\"@id\":\"https:\\\/\\\/www.altominho.tv\\\/site\\\/#website\"},\"primaryImageOfPage\":{\"@id\":\"https:\\\/\\\/www.altominho.tv\\\/site\\\/2025\\\/07\\\/04\\\/camara-de-arcos-de-valdevez-avanca-com-nova-creche-em-sabadim\\\/#primaryimage\"},\"image\":{\"@id\":\"https:\\\/\\\/www.altominho.tv\\\/site\\\/2025\\\/07\\\/04\\\/camara-de-arcos-de-valdevez-avanca-com-nova-creche-em-sabadim\\\/#primaryimage\"},\"thumbnailUrl\":\"https:\\\/\\\/www.altominho.tv\\\/site\\\/wp-content\\\/uploads\\\/2025\\\/07\\\/creche.jpg\",\"datePublished\":\"2025-07-04T15:45:28+00:00\",\"dateModified\":\"2025-07-04T15:45:29+00:00\",\"author\":{\"@id\":\"https:\\\/\\\/www.altominho.tv\\\/site\\\/#\\\/schema\\\/person\\\/4e536851627d7914baf3dac752b6af22\"},\"description\":\"A C\u00e2mara Municipal de Arcos de Valdevez aprovou a abertura de concurso p\u00fablico para a constru\u00e7\u00e3o de uma nova creche, a edificar dentro do recinto da Escola B\u00e1sica Dr. Manuel da Costa Brand\u00e3o, em Sabadim.\",\"breadcrumb\":{\"@id\":\"https:\\\/\\\/www.altominho.tv\\\/site\\\/2025\\\/07\\\/04\\\/camara-de-arcos-de-valdevez-avanca-com-nova-creche-em-sabadim\\\/#breadcrumb\"},\"inLanguage\":\"pt-PT\",\"potentialAction\":[{\"@type\":\"ReadAction\",\"target\":[\"https:\\\/\\\/www.altominho.tv\\\/site\\\/2025\\\/07\\\/04\\\/camara-de-arcos-de-valdevez-avanca-com-nova-creche-em-sabadim\\\/\"]}]},{\"@type\":\"ImageObject\",\"inLanguage\":\"pt-PT\",\"@id\":\"https:\\\/\\\/www.altominho.tv\\\/site\\\/2025\\\/07\\\/04\\\/camara-de-arcos-de-valdevez-avanca-com-nova-creche-em-sabadim\\\/#primaryimage\",\"url\":\"https:\\\/\\\/www.altominho.tv\\\/site\\\/wp-content\\\/uploads\\\/2025\\\/07\\\/creche.jpg\",\"contentUrl\":\"https:\\\/\\\/www.altominho.tv\\\/site\\\/wp-content\\\/uploads\\\/2025\\\/07\\\/creche.jpg\",\"width\":1200,\"height\":630},{\"@type\":\"BreadcrumbList\",\"@id\":\"https:\\\/\\\/www.altominho.tv\\\/site\\\/2025\\\/07\\\/04\\\/camara-de-arcos-de-valdevez-avanca-com-nova-creche-em-sabadim\\\/#breadcrumb\",\"itemListElement\":[{\"@type\":\"ListItem\",\"position\":1,\"name\":\"In\u00edcio\",\"item\":\"https:\\\/\\\/www.altominho.tv\\\/site\\\/\"},{\"@type\":\"ListItem\",\"position\":2,\"name\":\"C\u00e2mara de Arcos de Valdevez avan\u00e7a com nova creche em Sabadim\"}]},{\"@type\":\"WebSite\",\"@id\":\"https:\\\/\\\/www.altominho.tv\\\/site\\\/#website\",\"url\":\"https:\\\/\\\/www.altominho.tv\\\/site\\\/\",\"name\":\"Altominho.tv\",\"description\":\"A sua regi\u00e3o \u00e0 dist\u00e2ncia de um clique...\",\"potentialAction\":[{\"@type\":\"SearchAction\",\"target\":{\"@type\":\"EntryPoint\",\"urlTemplate\":\"https:\\\/\\\/www.altominho.tv\\\/site\\\/?s={search_term_string}\"},\"query-input\":{\"@type\":\"PropertyValueSpecification\",\"valueRequired\":true,\"valueName\":\"search_term_string\"}}],\"inLanguage\":\"pt-PT\"},{\"@type\":\"Person\",\"@id\":\"https:\\\/\\\/www.altominho.tv\\\/site\\\/#\\\/schema\\\/person\\\/4e536851627d7914baf3dac752b6af22\",\"name\":\"Altominho.tv\",\"image\":{\"@type\":\"ImageObject\",\"inLanguage\":\"pt-PT\",\"@id\":\"https:\\\/\\\/www.altominho.tv\\\/site\\\/wp-content\\\/uploads\\\/2019\\\/11\\\/Logo_Avatar_2-150x150.jpg\",\"url\":\"https:\\\/\\\/www.altominho.tv\\\/site\\\/wp-content\\\/uploads\\\/2019\\\/11\\\/Logo_Avatar_2-150x150.jpg\",\"contentUrl\":\"https:\\\/\\\/www.altominho.tv\\\/site\\\/wp-content\\\/uploads\\\/2019\\\/11\\\/Logo_Avatar_2-150x150.jpg\",\"caption\":\"Altominho.tv\"},\"url\":\"https:\\\/\\\/www.altominho.tv\\\/site\\\/author\\\/altominhotv-tecnico\\\/\"}]}<\/script>\n<!-- \/ Yoast SEO Premium plugin. -->","yoast_head_json":{"title":"C\u00e2mara de Arcos de Valdevez avan\u00e7a com nova creche em Sabadim","description":"A C\u00e2mara Municipal de Arcos de Valdevez aprovou a abertura de concurso p\u00fablico para a constru\u00e7\u00e3o de uma nova creche, a edificar dentro do recinto da Escola B\u00e1sica Dr. Manuel da Costa Brand\u00e3o, em Sabadim.","robots":{"index":"index","follow":"follow","max-snippet":"max-snippet:-1","max-image-preview":"max-image-preview:large","max-video-preview":"max-video-preview:-1"},"canonical":"https:\/\/www.altominho.tv\/site\/2025\/07\/04\/camara-de-arcos-de-valdevez-avanca-com-nova-creche-em-sabadim\/","og_locale":"pt_PT","og_type":"article","og_title":"C\u00e2mara de Arcos de Valdevez avan\u00e7a com nova creche em Sabadim","og_description":"A C\u00e2mara Municipal de Arcos de Valdevez aprovou a abertura de concurso p\u00fablico para a constru\u00e7\u00e3o de uma nova creche, a edificar dentro do recinto da Escola B\u00e1sica Dr. Manuel da Costa Brand\u00e3o, em Sabadim.","og_url":"https:\/\/www.altominho.tv\/site\/2025\/07\/04\/camara-de-arcos-de-valdevez-avanca-com-nova-creche-em-sabadim\/","og_site_name":"Altominho.tv","article_publisher":"https:\/\/www.facebook.com\/altominhotv","article_published_time":"2025-07-04T15:45:28+00:00","article_modified_time":"2025-07-04T15:45:29+00:00","og_image":[{"width":1200,"height":630,"url":"https:\/\/www.altominho.tv\/site\/wp-content\/uploads\/2025\/07\/creche.jpg","type":"image\/jpeg"}],"author":"Altominho.tv","twitter_card":"summary_large_image","twitter_creator":"@altominhoTV","twitter_site":"@altominhoTV","twitter_misc":{"Escrito por":"Altominho.tv","Tempo estimado de leitura":"2 minutos"},"schema":{"@context":"https:\/\/schema.org","@graph":[{"@type":"Article","@id":"https:\/\/www.altominho.tv\/site\/2025\/07\/04\/camara-de-arcos-de-valdevez-avanca-com-nova-creche-em-sabadim\/#article","isPartOf":{"@id":"https:\/\/www.altominho.tv\/site\/2025\/07\/04\/camara-de-arcos-de-valdevez-avanca-com-nova-creche-em-sabadim\/"},"author":{"name":"Altominho.tv","@id":"https:\/\/www.altominho.tv\/site\/#\/schema\/person\/4e536851627d7914baf3dac752b6af22"},"headline":"C\u00e2mara de Arcos de Valdevez avan\u00e7a com nova creche em Sabadim","datePublished":"2025-07-04T15:45:28+00:00","dateModified":"2025-07-04T15:45:29+00:00","mainEntityOfPage":{"@id":"https:\/\/www.altominho.tv\/site\/2025\/07\/04\/camara-de-arcos-de-valdevez-avanca-com-nova-creche-em-sabadim\/"},"wordCount":209,"image":{"@id":"https:\/\/www.altominho.tv\/site\/2025\/07\/04\/camara-de-arcos-de-valdevez-avanca-com-nova-creche-em-sabadim\/#primaryimage"},"thumbnailUrl":"https:\/\/www.altominho.tv\/site\/wp-content\/uploads\/2025\/07\/creche.jpg","keywords":["Sociedade"],"articleSection":["Arcos de Valdevez"],"inLanguage":"pt-PT","copyrightYear":"2025","copyrightHolder":{"@id":"https:\/\/www.altominho.tv\/site\/#organization"}},{"@type":"WebPage","@id":"https:\/\/www.altominho.tv\/site\/2025\/07\/04\/camara-de-arcos-de-valdevez-avanca-com-nova-creche-em-sabadim\/","url":"https:\/\/www.altominho.tv\/site\/2025\/07\/04\/camara-de-arcos-de-valdevez-avanca-com-nova-creche-em-sabadim\/","name":"C\u00e2mara de Arcos de Valdevez avan\u00e7a com nova creche em Sabadim","isPartOf":{"@id":"https:\/\/www.altominho.tv\/site\/#website"},"primaryImageOfPage":{"@id":"https:\/\/www.altominho.tv\/site\/2025\/07\/04\/camara-de-arcos-de-valdevez-avanca-com-nova-creche-em-sabadim\/#primaryimage"},"image":{"@id":"https:\/\/www.altominho.tv\/site\/2025\/07\/04\/camara-de-arcos-de-valdevez-avanca-com-nova-creche-em-sabadim\/#primaryimage"},"thumbnailUrl":"https:\/\/www.altominho.tv\/site\/wp-content\/uploads\/2025\/07\/creche.jpg","datePublished":"2025-07-04T15:45:28+00:00","dateModified":"2025-07-04T15:45:29+00:00","author":{"@id":"https:\/\/www.altominho.tv\/site\/#\/schema\/person\/4e536851627d7914baf3dac752b6af22"},"description":"A C\u00e2mara Municipal de Arcos de Valdevez aprovou a abertura de concurso p\u00fablico para a constru\u00e7\u00e3o de uma nova creche, a edificar dentro do recinto da Escola B\u00e1sica Dr. Manuel da Costa Brand\u00e3o, em Sabadim.","breadcrumb":{"@id":"https:\/\/www.altominho.tv\/site\/2025\/07\/04\/camara-de-arcos-de-valdevez-avanca-com-nova-creche-em-sabadim\/#breadcrumb"},"inLanguage":"pt-PT","potentialAction":[{"@type":"ReadAction","target":["https:\/\/www.altominho.tv\/site\/2025\/07\/04\/camara-de-arcos-de-valdevez-avanca-com-nova-creche-em-sabadim\/"]}]},{"@type":"ImageObject","inLanguage":"pt-PT","@id":"https:\/\/www.altominho.tv\/site\/2025\/07\/04\/camara-de-arcos-de-valdevez-avanca-com-nova-creche-em-sabadim\/#primaryimage","url":"https:\/\/www.altominho.tv\/site\/wp-content\/uploads\/2025\/07\/creche.jpg","contentUrl":"https:\/\/www.altominho.tv\/site\/wp-content\/uploads\/2025\/07\/creche.jpg","width":1200,"height":630},{"@type":"BreadcrumbList","@id":"https:\/\/www.altominho.tv\/site\/2025\/07\/04\/camara-de-arcos-de-valdevez-avanca-com-nova-creche-em-sabadim\/#breadcrumb","itemListElement":[{"@type":"ListItem","position":1,"name":"In\u00edcio","item":"https:\/\/www.altominho.tv\/site\/"},{"@type":"ListItem","position":2,"name":"C\u00e2mara de Arcos de Valdevez avan\u00e7a com nova creche em Sabadim"}]},{"@type":"WebSite","@id":"https:\/\/www.altominho.tv\/site\/#website","url":"https:\/\/www.altominho.tv\/site\/","name":"Altominho.tv","description":"A sua regi\u00e3o \u00e0 dist\u00e2ncia de um clique...","potentialAction":[{"@type":"SearchAction","target":{"@type":"EntryPoint","urlTemplate":"https:\/\/www.altominho.tv\/site\/?s={search_term_string}"},"query-input":{"@type":"PropertyValueSpecification","valueRequired":true,"valueName":"search_term_string"}}],"inLanguage":"pt-PT"},{"@type":"Person","@id":"https:\/\/www.altominho.tv\/site\/#\/schema\/person\/4e536851627d7914baf3dac752b6af22","name":"Altominho.tv","image":{"@type":"ImageObject","inLanguage":"pt-PT","@id":"https:\/\/www.altominho.tv\/site\/wp-content\/uploads\/2019\/11\/Logo_Avatar_2-150x150.jpg","url":"https:\/\/www.altominho.tv\/site\/wp-content\/uploads\/2019\/11\/Logo_Avatar_2-150x150.jpg","contentUrl":"https:\/\/www.altominho.tv\/site\/wp-content\/uploads\/2019\/11\/Logo_Avatar_2-150x150.jpg","caption":"Altominho.tv"},"url":"https:\/\/www.altominho.tv\/site\/author\/altominhotv-tecnico\/"}]}},"_links":{"self":[{"href":"https:\/\/www.altominho.tv\/site\/wp-json\/wp\/v2\/posts\/120427","targetHints":{"allow":["GET"]}}],"collection":[{"href":"https:\/\/www.altominho.tv\/site\/wp-json\/wp\/v2\/posts"}],"about":[{"href":"https:\/\/www.altominho.tv\/site\/wp-json\/wp\/v2\/types\/post"}],"author":[{"embeddable":true,"href":"https:\/\/www.altominho.tv\/site\/wp-json\/wp\/v2\/users\/1"}],"replies":[{"embeddable":true,"href":"https:\/\/www.altominho.tv\/site\/wp-json\/wp\/v2\/comments?post=120427"}],"version-history":[{"count":1,"href":"https:\/\/www.altominho.tv\/site\/wp-json\/wp\/v2\/posts\/120427\/revisions"}],"predecessor-version":[{"id":120429,"href":"https:\/\/www.altominho.tv\/site\/wp-json\/wp\/v2\/posts\/120427\/revisions\/120429"}],"wp:featuredmedia":[{"embeddable":true,"href":"https:\/\/www.altominho.tv\/site\/wp-json\/wp\/v2\/media\/120428"}],"wp:attachment":[{"href":"https:\/\/www.altominho.tv\/site\/wp-json\/wp\/v2\/media?parent=120427"}],"wp:term":[{"taxonomy":"category","embeddable":true,"href":"https:\/\/www.altominho.tv\/site\/wp-json\/wp\/v2\/categories?post=120427"},{"taxonomy":"post_tag","embeddable":true,"href":"https:\/\/www.altominho.tv\/site\/wp-json\/wp\/v2\/tags?post=120427"}],"curies":[{"name":"wp","href":"https:\/\/api.w.org\/{rel}","templated":true}]}}