{"id":120424,"date":"2025-07-04T16:31:32","date_gmt":"2025-07-04T15:31:32","guid":{"rendered":"https:\/\/www.altominho.tv\/site\/?p=120424"},"modified":"2025-07-04T16:31:36","modified_gmt":"2025-07-04T15:31:36","slug":"valenca-aqua-park-promete-muita-animacao-ate-17-de-agosto","status":"publish","type":"post","link":"https:\/\/www.altominho.tv\/site\/2025\/07\/04\/valenca-aqua-park-promete-muita-animacao-ate-17-de-agosto\/","title":{"rendered":"Valen\u00e7a Aqua Park promete muita anima\u00e7\u00e3o at\u00e9 17 de agosto"},"content":{"rendered":"<p><span data-contrast=\"auto\">O Valen\u00e7a Aqua Park abriu hoje, 4 de julho, no Complexo Desportivo do Sport Clube Valenciano, &#8220;e promete animar os fins de semana deste ver\u00e3o com muita divers\u00e3o para toda a fam\u00edlia&#8221;, at\u00e9 17 de agosto, adianta o munic\u00edpio de Valen\u00e7a.<\/span><\/p>\n<p><span data-contrast=\"auto\">O espa\u00e7o estar\u00e1 em funcionamento \u00e0s sextas, s\u00e1bados e domingos, entre as 15h00 e as 19h00, com um conjunto diversificado de atividades aqu\u00e1ticas e insufl\u00e1veis, pensadas para jovens de todas as idades.<\/span><span data-ccp-props=\"{}\">\u00a0<\/span><\/p>\n<p><span data-contrast=\"auto\">A entrada no recinto tem um valor de 5 euros para o p\u00fablico em geral e de 3 euros para os atletas do Sport Clube Valenciano. Crian\u00e7as at\u00e9 aos 3 anos t\u00eam entrada gratuita. Os bilhetes s\u00e3o adquiridos diretamente no local e permitem acesso livre a todas as divers\u00f5es dispon\u00edveis.<\/span><span data-ccp-props=\"{}\">\u00a0<\/span><\/p>\n<p><span data-contrast=\"auto\">&#8220;O Valen\u00e7a Aqua Park \u00e9 uma excelente oportunidade para desfrutar de momentos de lazer em fam\u00edlia, com um leque de atra\u00e7\u00f5es pensado para encantar os mais pequenos e entreter os mais gra\u00fados&#8221;, real\u00e7a a autarquia.<\/span><\/p>\n<p><span data-contrast=\"auto\">A iniciativa \u00e9 promovida pelo Sport Clube Valenciano, em parceria com a empresa NBM Eventos, e conta com o apoio do Munic\u00edpio de Valen\u00e7a.<\/span><span data-ccp-props=\"{}\">\u00a0<\/span><\/p>\n","protected":false},"excerpt":{"rendered":"<p>O Valen\u00e7a Aqua Park abriu hoje, 4 de julho, no Complexo Desportivo do Sport Clube Valenciano, &#8220;e promete animar os fins de semana deste ver\u00e3o com muita divers\u00e3o para toda a fam\u00edlia&#8221;, at\u00e9 17 de agosto, adianta o munic\u00edpio de Valen\u00e7a. O espa\u00e7o estar\u00e1 em funcionamento \u00e0s sextas, s\u00e1bados e domingos, entre as 15h00 e [&hellip;]<\/p>\n","protected":false},"author":1,"featured_media":120425,"comment_status":"closed","ping_status":"closed","sticky":false,"template":"","format":"standard","meta":{"_exactmetrics_skip_tracking":false,"_exactmetrics_sitenote_active":false,"_exactmetrics_sitenote_note":"","_exactmetrics_sitenote_category":0,"footnotes":""},"categories":[13],"tags":[24],"class_list":["post-120424","post","type-post","status-publish","format-standard","has-post-thumbnail","hentry","category-valenca","tag-lazer"],"yoast_head":"<!-- This site is optimized with the Yoast SEO Premium plugin v27.5 (Yoast SEO v27.5) - https:\/\/yoast.com\/product\/yoast-seo-premium-wordpress\/ -->\n<title>Valen\u00e7a Aqua Park promete muita anima\u00e7\u00e3o at\u00e9 17 de agosto<\/title>\n<meta name=\"description\" content=\"Valen\u00e7a Aqua Park abriu hoje, no Complexo Desportivo do Sport Clube Valenciano, &quot;e promete animar os fins de semana deste ver\u00e3o com muita divers\u00e3o para toda a fam\u00edlia&quot;\" \/>\n<meta name=\"robots\" content=\"index, follow, max-snippet:-1, max-image-preview:large, max-video-preview:-1\" \/>\n<link rel=\"canonical\" href=\"https:\/\/www.altominho.tv\/site\/2025\/07\/04\/valenca-aqua-park-promete-muita-animacao-ate-17-de-agosto\/\" \/>\n<meta property=\"og:locale\" content=\"pt_PT\" \/>\n<meta property=\"og:type\" content=\"article\" \/>\n<meta property=\"og:title\" content=\"Valen\u00e7a Aqua Park promete muita anima\u00e7\u00e3o at\u00e9 17 de agosto\" \/>\n<meta property=\"og:description\" content=\"Valen\u00e7a Aqua Park abriu hoje, no Complexo Desportivo do Sport Clube Valenciano, &quot;e promete animar os fins de semana deste ver\u00e3o com muita divers\u00e3o para toda a fam\u00edlia&quot;\" \/>\n<meta property=\"og:url\" content=\"https:\/\/www.altominho.tv\/site\/2025\/07\/04\/valenca-aqua-park-promete-muita-animacao-ate-17-de-agosto\/\" \/>\n<meta property=\"og:site_name\" content=\"Altominho.tv\" \/>\n<meta property=\"article:publisher\" content=\"https:\/\/www.facebook.com\/altominhotv\" \/>\n<meta property=\"article:published_time\" content=\"2025-07-04T15:31:32+00:00\" \/>\n<meta property=\"article:modified_time\" content=\"2025-07-04T15:31:36+00:00\" \/>\n<meta property=\"og:image\" content=\"https:\/\/www.altominho.tv\/site\/wp-content\/uploads\/2025\/07\/Valenca-Aqua-Park.jpg\" \/>\n\t<meta property=\"og:image:width\" content=\"1200\" \/>\n\t<meta property=\"og:image:height\" content=\"630\" \/>\n\t<meta property=\"og:image:type\" content=\"image\/jpeg\" \/>\n<meta name=\"author\" content=\"Altominho.tv\" \/>\n<meta name=\"twitter:card\" content=\"summary_large_image\" \/>\n<meta name=\"twitter:creator\" content=\"@altominhoTV\" \/>\n<meta name=\"twitter:site\" content=\"@altominhoTV\" \/>\n<meta name=\"twitter:label1\" content=\"Escrito por\" \/>\n\t<meta name=\"twitter:data1\" content=\"Altominho.tv\" \/>\n\t<meta name=\"twitter:label2\" content=\"Tempo estimado de leitura\" \/>\n\t<meta name=\"twitter:data2\" content=\"2 minutos\" \/>\n<script type=\"application\/ld+json\" class=\"yoast-schema-graph\">{\"@context\":\"https:\\\/\\\/schema.org\",\"@graph\":[{\"@type\":\"Article\",\"@id\":\"https:\\\/\\\/www.altominho.tv\\\/site\\\/2025\\\/07\\\/04\\\/valenca-aqua-park-promete-muita-animacao-ate-17-de-agosto\\\/#article\",\"isPartOf\":{\"@id\":\"https:\\\/\\\/www.altominho.tv\\\/site\\\/2025\\\/07\\\/04\\\/valenca-aqua-park-promete-muita-animacao-ate-17-de-agosto\\\/\"},\"author\":{\"name\":\"Altominho.tv\",\"@id\":\"https:\\\/\\\/www.altominho.tv\\\/site\\\/#\\\/schema\\\/person\\\/4e536851627d7914baf3dac752b6af22\"},\"headline\":\"Valen\u00e7a Aqua Park promete muita anima\u00e7\u00e3o at\u00e9 17 de agosto\",\"datePublished\":\"2025-07-04T15:31:32+00:00\",\"dateModified\":\"2025-07-04T15:31:36+00:00\",\"mainEntityOfPage\":{\"@id\":\"https:\\\/\\\/www.altominho.tv\\\/site\\\/2025\\\/07\\\/04\\\/valenca-aqua-park-promete-muita-animacao-ate-17-de-agosto\\\/\"},\"wordCount\":209,\"image\":{\"@id\":\"https:\\\/\\\/www.altominho.tv\\\/site\\\/2025\\\/07\\\/04\\\/valenca-aqua-park-promete-muita-animacao-ate-17-de-agosto\\\/#primaryimage\"},\"thumbnailUrl\":\"https:\\\/\\\/www.altominho.tv\\\/site\\\/wp-content\\\/uploads\\\/2025\\\/07\\\/Valenca-Aqua-Park.jpg\",\"keywords\":[\"Lazer\"],\"articleSection\":[\"Valen\u00e7a\"],\"inLanguage\":\"pt-PT\",\"copyrightYear\":\"2025\",\"copyrightHolder\":{\"@id\":\"https:\\\/\\\/www.altominho.tv\\\/site\\\/#organization\"}},{\"@type\":\"WebPage\",\"@id\":\"https:\\\/\\\/www.altominho.tv\\\/site\\\/2025\\\/07\\\/04\\\/valenca-aqua-park-promete-muita-animacao-ate-17-de-agosto\\\/\",\"url\":\"https:\\\/\\\/www.altominho.tv\\\/site\\\/2025\\\/07\\\/04\\\/valenca-aqua-park-promete-muita-animacao-ate-17-de-agosto\\\/\",\"name\":\"Valen\u00e7a Aqua Park promete muita anima\u00e7\u00e3o at\u00e9 17 de agosto\",\"isPartOf\":{\"@id\":\"https:\\\/\\\/www.altominho.tv\\\/site\\\/#website\"},\"primaryImageOfPage\":{\"@id\":\"https:\\\/\\\/www.altominho.tv\\\/site\\\/2025\\\/07\\\/04\\\/valenca-aqua-park-promete-muita-animacao-ate-17-de-agosto\\\/#primaryimage\"},\"image\":{\"@id\":\"https:\\\/\\\/www.altominho.tv\\\/site\\\/2025\\\/07\\\/04\\\/valenca-aqua-park-promete-muita-animacao-ate-17-de-agosto\\\/#primaryimage\"},\"thumbnailUrl\":\"https:\\\/\\\/www.altominho.tv\\\/site\\\/wp-content\\\/uploads\\\/2025\\\/07\\\/Valenca-Aqua-Park.jpg\",\"datePublished\":\"2025-07-04T15:31:32+00:00\",\"dateModified\":\"2025-07-04T15:31:36+00:00\",\"author\":{\"@id\":\"https:\\\/\\\/www.altominho.tv\\\/site\\\/#\\\/schema\\\/person\\\/4e536851627d7914baf3dac752b6af22\"},\"description\":\"Valen\u00e7a Aqua Park abriu hoje, no Complexo Desportivo do Sport Clube Valenciano, \\\"e promete animar os fins de semana deste ver\u00e3o com muita divers\u00e3o para toda a fam\u00edlia\\\"\",\"breadcrumb\":{\"@id\":\"https:\\\/\\\/www.altominho.tv\\\/site\\\/2025\\\/07\\\/04\\\/valenca-aqua-park-promete-muita-animacao-ate-17-de-agosto\\\/#breadcrumb\"},\"inLanguage\":\"pt-PT\",\"potentialAction\":[{\"@type\":\"ReadAction\",\"target\":[\"https:\\\/\\\/www.altominho.tv\\\/site\\\/2025\\\/07\\\/04\\\/valenca-aqua-park-promete-muita-animacao-ate-17-de-agosto\\\/\"]}]},{\"@type\":\"ImageObject\",\"inLanguage\":\"pt-PT\",\"@id\":\"https:\\\/\\\/www.altominho.tv\\\/site\\\/2025\\\/07\\\/04\\\/valenca-aqua-park-promete-muita-animacao-ate-17-de-agosto\\\/#primaryimage\",\"url\":\"https:\\\/\\\/www.altominho.tv\\\/site\\\/wp-content\\\/uploads\\\/2025\\\/07\\\/Valenca-Aqua-Park.jpg\",\"contentUrl\":\"https:\\\/\\\/www.altominho.tv\\\/site\\\/wp-content\\\/uploads\\\/2025\\\/07\\\/Valenca-Aqua-Park.jpg\",\"width\":1200,\"height\":630},{\"@type\":\"BreadcrumbList\",\"@id\":\"https:\\\/\\\/www.altominho.tv\\\/site\\\/2025\\\/07\\\/04\\\/valenca-aqua-park-promete-muita-animacao-ate-17-de-agosto\\\/#breadcrumb\",\"itemListElement\":[{\"@type\":\"ListItem\",\"position\":1,\"name\":\"In\u00edcio\",\"item\":\"https:\\\/\\\/www.altominho.tv\\\/site\\\/\"},{\"@type\":\"ListItem\",\"position\":2,\"name\":\"Valen\u00e7a Aqua Park promete muita anima\u00e7\u00e3o at\u00e9 17 de agosto\"}]},{\"@type\":\"WebSite\",\"@id\":\"https:\\\/\\\/www.altominho.tv\\\/site\\\/#website\",\"url\":\"https:\\\/\\\/www.altominho.tv\\\/site\\\/\",\"name\":\"Altominho.tv\",\"description\":\"A sua regi\u00e3o \u00e0 dist\u00e2ncia de um clique...\",\"potentialAction\":[{\"@type\":\"SearchAction\",\"target\":{\"@type\":\"EntryPoint\",\"urlTemplate\":\"https:\\\/\\\/www.altominho.tv\\\/site\\\/?s={search_term_string}\"},\"query-input\":{\"@type\":\"PropertyValueSpecification\",\"valueRequired\":true,\"valueName\":\"search_term_string\"}}],\"inLanguage\":\"pt-PT\"},{\"@type\":\"Person\",\"@id\":\"https:\\\/\\\/www.altominho.tv\\\/site\\\/#\\\/schema\\\/person\\\/4e536851627d7914baf3dac752b6af22\",\"name\":\"Altominho.tv\",\"image\":{\"@type\":\"ImageObject\",\"inLanguage\":\"pt-PT\",\"@id\":\"https:\\\/\\\/www.altominho.tv\\\/site\\\/wp-content\\\/uploads\\\/2019\\\/11\\\/Logo_Avatar_2-150x150.jpg\",\"url\":\"https:\\\/\\\/www.altominho.tv\\\/site\\\/wp-content\\\/uploads\\\/2019\\\/11\\\/Logo_Avatar_2-150x150.jpg\",\"contentUrl\":\"https:\\\/\\\/www.altominho.tv\\\/site\\\/wp-content\\\/uploads\\\/2019\\\/11\\\/Logo_Avatar_2-150x150.jpg\",\"caption\":\"Altominho.tv\"},\"url\":\"https:\\\/\\\/www.altominho.tv\\\/site\\\/author\\\/altominhotv-tecnico\\\/\"}]}<\/script>\n<!-- \/ Yoast SEO Premium plugin. -->","yoast_head_json":{"title":"Valen\u00e7a Aqua Park promete muita anima\u00e7\u00e3o at\u00e9 17 de agosto","description":"Valen\u00e7a Aqua Park abriu hoje, no Complexo Desportivo do Sport Clube Valenciano, \"e promete animar os fins de semana deste ver\u00e3o com muita divers\u00e3o para toda a fam\u00edlia\"","robots":{"index":"index","follow":"follow","max-snippet":"max-snippet:-1","max-image-preview":"max-image-preview:large","max-video-preview":"max-video-preview:-1"},"canonical":"https:\/\/www.altominho.tv\/site\/2025\/07\/04\/valenca-aqua-park-promete-muita-animacao-ate-17-de-agosto\/","og_locale":"pt_PT","og_type":"article","og_title":"Valen\u00e7a Aqua Park promete muita anima\u00e7\u00e3o at\u00e9 17 de agosto","og_description":"Valen\u00e7a Aqua Park abriu hoje, no Complexo Desportivo do Sport Clube Valenciano, \"e promete animar os fins de semana deste ver\u00e3o com muita divers\u00e3o para toda a fam\u00edlia\"","og_url":"https:\/\/www.altominho.tv\/site\/2025\/07\/04\/valenca-aqua-park-promete-muita-animacao-ate-17-de-agosto\/","og_site_name":"Altominho.tv","article_publisher":"https:\/\/www.facebook.com\/altominhotv","article_published_time":"2025-07-04T15:31:32+00:00","article_modified_time":"2025-07-04T15:31:36+00:00","og_image":[{"width":1200,"height":630,"url":"https:\/\/www.altominho.tv\/site\/wp-content\/uploads\/2025\/07\/Valenca-Aqua-Park.jpg","type":"image\/jpeg"}],"author":"Altominho.tv","twitter_card":"summary_large_image","twitter_creator":"@altominhoTV","twitter_site":"@altominhoTV","twitter_misc":{"Escrito por":"Altominho.tv","Tempo estimado de leitura":"2 minutos"},"schema":{"@context":"https:\/\/schema.org","@graph":[{"@type":"Article","@id":"https:\/\/www.altominho.tv\/site\/2025\/07\/04\/valenca-aqua-park-promete-muita-animacao-ate-17-de-agosto\/#article","isPartOf":{"@id":"https:\/\/www.altominho.tv\/site\/2025\/07\/04\/valenca-aqua-park-promete-muita-animacao-ate-17-de-agosto\/"},"author":{"name":"Altominho.tv","@id":"https:\/\/www.altominho.tv\/site\/#\/schema\/person\/4e536851627d7914baf3dac752b6af22"},"headline":"Valen\u00e7a Aqua Park promete muita anima\u00e7\u00e3o at\u00e9 17 de agosto","datePublished":"2025-07-04T15:31:32+00:00","dateModified":"2025-07-04T15:31:36+00:00","mainEntityOfPage":{"@id":"https:\/\/www.altominho.tv\/site\/2025\/07\/04\/valenca-aqua-park-promete-muita-animacao-ate-17-de-agosto\/"},"wordCount":209,"image":{"@id":"https:\/\/www.altominho.tv\/site\/2025\/07\/04\/valenca-aqua-park-promete-muita-animacao-ate-17-de-agosto\/#primaryimage"},"thumbnailUrl":"https:\/\/www.altominho.tv\/site\/wp-content\/uploads\/2025\/07\/Valenca-Aqua-Park.jpg","keywords":["Lazer"],"articleSection":["Valen\u00e7a"],"inLanguage":"pt-PT","copyrightYear":"2025","copyrightHolder":{"@id":"https:\/\/www.altominho.tv\/site\/#organization"}},{"@type":"WebPage","@id":"https:\/\/www.altominho.tv\/site\/2025\/07\/04\/valenca-aqua-park-promete-muita-animacao-ate-17-de-agosto\/","url":"https:\/\/www.altominho.tv\/site\/2025\/07\/04\/valenca-aqua-park-promete-muita-animacao-ate-17-de-agosto\/","name":"Valen\u00e7a Aqua Park promete muita anima\u00e7\u00e3o at\u00e9 17 de agosto","isPartOf":{"@id":"https:\/\/www.altominho.tv\/site\/#website"},"primaryImageOfPage":{"@id":"https:\/\/www.altominho.tv\/site\/2025\/07\/04\/valenca-aqua-park-promete-muita-animacao-ate-17-de-agosto\/#primaryimage"},"image":{"@id":"https:\/\/www.altominho.tv\/site\/2025\/07\/04\/valenca-aqua-park-promete-muita-animacao-ate-17-de-agosto\/#primaryimage"},"thumbnailUrl":"https:\/\/www.altominho.tv\/site\/wp-content\/uploads\/2025\/07\/Valenca-Aqua-Park.jpg","datePublished":"2025-07-04T15:31:32+00:00","dateModified":"2025-07-04T15:31:36+00:00","author":{"@id":"https:\/\/www.altominho.tv\/site\/#\/schema\/person\/4e536851627d7914baf3dac752b6af22"},"description":"Valen\u00e7a Aqua Park abriu hoje, no Complexo Desportivo do Sport Clube Valenciano, \"e promete animar os fins de semana deste ver\u00e3o com muita divers\u00e3o para toda a fam\u00edlia\"","breadcrumb":{"@id":"https:\/\/www.altominho.tv\/site\/2025\/07\/04\/valenca-aqua-park-promete-muita-animacao-ate-17-de-agosto\/#breadcrumb"},"inLanguage":"pt-PT","potentialAction":[{"@type":"ReadAction","target":["https:\/\/www.altominho.tv\/site\/2025\/07\/04\/valenca-aqua-park-promete-muita-animacao-ate-17-de-agosto\/"]}]},{"@type":"ImageObject","inLanguage":"pt-PT","@id":"https:\/\/www.altominho.tv\/site\/2025\/07\/04\/valenca-aqua-park-promete-muita-animacao-ate-17-de-agosto\/#primaryimage","url":"https:\/\/www.altominho.tv\/site\/wp-content\/uploads\/2025\/07\/Valenca-Aqua-Park.jpg","contentUrl":"https:\/\/www.altominho.tv\/site\/wp-content\/uploads\/2025\/07\/Valenca-Aqua-Park.jpg","width":1200,"height":630},{"@type":"BreadcrumbList","@id":"https:\/\/www.altominho.tv\/site\/2025\/07\/04\/valenca-aqua-park-promete-muita-animacao-ate-17-de-agosto\/#breadcrumb","itemListElement":[{"@type":"ListItem","position":1,"name":"In\u00edcio","item":"https:\/\/www.altominho.tv\/site\/"},{"@type":"ListItem","position":2,"name":"Valen\u00e7a Aqua Park promete muita anima\u00e7\u00e3o at\u00e9 17 de agosto"}]},{"@type":"WebSite","@id":"https:\/\/www.altominho.tv\/site\/#website","url":"https:\/\/www.altominho.tv\/site\/","name":"Altominho.tv","description":"A sua regi\u00e3o \u00e0 dist\u00e2ncia de um clique...","potentialAction":[{"@type":"SearchAction","target":{"@type":"EntryPoint","urlTemplate":"https:\/\/www.altominho.tv\/site\/?s={search_term_string}"},"query-input":{"@type":"PropertyValueSpecification","valueRequired":true,"valueName":"search_term_string"}}],"inLanguage":"pt-PT"},{"@type":"Person","@id":"https:\/\/www.altominho.tv\/site\/#\/schema\/person\/4e536851627d7914baf3dac752b6af22","name":"Altominho.tv","image":{"@type":"ImageObject","inLanguage":"pt-PT","@id":"https:\/\/www.altominho.tv\/site\/wp-content\/uploads\/2019\/11\/Logo_Avatar_2-150x150.jpg","url":"https:\/\/www.altominho.tv\/site\/wp-content\/uploads\/2019\/11\/Logo_Avatar_2-150x150.jpg","contentUrl":"https:\/\/www.altominho.tv\/site\/wp-content\/uploads\/2019\/11\/Logo_Avatar_2-150x150.jpg","caption":"Altominho.tv"},"url":"https:\/\/www.altominho.tv\/site\/author\/altominhotv-tecnico\/"}]}},"_links":{"self":[{"href":"https:\/\/www.altominho.tv\/site\/wp-json\/wp\/v2\/posts\/120424","targetHints":{"allow":["GET"]}}],"collection":[{"href":"https:\/\/www.altominho.tv\/site\/wp-json\/wp\/v2\/posts"}],"about":[{"href":"https:\/\/www.altominho.tv\/site\/wp-json\/wp\/v2\/types\/post"}],"author":[{"embeddable":true,"href":"https:\/\/www.altominho.tv\/site\/wp-json\/wp\/v2\/users\/1"}],"replies":[{"embeddable":true,"href":"https:\/\/www.altominho.tv\/site\/wp-json\/wp\/v2\/comments?post=120424"}],"version-history":[{"count":1,"href":"https:\/\/www.altominho.tv\/site\/wp-json\/wp\/v2\/posts\/120424\/revisions"}],"predecessor-version":[{"id":120426,"href":"https:\/\/www.altominho.tv\/site\/wp-json\/wp\/v2\/posts\/120424\/revisions\/120426"}],"wp:featuredmedia":[{"embeddable":true,"href":"https:\/\/www.altominho.tv\/site\/wp-json\/wp\/v2\/media\/120425"}],"wp:attachment":[{"href":"https:\/\/www.altominho.tv\/site\/wp-json\/wp\/v2\/media?parent=120424"}],"wp:term":[{"taxonomy":"category","embeddable":true,"href":"https:\/\/www.altominho.tv\/site\/wp-json\/wp\/v2\/categories?post=120424"},{"taxonomy":"post_tag","embeddable":true,"href":"https:\/\/www.altominho.tv\/site\/wp-json\/wp\/v2\/tags?post=120424"}],"curies":[{"name":"wp","href":"https:\/\/api.w.org\/{rel}","templated":true}]}}