{"id":120409,"date":"2025-07-04T13:10:03","date_gmt":"2025-07-04T12:10:03","guid":{"rendered":"https:\/\/www.altominho.tv\/site\/?p=120409"},"modified":"2025-07-04T13:10:06","modified_gmt":"2025-07-04T12:10:06","slug":"homem-detido-apos-conduzir-80-km-em-contramao-na-a3-desde-valenca-ate-famalicao","status":"publish","type":"post","link":"https:\/\/www.altominho.tv\/site\/2025\/07\/04\/homem-detido-apos-conduzir-80-km-em-contramao-na-a3-desde-valenca-ate-famalicao\/","title":{"rendered":"Homem detido ap\u00f3s conduzir 80 km em contram\u00e3o na A3 desde Valen\u00e7a at\u00e9 Famalic\u00e3o"},"content":{"rendered":"<p><span data-ccp-props=\"{}\">\u00a0<\/span><span data-contrast=\"auto\">Um homem de 25 anos foi detido quando circulava em contram\u00e3o na Autoestrada 3 (A3), no concelho de Famalic\u00e3o, com uma taxa de \u00e1lcool no sangue de 1,59 (g\/l), revelou hoje a GNR de Viana do Castelo.<\/span><span data-ccp-props=\"{}\">\u00a0<\/span><\/p>\n<p><span data-contrast=\"auto\">Em comunicado, o Comando Territorial de Viana do Castelo da GNR explica que, na quinta-feira, recebeu \u201cum alerta sobre um ve\u00edculo a circular em contram\u00e3o na A3, no sentido Valen\u00e7a-Porto\u201d<\/span><span data-ccp-props=\"{}\">\u00a0<\/span><\/p>\n<p><span data-contrast=\"auto\">No concelho de Famalic\u00e3o, no distrito de Braga, a GNR conseguiu \u201clocalizar e intercetar o ve\u00edculo, que circulava em contram\u00e3o desde Valen\u00e7a\u201d, ou seja, ao longo de cerca de 80 quil\u00f3metros.<\/span><span data-ccp-props=\"{}\">\u00a0<\/span><\/p>\n<p><span data-contrast=\"auto\">\u201cNo seguimento das dilig\u00eancias policiais, o condutor foi submetido ao teste de alcoolemia, tendo registado uma taxa considerada crime\u201d, acrescenta.<\/span><span data-ccp-props=\"{}\">\u00a0<\/span><\/p>\n<p><span data-contrast=\"auto\">Contactada pela Lusa, a GNR especificou que o condutor circulava com 1,59 gramas por litro de sangue.<\/span><span data-ccp-props=\"{}\">\u00a0<\/span><\/p>\n<p><span data-contrast=\"auto\">O homem foi detido \u201cpelo crime de condu\u00e7\u00e3o sob o efeito do \u00e1lcool e condu\u00e7\u00e3o perigosa\u201d, detalhou a GNR no comunicado.<\/span><span data-ccp-props=\"{}\">\u00a0<\/span><\/p>\n","protected":false},"excerpt":{"rendered":"<p>\u00a0Um homem de 25 anos foi detido quando circulava em contram\u00e3o na Autoestrada 3 (A3), no concelho de Famalic\u00e3o, com uma taxa de \u00e1lcool no sangue de 1,59 (g\/l), revelou hoje a GNR de Viana do Castelo.\u00a0 Em comunicado, o Comando Territorial de Viana do Castelo da GNR explica que, na quinta-feira, recebeu \u201cum alerta [&hellip;]<\/p>\n","protected":false},"author":13,"featured_media":120410,"comment_status":"closed","ping_status":"closed","sticky":false,"template":"","format":"standard","meta":{"_exactmetrics_skip_tracking":false,"_exactmetrics_sitenote_active":false,"_exactmetrics_sitenote_note":"","_exactmetrics_sitenote_category":0,"footnotes":""},"categories":[13],"tags":[27],"class_list":["post-120409","post","type-post","status-publish","format-standard","has-post-thumbnail","hentry","category-valenca","tag-sociedade"],"yoast_head":"<!-- This site is optimized with the Yoast SEO Premium plugin v27.5 (Yoast SEO v27.5) - https:\/\/yoast.com\/product\/yoast-seo-premium-wordpress\/ -->\n<title>Homem detido ap\u00f3s conduzir 80 km em contram\u00e3o na A3 desde Valen\u00e7a at\u00e9 Famalic\u00e3o<\/title>\n<meta name=\"description\" content=\"\u00a0Um homem de 25 anos foi detido quando circulava em contram\u00e3o na Autoestrada 3 (A3), no concelho de Famalic\u00e3o, com uma taxa de \u00e1lcool no sangue de 1,59 (g\/l),\" \/>\n<meta name=\"robots\" content=\"index, follow, max-snippet:-1, max-image-preview:large, max-video-preview:-1\" \/>\n<link rel=\"canonical\" href=\"https:\/\/www.altominho.tv\/site\/2025\/07\/04\/homem-detido-apos-conduzir-80-km-em-contramao-na-a3-desde-valenca-ate-famalicao\/\" \/>\n<meta property=\"og:locale\" content=\"pt_PT\" \/>\n<meta property=\"og:type\" content=\"article\" \/>\n<meta property=\"og:title\" content=\"Homem detido ap\u00f3s conduzir 80 km em contram\u00e3o na A3 desde Valen\u00e7a at\u00e9 Famalic\u00e3o\" \/>\n<meta property=\"og:description\" content=\"\u00a0Um homem de 25 anos foi detido quando circulava em contram\u00e3o na Autoestrada 3 (A3), no concelho de Famalic\u00e3o, com uma taxa de \u00e1lcool no sangue de 1,59 (g\/l),\" \/>\n<meta property=\"og:url\" content=\"https:\/\/www.altominho.tv\/site\/2025\/07\/04\/homem-detido-apos-conduzir-80-km-em-contramao-na-a3-desde-valenca-ate-famalicao\/\" \/>\n<meta property=\"og:site_name\" content=\"Altominho.tv\" \/>\n<meta property=\"article:publisher\" content=\"https:\/\/www.facebook.com\/altominhotv\" \/>\n<meta property=\"article:published_time\" content=\"2025-07-04T12:10:03+00:00\" \/>\n<meta property=\"article:modified_time\" content=\"2025-07-04T12:10:06+00:00\" \/>\n<meta property=\"og:image\" content=\"https:\/\/www.altominho.tv\/site\/wp-content\/uploads\/2025\/07\/A3.jpg\" \/>\n\t<meta property=\"og:image:width\" content=\"1200\" \/>\n\t<meta property=\"og:image:height\" content=\"630\" \/>\n\t<meta property=\"og:image:type\" content=\"image\/jpeg\" \/>\n<meta name=\"author\" content=\"Lusa\" \/>\n<meta name=\"twitter:card\" content=\"summary_large_image\" \/>\n<meta name=\"twitter:creator\" content=\"@altominhoTV\" \/>\n<meta name=\"twitter:site\" content=\"@altominhoTV\" \/>\n<meta name=\"twitter:label1\" content=\"Escrito por\" \/>\n\t<meta name=\"twitter:data1\" content=\"Lusa\" \/>\n\t<meta name=\"twitter:label2\" content=\"Tempo estimado de leitura\" \/>\n\t<meta name=\"twitter:data2\" content=\"2 minutos\" \/>\n<script type=\"application\/ld+json\" class=\"yoast-schema-graph\">{\"@context\":\"https:\\\/\\\/schema.org\",\"@graph\":[{\"@type\":\"Article\",\"@id\":\"https:\\\/\\\/www.altominho.tv\\\/site\\\/2025\\\/07\\\/04\\\/homem-detido-apos-conduzir-80-km-em-contramao-na-a3-desde-valenca-ate-famalicao\\\/#article\",\"isPartOf\":{\"@id\":\"https:\\\/\\\/www.altominho.tv\\\/site\\\/2025\\\/07\\\/04\\\/homem-detido-apos-conduzir-80-km-em-contramao-na-a3-desde-valenca-ate-famalicao\\\/\"},\"author\":{\"name\":\"Lusa\",\"@id\":\"https:\\\/\\\/www.altominho.tv\\\/site\\\/#\\\/schema\\\/person\\\/63f693da3e1899361cbe955c46f3232e\"},\"headline\":\"Homem detido ap\u00f3s conduzir 80 km em contram\u00e3o na A3 desde Valen\u00e7a at\u00e9 Famalic\u00e3o\",\"datePublished\":\"2025-07-04T12:10:03+00:00\",\"dateModified\":\"2025-07-04T12:10:06+00:00\",\"mainEntityOfPage\":{\"@id\":\"https:\\\/\\\/www.altominho.tv\\\/site\\\/2025\\\/07\\\/04\\\/homem-detido-apos-conduzir-80-km-em-contramao-na-a3-desde-valenca-ate-famalicao\\\/\"},\"wordCount\":182,\"image\":{\"@id\":\"https:\\\/\\\/www.altominho.tv\\\/site\\\/2025\\\/07\\\/04\\\/homem-detido-apos-conduzir-80-km-em-contramao-na-a3-desde-valenca-ate-famalicao\\\/#primaryimage\"},\"thumbnailUrl\":\"https:\\\/\\\/www.altominho.tv\\\/site\\\/wp-content\\\/uploads\\\/2025\\\/07\\\/A3.jpg\",\"keywords\":[\"Sociedade\"],\"articleSection\":[\"Valen\u00e7a\"],\"inLanguage\":\"pt-PT\",\"copyrightYear\":\"2025\",\"copyrightHolder\":{\"@id\":\"https:\\\/\\\/www.altominho.tv\\\/site\\\/#organization\"}},{\"@type\":\"WebPage\",\"@id\":\"https:\\\/\\\/www.altominho.tv\\\/site\\\/2025\\\/07\\\/04\\\/homem-detido-apos-conduzir-80-km-em-contramao-na-a3-desde-valenca-ate-famalicao\\\/\",\"url\":\"https:\\\/\\\/www.altominho.tv\\\/site\\\/2025\\\/07\\\/04\\\/homem-detido-apos-conduzir-80-km-em-contramao-na-a3-desde-valenca-ate-famalicao\\\/\",\"name\":\"Homem detido ap\u00f3s conduzir 80 km em contram\u00e3o na A3 desde Valen\u00e7a at\u00e9 Famalic\u00e3o\",\"isPartOf\":{\"@id\":\"https:\\\/\\\/www.altominho.tv\\\/site\\\/#website\"},\"primaryImageOfPage\":{\"@id\":\"https:\\\/\\\/www.altominho.tv\\\/site\\\/2025\\\/07\\\/04\\\/homem-detido-apos-conduzir-80-km-em-contramao-na-a3-desde-valenca-ate-famalicao\\\/#primaryimage\"},\"image\":{\"@id\":\"https:\\\/\\\/www.altominho.tv\\\/site\\\/2025\\\/07\\\/04\\\/homem-detido-apos-conduzir-80-km-em-contramao-na-a3-desde-valenca-ate-famalicao\\\/#primaryimage\"},\"thumbnailUrl\":\"https:\\\/\\\/www.altominho.tv\\\/site\\\/wp-content\\\/uploads\\\/2025\\\/07\\\/A3.jpg\",\"datePublished\":\"2025-07-04T12:10:03+00:00\",\"dateModified\":\"2025-07-04T12:10:06+00:00\",\"author\":{\"@id\":\"https:\\\/\\\/www.altominho.tv\\\/site\\\/#\\\/schema\\\/person\\\/63f693da3e1899361cbe955c46f3232e\"},\"description\":\"\u00a0Um homem de 25 anos foi detido quando circulava em contram\u00e3o na Autoestrada 3 (A3), no concelho de Famalic\u00e3o, com uma taxa de \u00e1lcool no sangue de 1,59 (g\\\/l),\",\"breadcrumb\":{\"@id\":\"https:\\\/\\\/www.altominho.tv\\\/site\\\/2025\\\/07\\\/04\\\/homem-detido-apos-conduzir-80-km-em-contramao-na-a3-desde-valenca-ate-famalicao\\\/#breadcrumb\"},\"inLanguage\":\"pt-PT\",\"potentialAction\":[{\"@type\":\"ReadAction\",\"target\":[\"https:\\\/\\\/www.altominho.tv\\\/site\\\/2025\\\/07\\\/04\\\/homem-detido-apos-conduzir-80-km-em-contramao-na-a3-desde-valenca-ate-famalicao\\\/\"]}]},{\"@type\":\"ImageObject\",\"inLanguage\":\"pt-PT\",\"@id\":\"https:\\\/\\\/www.altominho.tv\\\/site\\\/2025\\\/07\\\/04\\\/homem-detido-apos-conduzir-80-km-em-contramao-na-a3-desde-valenca-ate-famalicao\\\/#primaryimage\",\"url\":\"https:\\\/\\\/www.altominho.tv\\\/site\\\/wp-content\\\/uploads\\\/2025\\\/07\\\/A3.jpg\",\"contentUrl\":\"https:\\\/\\\/www.altominho.tv\\\/site\\\/wp-content\\\/uploads\\\/2025\\\/07\\\/A3.jpg\",\"width\":1200,\"height\":630},{\"@type\":\"BreadcrumbList\",\"@id\":\"https:\\\/\\\/www.altominho.tv\\\/site\\\/2025\\\/07\\\/04\\\/homem-detido-apos-conduzir-80-km-em-contramao-na-a3-desde-valenca-ate-famalicao\\\/#breadcrumb\",\"itemListElement\":[{\"@type\":\"ListItem\",\"position\":1,\"name\":\"In\u00edcio\",\"item\":\"https:\\\/\\\/www.altominho.tv\\\/site\\\/\"},{\"@type\":\"ListItem\",\"position\":2,\"name\":\"Homem detido ap\u00f3s conduzir 80 km em contram\u00e3o na A3 desde Valen\u00e7a at\u00e9 Famalic\u00e3o\"}]},{\"@type\":\"WebSite\",\"@id\":\"https:\\\/\\\/www.altominho.tv\\\/site\\\/#website\",\"url\":\"https:\\\/\\\/www.altominho.tv\\\/site\\\/\",\"name\":\"Altominho.tv\",\"description\":\"A sua regi\u00e3o \u00e0 dist\u00e2ncia de um clique...\",\"potentialAction\":[{\"@type\":\"SearchAction\",\"target\":{\"@type\":\"EntryPoint\",\"urlTemplate\":\"https:\\\/\\\/www.altominho.tv\\\/site\\\/?s={search_term_string}\"},\"query-input\":{\"@type\":\"PropertyValueSpecification\",\"valueRequired\":true,\"valueName\":\"search_term_string\"}}],\"inLanguage\":\"pt-PT\"},{\"@type\":\"Person\",\"@id\":\"https:\\\/\\\/www.altominho.tv\\\/site\\\/#\\\/schema\\\/person\\\/63f693da3e1899361cbe955c46f3232e\",\"name\":\"Lusa\",\"image\":{\"@type\":\"ImageObject\",\"inLanguage\":\"pt-PT\",\"@id\":\"https:\\\/\\\/www.altominho.tv\\\/site\\\/wp-content\\\/uploads\\\/2019\\\/08\\\/LUSA_Logo.gif\",\"url\":\"https:\\\/\\\/www.altominho.tv\\\/site\\\/wp-content\\\/uploads\\\/2019\\\/08\\\/LUSA_Logo.gif\",\"contentUrl\":\"https:\\\/\\\/www.altominho.tv\\\/site\\\/wp-content\\\/uploads\\\/2019\\\/08\\\/LUSA_Logo.gif\",\"caption\":\"Lusa\"},\"sameAs\":[\"http:\\\/\\\/\\\/\\\/www.altominho.tv\\\/site\"],\"url\":\"https:\\\/\\\/www.altominho.tv\\\/site\\\/author\\\/lusa\\\/\"}]}<\/script>\n<!-- \/ Yoast SEO Premium plugin. -->","yoast_head_json":{"title":"Homem detido ap\u00f3s conduzir 80 km em contram\u00e3o na A3 desde Valen\u00e7a at\u00e9 Famalic\u00e3o","description":"\u00a0Um homem de 25 anos foi detido quando circulava em contram\u00e3o na Autoestrada 3 (A3), no concelho de Famalic\u00e3o, com uma taxa de \u00e1lcool no sangue de 1,59 (g\/l),","robots":{"index":"index","follow":"follow","max-snippet":"max-snippet:-1","max-image-preview":"max-image-preview:large","max-video-preview":"max-video-preview:-1"},"canonical":"https:\/\/www.altominho.tv\/site\/2025\/07\/04\/homem-detido-apos-conduzir-80-km-em-contramao-na-a3-desde-valenca-ate-famalicao\/","og_locale":"pt_PT","og_type":"article","og_title":"Homem detido ap\u00f3s conduzir 80 km em contram\u00e3o na A3 desde Valen\u00e7a at\u00e9 Famalic\u00e3o","og_description":"\u00a0Um homem de 25 anos foi detido quando circulava em contram\u00e3o na Autoestrada 3 (A3), no concelho de Famalic\u00e3o, com uma taxa de \u00e1lcool no sangue de 1,59 (g\/l),","og_url":"https:\/\/www.altominho.tv\/site\/2025\/07\/04\/homem-detido-apos-conduzir-80-km-em-contramao-na-a3-desde-valenca-ate-famalicao\/","og_site_name":"Altominho.tv","article_publisher":"https:\/\/www.facebook.com\/altominhotv","article_published_time":"2025-07-04T12:10:03+00:00","article_modified_time":"2025-07-04T12:10:06+00:00","og_image":[{"width":1200,"height":630,"url":"https:\/\/www.altominho.tv\/site\/wp-content\/uploads\/2025\/07\/A3.jpg","type":"image\/jpeg"}],"author":"Lusa","twitter_card":"summary_large_image","twitter_creator":"@altominhoTV","twitter_site":"@altominhoTV","twitter_misc":{"Escrito por":"Lusa","Tempo estimado de leitura":"2 minutos"},"schema":{"@context":"https:\/\/schema.org","@graph":[{"@type":"Article","@id":"https:\/\/www.altominho.tv\/site\/2025\/07\/04\/homem-detido-apos-conduzir-80-km-em-contramao-na-a3-desde-valenca-ate-famalicao\/#article","isPartOf":{"@id":"https:\/\/www.altominho.tv\/site\/2025\/07\/04\/homem-detido-apos-conduzir-80-km-em-contramao-na-a3-desde-valenca-ate-famalicao\/"},"author":{"name":"Lusa","@id":"https:\/\/www.altominho.tv\/site\/#\/schema\/person\/63f693da3e1899361cbe955c46f3232e"},"headline":"Homem detido ap\u00f3s conduzir 80 km em contram\u00e3o na A3 desde Valen\u00e7a at\u00e9 Famalic\u00e3o","datePublished":"2025-07-04T12:10:03+00:00","dateModified":"2025-07-04T12:10:06+00:00","mainEntityOfPage":{"@id":"https:\/\/www.altominho.tv\/site\/2025\/07\/04\/homem-detido-apos-conduzir-80-km-em-contramao-na-a3-desde-valenca-ate-famalicao\/"},"wordCount":182,"image":{"@id":"https:\/\/www.altominho.tv\/site\/2025\/07\/04\/homem-detido-apos-conduzir-80-km-em-contramao-na-a3-desde-valenca-ate-famalicao\/#primaryimage"},"thumbnailUrl":"https:\/\/www.altominho.tv\/site\/wp-content\/uploads\/2025\/07\/A3.jpg","keywords":["Sociedade"],"articleSection":["Valen\u00e7a"],"inLanguage":"pt-PT","copyrightYear":"2025","copyrightHolder":{"@id":"https:\/\/www.altominho.tv\/site\/#organization"}},{"@type":"WebPage","@id":"https:\/\/www.altominho.tv\/site\/2025\/07\/04\/homem-detido-apos-conduzir-80-km-em-contramao-na-a3-desde-valenca-ate-famalicao\/","url":"https:\/\/www.altominho.tv\/site\/2025\/07\/04\/homem-detido-apos-conduzir-80-km-em-contramao-na-a3-desde-valenca-ate-famalicao\/","name":"Homem detido ap\u00f3s conduzir 80 km em contram\u00e3o na A3 desde Valen\u00e7a at\u00e9 Famalic\u00e3o","isPartOf":{"@id":"https:\/\/www.altominho.tv\/site\/#website"},"primaryImageOfPage":{"@id":"https:\/\/www.altominho.tv\/site\/2025\/07\/04\/homem-detido-apos-conduzir-80-km-em-contramao-na-a3-desde-valenca-ate-famalicao\/#primaryimage"},"image":{"@id":"https:\/\/www.altominho.tv\/site\/2025\/07\/04\/homem-detido-apos-conduzir-80-km-em-contramao-na-a3-desde-valenca-ate-famalicao\/#primaryimage"},"thumbnailUrl":"https:\/\/www.altominho.tv\/site\/wp-content\/uploads\/2025\/07\/A3.jpg","datePublished":"2025-07-04T12:10:03+00:00","dateModified":"2025-07-04T12:10:06+00:00","author":{"@id":"https:\/\/www.altominho.tv\/site\/#\/schema\/person\/63f693da3e1899361cbe955c46f3232e"},"description":"\u00a0Um homem de 25 anos foi detido quando circulava em contram\u00e3o na Autoestrada 3 (A3), no concelho de Famalic\u00e3o, com uma taxa de \u00e1lcool no sangue de 1,59 (g\/l),","breadcrumb":{"@id":"https:\/\/www.altominho.tv\/site\/2025\/07\/04\/homem-detido-apos-conduzir-80-km-em-contramao-na-a3-desde-valenca-ate-famalicao\/#breadcrumb"},"inLanguage":"pt-PT","potentialAction":[{"@type":"ReadAction","target":["https:\/\/www.altominho.tv\/site\/2025\/07\/04\/homem-detido-apos-conduzir-80-km-em-contramao-na-a3-desde-valenca-ate-famalicao\/"]}]},{"@type":"ImageObject","inLanguage":"pt-PT","@id":"https:\/\/www.altominho.tv\/site\/2025\/07\/04\/homem-detido-apos-conduzir-80-km-em-contramao-na-a3-desde-valenca-ate-famalicao\/#primaryimage","url":"https:\/\/www.altominho.tv\/site\/wp-content\/uploads\/2025\/07\/A3.jpg","contentUrl":"https:\/\/www.altominho.tv\/site\/wp-content\/uploads\/2025\/07\/A3.jpg","width":1200,"height":630},{"@type":"BreadcrumbList","@id":"https:\/\/www.altominho.tv\/site\/2025\/07\/04\/homem-detido-apos-conduzir-80-km-em-contramao-na-a3-desde-valenca-ate-famalicao\/#breadcrumb","itemListElement":[{"@type":"ListItem","position":1,"name":"In\u00edcio","item":"https:\/\/www.altominho.tv\/site\/"},{"@type":"ListItem","position":2,"name":"Homem detido ap\u00f3s conduzir 80 km em contram\u00e3o na A3 desde Valen\u00e7a at\u00e9 Famalic\u00e3o"}]},{"@type":"WebSite","@id":"https:\/\/www.altominho.tv\/site\/#website","url":"https:\/\/www.altominho.tv\/site\/","name":"Altominho.tv","description":"A sua regi\u00e3o \u00e0 dist\u00e2ncia de um clique...","potentialAction":[{"@type":"SearchAction","target":{"@type":"EntryPoint","urlTemplate":"https:\/\/www.altominho.tv\/site\/?s={search_term_string}"},"query-input":{"@type":"PropertyValueSpecification","valueRequired":true,"valueName":"search_term_string"}}],"inLanguage":"pt-PT"},{"@type":"Person","@id":"https:\/\/www.altominho.tv\/site\/#\/schema\/person\/63f693da3e1899361cbe955c46f3232e","name":"Lusa","image":{"@type":"ImageObject","inLanguage":"pt-PT","@id":"https:\/\/www.altominho.tv\/site\/wp-content\/uploads\/2019\/08\/LUSA_Logo.gif","url":"https:\/\/www.altominho.tv\/site\/wp-content\/uploads\/2019\/08\/LUSA_Logo.gif","contentUrl":"https:\/\/www.altominho.tv\/site\/wp-content\/uploads\/2019\/08\/LUSA_Logo.gif","caption":"Lusa"},"sameAs":["http:\/\/\/\/www.altominho.tv\/site"],"url":"https:\/\/www.altominho.tv\/site\/author\/lusa\/"}]}},"_links":{"self":[{"href":"https:\/\/www.altominho.tv\/site\/wp-json\/wp\/v2\/posts\/120409","targetHints":{"allow":["GET"]}}],"collection":[{"href":"https:\/\/www.altominho.tv\/site\/wp-json\/wp\/v2\/posts"}],"about":[{"href":"https:\/\/www.altominho.tv\/site\/wp-json\/wp\/v2\/types\/post"}],"author":[{"embeddable":true,"href":"https:\/\/www.altominho.tv\/site\/wp-json\/wp\/v2\/users\/13"}],"replies":[{"embeddable":true,"href":"https:\/\/www.altominho.tv\/site\/wp-json\/wp\/v2\/comments?post=120409"}],"version-history":[{"count":1,"href":"https:\/\/www.altominho.tv\/site\/wp-json\/wp\/v2\/posts\/120409\/revisions"}],"predecessor-version":[{"id":120411,"href":"https:\/\/www.altominho.tv\/site\/wp-json\/wp\/v2\/posts\/120409\/revisions\/120411"}],"wp:featuredmedia":[{"embeddable":true,"href":"https:\/\/www.altominho.tv\/site\/wp-json\/wp\/v2\/media\/120410"}],"wp:attachment":[{"href":"https:\/\/www.altominho.tv\/site\/wp-json\/wp\/v2\/media?parent=120409"}],"wp:term":[{"taxonomy":"category","embeddable":true,"href":"https:\/\/www.altominho.tv\/site\/wp-json\/wp\/v2\/categories?post=120409"},{"taxonomy":"post_tag","embeddable":true,"href":"https:\/\/www.altominho.tv\/site\/wp-json\/wp\/v2\/tags?post=120409"}],"curies":[{"name":"wp","href":"https:\/\/api.w.org\/{rel}","templated":true}]}}