{"id":120404,"date":"2025-07-04T12:36:20","date_gmt":"2025-07-04T11:36:20","guid":{"rendered":"https:\/\/www.altominho.tv\/site\/?p=120404"},"modified":"2025-07-04T12:36:22","modified_gmt":"2025-07-04T11:36:22","slug":"valenca-recebe-open-de-judo-da-eurocidade-com-a-presenca-de-mais-de-440-atletas","status":"publish","type":"post","link":"https:\/\/www.altominho.tv\/site\/2025\/07\/04\/valenca-recebe-open-de-judo-da-eurocidade-com-a-presenca-de-mais-de-440-atletas\/","title":{"rendered":"Valen\u00e7a recebe Open de Judo da Eurocidade com a presen\u00e7a de mais de 440 atletas\u00a0"},"content":{"rendered":"<p><span data-contrast=\"auto\">O Pavilh\u00e3o Multiusos de Valen\u00e7a recebe o IX\u00ba Open de Judo da Eurocidade, este fim de semana de 5 e 6 de julho, com a presen\u00e7a de mais de 440 atletas representativos de clubes de Portugal, Espanha e Andorra.<\/span><span data-ccp-props=\"{}\">\u00a0<\/span><\/p>\n<p><span data-contrast=\"auto\">O torneio acolher\u00e1 no s\u00e1bado, 5 de julho, atletas nos escal\u00f5es de juvenis e cadetes, masculinos e femininos. No domingo, 6 de julho, em judo kids \u2013 Rota da Costa Verde, participam atletas femininos e masculinos, dos 4 aos 12.<\/span><span data-ccp-props=\"{}\">\u00a0<\/span><\/p>\n<p><span data-contrast=\"auto\">A par deste torneio decorre um est\u00e1gio internacional com atletas de Portugal, Espanha e Andorra, com sess\u00f5es te\u00f3ricas, atividades pr\u00e1ticas, visitas \u00e0 Fortaleza de Valen\u00e7a, realiza\u00e7\u00e3o de uma caminhada no Caminho Portugu\u00eas de Santiago de Compostela e uma desloca\u00e7\u00e3o ao parque fluvial de Friestas.<\/span><span data-ccp-props=\"{}\">\u00a0<\/span><\/p>\n<p><span data-contrast=\"auto\">A entrada no pavilh\u00e3o, para assistir \u00e0s provas, \u00e9 livre e gratuita.<\/span><span data-ccp-props=\"{}\">\u00a0<\/span><\/p>\n<p><span data-contrast=\"auto\">Este torneio insere-se no calend\u00e1rio de atividades desportivas da Eurocidade Tui Valen\u00e7a.<\/span><span data-ccp-props=\"{}\">\u00a0<\/span><\/p>\n<p><span data-contrast=\"auto\">A organiza\u00e7\u00e3o est\u00e1 a cargo da Associa\u00e7\u00e3o de Judo do Distrito de Viana do Castelo e do Judo Clube de Valen\u00e7a (Juvalen\u00e7a) e conta com o apoio da C\u00e2mara Municipal de Valen\u00e7a, Concello de Tui e do Instituto Portugu\u00eas da Juventude.<\/span><span data-ccp-props=\"{}\">\u00a0<\/span><\/p>\n","protected":false},"excerpt":{"rendered":"<p>O Pavilh\u00e3o Multiusos de Valen\u00e7a recebe o IX\u00ba Open de Judo da Eurocidade, este fim de semana de 5 e 6 de julho, com a presen\u00e7a de mais de 440 atletas representativos de clubes de Portugal, Espanha e Andorra.\u00a0 O torneio acolher\u00e1 no s\u00e1bado, 5 de julho, atletas nos escal\u00f5es de juvenis e cadetes, masculinos [&hellip;]<\/p>\n","protected":false},"author":1,"featured_media":120405,"comment_status":"closed","ping_status":"closed","sticky":false,"template":"","format":"standard","meta":{"_exactmetrics_skip_tracking":false,"_exactmetrics_sitenote_active":false,"_exactmetrics_sitenote_note":"","_exactmetrics_sitenote_category":0,"footnotes":""},"categories":[13],"tags":[20],"class_list":["post-120404","post","type-post","status-publish","format-standard","has-post-thumbnail","hentry","category-valenca","tag-desporto"],"yoast_head":"<!-- This site is optimized with the Yoast SEO Premium plugin v27.5 (Yoast SEO v27.5) - https:\/\/yoast.com\/product\/yoast-seo-premium-wordpress\/ -->\n<title>Valen\u00e7a recebe Open de Judo da Eurocidade com a presen\u00e7a de mais de 440 atletas\u00a0<\/title>\n<meta name=\"description\" content=\"O Pavilh\u00e3o Multiusos de Valen\u00e7a recebe o IX\u00ba Open de Judo da Eurocidade, este fim de semana de 5 e 6 de julho, com a presen\u00e7a de mais de 440 atletas representativos de clubes de Portugal, Espanha e Andorra.\u00a0\" \/>\n<meta name=\"robots\" content=\"index, follow, max-snippet:-1, max-image-preview:large, max-video-preview:-1\" \/>\n<link rel=\"canonical\" href=\"https:\/\/www.altominho.tv\/site\/2025\/07\/04\/valenca-recebe-open-de-judo-da-eurocidade-com-a-presenca-de-mais-de-440-atletas\/\" \/>\n<meta property=\"og:locale\" content=\"pt_PT\" \/>\n<meta property=\"og:type\" content=\"article\" \/>\n<meta property=\"og:title\" content=\"Valen\u00e7a recebe Open de Judo da Eurocidade com a presen\u00e7a de mais de 440 atletas\u00a0\" \/>\n<meta property=\"og:description\" content=\"O Pavilh\u00e3o Multiusos de Valen\u00e7a recebe o IX\u00ba Open de Judo da Eurocidade, este fim de semana de 5 e 6 de julho, com a presen\u00e7a de mais de 440 atletas representativos de clubes de Portugal, Espanha e Andorra.\u00a0\" \/>\n<meta property=\"og:url\" content=\"https:\/\/www.altominho.tv\/site\/2025\/07\/04\/valenca-recebe-open-de-judo-da-eurocidade-com-a-presenca-de-mais-de-440-atletas\/\" \/>\n<meta property=\"og:site_name\" content=\"Altominho.tv\" \/>\n<meta property=\"article:publisher\" content=\"https:\/\/www.facebook.com\/altominhotv\" \/>\n<meta property=\"article:published_time\" content=\"2025-07-04T11:36:20+00:00\" \/>\n<meta property=\"article:modified_time\" content=\"2025-07-04T11:36:22+00:00\" \/>\n<meta property=\"og:image\" content=\"https:\/\/www.altominho.tv\/site\/wp-content\/uploads\/2025\/07\/judo-valenca.jpg\" \/>\n\t<meta property=\"og:image:width\" content=\"1200\" \/>\n\t<meta property=\"og:image:height\" content=\"630\" \/>\n\t<meta property=\"og:image:type\" content=\"image\/jpeg\" \/>\n<meta name=\"author\" content=\"Altominho.tv\" \/>\n<meta name=\"twitter:card\" content=\"summary_large_image\" \/>\n<meta name=\"twitter:creator\" content=\"@altominhoTV\" \/>\n<meta name=\"twitter:site\" content=\"@altominhoTV\" \/>\n<meta name=\"twitter:label1\" content=\"Escrito por\" \/>\n\t<meta name=\"twitter:data1\" content=\"Altominho.tv\" \/>\n\t<meta name=\"twitter:label2\" content=\"Tempo estimado de leitura\" \/>\n\t<meta name=\"twitter:data2\" content=\"2 minutos\" \/>\n<script type=\"application\/ld+json\" class=\"yoast-schema-graph\">{\"@context\":\"https:\\\/\\\/schema.org\",\"@graph\":[{\"@type\":\"Article\",\"@id\":\"https:\\\/\\\/www.altominho.tv\\\/site\\\/2025\\\/07\\\/04\\\/valenca-recebe-open-de-judo-da-eurocidade-com-a-presenca-de-mais-de-440-atletas\\\/#article\",\"isPartOf\":{\"@id\":\"https:\\\/\\\/www.altominho.tv\\\/site\\\/2025\\\/07\\\/04\\\/valenca-recebe-open-de-judo-da-eurocidade-com-a-presenca-de-mais-de-440-atletas\\\/\"},\"author\":{\"name\":\"Altominho.tv\",\"@id\":\"https:\\\/\\\/www.altominho.tv\\\/site\\\/#\\\/schema\\\/person\\\/4e536851627d7914baf3dac752b6af22\"},\"headline\":\"Valen\u00e7a recebe Open de Judo da Eurocidade com a presen\u00e7a de mais de 440 atletas\u00a0\",\"datePublished\":\"2025-07-04T11:36:20+00:00\",\"dateModified\":\"2025-07-04T11:36:22+00:00\",\"mainEntityOfPage\":{\"@id\":\"https:\\\/\\\/www.altominho.tv\\\/site\\\/2025\\\/07\\\/04\\\/valenca-recebe-open-de-judo-da-eurocidade-com-a-presenca-de-mais-de-440-atletas\\\/\"},\"wordCount\":217,\"image\":{\"@id\":\"https:\\\/\\\/www.altominho.tv\\\/site\\\/2025\\\/07\\\/04\\\/valenca-recebe-open-de-judo-da-eurocidade-com-a-presenca-de-mais-de-440-atletas\\\/#primaryimage\"},\"thumbnailUrl\":\"https:\\\/\\\/www.altominho.tv\\\/site\\\/wp-content\\\/uploads\\\/2025\\\/07\\\/judo-valenca.jpg\",\"keywords\":[\"Desporto\"],\"articleSection\":[\"Valen\u00e7a\"],\"inLanguage\":\"pt-PT\",\"copyrightYear\":\"2025\",\"copyrightHolder\":{\"@id\":\"https:\\\/\\\/www.altominho.tv\\\/site\\\/#organization\"}},{\"@type\":\"WebPage\",\"@id\":\"https:\\\/\\\/www.altominho.tv\\\/site\\\/2025\\\/07\\\/04\\\/valenca-recebe-open-de-judo-da-eurocidade-com-a-presenca-de-mais-de-440-atletas\\\/\",\"url\":\"https:\\\/\\\/www.altominho.tv\\\/site\\\/2025\\\/07\\\/04\\\/valenca-recebe-open-de-judo-da-eurocidade-com-a-presenca-de-mais-de-440-atletas\\\/\",\"name\":\"Valen\u00e7a recebe Open de Judo da Eurocidade com a presen\u00e7a de mais de 440 atletas\u00a0\",\"isPartOf\":{\"@id\":\"https:\\\/\\\/www.altominho.tv\\\/site\\\/#website\"},\"primaryImageOfPage\":{\"@id\":\"https:\\\/\\\/www.altominho.tv\\\/site\\\/2025\\\/07\\\/04\\\/valenca-recebe-open-de-judo-da-eurocidade-com-a-presenca-de-mais-de-440-atletas\\\/#primaryimage\"},\"image\":{\"@id\":\"https:\\\/\\\/www.altominho.tv\\\/site\\\/2025\\\/07\\\/04\\\/valenca-recebe-open-de-judo-da-eurocidade-com-a-presenca-de-mais-de-440-atletas\\\/#primaryimage\"},\"thumbnailUrl\":\"https:\\\/\\\/www.altominho.tv\\\/site\\\/wp-content\\\/uploads\\\/2025\\\/07\\\/judo-valenca.jpg\",\"datePublished\":\"2025-07-04T11:36:20+00:00\",\"dateModified\":\"2025-07-04T11:36:22+00:00\",\"author\":{\"@id\":\"https:\\\/\\\/www.altominho.tv\\\/site\\\/#\\\/schema\\\/person\\\/4e536851627d7914baf3dac752b6af22\"},\"description\":\"O Pavilh\u00e3o Multiusos de Valen\u00e7a recebe o IX\u00ba Open de Judo da Eurocidade, este fim de semana de 5 e 6 de julho, com a presen\u00e7a de mais de 440 atletas representativos de clubes de Portugal, Espanha e Andorra.\u00a0\",\"breadcrumb\":{\"@id\":\"https:\\\/\\\/www.altominho.tv\\\/site\\\/2025\\\/07\\\/04\\\/valenca-recebe-open-de-judo-da-eurocidade-com-a-presenca-de-mais-de-440-atletas\\\/#breadcrumb\"},\"inLanguage\":\"pt-PT\",\"potentialAction\":[{\"@type\":\"ReadAction\",\"target\":[\"https:\\\/\\\/www.altominho.tv\\\/site\\\/2025\\\/07\\\/04\\\/valenca-recebe-open-de-judo-da-eurocidade-com-a-presenca-de-mais-de-440-atletas\\\/\"]}]},{\"@type\":\"ImageObject\",\"inLanguage\":\"pt-PT\",\"@id\":\"https:\\\/\\\/www.altominho.tv\\\/site\\\/2025\\\/07\\\/04\\\/valenca-recebe-open-de-judo-da-eurocidade-com-a-presenca-de-mais-de-440-atletas\\\/#primaryimage\",\"url\":\"https:\\\/\\\/www.altominho.tv\\\/site\\\/wp-content\\\/uploads\\\/2025\\\/07\\\/judo-valenca.jpg\",\"contentUrl\":\"https:\\\/\\\/www.altominho.tv\\\/site\\\/wp-content\\\/uploads\\\/2025\\\/07\\\/judo-valenca.jpg\",\"width\":1200,\"height\":630},{\"@type\":\"BreadcrumbList\",\"@id\":\"https:\\\/\\\/www.altominho.tv\\\/site\\\/2025\\\/07\\\/04\\\/valenca-recebe-open-de-judo-da-eurocidade-com-a-presenca-de-mais-de-440-atletas\\\/#breadcrumb\",\"itemListElement\":[{\"@type\":\"ListItem\",\"position\":1,\"name\":\"In\u00edcio\",\"item\":\"https:\\\/\\\/www.altominho.tv\\\/site\\\/\"},{\"@type\":\"ListItem\",\"position\":2,\"name\":\"Valen\u00e7a recebe Open de Judo da Eurocidade com a presen\u00e7a de mais de 440 atletas\u00a0\"}]},{\"@type\":\"WebSite\",\"@id\":\"https:\\\/\\\/www.altominho.tv\\\/site\\\/#website\",\"url\":\"https:\\\/\\\/www.altominho.tv\\\/site\\\/\",\"name\":\"Altominho.tv\",\"description\":\"A sua regi\u00e3o \u00e0 dist\u00e2ncia de um clique...\",\"potentialAction\":[{\"@type\":\"SearchAction\",\"target\":{\"@type\":\"EntryPoint\",\"urlTemplate\":\"https:\\\/\\\/www.altominho.tv\\\/site\\\/?s={search_term_string}\"},\"query-input\":{\"@type\":\"PropertyValueSpecification\",\"valueRequired\":true,\"valueName\":\"search_term_string\"}}],\"inLanguage\":\"pt-PT\"},{\"@type\":\"Person\",\"@id\":\"https:\\\/\\\/www.altominho.tv\\\/site\\\/#\\\/schema\\\/person\\\/4e536851627d7914baf3dac752b6af22\",\"name\":\"Altominho.tv\",\"image\":{\"@type\":\"ImageObject\",\"inLanguage\":\"pt-PT\",\"@id\":\"https:\\\/\\\/www.altominho.tv\\\/site\\\/wp-content\\\/uploads\\\/2019\\\/11\\\/Logo_Avatar_2-150x150.jpg\",\"url\":\"https:\\\/\\\/www.altominho.tv\\\/site\\\/wp-content\\\/uploads\\\/2019\\\/11\\\/Logo_Avatar_2-150x150.jpg\",\"contentUrl\":\"https:\\\/\\\/www.altominho.tv\\\/site\\\/wp-content\\\/uploads\\\/2019\\\/11\\\/Logo_Avatar_2-150x150.jpg\",\"caption\":\"Altominho.tv\"},\"url\":\"https:\\\/\\\/www.altominho.tv\\\/site\\\/author\\\/altominhotv-tecnico\\\/\"}]}<\/script>\n<!-- \/ Yoast SEO Premium plugin. -->","yoast_head_json":{"title":"Valen\u00e7a recebe Open de Judo da Eurocidade com a presen\u00e7a de mais de 440 atletas\u00a0","description":"O Pavilh\u00e3o Multiusos de Valen\u00e7a recebe o IX\u00ba Open de Judo da Eurocidade, este fim de semana de 5 e 6 de julho, com a presen\u00e7a de mais de 440 atletas representativos de clubes de Portugal, Espanha e Andorra.\u00a0","robots":{"index":"index","follow":"follow","max-snippet":"max-snippet:-1","max-image-preview":"max-image-preview:large","max-video-preview":"max-video-preview:-1"},"canonical":"https:\/\/www.altominho.tv\/site\/2025\/07\/04\/valenca-recebe-open-de-judo-da-eurocidade-com-a-presenca-de-mais-de-440-atletas\/","og_locale":"pt_PT","og_type":"article","og_title":"Valen\u00e7a recebe Open de Judo da Eurocidade com a presen\u00e7a de mais de 440 atletas\u00a0","og_description":"O Pavilh\u00e3o Multiusos de Valen\u00e7a recebe o IX\u00ba Open de Judo da Eurocidade, este fim de semana de 5 e 6 de julho, com a presen\u00e7a de mais de 440 atletas representativos de clubes de Portugal, Espanha e Andorra.\u00a0","og_url":"https:\/\/www.altominho.tv\/site\/2025\/07\/04\/valenca-recebe-open-de-judo-da-eurocidade-com-a-presenca-de-mais-de-440-atletas\/","og_site_name":"Altominho.tv","article_publisher":"https:\/\/www.facebook.com\/altominhotv","article_published_time":"2025-07-04T11:36:20+00:00","article_modified_time":"2025-07-04T11:36:22+00:00","og_image":[{"width":1200,"height":630,"url":"https:\/\/www.altominho.tv\/site\/wp-content\/uploads\/2025\/07\/judo-valenca.jpg","type":"image\/jpeg"}],"author":"Altominho.tv","twitter_card":"summary_large_image","twitter_creator":"@altominhoTV","twitter_site":"@altominhoTV","twitter_misc":{"Escrito por":"Altominho.tv","Tempo estimado de leitura":"2 minutos"},"schema":{"@context":"https:\/\/schema.org","@graph":[{"@type":"Article","@id":"https:\/\/www.altominho.tv\/site\/2025\/07\/04\/valenca-recebe-open-de-judo-da-eurocidade-com-a-presenca-de-mais-de-440-atletas\/#article","isPartOf":{"@id":"https:\/\/www.altominho.tv\/site\/2025\/07\/04\/valenca-recebe-open-de-judo-da-eurocidade-com-a-presenca-de-mais-de-440-atletas\/"},"author":{"name":"Altominho.tv","@id":"https:\/\/www.altominho.tv\/site\/#\/schema\/person\/4e536851627d7914baf3dac752b6af22"},"headline":"Valen\u00e7a recebe Open de Judo da Eurocidade com a presen\u00e7a de mais de 440 atletas\u00a0","datePublished":"2025-07-04T11:36:20+00:00","dateModified":"2025-07-04T11:36:22+00:00","mainEntityOfPage":{"@id":"https:\/\/www.altominho.tv\/site\/2025\/07\/04\/valenca-recebe-open-de-judo-da-eurocidade-com-a-presenca-de-mais-de-440-atletas\/"},"wordCount":217,"image":{"@id":"https:\/\/www.altominho.tv\/site\/2025\/07\/04\/valenca-recebe-open-de-judo-da-eurocidade-com-a-presenca-de-mais-de-440-atletas\/#primaryimage"},"thumbnailUrl":"https:\/\/www.altominho.tv\/site\/wp-content\/uploads\/2025\/07\/judo-valenca.jpg","keywords":["Desporto"],"articleSection":["Valen\u00e7a"],"inLanguage":"pt-PT","copyrightYear":"2025","copyrightHolder":{"@id":"https:\/\/www.altominho.tv\/site\/#organization"}},{"@type":"WebPage","@id":"https:\/\/www.altominho.tv\/site\/2025\/07\/04\/valenca-recebe-open-de-judo-da-eurocidade-com-a-presenca-de-mais-de-440-atletas\/","url":"https:\/\/www.altominho.tv\/site\/2025\/07\/04\/valenca-recebe-open-de-judo-da-eurocidade-com-a-presenca-de-mais-de-440-atletas\/","name":"Valen\u00e7a recebe Open de Judo da Eurocidade com a presen\u00e7a de mais de 440 atletas\u00a0","isPartOf":{"@id":"https:\/\/www.altominho.tv\/site\/#website"},"primaryImageOfPage":{"@id":"https:\/\/www.altominho.tv\/site\/2025\/07\/04\/valenca-recebe-open-de-judo-da-eurocidade-com-a-presenca-de-mais-de-440-atletas\/#primaryimage"},"image":{"@id":"https:\/\/www.altominho.tv\/site\/2025\/07\/04\/valenca-recebe-open-de-judo-da-eurocidade-com-a-presenca-de-mais-de-440-atletas\/#primaryimage"},"thumbnailUrl":"https:\/\/www.altominho.tv\/site\/wp-content\/uploads\/2025\/07\/judo-valenca.jpg","datePublished":"2025-07-04T11:36:20+00:00","dateModified":"2025-07-04T11:36:22+00:00","author":{"@id":"https:\/\/www.altominho.tv\/site\/#\/schema\/person\/4e536851627d7914baf3dac752b6af22"},"description":"O Pavilh\u00e3o Multiusos de Valen\u00e7a recebe o IX\u00ba Open de Judo da Eurocidade, este fim de semana de 5 e 6 de julho, com a presen\u00e7a de mais de 440 atletas representativos de clubes de Portugal, Espanha e Andorra.\u00a0","breadcrumb":{"@id":"https:\/\/www.altominho.tv\/site\/2025\/07\/04\/valenca-recebe-open-de-judo-da-eurocidade-com-a-presenca-de-mais-de-440-atletas\/#breadcrumb"},"inLanguage":"pt-PT","potentialAction":[{"@type":"ReadAction","target":["https:\/\/www.altominho.tv\/site\/2025\/07\/04\/valenca-recebe-open-de-judo-da-eurocidade-com-a-presenca-de-mais-de-440-atletas\/"]}]},{"@type":"ImageObject","inLanguage":"pt-PT","@id":"https:\/\/www.altominho.tv\/site\/2025\/07\/04\/valenca-recebe-open-de-judo-da-eurocidade-com-a-presenca-de-mais-de-440-atletas\/#primaryimage","url":"https:\/\/www.altominho.tv\/site\/wp-content\/uploads\/2025\/07\/judo-valenca.jpg","contentUrl":"https:\/\/www.altominho.tv\/site\/wp-content\/uploads\/2025\/07\/judo-valenca.jpg","width":1200,"height":630},{"@type":"BreadcrumbList","@id":"https:\/\/www.altominho.tv\/site\/2025\/07\/04\/valenca-recebe-open-de-judo-da-eurocidade-com-a-presenca-de-mais-de-440-atletas\/#breadcrumb","itemListElement":[{"@type":"ListItem","position":1,"name":"In\u00edcio","item":"https:\/\/www.altominho.tv\/site\/"},{"@type":"ListItem","position":2,"name":"Valen\u00e7a recebe Open de Judo da Eurocidade com a presen\u00e7a de mais de 440 atletas\u00a0"}]},{"@type":"WebSite","@id":"https:\/\/www.altominho.tv\/site\/#website","url":"https:\/\/www.altominho.tv\/site\/","name":"Altominho.tv","description":"A sua regi\u00e3o \u00e0 dist\u00e2ncia de um clique...","potentialAction":[{"@type":"SearchAction","target":{"@type":"EntryPoint","urlTemplate":"https:\/\/www.altominho.tv\/site\/?s={search_term_string}"},"query-input":{"@type":"PropertyValueSpecification","valueRequired":true,"valueName":"search_term_string"}}],"inLanguage":"pt-PT"},{"@type":"Person","@id":"https:\/\/www.altominho.tv\/site\/#\/schema\/person\/4e536851627d7914baf3dac752b6af22","name":"Altominho.tv","image":{"@type":"ImageObject","inLanguage":"pt-PT","@id":"https:\/\/www.altominho.tv\/site\/wp-content\/uploads\/2019\/11\/Logo_Avatar_2-150x150.jpg","url":"https:\/\/www.altominho.tv\/site\/wp-content\/uploads\/2019\/11\/Logo_Avatar_2-150x150.jpg","contentUrl":"https:\/\/www.altominho.tv\/site\/wp-content\/uploads\/2019\/11\/Logo_Avatar_2-150x150.jpg","caption":"Altominho.tv"},"url":"https:\/\/www.altominho.tv\/site\/author\/altominhotv-tecnico\/"}]}},"_links":{"self":[{"href":"https:\/\/www.altominho.tv\/site\/wp-json\/wp\/v2\/posts\/120404","targetHints":{"allow":["GET"]}}],"collection":[{"href":"https:\/\/www.altominho.tv\/site\/wp-json\/wp\/v2\/posts"}],"about":[{"href":"https:\/\/www.altominho.tv\/site\/wp-json\/wp\/v2\/types\/post"}],"author":[{"embeddable":true,"href":"https:\/\/www.altominho.tv\/site\/wp-json\/wp\/v2\/users\/1"}],"replies":[{"embeddable":true,"href":"https:\/\/www.altominho.tv\/site\/wp-json\/wp\/v2\/comments?post=120404"}],"version-history":[{"count":1,"href":"https:\/\/www.altominho.tv\/site\/wp-json\/wp\/v2\/posts\/120404\/revisions"}],"predecessor-version":[{"id":120406,"href":"https:\/\/www.altominho.tv\/site\/wp-json\/wp\/v2\/posts\/120404\/revisions\/120406"}],"wp:featuredmedia":[{"embeddable":true,"href":"https:\/\/www.altominho.tv\/site\/wp-json\/wp\/v2\/media\/120405"}],"wp:attachment":[{"href":"https:\/\/www.altominho.tv\/site\/wp-json\/wp\/v2\/media?parent=120404"}],"wp:term":[{"taxonomy":"category","embeddable":true,"href":"https:\/\/www.altominho.tv\/site\/wp-json\/wp\/v2\/categories?post=120404"},{"taxonomy":"post_tag","embeddable":true,"href":"https:\/\/www.altominho.tv\/site\/wp-json\/wp\/v2\/tags?post=120404"}],"curies":[{"name":"wp","href":"https:\/\/api.w.org\/{rel}","templated":true}]}}