{"id":120388,"date":"2025-07-04T11:14:44","date_gmt":"2025-07-04T10:14:44","guid":{"rendered":"https:\/\/www.altominho.tv\/site\/?p=120388"},"modified":"2025-07-04T11:14:46","modified_gmt":"2025-07-04T10:14:46","slug":"elisabete-domingues-e-a-candidata-do-psd-a-camara-municipal-de-valenca","status":"publish","type":"post","link":"https:\/\/www.altominho.tv\/site\/2025\/07\/04\/elisabete-domingues-e-a-candidata-do-psd-a-camara-municipal-de-valenca\/","title":{"rendered":"Elisabete Domingues \u00e9 a candidata do PSD \u00e0 C\u00e2mara Municipal de Valen\u00e7a"},"content":{"rendered":"<p><span data-contrast=\"auto\">O Partido Social Democrata (PSD) anunciou Elisabete Domingues como candidata \u00e0 presid\u00eancia da C\u00e2mara Municipal de Valen\u00e7a nas pr\u00f3ximas elei\u00e7\u00f5es aut\u00e1rquicas. Atual vereadora eleita pelo PSD, Elisabete Domingues apresenta-se com uma candidatura que pretende marcar um novo ciclo pol\u00edtico no concelho.<\/span><span data-ccp-props=\"{}\">\u00a0<\/span><\/p>\n<p><span data-contrast=\"auto\">A escolha da candidata foi descrita como un\u00e2nime e enquadra-se na estrat\u00e9gia do partido para reconquistar a autarquia, atualmente liderada pelo Partido Socialista (PS), que venceu as \u00faltimas elei\u00e7\u00f5es aut\u00e1rquicas em 2021, com 40,01% dos votos, elegendo tr\u00eas vereadores.<\/span><span data-ccp-props=\"{}\">\u00a0<\/span><\/p>\n<p><span data-contrast=\"auto\">Nessa elei\u00e7\u00e3o, o PSD, ent\u00e3o liderado por Manuel Lopes, obteve 28,16%, ficando como segunda for\u00e7a pol\u00edtica, com dois vereadores. O movimento independente Fortalecer Valen\u00e7a conquistou tamb\u00e9m dois lugares no executivo, com 20,40% dos votos. A taxa de absten\u00e7\u00e3o foi de 35%.<\/span><span data-ccp-props=\"{}\">\u00a0<\/span><\/p>\n<p><span data-contrast=\"auto\">Com esta candidatura, o PSD Valen\u00e7a pretende refor\u00e7ar a sua presen\u00e7a pol\u00edtica e apresentar uma alternativa centrada na proximidade com os cidad\u00e3os e no desenvolvimento do concelho.<\/span><span data-ccp-props=\"{}\">\u00a0<\/span><\/p>\n","protected":false},"excerpt":{"rendered":"<p>O Partido Social Democrata (PSD) anunciou Elisabete Domingues como candidata \u00e0 presid\u00eancia da C\u00e2mara Municipal de Valen\u00e7a nas pr\u00f3ximas elei\u00e7\u00f5es aut\u00e1rquicas. Atual vereadora eleita pelo PSD, Elisabete Domingues apresenta-se com uma candidatura que pretende marcar um novo ciclo pol\u00edtico no concelho.\u00a0 A escolha da candidata foi descrita como un\u00e2nime e enquadra-se na estrat\u00e9gia do partido [&hellip;]<\/p>\n","protected":false},"author":1,"featured_media":120389,"comment_status":"closed","ping_status":"closed","sticky":false,"template":"","format":"standard","meta":{"_exactmetrics_skip_tracking":false,"_exactmetrics_sitenote_active":false,"_exactmetrics_sitenote_note":"","_exactmetrics_sitenote_category":0,"footnotes":""},"categories":[13],"tags":[56326],"class_list":["post-120388","post","type-post","status-publish","format-standard","has-post-thumbnail","hentry","category-valenca","tag-politica"],"yoast_head":"<!-- This site is optimized with the Yoast SEO Premium plugin v27.5 (Yoast SEO v27.5) - https:\/\/yoast.com\/product\/yoast-seo-premium-wordpress\/ -->\n<title>Elisabete Domingues \u00e9 a candidata do PSD \u00e0 C\u00e2mara Municipal de Valen\u00e7a<\/title>\n<meta name=\"description\" content=\"O Partido Social Democrata (PSD) anunciou Elisabete Domingues como candidata \u00e0 presid\u00eancia da C\u00e2mara Municipal de Valen\u00e7a nas pr\u00f3ximas elei\u00e7\u00f5es aut\u00e1rquicas.\" \/>\n<meta name=\"robots\" content=\"index, follow, max-snippet:-1, max-image-preview:large, max-video-preview:-1\" \/>\n<link rel=\"canonical\" href=\"https:\/\/www.altominho.tv\/site\/2025\/07\/04\/elisabete-domingues-e-a-candidata-do-psd-a-camara-municipal-de-valenca\/\" \/>\n<meta property=\"og:locale\" content=\"pt_PT\" \/>\n<meta property=\"og:type\" content=\"article\" \/>\n<meta property=\"og:title\" content=\"Elisabete Domingues \u00e9 a candidata do PSD \u00e0 C\u00e2mara Municipal de Valen\u00e7a\" \/>\n<meta property=\"og:description\" content=\"O Partido Social Democrata (PSD) anunciou Elisabete Domingues como candidata \u00e0 presid\u00eancia da C\u00e2mara Municipal de Valen\u00e7a nas pr\u00f3ximas elei\u00e7\u00f5es aut\u00e1rquicas.\" \/>\n<meta property=\"og:url\" content=\"https:\/\/www.altominho.tv\/site\/2025\/07\/04\/elisabete-domingues-e-a-candidata-do-psd-a-camara-municipal-de-valenca\/\" \/>\n<meta property=\"og:site_name\" content=\"Altominho.tv\" \/>\n<meta property=\"article:publisher\" content=\"https:\/\/www.facebook.com\/altominhotv\" \/>\n<meta property=\"article:published_time\" content=\"2025-07-04T10:14:44+00:00\" \/>\n<meta property=\"article:modified_time\" content=\"2025-07-04T10:14:46+00:00\" \/>\n<meta property=\"og:image\" content=\"https:\/\/www.altominho.tv\/site\/wp-content\/uploads\/2025\/07\/Elisabete-Valenca.jpg\" \/>\n\t<meta property=\"og:image:width\" content=\"1200\" \/>\n\t<meta property=\"og:image:height\" content=\"630\" \/>\n\t<meta property=\"og:image:type\" content=\"image\/jpeg\" \/>\n<meta name=\"author\" content=\"Altominho.tv\" \/>\n<meta name=\"twitter:card\" content=\"summary_large_image\" \/>\n<meta name=\"twitter:creator\" content=\"@altominhoTV\" \/>\n<meta name=\"twitter:site\" content=\"@altominhoTV\" \/>\n<meta name=\"twitter:label1\" content=\"Escrito por\" \/>\n\t<meta name=\"twitter:data1\" content=\"Altominho.tv\" \/>\n\t<meta name=\"twitter:label2\" content=\"Tempo estimado de leitura\" \/>\n\t<meta name=\"twitter:data2\" content=\"2 minutos\" \/>\n<script type=\"application\/ld+json\" class=\"yoast-schema-graph\">{\"@context\":\"https:\\\/\\\/schema.org\",\"@graph\":[{\"@type\":\"Article\",\"@id\":\"https:\\\/\\\/www.altominho.tv\\\/site\\\/2025\\\/07\\\/04\\\/elisabete-domingues-e-a-candidata-do-psd-a-camara-municipal-de-valenca\\\/#article\",\"isPartOf\":{\"@id\":\"https:\\\/\\\/www.altominho.tv\\\/site\\\/2025\\\/07\\\/04\\\/elisabete-domingues-e-a-candidata-do-psd-a-camara-municipal-de-valenca\\\/\"},\"author\":{\"name\":\"Altominho.tv\",\"@id\":\"https:\\\/\\\/www.altominho.tv\\\/site\\\/#\\\/schema\\\/person\\\/4e536851627d7914baf3dac752b6af22\"},\"headline\":\"Elisabete Domingues \u00e9 a candidata do PSD \u00e0 C\u00e2mara Municipal de Valen\u00e7a\",\"datePublished\":\"2025-07-04T10:14:44+00:00\",\"dateModified\":\"2025-07-04T10:14:46+00:00\",\"mainEntityOfPage\":{\"@id\":\"https:\\\/\\\/www.altominho.tv\\\/site\\\/2025\\\/07\\\/04\\\/elisabete-domingues-e-a-candidata-do-psd-a-camara-municipal-de-valenca\\\/\"},\"wordCount\":178,\"image\":{\"@id\":\"https:\\\/\\\/www.altominho.tv\\\/site\\\/2025\\\/07\\\/04\\\/elisabete-domingues-e-a-candidata-do-psd-a-camara-municipal-de-valenca\\\/#primaryimage\"},\"thumbnailUrl\":\"https:\\\/\\\/www.altominho.tv\\\/site\\\/wp-content\\\/uploads\\\/2025\\\/07\\\/Elisabete-Valenca.jpg\",\"keywords\":[\"Pol\u00edtica\"],\"articleSection\":[\"Valen\u00e7a\"],\"inLanguage\":\"pt-PT\",\"copyrightYear\":\"2025\",\"copyrightHolder\":{\"@id\":\"https:\\\/\\\/www.altominho.tv\\\/site\\\/#organization\"}},{\"@type\":\"WebPage\",\"@id\":\"https:\\\/\\\/www.altominho.tv\\\/site\\\/2025\\\/07\\\/04\\\/elisabete-domingues-e-a-candidata-do-psd-a-camara-municipal-de-valenca\\\/\",\"url\":\"https:\\\/\\\/www.altominho.tv\\\/site\\\/2025\\\/07\\\/04\\\/elisabete-domingues-e-a-candidata-do-psd-a-camara-municipal-de-valenca\\\/\",\"name\":\"Elisabete Domingues \u00e9 a candidata do PSD \u00e0 C\u00e2mara Municipal de Valen\u00e7a\",\"isPartOf\":{\"@id\":\"https:\\\/\\\/www.altominho.tv\\\/site\\\/#website\"},\"primaryImageOfPage\":{\"@id\":\"https:\\\/\\\/www.altominho.tv\\\/site\\\/2025\\\/07\\\/04\\\/elisabete-domingues-e-a-candidata-do-psd-a-camara-municipal-de-valenca\\\/#primaryimage\"},\"image\":{\"@id\":\"https:\\\/\\\/www.altominho.tv\\\/site\\\/2025\\\/07\\\/04\\\/elisabete-domingues-e-a-candidata-do-psd-a-camara-municipal-de-valenca\\\/#primaryimage\"},\"thumbnailUrl\":\"https:\\\/\\\/www.altominho.tv\\\/site\\\/wp-content\\\/uploads\\\/2025\\\/07\\\/Elisabete-Valenca.jpg\",\"datePublished\":\"2025-07-04T10:14:44+00:00\",\"dateModified\":\"2025-07-04T10:14:46+00:00\",\"author\":{\"@id\":\"https:\\\/\\\/www.altominho.tv\\\/site\\\/#\\\/schema\\\/person\\\/4e536851627d7914baf3dac752b6af22\"},\"description\":\"O Partido Social Democrata (PSD) anunciou Elisabete Domingues como candidata \u00e0 presid\u00eancia da C\u00e2mara Municipal de Valen\u00e7a nas pr\u00f3ximas elei\u00e7\u00f5es aut\u00e1rquicas.\",\"breadcrumb\":{\"@id\":\"https:\\\/\\\/www.altominho.tv\\\/site\\\/2025\\\/07\\\/04\\\/elisabete-domingues-e-a-candidata-do-psd-a-camara-municipal-de-valenca\\\/#breadcrumb\"},\"inLanguage\":\"pt-PT\",\"potentialAction\":[{\"@type\":\"ReadAction\",\"target\":[\"https:\\\/\\\/www.altominho.tv\\\/site\\\/2025\\\/07\\\/04\\\/elisabete-domingues-e-a-candidata-do-psd-a-camara-municipal-de-valenca\\\/\"]}]},{\"@type\":\"ImageObject\",\"inLanguage\":\"pt-PT\",\"@id\":\"https:\\\/\\\/www.altominho.tv\\\/site\\\/2025\\\/07\\\/04\\\/elisabete-domingues-e-a-candidata-do-psd-a-camara-municipal-de-valenca\\\/#primaryimage\",\"url\":\"https:\\\/\\\/www.altominho.tv\\\/site\\\/wp-content\\\/uploads\\\/2025\\\/07\\\/Elisabete-Valenca.jpg\",\"contentUrl\":\"https:\\\/\\\/www.altominho.tv\\\/site\\\/wp-content\\\/uploads\\\/2025\\\/07\\\/Elisabete-Valenca.jpg\",\"width\":1200,\"height\":630},{\"@type\":\"BreadcrumbList\",\"@id\":\"https:\\\/\\\/www.altominho.tv\\\/site\\\/2025\\\/07\\\/04\\\/elisabete-domingues-e-a-candidata-do-psd-a-camara-municipal-de-valenca\\\/#breadcrumb\",\"itemListElement\":[{\"@type\":\"ListItem\",\"position\":1,\"name\":\"In\u00edcio\",\"item\":\"https:\\\/\\\/www.altominho.tv\\\/site\\\/\"},{\"@type\":\"ListItem\",\"position\":2,\"name\":\"Elisabete Domingues \u00e9 a candidata do PSD \u00e0 C\u00e2mara Municipal de Valen\u00e7a\"}]},{\"@type\":\"WebSite\",\"@id\":\"https:\\\/\\\/www.altominho.tv\\\/site\\\/#website\",\"url\":\"https:\\\/\\\/www.altominho.tv\\\/site\\\/\",\"name\":\"Altominho.tv\",\"description\":\"A sua regi\u00e3o \u00e0 dist\u00e2ncia de um clique...\",\"potentialAction\":[{\"@type\":\"SearchAction\",\"target\":{\"@type\":\"EntryPoint\",\"urlTemplate\":\"https:\\\/\\\/www.altominho.tv\\\/site\\\/?s={search_term_string}\"},\"query-input\":{\"@type\":\"PropertyValueSpecification\",\"valueRequired\":true,\"valueName\":\"search_term_string\"}}],\"inLanguage\":\"pt-PT\"},{\"@type\":\"Person\",\"@id\":\"https:\\\/\\\/www.altominho.tv\\\/site\\\/#\\\/schema\\\/person\\\/4e536851627d7914baf3dac752b6af22\",\"name\":\"Altominho.tv\",\"image\":{\"@type\":\"ImageObject\",\"inLanguage\":\"pt-PT\",\"@id\":\"https:\\\/\\\/www.altominho.tv\\\/site\\\/wp-content\\\/uploads\\\/2019\\\/11\\\/Logo_Avatar_2-150x150.jpg\",\"url\":\"https:\\\/\\\/www.altominho.tv\\\/site\\\/wp-content\\\/uploads\\\/2019\\\/11\\\/Logo_Avatar_2-150x150.jpg\",\"contentUrl\":\"https:\\\/\\\/www.altominho.tv\\\/site\\\/wp-content\\\/uploads\\\/2019\\\/11\\\/Logo_Avatar_2-150x150.jpg\",\"caption\":\"Altominho.tv\"},\"url\":\"https:\\\/\\\/www.altominho.tv\\\/site\\\/author\\\/altominhotv-tecnico\\\/\"}]}<\/script>\n<!-- \/ Yoast SEO Premium plugin. -->","yoast_head_json":{"title":"Elisabete Domingues \u00e9 a candidata do PSD \u00e0 C\u00e2mara Municipal de Valen\u00e7a","description":"O Partido Social Democrata (PSD) anunciou Elisabete Domingues como candidata \u00e0 presid\u00eancia da C\u00e2mara Municipal de Valen\u00e7a nas pr\u00f3ximas elei\u00e7\u00f5es aut\u00e1rquicas.","robots":{"index":"index","follow":"follow","max-snippet":"max-snippet:-1","max-image-preview":"max-image-preview:large","max-video-preview":"max-video-preview:-1"},"canonical":"https:\/\/www.altominho.tv\/site\/2025\/07\/04\/elisabete-domingues-e-a-candidata-do-psd-a-camara-municipal-de-valenca\/","og_locale":"pt_PT","og_type":"article","og_title":"Elisabete Domingues \u00e9 a candidata do PSD \u00e0 C\u00e2mara Municipal de Valen\u00e7a","og_description":"O Partido Social Democrata (PSD) anunciou Elisabete Domingues como candidata \u00e0 presid\u00eancia da C\u00e2mara Municipal de Valen\u00e7a nas pr\u00f3ximas elei\u00e7\u00f5es aut\u00e1rquicas.","og_url":"https:\/\/www.altominho.tv\/site\/2025\/07\/04\/elisabete-domingues-e-a-candidata-do-psd-a-camara-municipal-de-valenca\/","og_site_name":"Altominho.tv","article_publisher":"https:\/\/www.facebook.com\/altominhotv","article_published_time":"2025-07-04T10:14:44+00:00","article_modified_time":"2025-07-04T10:14:46+00:00","og_image":[{"width":1200,"height":630,"url":"https:\/\/www.altominho.tv\/site\/wp-content\/uploads\/2025\/07\/Elisabete-Valenca.jpg","type":"image\/jpeg"}],"author":"Altominho.tv","twitter_card":"summary_large_image","twitter_creator":"@altominhoTV","twitter_site":"@altominhoTV","twitter_misc":{"Escrito por":"Altominho.tv","Tempo estimado de leitura":"2 minutos"},"schema":{"@context":"https:\/\/schema.org","@graph":[{"@type":"Article","@id":"https:\/\/www.altominho.tv\/site\/2025\/07\/04\/elisabete-domingues-e-a-candidata-do-psd-a-camara-municipal-de-valenca\/#article","isPartOf":{"@id":"https:\/\/www.altominho.tv\/site\/2025\/07\/04\/elisabete-domingues-e-a-candidata-do-psd-a-camara-municipal-de-valenca\/"},"author":{"name":"Altominho.tv","@id":"https:\/\/www.altominho.tv\/site\/#\/schema\/person\/4e536851627d7914baf3dac752b6af22"},"headline":"Elisabete Domingues \u00e9 a candidata do PSD \u00e0 C\u00e2mara Municipal de Valen\u00e7a","datePublished":"2025-07-04T10:14:44+00:00","dateModified":"2025-07-04T10:14:46+00:00","mainEntityOfPage":{"@id":"https:\/\/www.altominho.tv\/site\/2025\/07\/04\/elisabete-domingues-e-a-candidata-do-psd-a-camara-municipal-de-valenca\/"},"wordCount":178,"image":{"@id":"https:\/\/www.altominho.tv\/site\/2025\/07\/04\/elisabete-domingues-e-a-candidata-do-psd-a-camara-municipal-de-valenca\/#primaryimage"},"thumbnailUrl":"https:\/\/www.altominho.tv\/site\/wp-content\/uploads\/2025\/07\/Elisabete-Valenca.jpg","keywords":["Pol\u00edtica"],"articleSection":["Valen\u00e7a"],"inLanguage":"pt-PT","copyrightYear":"2025","copyrightHolder":{"@id":"https:\/\/www.altominho.tv\/site\/#organization"}},{"@type":"WebPage","@id":"https:\/\/www.altominho.tv\/site\/2025\/07\/04\/elisabete-domingues-e-a-candidata-do-psd-a-camara-municipal-de-valenca\/","url":"https:\/\/www.altominho.tv\/site\/2025\/07\/04\/elisabete-domingues-e-a-candidata-do-psd-a-camara-municipal-de-valenca\/","name":"Elisabete Domingues \u00e9 a candidata do PSD \u00e0 C\u00e2mara Municipal de Valen\u00e7a","isPartOf":{"@id":"https:\/\/www.altominho.tv\/site\/#website"},"primaryImageOfPage":{"@id":"https:\/\/www.altominho.tv\/site\/2025\/07\/04\/elisabete-domingues-e-a-candidata-do-psd-a-camara-municipal-de-valenca\/#primaryimage"},"image":{"@id":"https:\/\/www.altominho.tv\/site\/2025\/07\/04\/elisabete-domingues-e-a-candidata-do-psd-a-camara-municipal-de-valenca\/#primaryimage"},"thumbnailUrl":"https:\/\/www.altominho.tv\/site\/wp-content\/uploads\/2025\/07\/Elisabete-Valenca.jpg","datePublished":"2025-07-04T10:14:44+00:00","dateModified":"2025-07-04T10:14:46+00:00","author":{"@id":"https:\/\/www.altominho.tv\/site\/#\/schema\/person\/4e536851627d7914baf3dac752b6af22"},"description":"O Partido Social Democrata (PSD) anunciou Elisabete Domingues como candidata \u00e0 presid\u00eancia da C\u00e2mara Municipal de Valen\u00e7a nas pr\u00f3ximas elei\u00e7\u00f5es aut\u00e1rquicas.","breadcrumb":{"@id":"https:\/\/www.altominho.tv\/site\/2025\/07\/04\/elisabete-domingues-e-a-candidata-do-psd-a-camara-municipal-de-valenca\/#breadcrumb"},"inLanguage":"pt-PT","potentialAction":[{"@type":"ReadAction","target":["https:\/\/www.altominho.tv\/site\/2025\/07\/04\/elisabete-domingues-e-a-candidata-do-psd-a-camara-municipal-de-valenca\/"]}]},{"@type":"ImageObject","inLanguage":"pt-PT","@id":"https:\/\/www.altominho.tv\/site\/2025\/07\/04\/elisabete-domingues-e-a-candidata-do-psd-a-camara-municipal-de-valenca\/#primaryimage","url":"https:\/\/www.altominho.tv\/site\/wp-content\/uploads\/2025\/07\/Elisabete-Valenca.jpg","contentUrl":"https:\/\/www.altominho.tv\/site\/wp-content\/uploads\/2025\/07\/Elisabete-Valenca.jpg","width":1200,"height":630},{"@type":"BreadcrumbList","@id":"https:\/\/www.altominho.tv\/site\/2025\/07\/04\/elisabete-domingues-e-a-candidata-do-psd-a-camara-municipal-de-valenca\/#breadcrumb","itemListElement":[{"@type":"ListItem","position":1,"name":"In\u00edcio","item":"https:\/\/www.altominho.tv\/site\/"},{"@type":"ListItem","position":2,"name":"Elisabete Domingues \u00e9 a candidata do PSD \u00e0 C\u00e2mara Municipal de Valen\u00e7a"}]},{"@type":"WebSite","@id":"https:\/\/www.altominho.tv\/site\/#website","url":"https:\/\/www.altominho.tv\/site\/","name":"Altominho.tv","description":"A sua regi\u00e3o \u00e0 dist\u00e2ncia de um clique...","potentialAction":[{"@type":"SearchAction","target":{"@type":"EntryPoint","urlTemplate":"https:\/\/www.altominho.tv\/site\/?s={search_term_string}"},"query-input":{"@type":"PropertyValueSpecification","valueRequired":true,"valueName":"search_term_string"}}],"inLanguage":"pt-PT"},{"@type":"Person","@id":"https:\/\/www.altominho.tv\/site\/#\/schema\/person\/4e536851627d7914baf3dac752b6af22","name":"Altominho.tv","image":{"@type":"ImageObject","inLanguage":"pt-PT","@id":"https:\/\/www.altominho.tv\/site\/wp-content\/uploads\/2019\/11\/Logo_Avatar_2-150x150.jpg","url":"https:\/\/www.altominho.tv\/site\/wp-content\/uploads\/2019\/11\/Logo_Avatar_2-150x150.jpg","contentUrl":"https:\/\/www.altominho.tv\/site\/wp-content\/uploads\/2019\/11\/Logo_Avatar_2-150x150.jpg","caption":"Altominho.tv"},"url":"https:\/\/www.altominho.tv\/site\/author\/altominhotv-tecnico\/"}]}},"_links":{"self":[{"href":"https:\/\/www.altominho.tv\/site\/wp-json\/wp\/v2\/posts\/120388","targetHints":{"allow":["GET"]}}],"collection":[{"href":"https:\/\/www.altominho.tv\/site\/wp-json\/wp\/v2\/posts"}],"about":[{"href":"https:\/\/www.altominho.tv\/site\/wp-json\/wp\/v2\/types\/post"}],"author":[{"embeddable":true,"href":"https:\/\/www.altominho.tv\/site\/wp-json\/wp\/v2\/users\/1"}],"replies":[{"embeddable":true,"href":"https:\/\/www.altominho.tv\/site\/wp-json\/wp\/v2\/comments?post=120388"}],"version-history":[{"count":1,"href":"https:\/\/www.altominho.tv\/site\/wp-json\/wp\/v2\/posts\/120388\/revisions"}],"predecessor-version":[{"id":120390,"href":"https:\/\/www.altominho.tv\/site\/wp-json\/wp\/v2\/posts\/120388\/revisions\/120390"}],"wp:featuredmedia":[{"embeddable":true,"href":"https:\/\/www.altominho.tv\/site\/wp-json\/wp\/v2\/media\/120389"}],"wp:attachment":[{"href":"https:\/\/www.altominho.tv\/site\/wp-json\/wp\/v2\/media?parent=120388"}],"wp:term":[{"taxonomy":"category","embeddable":true,"href":"https:\/\/www.altominho.tv\/site\/wp-json\/wp\/v2\/categories?post=120388"},{"taxonomy":"post_tag","embeddable":true,"href":"https:\/\/www.altominho.tv\/site\/wp-json\/wp\/v2\/tags?post=120388"}],"curies":[{"name":"wp","href":"https:\/\/api.w.org\/{rel}","templated":true}]}}