{"id":120378,"date":"2025-07-04T09:56:42","date_gmt":"2025-07-04T08:56:42","guid":{"rendered":"https:\/\/www.altominho.tv\/site\/?p=120378"},"modified":"2025-07-04T09:56:44","modified_gmt":"2025-07-04T08:56:44","slug":"espetaculo-comunitario-murmurio-estreia-este-fim-de-semana-em-paredes-de-coura","status":"publish","type":"post","link":"https:\/\/www.altominho.tv\/site\/2025\/07\/04\/espetaculo-comunitario-murmurio-estreia-este-fim-de-semana-em-paredes-de-coura\/","title":{"rendered":"Espet\u00e1culo comunit\u00e1rio \u201cMurm\u00fario\u201d estreia este fim de semana em Paredes de Coura"},"content":{"rendered":"<p><span data-contrast=\"auto\">O Monte de S\u00e3o Silvestre, em Paredes de Coura, recebe este s\u00e1bado e domingo, dias 5 e 6 de julho, pelas 18h00, a apresenta\u00e7\u00e3o do espet\u00e1culo comunit\u00e1rio \u201cMurm\u00fario\u201d, com entrada livre.<\/span><span data-ccp-props=\"{}\">\u00a0<\/span><\/p>\n<p><span data-contrast=\"auto\">Com texto e encena\u00e7\u00e3o de Gon\u00e7alo Fonseca e ilustra\u00e7\u00e3o musical de Vitor Hugo Barros, a cria\u00e7\u00e3o conta com a participa\u00e7\u00e3o da comunidade local e do coro Coura\u00e7\u00e3o, num projeto promovido pelo Munic\u00edpio de Paredes de Coura, com apoio da DGArtes.<\/span><span data-ccp-props=\"{}\">\u00a0<\/span><\/p>\n<p><span data-contrast=\"auto\">Inspirado na rela\u00e7\u00e3o \u00edntima entre as pessoas e a paisagem, \u201cMurm\u00fario\u201d cruza m\u00fasica, palavra e mem\u00f3ria, celebrando quem nasceu, partiu ou escolheu ficar neste territ\u00f3rio.<\/span><span data-ccp-props=\"{}\">\u00a0<\/span><\/p>\n<p><span data-contrast=\"auto\">O espet\u00e1culo prop\u00f5e uma homenagem po\u00e9tica ao lugar e \u00e0 identidade coletiva, num palco natural onde o tempo abranda e as vozes locais se unem ao som do vento e da terra.<\/span><span data-ccp-props=\"{}\">\u00a0<\/span><\/p>\n","protected":false},"excerpt":{"rendered":"<p>O Monte de S\u00e3o Silvestre, em Paredes de Coura, recebe este s\u00e1bado e domingo, dias 5 e 6 de julho, pelas 18h00, a apresenta\u00e7\u00e3o do espet\u00e1culo comunit\u00e1rio \u201cMurm\u00fario\u201d, com entrada livre.\u00a0 Com texto e encena\u00e7\u00e3o de Gon\u00e7alo Fonseca e ilustra\u00e7\u00e3o musical de Vitor Hugo Barros, a cria\u00e7\u00e3o conta com a participa\u00e7\u00e3o da comunidade local e [&hellip;]<\/p>\n","protected":false},"author":1,"featured_media":120380,"comment_status":"closed","ping_status":"closed","sticky":false,"template":"","format":"standard","meta":{"_exactmetrics_skip_tracking":false,"_exactmetrics_sitenote_active":false,"_exactmetrics_sitenote_note":"","_exactmetrics_sitenote_category":0,"footnotes":""},"categories":[10],"tags":[19],"class_list":["post-120378","post","type-post","status-publish","format-standard","has-post-thumbnail","hentry","category-paredes-de-coura","tag-cultura"],"yoast_head":"<!-- This site is optimized with the Yoast SEO Premium plugin v27.5 (Yoast SEO v27.5) - https:\/\/yoast.com\/product\/yoast-seo-premium-wordpress\/ -->\n<title>Espet\u00e1culo comunit\u00e1rio \u201cMurm\u00fario\u201d estreia este fim de semana em Paredes de Coura<\/title>\n<meta name=\"description\" content=\"O Monte de S\u00e3o Silvestre, em Paredes de Coura, recebe este s\u00e1bado e domingo, dias 5 e 6 de julho, pelas 18h00, a apresenta\u00e7\u00e3o do espet\u00e1culo comunit\u00e1rio \u201cMurm\u00fario\u201d, com entrada livre.\u00a0\" \/>\n<meta name=\"robots\" content=\"index, follow, max-snippet:-1, max-image-preview:large, max-video-preview:-1\" \/>\n<link rel=\"canonical\" href=\"https:\/\/www.altominho.tv\/site\/2025\/07\/04\/espetaculo-comunitario-murmurio-estreia-este-fim-de-semana-em-paredes-de-coura\/\" \/>\n<meta property=\"og:locale\" content=\"pt_PT\" \/>\n<meta property=\"og:type\" content=\"article\" \/>\n<meta property=\"og:title\" content=\"Espet\u00e1culo comunit\u00e1rio \u201cMurm\u00fario\u201d estreia este fim de semana em Paredes de Coura\" \/>\n<meta property=\"og:description\" content=\"O Monte de S\u00e3o Silvestre, em Paredes de Coura, recebe este s\u00e1bado e domingo, dias 5 e 6 de julho, pelas 18h00, a apresenta\u00e7\u00e3o do espet\u00e1culo comunit\u00e1rio \u201cMurm\u00fario\u201d, com entrada livre.\u00a0\" \/>\n<meta property=\"og:url\" content=\"https:\/\/www.altominho.tv\/site\/2025\/07\/04\/espetaculo-comunitario-murmurio-estreia-este-fim-de-semana-em-paredes-de-coura\/\" \/>\n<meta property=\"og:site_name\" content=\"Altominho.tv\" \/>\n<meta property=\"article:publisher\" content=\"https:\/\/www.facebook.com\/altominhotv\" \/>\n<meta property=\"article:published_time\" content=\"2025-07-04T08:56:42+00:00\" \/>\n<meta property=\"article:modified_time\" content=\"2025-07-04T08:56:44+00:00\" \/>\n<meta property=\"og:image\" content=\"https:\/\/www.altominho.tv\/site\/wp-content\/uploads\/2025\/07\/teatro-coura.jpg\" \/>\n\t<meta property=\"og:image:width\" content=\"1200\" \/>\n\t<meta property=\"og:image:height\" content=\"630\" \/>\n\t<meta property=\"og:image:type\" content=\"image\/jpeg\" \/>\n<meta name=\"author\" content=\"Altominho.tv\" \/>\n<meta name=\"twitter:card\" content=\"summary_large_image\" \/>\n<meta name=\"twitter:creator\" content=\"@altominhoTV\" \/>\n<meta name=\"twitter:site\" content=\"@altominhoTV\" \/>\n<meta name=\"twitter:label1\" content=\"Escrito por\" \/>\n\t<meta name=\"twitter:data1\" content=\"Altominho.tv\" \/>\n\t<meta name=\"twitter:label2\" content=\"Tempo estimado de leitura\" \/>\n\t<meta name=\"twitter:data2\" content=\"1 minuto\" \/>\n<script type=\"application\/ld+json\" class=\"yoast-schema-graph\">{\"@context\":\"https:\\\/\\\/schema.org\",\"@graph\":[{\"@type\":\"Article\",\"@id\":\"https:\\\/\\\/www.altominho.tv\\\/site\\\/2025\\\/07\\\/04\\\/espetaculo-comunitario-murmurio-estreia-este-fim-de-semana-em-paredes-de-coura\\\/#article\",\"isPartOf\":{\"@id\":\"https:\\\/\\\/www.altominho.tv\\\/site\\\/2025\\\/07\\\/04\\\/espetaculo-comunitario-murmurio-estreia-este-fim-de-semana-em-paredes-de-coura\\\/\"},\"author\":{\"name\":\"Altominho.tv\",\"@id\":\"https:\\\/\\\/www.altominho.tv\\\/site\\\/#\\\/schema\\\/person\\\/4e536851627d7914baf3dac752b6af22\"},\"headline\":\"Espet\u00e1culo comunit\u00e1rio \u201cMurm\u00fario\u201d estreia este fim de semana em Paredes de Coura\",\"datePublished\":\"2025-07-04T08:56:42+00:00\",\"dateModified\":\"2025-07-04T08:56:44+00:00\",\"mainEntityOfPage\":{\"@id\":\"https:\\\/\\\/www.altominho.tv\\\/site\\\/2025\\\/07\\\/04\\\/espetaculo-comunitario-murmurio-estreia-este-fim-de-semana-em-paredes-de-coura\\\/\"},\"wordCount\":161,\"image\":{\"@id\":\"https:\\\/\\\/www.altominho.tv\\\/site\\\/2025\\\/07\\\/04\\\/espetaculo-comunitario-murmurio-estreia-este-fim-de-semana-em-paredes-de-coura\\\/#primaryimage\"},\"thumbnailUrl\":\"https:\\\/\\\/www.altominho.tv\\\/site\\\/wp-content\\\/uploads\\\/2025\\\/07\\\/teatro-coura.jpg\",\"keywords\":[\"Cultura\"],\"articleSection\":[\"Paredes de Coura\"],\"inLanguage\":\"pt-PT\",\"copyrightYear\":\"2025\",\"copyrightHolder\":{\"@id\":\"https:\\\/\\\/www.altominho.tv\\\/site\\\/#organization\"}},{\"@type\":\"WebPage\",\"@id\":\"https:\\\/\\\/www.altominho.tv\\\/site\\\/2025\\\/07\\\/04\\\/espetaculo-comunitario-murmurio-estreia-este-fim-de-semana-em-paredes-de-coura\\\/\",\"url\":\"https:\\\/\\\/www.altominho.tv\\\/site\\\/2025\\\/07\\\/04\\\/espetaculo-comunitario-murmurio-estreia-este-fim-de-semana-em-paredes-de-coura\\\/\",\"name\":\"Espet\u00e1culo comunit\u00e1rio \u201cMurm\u00fario\u201d estreia este fim de semana em Paredes de Coura\",\"isPartOf\":{\"@id\":\"https:\\\/\\\/www.altominho.tv\\\/site\\\/#website\"},\"primaryImageOfPage\":{\"@id\":\"https:\\\/\\\/www.altominho.tv\\\/site\\\/2025\\\/07\\\/04\\\/espetaculo-comunitario-murmurio-estreia-este-fim-de-semana-em-paredes-de-coura\\\/#primaryimage\"},\"image\":{\"@id\":\"https:\\\/\\\/www.altominho.tv\\\/site\\\/2025\\\/07\\\/04\\\/espetaculo-comunitario-murmurio-estreia-este-fim-de-semana-em-paredes-de-coura\\\/#primaryimage\"},\"thumbnailUrl\":\"https:\\\/\\\/www.altominho.tv\\\/site\\\/wp-content\\\/uploads\\\/2025\\\/07\\\/teatro-coura.jpg\",\"datePublished\":\"2025-07-04T08:56:42+00:00\",\"dateModified\":\"2025-07-04T08:56:44+00:00\",\"author\":{\"@id\":\"https:\\\/\\\/www.altominho.tv\\\/site\\\/#\\\/schema\\\/person\\\/4e536851627d7914baf3dac752b6af22\"},\"description\":\"O Monte de S\u00e3o Silvestre, em Paredes de Coura, recebe este s\u00e1bado e domingo, dias 5 e 6 de julho, pelas 18h00, a apresenta\u00e7\u00e3o do espet\u00e1culo comunit\u00e1rio \u201cMurm\u00fario\u201d, com entrada livre.\u00a0\",\"breadcrumb\":{\"@id\":\"https:\\\/\\\/www.altominho.tv\\\/site\\\/2025\\\/07\\\/04\\\/espetaculo-comunitario-murmurio-estreia-este-fim-de-semana-em-paredes-de-coura\\\/#breadcrumb\"},\"inLanguage\":\"pt-PT\",\"potentialAction\":[{\"@type\":\"ReadAction\",\"target\":[\"https:\\\/\\\/www.altominho.tv\\\/site\\\/2025\\\/07\\\/04\\\/espetaculo-comunitario-murmurio-estreia-este-fim-de-semana-em-paredes-de-coura\\\/\"]}]},{\"@type\":\"ImageObject\",\"inLanguage\":\"pt-PT\",\"@id\":\"https:\\\/\\\/www.altominho.tv\\\/site\\\/2025\\\/07\\\/04\\\/espetaculo-comunitario-murmurio-estreia-este-fim-de-semana-em-paredes-de-coura\\\/#primaryimage\",\"url\":\"https:\\\/\\\/www.altominho.tv\\\/site\\\/wp-content\\\/uploads\\\/2025\\\/07\\\/teatro-coura.jpg\",\"contentUrl\":\"https:\\\/\\\/www.altominho.tv\\\/site\\\/wp-content\\\/uploads\\\/2025\\\/07\\\/teatro-coura.jpg\",\"width\":1200,\"height\":630},{\"@type\":\"BreadcrumbList\",\"@id\":\"https:\\\/\\\/www.altominho.tv\\\/site\\\/2025\\\/07\\\/04\\\/espetaculo-comunitario-murmurio-estreia-este-fim-de-semana-em-paredes-de-coura\\\/#breadcrumb\",\"itemListElement\":[{\"@type\":\"ListItem\",\"position\":1,\"name\":\"In\u00edcio\",\"item\":\"https:\\\/\\\/www.altominho.tv\\\/site\\\/\"},{\"@type\":\"ListItem\",\"position\":2,\"name\":\"Espet\u00e1culo comunit\u00e1rio \u201cMurm\u00fario\u201d estreia este fim de semana em Paredes de Coura\"}]},{\"@type\":\"WebSite\",\"@id\":\"https:\\\/\\\/www.altominho.tv\\\/site\\\/#website\",\"url\":\"https:\\\/\\\/www.altominho.tv\\\/site\\\/\",\"name\":\"Altominho.tv\",\"description\":\"A sua regi\u00e3o \u00e0 dist\u00e2ncia de um clique...\",\"potentialAction\":[{\"@type\":\"SearchAction\",\"target\":{\"@type\":\"EntryPoint\",\"urlTemplate\":\"https:\\\/\\\/www.altominho.tv\\\/site\\\/?s={search_term_string}\"},\"query-input\":{\"@type\":\"PropertyValueSpecification\",\"valueRequired\":true,\"valueName\":\"search_term_string\"}}],\"inLanguage\":\"pt-PT\"},{\"@type\":\"Person\",\"@id\":\"https:\\\/\\\/www.altominho.tv\\\/site\\\/#\\\/schema\\\/person\\\/4e536851627d7914baf3dac752b6af22\",\"name\":\"Altominho.tv\",\"image\":{\"@type\":\"ImageObject\",\"inLanguage\":\"pt-PT\",\"@id\":\"https:\\\/\\\/www.altominho.tv\\\/site\\\/wp-content\\\/uploads\\\/2019\\\/11\\\/Logo_Avatar_2-150x150.jpg\",\"url\":\"https:\\\/\\\/www.altominho.tv\\\/site\\\/wp-content\\\/uploads\\\/2019\\\/11\\\/Logo_Avatar_2-150x150.jpg\",\"contentUrl\":\"https:\\\/\\\/www.altominho.tv\\\/site\\\/wp-content\\\/uploads\\\/2019\\\/11\\\/Logo_Avatar_2-150x150.jpg\",\"caption\":\"Altominho.tv\"},\"url\":\"https:\\\/\\\/www.altominho.tv\\\/site\\\/author\\\/altominhotv-tecnico\\\/\"}]}<\/script>\n<!-- \/ Yoast SEO Premium plugin. -->","yoast_head_json":{"title":"Espet\u00e1culo comunit\u00e1rio \u201cMurm\u00fario\u201d estreia este fim de semana em Paredes de Coura","description":"O Monte de S\u00e3o Silvestre, em Paredes de Coura, recebe este s\u00e1bado e domingo, dias 5 e 6 de julho, pelas 18h00, a apresenta\u00e7\u00e3o do espet\u00e1culo comunit\u00e1rio \u201cMurm\u00fario\u201d, com entrada livre.\u00a0","robots":{"index":"index","follow":"follow","max-snippet":"max-snippet:-1","max-image-preview":"max-image-preview:large","max-video-preview":"max-video-preview:-1"},"canonical":"https:\/\/www.altominho.tv\/site\/2025\/07\/04\/espetaculo-comunitario-murmurio-estreia-este-fim-de-semana-em-paredes-de-coura\/","og_locale":"pt_PT","og_type":"article","og_title":"Espet\u00e1culo comunit\u00e1rio \u201cMurm\u00fario\u201d estreia este fim de semana em Paredes de Coura","og_description":"O Monte de S\u00e3o Silvestre, em Paredes de Coura, recebe este s\u00e1bado e domingo, dias 5 e 6 de julho, pelas 18h00, a apresenta\u00e7\u00e3o do espet\u00e1culo comunit\u00e1rio \u201cMurm\u00fario\u201d, com entrada livre.\u00a0","og_url":"https:\/\/www.altominho.tv\/site\/2025\/07\/04\/espetaculo-comunitario-murmurio-estreia-este-fim-de-semana-em-paredes-de-coura\/","og_site_name":"Altominho.tv","article_publisher":"https:\/\/www.facebook.com\/altominhotv","article_published_time":"2025-07-04T08:56:42+00:00","article_modified_time":"2025-07-04T08:56:44+00:00","og_image":[{"width":1200,"height":630,"url":"https:\/\/www.altominho.tv\/site\/wp-content\/uploads\/2025\/07\/teatro-coura.jpg","type":"image\/jpeg"}],"author":"Altominho.tv","twitter_card":"summary_large_image","twitter_creator":"@altominhoTV","twitter_site":"@altominhoTV","twitter_misc":{"Escrito por":"Altominho.tv","Tempo estimado de leitura":"1 minuto"},"schema":{"@context":"https:\/\/schema.org","@graph":[{"@type":"Article","@id":"https:\/\/www.altominho.tv\/site\/2025\/07\/04\/espetaculo-comunitario-murmurio-estreia-este-fim-de-semana-em-paredes-de-coura\/#article","isPartOf":{"@id":"https:\/\/www.altominho.tv\/site\/2025\/07\/04\/espetaculo-comunitario-murmurio-estreia-este-fim-de-semana-em-paredes-de-coura\/"},"author":{"name":"Altominho.tv","@id":"https:\/\/www.altominho.tv\/site\/#\/schema\/person\/4e536851627d7914baf3dac752b6af22"},"headline":"Espet\u00e1culo comunit\u00e1rio \u201cMurm\u00fario\u201d estreia este fim de semana em Paredes de Coura","datePublished":"2025-07-04T08:56:42+00:00","dateModified":"2025-07-04T08:56:44+00:00","mainEntityOfPage":{"@id":"https:\/\/www.altominho.tv\/site\/2025\/07\/04\/espetaculo-comunitario-murmurio-estreia-este-fim-de-semana-em-paredes-de-coura\/"},"wordCount":161,"image":{"@id":"https:\/\/www.altominho.tv\/site\/2025\/07\/04\/espetaculo-comunitario-murmurio-estreia-este-fim-de-semana-em-paredes-de-coura\/#primaryimage"},"thumbnailUrl":"https:\/\/www.altominho.tv\/site\/wp-content\/uploads\/2025\/07\/teatro-coura.jpg","keywords":["Cultura"],"articleSection":["Paredes de Coura"],"inLanguage":"pt-PT","copyrightYear":"2025","copyrightHolder":{"@id":"https:\/\/www.altominho.tv\/site\/#organization"}},{"@type":"WebPage","@id":"https:\/\/www.altominho.tv\/site\/2025\/07\/04\/espetaculo-comunitario-murmurio-estreia-este-fim-de-semana-em-paredes-de-coura\/","url":"https:\/\/www.altominho.tv\/site\/2025\/07\/04\/espetaculo-comunitario-murmurio-estreia-este-fim-de-semana-em-paredes-de-coura\/","name":"Espet\u00e1culo comunit\u00e1rio \u201cMurm\u00fario\u201d estreia este fim de semana em Paredes de Coura","isPartOf":{"@id":"https:\/\/www.altominho.tv\/site\/#website"},"primaryImageOfPage":{"@id":"https:\/\/www.altominho.tv\/site\/2025\/07\/04\/espetaculo-comunitario-murmurio-estreia-este-fim-de-semana-em-paredes-de-coura\/#primaryimage"},"image":{"@id":"https:\/\/www.altominho.tv\/site\/2025\/07\/04\/espetaculo-comunitario-murmurio-estreia-este-fim-de-semana-em-paredes-de-coura\/#primaryimage"},"thumbnailUrl":"https:\/\/www.altominho.tv\/site\/wp-content\/uploads\/2025\/07\/teatro-coura.jpg","datePublished":"2025-07-04T08:56:42+00:00","dateModified":"2025-07-04T08:56:44+00:00","author":{"@id":"https:\/\/www.altominho.tv\/site\/#\/schema\/person\/4e536851627d7914baf3dac752b6af22"},"description":"O Monte de S\u00e3o Silvestre, em Paredes de Coura, recebe este s\u00e1bado e domingo, dias 5 e 6 de julho, pelas 18h00, a apresenta\u00e7\u00e3o do espet\u00e1culo comunit\u00e1rio \u201cMurm\u00fario\u201d, com entrada livre.\u00a0","breadcrumb":{"@id":"https:\/\/www.altominho.tv\/site\/2025\/07\/04\/espetaculo-comunitario-murmurio-estreia-este-fim-de-semana-em-paredes-de-coura\/#breadcrumb"},"inLanguage":"pt-PT","potentialAction":[{"@type":"ReadAction","target":["https:\/\/www.altominho.tv\/site\/2025\/07\/04\/espetaculo-comunitario-murmurio-estreia-este-fim-de-semana-em-paredes-de-coura\/"]}]},{"@type":"ImageObject","inLanguage":"pt-PT","@id":"https:\/\/www.altominho.tv\/site\/2025\/07\/04\/espetaculo-comunitario-murmurio-estreia-este-fim-de-semana-em-paredes-de-coura\/#primaryimage","url":"https:\/\/www.altominho.tv\/site\/wp-content\/uploads\/2025\/07\/teatro-coura.jpg","contentUrl":"https:\/\/www.altominho.tv\/site\/wp-content\/uploads\/2025\/07\/teatro-coura.jpg","width":1200,"height":630},{"@type":"BreadcrumbList","@id":"https:\/\/www.altominho.tv\/site\/2025\/07\/04\/espetaculo-comunitario-murmurio-estreia-este-fim-de-semana-em-paredes-de-coura\/#breadcrumb","itemListElement":[{"@type":"ListItem","position":1,"name":"In\u00edcio","item":"https:\/\/www.altominho.tv\/site\/"},{"@type":"ListItem","position":2,"name":"Espet\u00e1culo comunit\u00e1rio \u201cMurm\u00fario\u201d estreia este fim de semana em Paredes de Coura"}]},{"@type":"WebSite","@id":"https:\/\/www.altominho.tv\/site\/#website","url":"https:\/\/www.altominho.tv\/site\/","name":"Altominho.tv","description":"A sua regi\u00e3o \u00e0 dist\u00e2ncia de um clique...","potentialAction":[{"@type":"SearchAction","target":{"@type":"EntryPoint","urlTemplate":"https:\/\/www.altominho.tv\/site\/?s={search_term_string}"},"query-input":{"@type":"PropertyValueSpecification","valueRequired":true,"valueName":"search_term_string"}}],"inLanguage":"pt-PT"},{"@type":"Person","@id":"https:\/\/www.altominho.tv\/site\/#\/schema\/person\/4e536851627d7914baf3dac752b6af22","name":"Altominho.tv","image":{"@type":"ImageObject","inLanguage":"pt-PT","@id":"https:\/\/www.altominho.tv\/site\/wp-content\/uploads\/2019\/11\/Logo_Avatar_2-150x150.jpg","url":"https:\/\/www.altominho.tv\/site\/wp-content\/uploads\/2019\/11\/Logo_Avatar_2-150x150.jpg","contentUrl":"https:\/\/www.altominho.tv\/site\/wp-content\/uploads\/2019\/11\/Logo_Avatar_2-150x150.jpg","caption":"Altominho.tv"},"url":"https:\/\/www.altominho.tv\/site\/author\/altominhotv-tecnico\/"}]}},"_links":{"self":[{"href":"https:\/\/www.altominho.tv\/site\/wp-json\/wp\/v2\/posts\/120378","targetHints":{"allow":["GET"]}}],"collection":[{"href":"https:\/\/www.altominho.tv\/site\/wp-json\/wp\/v2\/posts"}],"about":[{"href":"https:\/\/www.altominho.tv\/site\/wp-json\/wp\/v2\/types\/post"}],"author":[{"embeddable":true,"href":"https:\/\/www.altominho.tv\/site\/wp-json\/wp\/v2\/users\/1"}],"replies":[{"embeddable":true,"href":"https:\/\/www.altominho.tv\/site\/wp-json\/wp\/v2\/comments?post=120378"}],"version-history":[{"count":1,"href":"https:\/\/www.altominho.tv\/site\/wp-json\/wp\/v2\/posts\/120378\/revisions"}],"predecessor-version":[{"id":120383,"href":"https:\/\/www.altominho.tv\/site\/wp-json\/wp\/v2\/posts\/120378\/revisions\/120383"}],"wp:featuredmedia":[{"embeddable":true,"href":"https:\/\/www.altominho.tv\/site\/wp-json\/wp\/v2\/media\/120380"}],"wp:attachment":[{"href":"https:\/\/www.altominho.tv\/site\/wp-json\/wp\/v2\/media?parent=120378"}],"wp:term":[{"taxonomy":"category","embeddable":true,"href":"https:\/\/www.altominho.tv\/site\/wp-json\/wp\/v2\/categories?post=120378"},{"taxonomy":"post_tag","embeddable":true,"href":"https:\/\/www.altominho.tv\/site\/wp-json\/wp\/v2\/tags?post=120378"}],"curies":[{"name":"wp","href":"https:\/\/api.w.org\/{rel}","templated":true}]}}