{"id":120340,"date":"2025-07-03T12:27:23","date_gmt":"2025-07-03T11:27:23","guid":{"rendered":"https:\/\/www.altominho.tv\/site\/?p=120340"},"modified":"2025-07-03T12:27:25","modified_gmt":"2025-07-03T11:27:25","slug":"ponte-da-barca-exposicao-cultura","status":"publish","type":"post","link":"https:\/\/www.altominho.tv\/site\/2025\/07\/03\/ponte-da-barca-exposicao-cultura\/","title":{"rendered":"Exposi\u00e7\u00e3o de Pintura de Henrique Vale nos Pa\u00e7os do Concelho de Ponte da Barca"},"content":{"rendered":"\n<p>A exposi\u00e7\u00e3o de Pintura de Henrique Vale vai ser inaugurada no pr\u00f3ximo dia 7 de julho, \u00e0s 17h00, nos Pa\u00e7os do Concelho de Ponte da Barca.<\/p>\n\n\n\n<p>A mostra re\u00fane obras que refletem um percurso art\u00edstico marcado pela experimenta\u00e7\u00e3o e pela fus\u00e3o de t\u00e9cnicas.<\/p>\n\n\n\n<p>Henrique Vale nasceu em Malange, Angola, a 17 de agosto de 1959.<\/p>\n\n\n\n<p>Licenciado em Pintura pela Escola Superior Art\u00edstica do Porto e em Design Industrial pela Escola Superior de Artes e Design, completou o mestrado em Art, Craft &amp; Design Education na Universidade de Surrey Roehampton, em Londres, em 2004.<\/p>\n\n\n\n<p>Realizou um est\u00e1gio em litografia e gravura na Academia de Belas Artes de Li\u00e9ge, na B\u00e9lgica, e participou em diversos workshops de cer\u00e2mica em Portugal e Espanha, bem como em projetos de gravura tradicional e digital com artistas belgas e portugueses, nomeadamente na Bienal Internacional de Arte de Cerveira.<\/p>\n\n\n\n<p>A mostra vai ficar patente at\u00e9 31 de julho.<\/p>\n\n\n\n<figure class=\"wp-block-image size-large\"><img loading=\"lazy\" decoding=\"async\" width=\"825\" height=\"1024\" src=\"https:\/\/www.altominho.tv\/site\/wp-content\/uploads\/2025\/07\/513940222_1314912783815827_1972443256947933942_n-825x1024.jpg\" alt=\"\" class=\"wp-image-120341\" srcset=\"https:\/\/www.altominho.tv\/site\/wp-content\/uploads\/2025\/07\/513940222_1314912783815827_1972443256947933942_n-825x1024.jpg 825w, https:\/\/www.altominho.tv\/site\/wp-content\/uploads\/2025\/07\/513940222_1314912783815827_1972443256947933942_n-349x433.jpg 349w, https:\/\/www.altominho.tv\/site\/wp-content\/uploads\/2025\/07\/513940222_1314912783815827_1972443256947933942_n-768x953.jpg 768w, https:\/\/www.altominho.tv\/site\/wp-content\/uploads\/2025\/07\/513940222_1314912783815827_1972443256947933942_n-1238x1536.jpg 1238w, https:\/\/www.altominho.tv\/site\/wp-content\/uploads\/2025\/07\/513940222_1314912783815827_1972443256947933942_n-370x459.jpg 370w, https:\/\/www.altominho.tv\/site\/wp-content\/uploads\/2025\/07\/513940222_1314912783815827_1972443256947933942_n-270x335.jpg 270w, https:\/\/www.altominho.tv\/site\/wp-content\/uploads\/2025\/07\/513940222_1314912783815827_1972443256947933942_n-570x707.jpg 570w, https:\/\/www.altominho.tv\/site\/wp-content\/uploads\/2025\/07\/513940222_1314912783815827_1972443256947933942_n-740x918.jpg 740w, https:\/\/www.altominho.tv\/site\/wp-content\/uploads\/2025\/07\/513940222_1314912783815827_1972443256947933942_n.jpg 1650w\" sizes=\"auto, (max-width: 825px) 100vw, 825px\" \/><\/figure>\n","protected":false},"excerpt":{"rendered":"<p>A exposi\u00e7\u00e3o de Pintura de Henrique Vale vai ser inaugurada no pr\u00f3ximo dia 7 de julho, \u00e0s 17h00, nos Pa\u00e7os do Concelho de Ponte da Barca. A mostra re\u00fane obras que refletem um percurso art\u00edstico marcado pela experimenta\u00e7\u00e3o e pela fus\u00e3o de t\u00e9cnicas. Henrique Vale nasceu em Malange, Angola, a 17 de agosto de 1959. [&hellip;]<\/p>\n","protected":false},"author":7,"featured_media":120342,"comment_status":"closed","ping_status":"closed","sticky":false,"template":"","format":"standard","meta":{"_exactmetrics_skip_tracking":false,"_exactmetrics_sitenote_active":false,"_exactmetrics_sitenote_note":"","_exactmetrics_sitenote_category":0,"footnotes":""},"categories":[11],"tags":[19,24],"class_list":["post-120340","post","type-post","status-publish","format-standard","has-post-thumbnail","hentry","category-ponte-da-barca","tag-cultura","tag-lazer"],"yoast_head":"<!-- This site is optimized with the Yoast SEO Premium plugin v27.5 (Yoast SEO v27.5) - https:\/\/yoast.com\/product\/yoast-seo-premium-wordpress\/ -->\n<title>Exposi\u00e7\u00e3o de Pintura de Henrique Vale nos Pa\u00e7os do Concelho de Ponte da Barca<\/title>\n<meta name=\"description\" content=\"Exposi\u00e7\u00e3o de Pintura de Henrique Vale nos Pa\u00e7os do Concelho de Ponte da Barca, vai inaugurar no dia 7 de julho.\" \/>\n<meta name=\"robots\" content=\"index, follow, max-snippet:-1, max-image-preview:large, max-video-preview:-1\" \/>\n<link rel=\"canonical\" href=\"https:\/\/www.altominho.tv\/site\/2025\/07\/03\/ponte-da-barca-exposicao-cultura\/\" \/>\n<meta property=\"og:locale\" content=\"pt_PT\" \/>\n<meta property=\"og:type\" content=\"article\" \/>\n<meta property=\"og:title\" content=\"Exposi\u00e7\u00e3o de Pintura de Henrique Vale nos Pa\u00e7os do Concelho de Ponte da Barca\" \/>\n<meta property=\"og:description\" content=\"Exposi\u00e7\u00e3o de Pintura de Henrique Vale nos Pa\u00e7os do Concelho de Ponte da Barca, vai inaugurar no dia 7 de julho.\" \/>\n<meta property=\"og:url\" content=\"https:\/\/www.altominho.tv\/site\/2025\/07\/03\/ponte-da-barca-exposicao-cultura\/\" \/>\n<meta property=\"og:site_name\" content=\"Altominho.tv\" \/>\n<meta property=\"article:publisher\" content=\"https:\/\/www.facebook.com\/altominhotv\" \/>\n<meta property=\"article:published_time\" content=\"2025-07-03T11:27:23+00:00\" \/>\n<meta property=\"article:modified_time\" content=\"2025-07-03T11:27:25+00:00\" \/>\n<meta property=\"og:image\" content=\"https:\/\/www.altominho.tv\/site\/wp-content\/uploads\/2025\/07\/henrique.png\" \/>\n\t<meta property=\"og:image:width\" content=\"1200\" \/>\n\t<meta property=\"og:image:height\" content=\"630\" \/>\n\t<meta property=\"og:image:type\" content=\"image\/png\" \/>\n<meta name=\"author\" content=\"Andreia Cunha\" \/>\n<meta name=\"twitter:card\" content=\"summary_large_image\" \/>\n<meta name=\"twitter:creator\" content=\"@altominhoTV\" \/>\n<meta name=\"twitter:site\" content=\"@altominhoTV\" \/>\n<meta name=\"twitter:label1\" content=\"Escrito por\" \/>\n\t<meta name=\"twitter:data1\" content=\"Andreia Cunha\" \/>\n\t<meta name=\"twitter:label2\" content=\"Tempo estimado de leitura\" \/>\n\t<meta name=\"twitter:data2\" content=\"2 minutos\" \/>\n<script type=\"application\/ld+json\" class=\"yoast-schema-graph\">{\"@context\":\"https:\\\/\\\/schema.org\",\"@graph\":[{\"@type\":\"Article\",\"@id\":\"https:\\\/\\\/www.altominho.tv\\\/site\\\/2025\\\/07\\\/03\\\/ponte-da-barca-exposicao-cultura\\\/#article\",\"isPartOf\":{\"@id\":\"https:\\\/\\\/www.altominho.tv\\\/site\\\/2025\\\/07\\\/03\\\/ponte-da-barca-exposicao-cultura\\\/\"},\"author\":{\"name\":\"Andreia Cunha\",\"@id\":\"https:\\\/\\\/www.altominho.tv\\\/site\\\/#\\\/schema\\\/person\\\/a0e4ef6d041f98ca284393d8f1d97153\"},\"headline\":\"Exposi\u00e7\u00e3o de Pintura de Henrique Vale nos Pa\u00e7os do Concelho de Ponte da Barca\",\"datePublished\":\"2025-07-03T11:27:23+00:00\",\"dateModified\":\"2025-07-03T11:27:25+00:00\",\"mainEntityOfPage\":{\"@id\":\"https:\\\/\\\/www.altominho.tv\\\/site\\\/2025\\\/07\\\/03\\\/ponte-da-barca-exposicao-cultura\\\/\"},\"wordCount\":175,\"image\":{\"@id\":\"https:\\\/\\\/www.altominho.tv\\\/site\\\/2025\\\/07\\\/03\\\/ponte-da-barca-exposicao-cultura\\\/#primaryimage\"},\"thumbnailUrl\":\"https:\\\/\\\/www.altominho.tv\\\/site\\\/wp-content\\\/uploads\\\/2025\\\/07\\\/henrique.png\",\"keywords\":[\"Cultura\",\"Lazer\"],\"articleSection\":[\"Ponte da Barca\"],\"inLanguage\":\"pt-PT\",\"copyrightYear\":\"2025\",\"copyrightHolder\":{\"@id\":\"https:\\\/\\\/www.altominho.tv\\\/site\\\/#organization\"}},{\"@type\":\"WebPage\",\"@id\":\"https:\\\/\\\/www.altominho.tv\\\/site\\\/2025\\\/07\\\/03\\\/ponte-da-barca-exposicao-cultura\\\/\",\"url\":\"https:\\\/\\\/www.altominho.tv\\\/site\\\/2025\\\/07\\\/03\\\/ponte-da-barca-exposicao-cultura\\\/\",\"name\":\"Exposi\u00e7\u00e3o de Pintura de Henrique Vale nos Pa\u00e7os do Concelho de Ponte da Barca\",\"isPartOf\":{\"@id\":\"https:\\\/\\\/www.altominho.tv\\\/site\\\/#website\"},\"primaryImageOfPage\":{\"@id\":\"https:\\\/\\\/www.altominho.tv\\\/site\\\/2025\\\/07\\\/03\\\/ponte-da-barca-exposicao-cultura\\\/#primaryimage\"},\"image\":{\"@id\":\"https:\\\/\\\/www.altominho.tv\\\/site\\\/2025\\\/07\\\/03\\\/ponte-da-barca-exposicao-cultura\\\/#primaryimage\"},\"thumbnailUrl\":\"https:\\\/\\\/www.altominho.tv\\\/site\\\/wp-content\\\/uploads\\\/2025\\\/07\\\/henrique.png\",\"datePublished\":\"2025-07-03T11:27:23+00:00\",\"dateModified\":\"2025-07-03T11:27:25+00:00\",\"author\":{\"@id\":\"https:\\\/\\\/www.altominho.tv\\\/site\\\/#\\\/schema\\\/person\\\/a0e4ef6d041f98ca284393d8f1d97153\"},\"description\":\"Exposi\u00e7\u00e3o de Pintura de Henrique Vale nos Pa\u00e7os do Concelho de Ponte da Barca, vai inaugurar no dia 7 de julho.\",\"breadcrumb\":{\"@id\":\"https:\\\/\\\/www.altominho.tv\\\/site\\\/2025\\\/07\\\/03\\\/ponte-da-barca-exposicao-cultura\\\/#breadcrumb\"},\"inLanguage\":\"pt-PT\",\"potentialAction\":[{\"@type\":\"ReadAction\",\"target\":[\"https:\\\/\\\/www.altominho.tv\\\/site\\\/2025\\\/07\\\/03\\\/ponte-da-barca-exposicao-cultura\\\/\"]}]},{\"@type\":\"ImageObject\",\"inLanguage\":\"pt-PT\",\"@id\":\"https:\\\/\\\/www.altominho.tv\\\/site\\\/2025\\\/07\\\/03\\\/ponte-da-barca-exposicao-cultura\\\/#primaryimage\",\"url\":\"https:\\\/\\\/www.altominho.tv\\\/site\\\/wp-content\\\/uploads\\\/2025\\\/07\\\/henrique.png\",\"contentUrl\":\"https:\\\/\\\/www.altominho.tv\\\/site\\\/wp-content\\\/uploads\\\/2025\\\/07\\\/henrique.png\",\"width\":1200,\"height\":630},{\"@type\":\"BreadcrumbList\",\"@id\":\"https:\\\/\\\/www.altominho.tv\\\/site\\\/2025\\\/07\\\/03\\\/ponte-da-barca-exposicao-cultura\\\/#breadcrumb\",\"itemListElement\":[{\"@type\":\"ListItem\",\"position\":1,\"name\":\"In\u00edcio\",\"item\":\"https:\\\/\\\/www.altominho.tv\\\/site\\\/\"},{\"@type\":\"ListItem\",\"position\":2,\"name\":\"Exposi\u00e7\u00e3o de Pintura de Henrique Vale nos Pa\u00e7os do Concelho de Ponte da Barca\"}]},{\"@type\":\"WebSite\",\"@id\":\"https:\\\/\\\/www.altominho.tv\\\/site\\\/#website\",\"url\":\"https:\\\/\\\/www.altominho.tv\\\/site\\\/\",\"name\":\"Altominho.tv\",\"description\":\"A sua regi\u00e3o \u00e0 dist\u00e2ncia de um clique...\",\"potentialAction\":[{\"@type\":\"SearchAction\",\"target\":{\"@type\":\"EntryPoint\",\"urlTemplate\":\"https:\\\/\\\/www.altominho.tv\\\/site\\\/?s={search_term_string}\"},\"query-input\":{\"@type\":\"PropertyValueSpecification\",\"valueRequired\":true,\"valueName\":\"search_term_string\"}}],\"inLanguage\":\"pt-PT\"},{\"@type\":\"Person\",\"@id\":\"https:\\\/\\\/www.altominho.tv\\\/site\\\/#\\\/schema\\\/person\\\/a0e4ef6d041f98ca284393d8f1d97153\",\"name\":\"Andreia Cunha\",\"image\":{\"@type\":\"ImageObject\",\"inLanguage\":\"pt-PT\",\"@id\":\"https:\\\/\\\/www.altominho.tv\\\/site\\\/wp-content\\\/uploads\\\/2017\\\/11\\\/Andreia_Cunha-1-150x150.jpg\",\"url\":\"https:\\\/\\\/www.altominho.tv\\\/site\\\/wp-content\\\/uploads\\\/2017\\\/11\\\/Andreia_Cunha-1-150x150.jpg\",\"contentUrl\":\"https:\\\/\\\/www.altominho.tv\\\/site\\\/wp-content\\\/uploads\\\/2017\\\/11\\\/Andreia_Cunha-1-150x150.jpg\",\"caption\":\"Andreia Cunha\"},\"url\":\"https:\\\/\\\/www.altominho.tv\\\/site\\\/author\\\/andreiacunha\\\/\"}]}<\/script>\n<!-- \/ Yoast SEO Premium plugin. -->","yoast_head_json":{"title":"Exposi\u00e7\u00e3o de Pintura de Henrique Vale nos Pa\u00e7os do Concelho de Ponte da Barca","description":"Exposi\u00e7\u00e3o de Pintura de Henrique Vale nos Pa\u00e7os do Concelho de Ponte da Barca, vai inaugurar no dia 7 de julho.","robots":{"index":"index","follow":"follow","max-snippet":"max-snippet:-1","max-image-preview":"max-image-preview:large","max-video-preview":"max-video-preview:-1"},"canonical":"https:\/\/www.altominho.tv\/site\/2025\/07\/03\/ponte-da-barca-exposicao-cultura\/","og_locale":"pt_PT","og_type":"article","og_title":"Exposi\u00e7\u00e3o de Pintura de Henrique Vale nos Pa\u00e7os do Concelho de Ponte da Barca","og_description":"Exposi\u00e7\u00e3o de Pintura de Henrique Vale nos Pa\u00e7os do Concelho de Ponte da Barca, vai inaugurar no dia 7 de julho.","og_url":"https:\/\/www.altominho.tv\/site\/2025\/07\/03\/ponte-da-barca-exposicao-cultura\/","og_site_name":"Altominho.tv","article_publisher":"https:\/\/www.facebook.com\/altominhotv","article_published_time":"2025-07-03T11:27:23+00:00","article_modified_time":"2025-07-03T11:27:25+00:00","og_image":[{"width":1200,"height":630,"url":"https:\/\/www.altominho.tv\/site\/wp-content\/uploads\/2025\/07\/henrique.png","type":"image\/png"}],"author":"Andreia Cunha","twitter_card":"summary_large_image","twitter_creator":"@altominhoTV","twitter_site":"@altominhoTV","twitter_misc":{"Escrito por":"Andreia Cunha","Tempo estimado de leitura":"2 minutos"},"schema":{"@context":"https:\/\/schema.org","@graph":[{"@type":"Article","@id":"https:\/\/www.altominho.tv\/site\/2025\/07\/03\/ponte-da-barca-exposicao-cultura\/#article","isPartOf":{"@id":"https:\/\/www.altominho.tv\/site\/2025\/07\/03\/ponte-da-barca-exposicao-cultura\/"},"author":{"name":"Andreia Cunha","@id":"https:\/\/www.altominho.tv\/site\/#\/schema\/person\/a0e4ef6d041f98ca284393d8f1d97153"},"headline":"Exposi\u00e7\u00e3o de Pintura de Henrique Vale nos Pa\u00e7os do Concelho de Ponte da Barca","datePublished":"2025-07-03T11:27:23+00:00","dateModified":"2025-07-03T11:27:25+00:00","mainEntityOfPage":{"@id":"https:\/\/www.altominho.tv\/site\/2025\/07\/03\/ponte-da-barca-exposicao-cultura\/"},"wordCount":175,"image":{"@id":"https:\/\/www.altominho.tv\/site\/2025\/07\/03\/ponte-da-barca-exposicao-cultura\/#primaryimage"},"thumbnailUrl":"https:\/\/www.altominho.tv\/site\/wp-content\/uploads\/2025\/07\/henrique.png","keywords":["Cultura","Lazer"],"articleSection":["Ponte da Barca"],"inLanguage":"pt-PT","copyrightYear":"2025","copyrightHolder":{"@id":"https:\/\/www.altominho.tv\/site\/#organization"}},{"@type":"WebPage","@id":"https:\/\/www.altominho.tv\/site\/2025\/07\/03\/ponte-da-barca-exposicao-cultura\/","url":"https:\/\/www.altominho.tv\/site\/2025\/07\/03\/ponte-da-barca-exposicao-cultura\/","name":"Exposi\u00e7\u00e3o de Pintura de Henrique Vale nos Pa\u00e7os do Concelho de Ponte da Barca","isPartOf":{"@id":"https:\/\/www.altominho.tv\/site\/#website"},"primaryImageOfPage":{"@id":"https:\/\/www.altominho.tv\/site\/2025\/07\/03\/ponte-da-barca-exposicao-cultura\/#primaryimage"},"image":{"@id":"https:\/\/www.altominho.tv\/site\/2025\/07\/03\/ponte-da-barca-exposicao-cultura\/#primaryimage"},"thumbnailUrl":"https:\/\/www.altominho.tv\/site\/wp-content\/uploads\/2025\/07\/henrique.png","datePublished":"2025-07-03T11:27:23+00:00","dateModified":"2025-07-03T11:27:25+00:00","author":{"@id":"https:\/\/www.altominho.tv\/site\/#\/schema\/person\/a0e4ef6d041f98ca284393d8f1d97153"},"description":"Exposi\u00e7\u00e3o de Pintura de Henrique Vale nos Pa\u00e7os do Concelho de Ponte da Barca, vai inaugurar no dia 7 de julho.","breadcrumb":{"@id":"https:\/\/www.altominho.tv\/site\/2025\/07\/03\/ponte-da-barca-exposicao-cultura\/#breadcrumb"},"inLanguage":"pt-PT","potentialAction":[{"@type":"ReadAction","target":["https:\/\/www.altominho.tv\/site\/2025\/07\/03\/ponte-da-barca-exposicao-cultura\/"]}]},{"@type":"ImageObject","inLanguage":"pt-PT","@id":"https:\/\/www.altominho.tv\/site\/2025\/07\/03\/ponte-da-barca-exposicao-cultura\/#primaryimage","url":"https:\/\/www.altominho.tv\/site\/wp-content\/uploads\/2025\/07\/henrique.png","contentUrl":"https:\/\/www.altominho.tv\/site\/wp-content\/uploads\/2025\/07\/henrique.png","width":1200,"height":630},{"@type":"BreadcrumbList","@id":"https:\/\/www.altominho.tv\/site\/2025\/07\/03\/ponte-da-barca-exposicao-cultura\/#breadcrumb","itemListElement":[{"@type":"ListItem","position":1,"name":"In\u00edcio","item":"https:\/\/www.altominho.tv\/site\/"},{"@type":"ListItem","position":2,"name":"Exposi\u00e7\u00e3o de Pintura de Henrique Vale nos Pa\u00e7os do Concelho de Ponte da Barca"}]},{"@type":"WebSite","@id":"https:\/\/www.altominho.tv\/site\/#website","url":"https:\/\/www.altominho.tv\/site\/","name":"Altominho.tv","description":"A sua regi\u00e3o \u00e0 dist\u00e2ncia de um clique...","potentialAction":[{"@type":"SearchAction","target":{"@type":"EntryPoint","urlTemplate":"https:\/\/www.altominho.tv\/site\/?s={search_term_string}"},"query-input":{"@type":"PropertyValueSpecification","valueRequired":true,"valueName":"search_term_string"}}],"inLanguage":"pt-PT"},{"@type":"Person","@id":"https:\/\/www.altominho.tv\/site\/#\/schema\/person\/a0e4ef6d041f98ca284393d8f1d97153","name":"Andreia Cunha","image":{"@type":"ImageObject","inLanguage":"pt-PT","@id":"https:\/\/www.altominho.tv\/site\/wp-content\/uploads\/2017\/11\/Andreia_Cunha-1-150x150.jpg","url":"https:\/\/www.altominho.tv\/site\/wp-content\/uploads\/2017\/11\/Andreia_Cunha-1-150x150.jpg","contentUrl":"https:\/\/www.altominho.tv\/site\/wp-content\/uploads\/2017\/11\/Andreia_Cunha-1-150x150.jpg","caption":"Andreia Cunha"},"url":"https:\/\/www.altominho.tv\/site\/author\/andreiacunha\/"}]}},"_links":{"self":[{"href":"https:\/\/www.altominho.tv\/site\/wp-json\/wp\/v2\/posts\/120340","targetHints":{"allow":["GET"]}}],"collection":[{"href":"https:\/\/www.altominho.tv\/site\/wp-json\/wp\/v2\/posts"}],"about":[{"href":"https:\/\/www.altominho.tv\/site\/wp-json\/wp\/v2\/types\/post"}],"author":[{"embeddable":true,"href":"https:\/\/www.altominho.tv\/site\/wp-json\/wp\/v2\/users\/7"}],"replies":[{"embeddable":true,"href":"https:\/\/www.altominho.tv\/site\/wp-json\/wp\/v2\/comments?post=120340"}],"version-history":[{"count":1,"href":"https:\/\/www.altominho.tv\/site\/wp-json\/wp\/v2\/posts\/120340\/revisions"}],"predecessor-version":[{"id":120343,"href":"https:\/\/www.altominho.tv\/site\/wp-json\/wp\/v2\/posts\/120340\/revisions\/120343"}],"wp:featuredmedia":[{"embeddable":true,"href":"https:\/\/www.altominho.tv\/site\/wp-json\/wp\/v2\/media\/120342"}],"wp:attachment":[{"href":"https:\/\/www.altominho.tv\/site\/wp-json\/wp\/v2\/media?parent=120340"}],"wp:term":[{"taxonomy":"category","embeddable":true,"href":"https:\/\/www.altominho.tv\/site\/wp-json\/wp\/v2\/categories?post=120340"},{"taxonomy":"post_tag","embeddable":true,"href":"https:\/\/www.altominho.tv\/site\/wp-json\/wp\/v2\/tags?post=120340"}],"curies":[{"name":"wp","href":"https:\/\/api.w.org\/{rel}","templated":true}]}}