{"id":120322,"date":"2025-07-03T10:39:03","date_gmt":"2025-07-03T09:39:03","guid":{"rendered":"https:\/\/www.altominho.tv\/site\/?p=120322"},"modified":"2025-07-03T10:39:05","modified_gmt":"2025-07-03T09:39:05","slug":"forte-da-lagarteira-acolhe-novo-espaco-de-memorias-do-mar-em-vila-praia-de-ancora","status":"publish","type":"post","link":"https:\/\/www.altominho.tv\/site\/2025\/07\/03\/forte-da-lagarteira-acolhe-novo-espaco-de-memorias-do-mar-em-vila-praia-de-ancora\/","title":{"rendered":"Forte da Lagarteira acolhe novo Espa\u00e7o de Mem\u00f3rias do Mar em Vila Praia de \u00c2ncora"},"content":{"rendered":"<p><span data-contrast=\"auto\">O Espa\u00e7o de Mem\u00f3rias do Mar de Vila Praia de \u00c2ncora ser\u00e1 inaugurado na pr\u00f3xima segunda-feira, 7 de julho, pelas 11h30, no Forte da Lagarteira, ap\u00f3s uma interven\u00e7\u00e3o de reabilita\u00e7\u00e3o promovida pela C\u00e2mara Municipal de Caminha. O novo n\u00facleo museol\u00f3gico visa valorizar a identidade mar\u00edtima do concelho, refor\u00e7ando a liga\u00e7\u00e3o da comunidade ao seu patrim\u00f3nio cultural e natural costeiro.<\/span><span data-ccp-props=\"{}\">\u00a0<\/span><\/p>\n<p><span data-contrast=\"auto\">O projeto insere-se numa estrat\u00e9gia de recupera\u00e7\u00e3o e valoriza\u00e7\u00e3o do Forte da Lagarteira, classificado como Monumento de Interesse P\u00fablico desde 1967, e contempla a instala\u00e7\u00e3o de um espa\u00e7o expositivo dedicado \u00e0 hist\u00f3ria mar\u00edtima local e \u00e0 biodiversidade da costa de Caminha. A obra representa um investimento de cerca de 200 mil euros, tendo beneficiado de apoio financeiro atrav\u00e9s dos programas comunit\u00e1rios Mar 2020 e Norte 2020, num total de 177 mil euros comparticipados.<\/span><span data-ccp-props=\"{}\">\u00a0<\/span><\/p>\n<p><span data-contrast=\"auto\">O novo espa\u00e7o museol\u00f3gico permitir\u00e1 ao p\u00fablico conhecer melhor as tradi\u00e7\u00f5es, modos de vida e mem\u00f3ria coletiva das comunidades piscat\u00f3rias da regi\u00e3o, salientando o papel central do mar na hist\u00f3ria econ\u00f3mica e social de Vila Praia de \u00c2ncora. A cria\u00e7\u00e3o do EMMVPA representa tamb\u00e9m um novo polo de atra\u00e7\u00e3o tur\u00edstica e cultural para o concelho.<\/span><span data-ccp-props=\"{}\">\u00a0<\/span><\/p>\n<p><span data-ccp-props=\"{}\">\u00a0<\/span><\/p>\n<p><span data-ccp-props=\"{}\">\u00a0<\/span><\/p>\n","protected":false},"excerpt":{"rendered":"<p>O Espa\u00e7o de Mem\u00f3rias do Mar de Vila Praia de \u00c2ncora ser\u00e1 inaugurado na pr\u00f3xima segunda-feira, 7 de julho, pelas 11h30, no Forte da Lagarteira, ap\u00f3s uma interven\u00e7\u00e3o de reabilita\u00e7\u00e3o promovida pela C\u00e2mara Municipal de Caminha. O novo n\u00facleo museol\u00f3gico visa valorizar a identidade mar\u00edtima do concelho, refor\u00e7ando a liga\u00e7\u00e3o da comunidade ao seu patrim\u00f3nio [&hellip;]<\/p>\n","protected":false},"author":1,"featured_media":120323,"comment_status":"closed","ping_status":"closed","sticky":false,"template":"","format":"standard","meta":{"_exactmetrics_skip_tracking":false,"_exactmetrics_sitenote_active":false,"_exactmetrics_sitenote_note":"","_exactmetrics_sitenote_category":0,"footnotes":""},"categories":[7],"tags":[19],"class_list":["post-120322","post","type-post","status-publish","format-standard","has-post-thumbnail","hentry","category-caminha","tag-cultura"],"yoast_head":"<!-- This site is optimized with the Yoast SEO Premium plugin v27.5 (Yoast SEO v27.5) - https:\/\/yoast.com\/product\/yoast-seo-premium-wordpress\/ -->\n<title>Forte da Lagarteira acolhe novo Espa\u00e7o de Mem\u00f3rias do Mar em Vila Praia de \u00c2ncora<\/title>\n<meta name=\"description\" content=\"O Espa\u00e7o de Mem\u00f3rias do Mar de Vila Praia de \u00c2ncora ser\u00e1 inaugurado na pr\u00f3xima segunda-feira, 7 de julho, pelas 11h30, no Forte da Lagarteira, ap\u00f3s uma interven\u00e7\u00e3o de reabilita\u00e7\u00e3o promovida pela C\u00e2mara Municipal de Caminha\" \/>\n<meta name=\"robots\" content=\"index, follow, max-snippet:-1, max-image-preview:large, max-video-preview:-1\" \/>\n<link rel=\"canonical\" href=\"https:\/\/www.altominho.tv\/site\/2025\/07\/03\/forte-da-lagarteira-acolhe-novo-espaco-de-memorias-do-mar-em-vila-praia-de-ancora\/\" \/>\n<meta property=\"og:locale\" content=\"pt_PT\" \/>\n<meta property=\"og:type\" content=\"article\" \/>\n<meta property=\"og:title\" content=\"Forte da Lagarteira acolhe novo Espa\u00e7o de Mem\u00f3rias do Mar em Vila Praia de \u00c2ncora\" \/>\n<meta property=\"og:description\" content=\"O Espa\u00e7o de Mem\u00f3rias do Mar de Vila Praia de \u00c2ncora ser\u00e1 inaugurado na pr\u00f3xima segunda-feira, 7 de julho, pelas 11h30, no Forte da Lagarteira, ap\u00f3s uma interven\u00e7\u00e3o de reabilita\u00e7\u00e3o promovida pela C\u00e2mara Municipal de Caminha\" \/>\n<meta property=\"og:url\" content=\"https:\/\/www.altominho.tv\/site\/2025\/07\/03\/forte-da-lagarteira-acolhe-novo-espaco-de-memorias-do-mar-em-vila-praia-de-ancora\/\" \/>\n<meta property=\"og:site_name\" content=\"Altominho.tv\" \/>\n<meta property=\"article:publisher\" content=\"https:\/\/www.facebook.com\/altominhotv\" \/>\n<meta property=\"article:published_time\" content=\"2025-07-03T09:39:03+00:00\" \/>\n<meta property=\"article:modified_time\" content=\"2025-07-03T09:39:05+00:00\" \/>\n<meta property=\"og:image\" content=\"https:\/\/www.altominho.tv\/site\/wp-content\/uploads\/2025\/07\/memorias-do-mar.jpg\" \/>\n\t<meta property=\"og:image:width\" content=\"1200\" \/>\n\t<meta property=\"og:image:height\" content=\"630\" \/>\n\t<meta property=\"og:image:type\" content=\"image\/jpeg\" \/>\n<meta name=\"author\" content=\"Altominho.tv\" \/>\n<meta name=\"twitter:card\" content=\"summary_large_image\" \/>\n<meta name=\"twitter:creator\" content=\"@altominhoTV\" \/>\n<meta name=\"twitter:site\" content=\"@altominhoTV\" \/>\n<meta name=\"twitter:label1\" content=\"Escrito por\" \/>\n\t<meta name=\"twitter:data1\" content=\"Altominho.tv\" \/>\n\t<meta name=\"twitter:label2\" content=\"Tempo estimado de leitura\" \/>\n\t<meta name=\"twitter:data2\" content=\"2 minutos\" \/>\n<script type=\"application\/ld+json\" class=\"yoast-schema-graph\">{\"@context\":\"https:\\\/\\\/schema.org\",\"@graph\":[{\"@type\":\"Article\",\"@id\":\"https:\\\/\\\/www.altominho.tv\\\/site\\\/2025\\\/07\\\/03\\\/forte-da-lagarteira-acolhe-novo-espaco-de-memorias-do-mar-em-vila-praia-de-ancora\\\/#article\",\"isPartOf\":{\"@id\":\"https:\\\/\\\/www.altominho.tv\\\/site\\\/2025\\\/07\\\/03\\\/forte-da-lagarteira-acolhe-novo-espaco-de-memorias-do-mar-em-vila-praia-de-ancora\\\/\"},\"author\":{\"name\":\"Altominho.tv\",\"@id\":\"https:\\\/\\\/www.altominho.tv\\\/site\\\/#\\\/schema\\\/person\\\/4e536851627d7914baf3dac752b6af22\"},\"headline\":\"Forte da Lagarteira acolhe novo Espa\u00e7o de Mem\u00f3rias do Mar em Vila Praia de \u00c2ncora\",\"datePublished\":\"2025-07-03T09:39:03+00:00\",\"dateModified\":\"2025-07-03T09:39:05+00:00\",\"mainEntityOfPage\":{\"@id\":\"https:\\\/\\\/www.altominho.tv\\\/site\\\/2025\\\/07\\\/03\\\/forte-da-lagarteira-acolhe-novo-espaco-de-memorias-do-mar-em-vila-praia-de-ancora\\\/\"},\"wordCount\":232,\"image\":{\"@id\":\"https:\\\/\\\/www.altominho.tv\\\/site\\\/2025\\\/07\\\/03\\\/forte-da-lagarteira-acolhe-novo-espaco-de-memorias-do-mar-em-vila-praia-de-ancora\\\/#primaryimage\"},\"thumbnailUrl\":\"https:\\\/\\\/www.altominho.tv\\\/site\\\/wp-content\\\/uploads\\\/2025\\\/07\\\/memorias-do-mar.jpg\",\"keywords\":[\"Cultura\"],\"articleSection\":[\"Caminha\"],\"inLanguage\":\"pt-PT\",\"copyrightYear\":\"2025\",\"copyrightHolder\":{\"@id\":\"https:\\\/\\\/www.altominho.tv\\\/site\\\/#organization\"}},{\"@type\":\"WebPage\",\"@id\":\"https:\\\/\\\/www.altominho.tv\\\/site\\\/2025\\\/07\\\/03\\\/forte-da-lagarteira-acolhe-novo-espaco-de-memorias-do-mar-em-vila-praia-de-ancora\\\/\",\"url\":\"https:\\\/\\\/www.altominho.tv\\\/site\\\/2025\\\/07\\\/03\\\/forte-da-lagarteira-acolhe-novo-espaco-de-memorias-do-mar-em-vila-praia-de-ancora\\\/\",\"name\":\"Forte da Lagarteira acolhe novo Espa\u00e7o de Mem\u00f3rias do Mar em Vila Praia de \u00c2ncora\",\"isPartOf\":{\"@id\":\"https:\\\/\\\/www.altominho.tv\\\/site\\\/#website\"},\"primaryImageOfPage\":{\"@id\":\"https:\\\/\\\/www.altominho.tv\\\/site\\\/2025\\\/07\\\/03\\\/forte-da-lagarteira-acolhe-novo-espaco-de-memorias-do-mar-em-vila-praia-de-ancora\\\/#primaryimage\"},\"image\":{\"@id\":\"https:\\\/\\\/www.altominho.tv\\\/site\\\/2025\\\/07\\\/03\\\/forte-da-lagarteira-acolhe-novo-espaco-de-memorias-do-mar-em-vila-praia-de-ancora\\\/#primaryimage\"},\"thumbnailUrl\":\"https:\\\/\\\/www.altominho.tv\\\/site\\\/wp-content\\\/uploads\\\/2025\\\/07\\\/memorias-do-mar.jpg\",\"datePublished\":\"2025-07-03T09:39:03+00:00\",\"dateModified\":\"2025-07-03T09:39:05+00:00\",\"author\":{\"@id\":\"https:\\\/\\\/www.altominho.tv\\\/site\\\/#\\\/schema\\\/person\\\/4e536851627d7914baf3dac752b6af22\"},\"description\":\"O Espa\u00e7o de Mem\u00f3rias do Mar de Vila Praia de \u00c2ncora ser\u00e1 inaugurado na pr\u00f3xima segunda-feira, 7 de julho, pelas 11h30, no Forte da Lagarteira, ap\u00f3s uma interven\u00e7\u00e3o de reabilita\u00e7\u00e3o promovida pela C\u00e2mara Municipal de Caminha\",\"breadcrumb\":{\"@id\":\"https:\\\/\\\/www.altominho.tv\\\/site\\\/2025\\\/07\\\/03\\\/forte-da-lagarteira-acolhe-novo-espaco-de-memorias-do-mar-em-vila-praia-de-ancora\\\/#breadcrumb\"},\"inLanguage\":\"pt-PT\",\"potentialAction\":[{\"@type\":\"ReadAction\",\"target\":[\"https:\\\/\\\/www.altominho.tv\\\/site\\\/2025\\\/07\\\/03\\\/forte-da-lagarteira-acolhe-novo-espaco-de-memorias-do-mar-em-vila-praia-de-ancora\\\/\"]}]},{\"@type\":\"ImageObject\",\"inLanguage\":\"pt-PT\",\"@id\":\"https:\\\/\\\/www.altominho.tv\\\/site\\\/2025\\\/07\\\/03\\\/forte-da-lagarteira-acolhe-novo-espaco-de-memorias-do-mar-em-vila-praia-de-ancora\\\/#primaryimage\",\"url\":\"https:\\\/\\\/www.altominho.tv\\\/site\\\/wp-content\\\/uploads\\\/2025\\\/07\\\/memorias-do-mar.jpg\",\"contentUrl\":\"https:\\\/\\\/www.altominho.tv\\\/site\\\/wp-content\\\/uploads\\\/2025\\\/07\\\/memorias-do-mar.jpg\",\"width\":1200,\"height\":630},{\"@type\":\"BreadcrumbList\",\"@id\":\"https:\\\/\\\/www.altominho.tv\\\/site\\\/2025\\\/07\\\/03\\\/forte-da-lagarteira-acolhe-novo-espaco-de-memorias-do-mar-em-vila-praia-de-ancora\\\/#breadcrumb\",\"itemListElement\":[{\"@type\":\"ListItem\",\"position\":1,\"name\":\"In\u00edcio\",\"item\":\"https:\\\/\\\/www.altominho.tv\\\/site\\\/\"},{\"@type\":\"ListItem\",\"position\":2,\"name\":\"Forte da Lagarteira acolhe novo Espa\u00e7o de Mem\u00f3rias do Mar em Vila Praia de \u00c2ncora\"}]},{\"@type\":\"WebSite\",\"@id\":\"https:\\\/\\\/www.altominho.tv\\\/site\\\/#website\",\"url\":\"https:\\\/\\\/www.altominho.tv\\\/site\\\/\",\"name\":\"Altominho.tv\",\"description\":\"A sua regi\u00e3o \u00e0 dist\u00e2ncia de um clique...\",\"potentialAction\":[{\"@type\":\"SearchAction\",\"target\":{\"@type\":\"EntryPoint\",\"urlTemplate\":\"https:\\\/\\\/www.altominho.tv\\\/site\\\/?s={search_term_string}\"},\"query-input\":{\"@type\":\"PropertyValueSpecification\",\"valueRequired\":true,\"valueName\":\"search_term_string\"}}],\"inLanguage\":\"pt-PT\"},{\"@type\":\"Person\",\"@id\":\"https:\\\/\\\/www.altominho.tv\\\/site\\\/#\\\/schema\\\/person\\\/4e536851627d7914baf3dac752b6af22\",\"name\":\"Altominho.tv\",\"image\":{\"@type\":\"ImageObject\",\"inLanguage\":\"pt-PT\",\"@id\":\"https:\\\/\\\/www.altominho.tv\\\/site\\\/wp-content\\\/uploads\\\/2019\\\/11\\\/Logo_Avatar_2-150x150.jpg\",\"url\":\"https:\\\/\\\/www.altominho.tv\\\/site\\\/wp-content\\\/uploads\\\/2019\\\/11\\\/Logo_Avatar_2-150x150.jpg\",\"contentUrl\":\"https:\\\/\\\/www.altominho.tv\\\/site\\\/wp-content\\\/uploads\\\/2019\\\/11\\\/Logo_Avatar_2-150x150.jpg\",\"caption\":\"Altominho.tv\"},\"url\":\"https:\\\/\\\/www.altominho.tv\\\/site\\\/author\\\/altominhotv-tecnico\\\/\"}]}<\/script>\n<!-- \/ Yoast SEO Premium plugin. -->","yoast_head_json":{"title":"Forte da Lagarteira acolhe novo Espa\u00e7o de Mem\u00f3rias do Mar em Vila Praia de \u00c2ncora","description":"O Espa\u00e7o de Mem\u00f3rias do Mar de Vila Praia de \u00c2ncora ser\u00e1 inaugurado na pr\u00f3xima segunda-feira, 7 de julho, pelas 11h30, no Forte da Lagarteira, ap\u00f3s uma interven\u00e7\u00e3o de reabilita\u00e7\u00e3o promovida pela C\u00e2mara Municipal de Caminha","robots":{"index":"index","follow":"follow","max-snippet":"max-snippet:-1","max-image-preview":"max-image-preview:large","max-video-preview":"max-video-preview:-1"},"canonical":"https:\/\/www.altominho.tv\/site\/2025\/07\/03\/forte-da-lagarteira-acolhe-novo-espaco-de-memorias-do-mar-em-vila-praia-de-ancora\/","og_locale":"pt_PT","og_type":"article","og_title":"Forte da Lagarteira acolhe novo Espa\u00e7o de Mem\u00f3rias do Mar em Vila Praia de \u00c2ncora","og_description":"O Espa\u00e7o de Mem\u00f3rias do Mar de Vila Praia de \u00c2ncora ser\u00e1 inaugurado na pr\u00f3xima segunda-feira, 7 de julho, pelas 11h30, no Forte da Lagarteira, ap\u00f3s uma interven\u00e7\u00e3o de reabilita\u00e7\u00e3o promovida pela C\u00e2mara Municipal de Caminha","og_url":"https:\/\/www.altominho.tv\/site\/2025\/07\/03\/forte-da-lagarteira-acolhe-novo-espaco-de-memorias-do-mar-em-vila-praia-de-ancora\/","og_site_name":"Altominho.tv","article_publisher":"https:\/\/www.facebook.com\/altominhotv","article_published_time":"2025-07-03T09:39:03+00:00","article_modified_time":"2025-07-03T09:39:05+00:00","og_image":[{"width":1200,"height":630,"url":"https:\/\/www.altominho.tv\/site\/wp-content\/uploads\/2025\/07\/memorias-do-mar.jpg","type":"image\/jpeg"}],"author":"Altominho.tv","twitter_card":"summary_large_image","twitter_creator":"@altominhoTV","twitter_site":"@altominhoTV","twitter_misc":{"Escrito por":"Altominho.tv","Tempo estimado de leitura":"2 minutos"},"schema":{"@context":"https:\/\/schema.org","@graph":[{"@type":"Article","@id":"https:\/\/www.altominho.tv\/site\/2025\/07\/03\/forte-da-lagarteira-acolhe-novo-espaco-de-memorias-do-mar-em-vila-praia-de-ancora\/#article","isPartOf":{"@id":"https:\/\/www.altominho.tv\/site\/2025\/07\/03\/forte-da-lagarteira-acolhe-novo-espaco-de-memorias-do-mar-em-vila-praia-de-ancora\/"},"author":{"name":"Altominho.tv","@id":"https:\/\/www.altominho.tv\/site\/#\/schema\/person\/4e536851627d7914baf3dac752b6af22"},"headline":"Forte da Lagarteira acolhe novo Espa\u00e7o de Mem\u00f3rias do Mar em Vila Praia de \u00c2ncora","datePublished":"2025-07-03T09:39:03+00:00","dateModified":"2025-07-03T09:39:05+00:00","mainEntityOfPage":{"@id":"https:\/\/www.altominho.tv\/site\/2025\/07\/03\/forte-da-lagarteira-acolhe-novo-espaco-de-memorias-do-mar-em-vila-praia-de-ancora\/"},"wordCount":232,"image":{"@id":"https:\/\/www.altominho.tv\/site\/2025\/07\/03\/forte-da-lagarteira-acolhe-novo-espaco-de-memorias-do-mar-em-vila-praia-de-ancora\/#primaryimage"},"thumbnailUrl":"https:\/\/www.altominho.tv\/site\/wp-content\/uploads\/2025\/07\/memorias-do-mar.jpg","keywords":["Cultura"],"articleSection":["Caminha"],"inLanguage":"pt-PT","copyrightYear":"2025","copyrightHolder":{"@id":"https:\/\/www.altominho.tv\/site\/#organization"}},{"@type":"WebPage","@id":"https:\/\/www.altominho.tv\/site\/2025\/07\/03\/forte-da-lagarteira-acolhe-novo-espaco-de-memorias-do-mar-em-vila-praia-de-ancora\/","url":"https:\/\/www.altominho.tv\/site\/2025\/07\/03\/forte-da-lagarteira-acolhe-novo-espaco-de-memorias-do-mar-em-vila-praia-de-ancora\/","name":"Forte da Lagarteira acolhe novo Espa\u00e7o de Mem\u00f3rias do Mar em Vila Praia de \u00c2ncora","isPartOf":{"@id":"https:\/\/www.altominho.tv\/site\/#website"},"primaryImageOfPage":{"@id":"https:\/\/www.altominho.tv\/site\/2025\/07\/03\/forte-da-lagarteira-acolhe-novo-espaco-de-memorias-do-mar-em-vila-praia-de-ancora\/#primaryimage"},"image":{"@id":"https:\/\/www.altominho.tv\/site\/2025\/07\/03\/forte-da-lagarteira-acolhe-novo-espaco-de-memorias-do-mar-em-vila-praia-de-ancora\/#primaryimage"},"thumbnailUrl":"https:\/\/www.altominho.tv\/site\/wp-content\/uploads\/2025\/07\/memorias-do-mar.jpg","datePublished":"2025-07-03T09:39:03+00:00","dateModified":"2025-07-03T09:39:05+00:00","author":{"@id":"https:\/\/www.altominho.tv\/site\/#\/schema\/person\/4e536851627d7914baf3dac752b6af22"},"description":"O Espa\u00e7o de Mem\u00f3rias do Mar de Vila Praia de \u00c2ncora ser\u00e1 inaugurado na pr\u00f3xima segunda-feira, 7 de julho, pelas 11h30, no Forte da Lagarteira, ap\u00f3s uma interven\u00e7\u00e3o de reabilita\u00e7\u00e3o promovida pela C\u00e2mara Municipal de Caminha","breadcrumb":{"@id":"https:\/\/www.altominho.tv\/site\/2025\/07\/03\/forte-da-lagarteira-acolhe-novo-espaco-de-memorias-do-mar-em-vila-praia-de-ancora\/#breadcrumb"},"inLanguage":"pt-PT","potentialAction":[{"@type":"ReadAction","target":["https:\/\/www.altominho.tv\/site\/2025\/07\/03\/forte-da-lagarteira-acolhe-novo-espaco-de-memorias-do-mar-em-vila-praia-de-ancora\/"]}]},{"@type":"ImageObject","inLanguage":"pt-PT","@id":"https:\/\/www.altominho.tv\/site\/2025\/07\/03\/forte-da-lagarteira-acolhe-novo-espaco-de-memorias-do-mar-em-vila-praia-de-ancora\/#primaryimage","url":"https:\/\/www.altominho.tv\/site\/wp-content\/uploads\/2025\/07\/memorias-do-mar.jpg","contentUrl":"https:\/\/www.altominho.tv\/site\/wp-content\/uploads\/2025\/07\/memorias-do-mar.jpg","width":1200,"height":630},{"@type":"BreadcrumbList","@id":"https:\/\/www.altominho.tv\/site\/2025\/07\/03\/forte-da-lagarteira-acolhe-novo-espaco-de-memorias-do-mar-em-vila-praia-de-ancora\/#breadcrumb","itemListElement":[{"@type":"ListItem","position":1,"name":"In\u00edcio","item":"https:\/\/www.altominho.tv\/site\/"},{"@type":"ListItem","position":2,"name":"Forte da Lagarteira acolhe novo Espa\u00e7o de Mem\u00f3rias do Mar em Vila Praia de \u00c2ncora"}]},{"@type":"WebSite","@id":"https:\/\/www.altominho.tv\/site\/#website","url":"https:\/\/www.altominho.tv\/site\/","name":"Altominho.tv","description":"A sua regi\u00e3o \u00e0 dist\u00e2ncia de um clique...","potentialAction":[{"@type":"SearchAction","target":{"@type":"EntryPoint","urlTemplate":"https:\/\/www.altominho.tv\/site\/?s={search_term_string}"},"query-input":{"@type":"PropertyValueSpecification","valueRequired":true,"valueName":"search_term_string"}}],"inLanguage":"pt-PT"},{"@type":"Person","@id":"https:\/\/www.altominho.tv\/site\/#\/schema\/person\/4e536851627d7914baf3dac752b6af22","name":"Altominho.tv","image":{"@type":"ImageObject","inLanguage":"pt-PT","@id":"https:\/\/www.altominho.tv\/site\/wp-content\/uploads\/2019\/11\/Logo_Avatar_2-150x150.jpg","url":"https:\/\/www.altominho.tv\/site\/wp-content\/uploads\/2019\/11\/Logo_Avatar_2-150x150.jpg","contentUrl":"https:\/\/www.altominho.tv\/site\/wp-content\/uploads\/2019\/11\/Logo_Avatar_2-150x150.jpg","caption":"Altominho.tv"},"url":"https:\/\/www.altominho.tv\/site\/author\/altominhotv-tecnico\/"}]}},"_links":{"self":[{"href":"https:\/\/www.altominho.tv\/site\/wp-json\/wp\/v2\/posts\/120322","targetHints":{"allow":["GET"]}}],"collection":[{"href":"https:\/\/www.altominho.tv\/site\/wp-json\/wp\/v2\/posts"}],"about":[{"href":"https:\/\/www.altominho.tv\/site\/wp-json\/wp\/v2\/types\/post"}],"author":[{"embeddable":true,"href":"https:\/\/www.altominho.tv\/site\/wp-json\/wp\/v2\/users\/1"}],"replies":[{"embeddable":true,"href":"https:\/\/www.altominho.tv\/site\/wp-json\/wp\/v2\/comments?post=120322"}],"version-history":[{"count":1,"href":"https:\/\/www.altominho.tv\/site\/wp-json\/wp\/v2\/posts\/120322\/revisions"}],"predecessor-version":[{"id":120324,"href":"https:\/\/www.altominho.tv\/site\/wp-json\/wp\/v2\/posts\/120322\/revisions\/120324"}],"wp:featuredmedia":[{"embeddable":true,"href":"https:\/\/www.altominho.tv\/site\/wp-json\/wp\/v2\/media\/120323"}],"wp:attachment":[{"href":"https:\/\/www.altominho.tv\/site\/wp-json\/wp\/v2\/media?parent=120322"}],"wp:term":[{"taxonomy":"category","embeddable":true,"href":"https:\/\/www.altominho.tv\/site\/wp-json\/wp\/v2\/categories?post=120322"},{"taxonomy":"post_tag","embeddable":true,"href":"https:\/\/www.altominho.tv\/site\/wp-json\/wp\/v2\/tags?post=120322"}],"curies":[{"name":"wp","href":"https:\/\/api.w.org\/{rel}","templated":true}]}}