{"id":120242,"date":"2025-07-01T18:17:40","date_gmt":"2025-07-01T17:17:40","guid":{"rendered":"https:\/\/www.altominho.tv\/site\/?p=120242"},"modified":"2025-07-01T18:17:44","modified_gmt":"2025-07-01T17:17:44","slug":"empresa-de-viana-do-castelo-vai-investir-8-me-e-criar-5-postos-de-trabalho","status":"publish","type":"post","link":"https:\/\/www.altominho.tv\/site\/2025\/07\/01\/empresa-de-viana-do-castelo-vai-investir-8-me-e-criar-5-postos-de-trabalho\/","title":{"rendered":"Empresa de Viana do Castelo vai investir 8 ME e criar 5 postos de trabalho"},"content":{"rendered":"\n<p>A empresa Portilame, com sede em Viana do Castelo, vai investir oito milh\u00f5es de euros no concelho e criar \u201ccinco ou mais postos de trabalho\u201d, revelou hoje a autarquia.<\/p>\n\n\n\n<p>Em comunicado, a C\u00e2mara de Viana do Castelo esclarece que a autarquia e a empresa do setor da constru\u00e7\u00e3o em madeira assinaram hoje \u201cum contrato de investimento de incentivos \u00e0 atividade econ\u00f3mica\u201d.\u00a0<\/p>\n\n\n\n<p>De acordo com o munic\u00edpio, \u201co contrato de investimento visa o benef\u00edcio de isen\u00e7\u00e3o de pagamento de taxas devidas pelo licenciamento da opera\u00e7\u00e3o urban\u00edstica, bem como as demais taxas devidas por altera\u00e7\u00f5es ou aditamentos ao projeto, tal como previsto no Regulamento Municipal de Reconhecimento de Benef\u00edcios Fiscais e Incentivos \u00e0 Atividade Econ\u00f3mica\u201d.<\/p>\n\n\n\n<p>\u201cEm contrapartida, a empresa vocacionada para a \u00e1rea da constru\u00e7\u00e3o de estruturas de madeira e compra e venda de derivados de madeira, importa\u00e7\u00e3o e exporta\u00e7\u00e3o de madeiras e afins, garante o desenvolvimento e industrializa\u00e7\u00e3o de um novo sistema construtivo modular, num investimento de mais de oito milh\u00f5es de euros\u201d, descreve.\u00a0<\/p>\n\n\n\n<p>Para al\u00e9m disso, a empresa vai tamb\u00e9m \u201ccriar cinco ou mais postos diretos e compromete-se a manter a sede social em Viana do Castelo, e n\u00e3o suspender a atividade durante 10 anos, entre outras obriga\u00e7\u00f5es\u201d.<\/p>\n","protected":false},"excerpt":{"rendered":"<p>A empresa Portilame, com sede em Viana do Castelo, vai investir oito milh\u00f5es de euros no concelho e criar \u201ccinco ou mais postos de trabalho\u201d, revelou hoje a autarquia. Em comunicado, a C\u00e2mara de Viana do Castelo esclarece que a autarquia e a empresa do setor da constru\u00e7\u00e3o em madeira assinaram hoje \u201cum contrato de [&hellip;]<\/p>\n","protected":false},"author":13,"featured_media":120243,"comment_status":"closed","ping_status":"closed","sticky":false,"template":"","format":"standard","meta":{"_exactmetrics_skip_tracking":false,"_exactmetrics_sitenote_active":false,"_exactmetrics_sitenote_note":"","_exactmetrics_sitenote_category":0,"footnotes":""},"categories":[14],"tags":[21,27],"class_list":["post-120242","post","type-post","status-publish","format-standard","has-post-thumbnail","hentry","category-viana-do-castelo","tag-economia","tag-sociedade"],"yoast_head":"<!-- This site is optimized with the Yoast SEO Premium plugin v27.5 (Yoast SEO v27.5) - https:\/\/yoast.com\/product\/yoast-seo-premium-wordpress\/ -->\n<title>Empresa de Viana do Castelo vai investir 8 ME e criar 5 postos de trabalho<\/title>\n<meta name=\"robots\" content=\"index, follow, max-snippet:-1, max-image-preview:large, max-video-preview:-1\" \/>\n<link rel=\"canonical\" href=\"https:\/\/www.altominho.tv\/site\/2025\/07\/01\/empresa-de-viana-do-castelo-vai-investir-8-me-e-criar-5-postos-de-trabalho\/\" \/>\n<meta property=\"og:locale\" content=\"pt_PT\" \/>\n<meta property=\"og:type\" content=\"article\" \/>\n<meta property=\"og:title\" content=\"Empresa de Viana do Castelo vai investir 8 ME e criar 5 postos de trabalho\" \/>\n<meta property=\"og:description\" content=\"A empresa Portilame, com sede em Viana do Castelo, vai investir oito milh\u00f5es de euros no concelho e criar \u201ccinco ou mais postos de trabalho\u201d, revelou hoje a autarquia. Em comunicado, a C\u00e2mara de Viana do Castelo esclarece que a autarquia e a empresa do setor da constru\u00e7\u00e3o em madeira assinaram hoje \u201cum contrato de [&hellip;]\" \/>\n<meta property=\"og:url\" content=\"https:\/\/www.altominho.tv\/site\/2025\/07\/01\/empresa-de-viana-do-castelo-vai-investir-8-me-e-criar-5-postos-de-trabalho\/\" \/>\n<meta property=\"og:site_name\" content=\"Altominho.tv\" \/>\n<meta property=\"article:publisher\" content=\"https:\/\/www.facebook.com\/altominhotv\" \/>\n<meta property=\"article:published_time\" content=\"2025-07-01T17:17:40+00:00\" \/>\n<meta property=\"article:modified_time\" content=\"2025-07-01T17:17:44+00:00\" \/>\n<meta property=\"og:image\" content=\"https:\/\/www.altominho.tv\/site\/wp-content\/uploads\/2025\/07\/Design-sem-nome-1.png\" \/>\n\t<meta property=\"og:image:width\" content=\"1200\" \/>\n\t<meta property=\"og:image:height\" content=\"630\" \/>\n\t<meta property=\"og:image:type\" content=\"image\/png\" \/>\n<meta name=\"author\" content=\"Lusa\" \/>\n<meta name=\"twitter:card\" content=\"summary_large_image\" \/>\n<meta name=\"twitter:creator\" content=\"@altominhoTV\" \/>\n<meta name=\"twitter:site\" content=\"@altominhoTV\" \/>\n<meta name=\"twitter:label1\" content=\"Escrito por\" \/>\n\t<meta name=\"twitter:data1\" content=\"Lusa\" \/>\n\t<meta name=\"twitter:label2\" content=\"Tempo estimado de leitura\" \/>\n\t<meta name=\"twitter:data2\" content=\"2 minutos\" \/>\n<script type=\"application\/ld+json\" class=\"yoast-schema-graph\">{\"@context\":\"https:\\\/\\\/schema.org\",\"@graph\":[{\"@type\":\"Article\",\"@id\":\"https:\\\/\\\/www.altominho.tv\\\/site\\\/2025\\\/07\\\/01\\\/empresa-de-viana-do-castelo-vai-investir-8-me-e-criar-5-postos-de-trabalho\\\/#article\",\"isPartOf\":{\"@id\":\"https:\\\/\\\/www.altominho.tv\\\/site\\\/2025\\\/07\\\/01\\\/empresa-de-viana-do-castelo-vai-investir-8-me-e-criar-5-postos-de-trabalho\\\/\"},\"author\":{\"name\":\"Lusa\",\"@id\":\"https:\\\/\\\/www.altominho.tv\\\/site\\\/#\\\/schema\\\/person\\\/63f693da3e1899361cbe955c46f3232e\"},\"headline\":\"Empresa de Viana do Castelo vai investir 8 ME e criar 5 postos de trabalho\",\"datePublished\":\"2025-07-01T17:17:40+00:00\",\"dateModified\":\"2025-07-01T17:17:44+00:00\",\"mainEntityOfPage\":{\"@id\":\"https:\\\/\\\/www.altominho.tv\\\/site\\\/2025\\\/07\\\/01\\\/empresa-de-viana-do-castelo-vai-investir-8-me-e-criar-5-postos-de-trabalho\\\/\"},\"wordCount\":229,\"image\":{\"@id\":\"https:\\\/\\\/www.altominho.tv\\\/site\\\/2025\\\/07\\\/01\\\/empresa-de-viana-do-castelo-vai-investir-8-me-e-criar-5-postos-de-trabalho\\\/#primaryimage\"},\"thumbnailUrl\":\"https:\\\/\\\/www.altominho.tv\\\/site\\\/wp-content\\\/uploads\\\/2025\\\/07\\\/Design-sem-nome-1.png\",\"keywords\":[\"Economia\",\"Sociedade\"],\"articleSection\":[\"Viana do Castelo\"],\"inLanguage\":\"pt-PT\",\"copyrightYear\":\"2025\",\"copyrightHolder\":{\"@id\":\"https:\\\/\\\/www.altominho.tv\\\/site\\\/#organization\"}},{\"@type\":\"WebPage\",\"@id\":\"https:\\\/\\\/www.altominho.tv\\\/site\\\/2025\\\/07\\\/01\\\/empresa-de-viana-do-castelo-vai-investir-8-me-e-criar-5-postos-de-trabalho\\\/\",\"url\":\"https:\\\/\\\/www.altominho.tv\\\/site\\\/2025\\\/07\\\/01\\\/empresa-de-viana-do-castelo-vai-investir-8-me-e-criar-5-postos-de-trabalho\\\/\",\"name\":\"Empresa de Viana do Castelo vai investir 8 ME e criar 5 postos de trabalho\",\"isPartOf\":{\"@id\":\"https:\\\/\\\/www.altominho.tv\\\/site\\\/#website\"},\"primaryImageOfPage\":{\"@id\":\"https:\\\/\\\/www.altominho.tv\\\/site\\\/2025\\\/07\\\/01\\\/empresa-de-viana-do-castelo-vai-investir-8-me-e-criar-5-postos-de-trabalho\\\/#primaryimage\"},\"image\":{\"@id\":\"https:\\\/\\\/www.altominho.tv\\\/site\\\/2025\\\/07\\\/01\\\/empresa-de-viana-do-castelo-vai-investir-8-me-e-criar-5-postos-de-trabalho\\\/#primaryimage\"},\"thumbnailUrl\":\"https:\\\/\\\/www.altominho.tv\\\/site\\\/wp-content\\\/uploads\\\/2025\\\/07\\\/Design-sem-nome-1.png\",\"datePublished\":\"2025-07-01T17:17:40+00:00\",\"dateModified\":\"2025-07-01T17:17:44+00:00\",\"author\":{\"@id\":\"https:\\\/\\\/www.altominho.tv\\\/site\\\/#\\\/schema\\\/person\\\/63f693da3e1899361cbe955c46f3232e\"},\"breadcrumb\":{\"@id\":\"https:\\\/\\\/www.altominho.tv\\\/site\\\/2025\\\/07\\\/01\\\/empresa-de-viana-do-castelo-vai-investir-8-me-e-criar-5-postos-de-trabalho\\\/#breadcrumb\"},\"inLanguage\":\"pt-PT\",\"potentialAction\":[{\"@type\":\"ReadAction\",\"target\":[\"https:\\\/\\\/www.altominho.tv\\\/site\\\/2025\\\/07\\\/01\\\/empresa-de-viana-do-castelo-vai-investir-8-me-e-criar-5-postos-de-trabalho\\\/\"]}]},{\"@type\":\"ImageObject\",\"inLanguage\":\"pt-PT\",\"@id\":\"https:\\\/\\\/www.altominho.tv\\\/site\\\/2025\\\/07\\\/01\\\/empresa-de-viana-do-castelo-vai-investir-8-me-e-criar-5-postos-de-trabalho\\\/#primaryimage\",\"url\":\"https:\\\/\\\/www.altominho.tv\\\/site\\\/wp-content\\\/uploads\\\/2025\\\/07\\\/Design-sem-nome-1.png\",\"contentUrl\":\"https:\\\/\\\/www.altominho.tv\\\/site\\\/wp-content\\\/uploads\\\/2025\\\/07\\\/Design-sem-nome-1.png\",\"width\":1200,\"height\":630},{\"@type\":\"BreadcrumbList\",\"@id\":\"https:\\\/\\\/www.altominho.tv\\\/site\\\/2025\\\/07\\\/01\\\/empresa-de-viana-do-castelo-vai-investir-8-me-e-criar-5-postos-de-trabalho\\\/#breadcrumb\",\"itemListElement\":[{\"@type\":\"ListItem\",\"position\":1,\"name\":\"In\u00edcio\",\"item\":\"https:\\\/\\\/www.altominho.tv\\\/site\\\/\"},{\"@type\":\"ListItem\",\"position\":2,\"name\":\"Empresa de Viana do Castelo vai investir 8 ME e criar 5 postos de trabalho\"}]},{\"@type\":\"WebSite\",\"@id\":\"https:\\\/\\\/www.altominho.tv\\\/site\\\/#website\",\"url\":\"https:\\\/\\\/www.altominho.tv\\\/site\\\/\",\"name\":\"Altominho.tv\",\"description\":\"A sua regi\u00e3o \u00e0 dist\u00e2ncia de um clique...\",\"potentialAction\":[{\"@type\":\"SearchAction\",\"target\":{\"@type\":\"EntryPoint\",\"urlTemplate\":\"https:\\\/\\\/www.altominho.tv\\\/site\\\/?s={search_term_string}\"},\"query-input\":{\"@type\":\"PropertyValueSpecification\",\"valueRequired\":true,\"valueName\":\"search_term_string\"}}],\"inLanguage\":\"pt-PT\"},{\"@type\":\"Person\",\"@id\":\"https:\\\/\\\/www.altominho.tv\\\/site\\\/#\\\/schema\\\/person\\\/63f693da3e1899361cbe955c46f3232e\",\"name\":\"Lusa\",\"image\":{\"@type\":\"ImageObject\",\"inLanguage\":\"pt-PT\",\"@id\":\"https:\\\/\\\/www.altominho.tv\\\/site\\\/wp-content\\\/uploads\\\/2019\\\/08\\\/LUSA_Logo.gif\",\"url\":\"https:\\\/\\\/www.altominho.tv\\\/site\\\/wp-content\\\/uploads\\\/2019\\\/08\\\/LUSA_Logo.gif\",\"contentUrl\":\"https:\\\/\\\/www.altominho.tv\\\/site\\\/wp-content\\\/uploads\\\/2019\\\/08\\\/LUSA_Logo.gif\",\"caption\":\"Lusa\"},\"sameAs\":[\"http:\\\/\\\/\\\/\\\/www.altominho.tv\\\/site\"],\"url\":\"https:\\\/\\\/www.altominho.tv\\\/site\\\/author\\\/lusa\\\/\"}]}<\/script>\n<!-- \/ Yoast SEO Premium plugin. -->","yoast_head_json":{"title":"Empresa de Viana do Castelo vai investir 8 ME e criar 5 postos de trabalho","robots":{"index":"index","follow":"follow","max-snippet":"max-snippet:-1","max-image-preview":"max-image-preview:large","max-video-preview":"max-video-preview:-1"},"canonical":"https:\/\/www.altominho.tv\/site\/2025\/07\/01\/empresa-de-viana-do-castelo-vai-investir-8-me-e-criar-5-postos-de-trabalho\/","og_locale":"pt_PT","og_type":"article","og_title":"Empresa de Viana do Castelo vai investir 8 ME e criar 5 postos de trabalho","og_description":"A empresa Portilame, com sede em Viana do Castelo, vai investir oito milh\u00f5es de euros no concelho e criar \u201ccinco ou mais postos de trabalho\u201d, revelou hoje a autarquia. Em comunicado, a C\u00e2mara de Viana do Castelo esclarece que a autarquia e a empresa do setor da constru\u00e7\u00e3o em madeira assinaram hoje \u201cum contrato de [&hellip;]","og_url":"https:\/\/www.altominho.tv\/site\/2025\/07\/01\/empresa-de-viana-do-castelo-vai-investir-8-me-e-criar-5-postos-de-trabalho\/","og_site_name":"Altominho.tv","article_publisher":"https:\/\/www.facebook.com\/altominhotv","article_published_time":"2025-07-01T17:17:40+00:00","article_modified_time":"2025-07-01T17:17:44+00:00","og_image":[{"width":1200,"height":630,"url":"https:\/\/www.altominho.tv\/site\/wp-content\/uploads\/2025\/07\/Design-sem-nome-1.png","type":"image\/png"}],"author":"Lusa","twitter_card":"summary_large_image","twitter_creator":"@altominhoTV","twitter_site":"@altominhoTV","twitter_misc":{"Escrito por":"Lusa","Tempo estimado de leitura":"2 minutos"},"schema":{"@context":"https:\/\/schema.org","@graph":[{"@type":"Article","@id":"https:\/\/www.altominho.tv\/site\/2025\/07\/01\/empresa-de-viana-do-castelo-vai-investir-8-me-e-criar-5-postos-de-trabalho\/#article","isPartOf":{"@id":"https:\/\/www.altominho.tv\/site\/2025\/07\/01\/empresa-de-viana-do-castelo-vai-investir-8-me-e-criar-5-postos-de-trabalho\/"},"author":{"name":"Lusa","@id":"https:\/\/www.altominho.tv\/site\/#\/schema\/person\/63f693da3e1899361cbe955c46f3232e"},"headline":"Empresa de Viana do Castelo vai investir 8 ME e criar 5 postos de trabalho","datePublished":"2025-07-01T17:17:40+00:00","dateModified":"2025-07-01T17:17:44+00:00","mainEntityOfPage":{"@id":"https:\/\/www.altominho.tv\/site\/2025\/07\/01\/empresa-de-viana-do-castelo-vai-investir-8-me-e-criar-5-postos-de-trabalho\/"},"wordCount":229,"image":{"@id":"https:\/\/www.altominho.tv\/site\/2025\/07\/01\/empresa-de-viana-do-castelo-vai-investir-8-me-e-criar-5-postos-de-trabalho\/#primaryimage"},"thumbnailUrl":"https:\/\/www.altominho.tv\/site\/wp-content\/uploads\/2025\/07\/Design-sem-nome-1.png","keywords":["Economia","Sociedade"],"articleSection":["Viana do Castelo"],"inLanguage":"pt-PT","copyrightYear":"2025","copyrightHolder":{"@id":"https:\/\/www.altominho.tv\/site\/#organization"}},{"@type":"WebPage","@id":"https:\/\/www.altominho.tv\/site\/2025\/07\/01\/empresa-de-viana-do-castelo-vai-investir-8-me-e-criar-5-postos-de-trabalho\/","url":"https:\/\/www.altominho.tv\/site\/2025\/07\/01\/empresa-de-viana-do-castelo-vai-investir-8-me-e-criar-5-postos-de-trabalho\/","name":"Empresa de Viana do Castelo vai investir 8 ME e criar 5 postos de trabalho","isPartOf":{"@id":"https:\/\/www.altominho.tv\/site\/#website"},"primaryImageOfPage":{"@id":"https:\/\/www.altominho.tv\/site\/2025\/07\/01\/empresa-de-viana-do-castelo-vai-investir-8-me-e-criar-5-postos-de-trabalho\/#primaryimage"},"image":{"@id":"https:\/\/www.altominho.tv\/site\/2025\/07\/01\/empresa-de-viana-do-castelo-vai-investir-8-me-e-criar-5-postos-de-trabalho\/#primaryimage"},"thumbnailUrl":"https:\/\/www.altominho.tv\/site\/wp-content\/uploads\/2025\/07\/Design-sem-nome-1.png","datePublished":"2025-07-01T17:17:40+00:00","dateModified":"2025-07-01T17:17:44+00:00","author":{"@id":"https:\/\/www.altominho.tv\/site\/#\/schema\/person\/63f693da3e1899361cbe955c46f3232e"},"breadcrumb":{"@id":"https:\/\/www.altominho.tv\/site\/2025\/07\/01\/empresa-de-viana-do-castelo-vai-investir-8-me-e-criar-5-postos-de-trabalho\/#breadcrumb"},"inLanguage":"pt-PT","potentialAction":[{"@type":"ReadAction","target":["https:\/\/www.altominho.tv\/site\/2025\/07\/01\/empresa-de-viana-do-castelo-vai-investir-8-me-e-criar-5-postos-de-trabalho\/"]}]},{"@type":"ImageObject","inLanguage":"pt-PT","@id":"https:\/\/www.altominho.tv\/site\/2025\/07\/01\/empresa-de-viana-do-castelo-vai-investir-8-me-e-criar-5-postos-de-trabalho\/#primaryimage","url":"https:\/\/www.altominho.tv\/site\/wp-content\/uploads\/2025\/07\/Design-sem-nome-1.png","contentUrl":"https:\/\/www.altominho.tv\/site\/wp-content\/uploads\/2025\/07\/Design-sem-nome-1.png","width":1200,"height":630},{"@type":"BreadcrumbList","@id":"https:\/\/www.altominho.tv\/site\/2025\/07\/01\/empresa-de-viana-do-castelo-vai-investir-8-me-e-criar-5-postos-de-trabalho\/#breadcrumb","itemListElement":[{"@type":"ListItem","position":1,"name":"In\u00edcio","item":"https:\/\/www.altominho.tv\/site\/"},{"@type":"ListItem","position":2,"name":"Empresa de Viana do Castelo vai investir 8 ME e criar 5 postos de trabalho"}]},{"@type":"WebSite","@id":"https:\/\/www.altominho.tv\/site\/#website","url":"https:\/\/www.altominho.tv\/site\/","name":"Altominho.tv","description":"A sua regi\u00e3o \u00e0 dist\u00e2ncia de um clique...","potentialAction":[{"@type":"SearchAction","target":{"@type":"EntryPoint","urlTemplate":"https:\/\/www.altominho.tv\/site\/?s={search_term_string}"},"query-input":{"@type":"PropertyValueSpecification","valueRequired":true,"valueName":"search_term_string"}}],"inLanguage":"pt-PT"},{"@type":"Person","@id":"https:\/\/www.altominho.tv\/site\/#\/schema\/person\/63f693da3e1899361cbe955c46f3232e","name":"Lusa","image":{"@type":"ImageObject","inLanguage":"pt-PT","@id":"https:\/\/www.altominho.tv\/site\/wp-content\/uploads\/2019\/08\/LUSA_Logo.gif","url":"https:\/\/www.altominho.tv\/site\/wp-content\/uploads\/2019\/08\/LUSA_Logo.gif","contentUrl":"https:\/\/www.altominho.tv\/site\/wp-content\/uploads\/2019\/08\/LUSA_Logo.gif","caption":"Lusa"},"sameAs":["http:\/\/\/\/www.altominho.tv\/site"],"url":"https:\/\/www.altominho.tv\/site\/author\/lusa\/"}]}},"_links":{"self":[{"href":"https:\/\/www.altominho.tv\/site\/wp-json\/wp\/v2\/posts\/120242","targetHints":{"allow":["GET"]}}],"collection":[{"href":"https:\/\/www.altominho.tv\/site\/wp-json\/wp\/v2\/posts"}],"about":[{"href":"https:\/\/www.altominho.tv\/site\/wp-json\/wp\/v2\/types\/post"}],"author":[{"embeddable":true,"href":"https:\/\/www.altominho.tv\/site\/wp-json\/wp\/v2\/users\/13"}],"replies":[{"embeddable":true,"href":"https:\/\/www.altominho.tv\/site\/wp-json\/wp\/v2\/comments?post=120242"}],"version-history":[{"count":1,"href":"https:\/\/www.altominho.tv\/site\/wp-json\/wp\/v2\/posts\/120242\/revisions"}],"predecessor-version":[{"id":120244,"href":"https:\/\/www.altominho.tv\/site\/wp-json\/wp\/v2\/posts\/120242\/revisions\/120244"}],"wp:featuredmedia":[{"embeddable":true,"href":"https:\/\/www.altominho.tv\/site\/wp-json\/wp\/v2\/media\/120243"}],"wp:attachment":[{"href":"https:\/\/www.altominho.tv\/site\/wp-json\/wp\/v2\/media?parent=120242"}],"wp:term":[{"taxonomy":"category","embeddable":true,"href":"https:\/\/www.altominho.tv\/site\/wp-json\/wp\/v2\/categories?post=120242"},{"taxonomy":"post_tag","embeddable":true,"href":"https:\/\/www.altominho.tv\/site\/wp-json\/wp\/v2\/tags?post=120242"}],"curies":[{"name":"wp","href":"https:\/\/api.w.org\/{rel}","templated":true}]}}