{"id":120234,"date":"2025-07-01T17:26:21","date_gmt":"2025-07-01T16:26:21","guid":{"rendered":"https:\/\/www.altominho.tv\/site\/?p=120234"},"modified":"2025-07-01T17:29:26","modified_gmt":"2025-07-01T16:29:26","slug":"transcunha-acusa-camara-de-viana-do-castelo-de-divida","status":"publish","type":"post","link":"https:\/\/www.altominho.tv\/site\/2025\/07\/01\/transcunha-acusa-camara-de-viana-do-castelo-de-divida\/","title":{"rendered":"Transcunha acusa C\u00e2mara de Viana do Castelo de d\u00edvida"},"content":{"rendered":"<p>A Transcunha acusa a C\u00e2mara de Viana do Castelo de dever mais de 100 mil euros de descontos nos passes e acertos tarif\u00e1rios desde janeiro, para al\u00e9m de cerca de 1,7 milh\u00f5es de euros reclamados em tribunal arbitral.<\/p>\n<p>\u201cA c\u00e2mara sempre acumulou d\u00edvida com a empresa, chegando nos \u00faltimos anos a valores nunca antes atingidos e absolutamente insustent\u00e1veis. Neste momento, para al\u00e9m do valor reclamado no Tribunal Arbitral de cerca de 1,7 milh\u00f5es de euros, a c\u00e2mara deve mais de 100 mil euros \u00e0 Transcunha, relativos aos descontos praticados nos passes e acertos tarif\u00e1rios desde janeiro de 2025\u201d, diz, em comunicado, a transportadora do grupo Avic, atual concession\u00e1ria do servi\u00e7o p\u00fablico de transporte coletivo de passageiros em Viana do Castelo, que termina no dia 22 de setembro.<\/p>\n<p>A Lusa contactou a autarquia sobre esta d\u00edvida, mas n\u00e3o obteve resposta at\u00e9 ao momento.<\/p>\n<p>Quanto aos trabalhadores da empresa que, na sexta-feira, avan\u00e7aram com a hip\u00f3tese de greve para reclamar a integra\u00e7\u00e3o no servi\u00e7o p\u00fablico de transporte que a c\u00e2mara assume em setembro, o presidente do Sindicato dos Trabalhadores de Transportes Rodovi\u00e1rios e Urbanos do Norte (STRUN) disse hoje \u00e0 Lusa que decidiram n\u00e3o avan\u00e7ar, para j\u00e1, com a paralisa\u00e7\u00e3o, aguardando o desenrolar do processo.<\/p>\n<p>J\u00e1 a Transcunha, rebate, ao longo dos 12 pontos do comunicado, informa\u00e7\u00f5es que ter\u00e3o sido prestadas pelo presidente da autarquia, Lu\u00eds Nobre, nomeadamente a prop\u00f3sito da a\u00e7\u00e3o interposta pela empresa no tribunal de trabalho para ver os motoristas integrados no servi\u00e7o que a c\u00e2mara assume em setembro.<\/p>\n<p>A 9 de junho, a Transcunha revelou que ia recorrer da senten\u00e7a que declarou improcedente a a\u00e7\u00e3o, assinalando que o tribunal lhe deu raz\u00e3o, \u201cmas adiou a decis\u00e3o\u201d.<\/p>\n<p>A 6 de junho, o presidente da C\u00e2mara anunciou hoje que o Tribunal de Trabalho declarou improcedente a a\u00e7\u00e3o interposta pela Transcunha para garantir o emprego dos seus motoristas, face \u00e0 decis\u00e3o da autarquia em assumir os transportes p\u00fablicos.<\/p>\n<p>Hoje, a Transcunha sublinha que \u201co recurso \u00e9 um direito legal\u201d e que \u201ca senten\u00e7a n\u00e3o deu raz\u00e3o \u00e0 c\u00e2mara \u2014 apenas entendeu que faltava prova documental no momento da decis\u00e3o\u201d.<\/p>\n<p>Em maio, a prop\u00f3sito da mesma a\u00e7\u00e3o no tribunal de trabalho, o presidente da C\u00e2mara de Viana do Castelo disse que o munic\u00edpio, legalmente, n\u00e3o pode integrar nos seus quadros os 23 motoristas da operadora, pois todos os pareceres solicitados a entidades externas \u201cdizem que a autarquia n\u00e3o \u00e9 obrigada a ficar com os motoristas\u201d.<\/p>\n<p>Na sexta-feira, o autarca disse que aconselhou os motoristas da Transcunha a concorrerem a um novo concurso que a autarquia vai ter de lan\u00e7ar para contratar mais profissionais, \u201ctal como podiam ter feito nos dois primeiros [procedimentos]\u201d lan\u00e7ados pelo munic\u00edpio.<\/p>\n","protected":false},"excerpt":{"rendered":"<p>A Transcunha acusa a C\u00e2mara de Viana do Castelo de dever mais de 100 mil euros de descontos nos passes e acertos tarif\u00e1rios desde janeiro, para al\u00e9m de cerca de 1,7 milh\u00f5es de euros reclamados em tribunal arbitral. \u201cA c\u00e2mara sempre acumulou d\u00edvida com a empresa, chegando nos \u00faltimos anos a valores nunca antes atingidos [&hellip;]<\/p>\n","protected":false},"author":13,"featured_media":120096,"comment_status":"closed","ping_status":"closed","sticky":false,"template":"","format":"standard","meta":{"_exactmetrics_skip_tracking":false,"_exactmetrics_sitenote_active":false,"_exactmetrics_sitenote_note":"","_exactmetrics_sitenote_category":0,"footnotes":""},"categories":[14],"tags":[27],"class_list":["post-120234","post","type-post","status-publish","format-standard","has-post-thumbnail","hentry","category-viana-do-castelo","tag-sociedade"],"yoast_head":"<!-- This site is optimized with the Yoast SEO Premium plugin v27.5 (Yoast SEO v27.5) - https:\/\/yoast.com\/product\/yoast-seo-premium-wordpress\/ -->\n<title>Transcunha acusa C\u00e2mara de Viana do Castelo de d\u00edvida<\/title>\n<meta name=\"description\" content=\"A Transcunha acusa a C\u00e2mara de Viana do Castelo de dever mais de 100 mil euros de descontos nos passes e acertos tarif\u00e1rios desde janeiro, para al\u00e9m de cerca de 1,7 milh\u00f5es de euros reclamados em tribunal arbitral.\" \/>\n<meta name=\"robots\" content=\"index, follow, max-snippet:-1, max-image-preview:large, max-video-preview:-1\" \/>\n<link rel=\"canonical\" href=\"https:\/\/www.altominho.tv\/site\/2025\/07\/01\/transcunha-acusa-camara-de-viana-do-castelo-de-divida\/\" \/>\n<meta property=\"og:locale\" content=\"pt_PT\" \/>\n<meta property=\"og:type\" content=\"article\" \/>\n<meta property=\"og:title\" content=\"Transcunha acusa C\u00e2mara de Viana do Castelo de d\u00edvida\" \/>\n<meta property=\"og:description\" content=\"A Transcunha acusa a C\u00e2mara de Viana do Castelo de dever mais de 100 mil euros de descontos nos passes e acertos tarif\u00e1rios desde janeiro, para al\u00e9m de cerca de 1,7 milh\u00f5es de euros reclamados em tribunal arbitral.\" \/>\n<meta property=\"og:url\" content=\"https:\/\/www.altominho.tv\/site\/2025\/07\/01\/transcunha-acusa-camara-de-viana-do-castelo-de-divida\/\" \/>\n<meta property=\"og:site_name\" content=\"Altominho.tv\" \/>\n<meta property=\"article:publisher\" content=\"https:\/\/www.facebook.com\/altominhotv\" \/>\n<meta property=\"article:published_time\" content=\"2025-07-01T16:26:21+00:00\" \/>\n<meta property=\"article:modified_time\" content=\"2025-07-01T16:29:26+00:00\" \/>\n<meta property=\"og:image\" content=\"https:\/\/www.altominho.tv\/site\/wp-content\/uploads\/2025\/06\/Design-sem-nome-1-4.png\" \/>\n\t<meta property=\"og:image:width\" content=\"1200\" \/>\n\t<meta property=\"og:image:height\" content=\"630\" \/>\n\t<meta property=\"og:image:type\" content=\"image\/png\" \/>\n<meta name=\"author\" content=\"Lusa\" \/>\n<meta name=\"twitter:card\" content=\"summary_large_image\" \/>\n<meta name=\"twitter:creator\" content=\"@altominhoTV\" \/>\n<meta name=\"twitter:site\" content=\"@altominhoTV\" \/>\n<meta name=\"twitter:label1\" content=\"Escrito por\" \/>\n\t<meta name=\"twitter:data1\" content=\"Lusa\" \/>\n\t<meta name=\"twitter:label2\" content=\"Tempo estimado de leitura\" \/>\n\t<meta name=\"twitter:data2\" content=\"3 minutos\" \/>\n<script type=\"application\/ld+json\" class=\"yoast-schema-graph\">{\"@context\":\"https:\\\/\\\/schema.org\",\"@graph\":[{\"@type\":\"Article\",\"@id\":\"https:\\\/\\\/www.altominho.tv\\\/site\\\/2025\\\/07\\\/01\\\/transcunha-acusa-camara-de-viana-do-castelo-de-divida\\\/#article\",\"isPartOf\":{\"@id\":\"https:\\\/\\\/www.altominho.tv\\\/site\\\/2025\\\/07\\\/01\\\/transcunha-acusa-camara-de-viana-do-castelo-de-divida\\\/\"},\"author\":{\"name\":\"Lusa\",\"@id\":\"https:\\\/\\\/www.altominho.tv\\\/site\\\/#\\\/schema\\\/person\\\/63f693da3e1899361cbe955c46f3232e\"},\"headline\":\"Transcunha acusa C\u00e2mara de Viana do Castelo de d\u00edvida\",\"datePublished\":\"2025-07-01T16:26:21+00:00\",\"dateModified\":\"2025-07-01T16:29:26+00:00\",\"mainEntityOfPage\":{\"@id\":\"https:\\\/\\\/www.altominho.tv\\\/site\\\/2025\\\/07\\\/01\\\/transcunha-acusa-camara-de-viana-do-castelo-de-divida\\\/\"},\"wordCount\":492,\"image\":{\"@id\":\"https:\\\/\\\/www.altominho.tv\\\/site\\\/2025\\\/07\\\/01\\\/transcunha-acusa-camara-de-viana-do-castelo-de-divida\\\/#primaryimage\"},\"thumbnailUrl\":\"https:\\\/\\\/www.altominho.tv\\\/site\\\/wp-content\\\/uploads\\\/2025\\\/06\\\/Design-sem-nome-1-4.png\",\"keywords\":[\"Sociedade\"],\"articleSection\":[\"Viana do Castelo\"],\"inLanguage\":\"pt-PT\",\"copyrightYear\":\"2025\",\"copyrightHolder\":{\"@id\":\"https:\\\/\\\/www.altominho.tv\\\/site\\\/#organization\"}},{\"@type\":\"WebPage\",\"@id\":\"https:\\\/\\\/www.altominho.tv\\\/site\\\/2025\\\/07\\\/01\\\/transcunha-acusa-camara-de-viana-do-castelo-de-divida\\\/\",\"url\":\"https:\\\/\\\/www.altominho.tv\\\/site\\\/2025\\\/07\\\/01\\\/transcunha-acusa-camara-de-viana-do-castelo-de-divida\\\/\",\"name\":\"Transcunha acusa C\u00e2mara de Viana do Castelo de d\u00edvida\",\"isPartOf\":{\"@id\":\"https:\\\/\\\/www.altominho.tv\\\/site\\\/#website\"},\"primaryImageOfPage\":{\"@id\":\"https:\\\/\\\/www.altominho.tv\\\/site\\\/2025\\\/07\\\/01\\\/transcunha-acusa-camara-de-viana-do-castelo-de-divida\\\/#primaryimage\"},\"image\":{\"@id\":\"https:\\\/\\\/www.altominho.tv\\\/site\\\/2025\\\/07\\\/01\\\/transcunha-acusa-camara-de-viana-do-castelo-de-divida\\\/#primaryimage\"},\"thumbnailUrl\":\"https:\\\/\\\/www.altominho.tv\\\/site\\\/wp-content\\\/uploads\\\/2025\\\/06\\\/Design-sem-nome-1-4.png\",\"datePublished\":\"2025-07-01T16:26:21+00:00\",\"dateModified\":\"2025-07-01T16:29:26+00:00\",\"author\":{\"@id\":\"https:\\\/\\\/www.altominho.tv\\\/site\\\/#\\\/schema\\\/person\\\/63f693da3e1899361cbe955c46f3232e\"},\"description\":\"A Transcunha acusa a C\u00e2mara de Viana do Castelo de dever mais de 100 mil euros de descontos nos passes e acertos tarif\u00e1rios desde janeiro, para al\u00e9m de cerca de 1,7 milh\u00f5es de euros reclamados em tribunal arbitral.\",\"breadcrumb\":{\"@id\":\"https:\\\/\\\/www.altominho.tv\\\/site\\\/2025\\\/07\\\/01\\\/transcunha-acusa-camara-de-viana-do-castelo-de-divida\\\/#breadcrumb\"},\"inLanguage\":\"pt-PT\",\"potentialAction\":[{\"@type\":\"ReadAction\",\"target\":[\"https:\\\/\\\/www.altominho.tv\\\/site\\\/2025\\\/07\\\/01\\\/transcunha-acusa-camara-de-viana-do-castelo-de-divida\\\/\"]}]},{\"@type\":\"ImageObject\",\"inLanguage\":\"pt-PT\",\"@id\":\"https:\\\/\\\/www.altominho.tv\\\/site\\\/2025\\\/07\\\/01\\\/transcunha-acusa-camara-de-viana-do-castelo-de-divida\\\/#primaryimage\",\"url\":\"https:\\\/\\\/www.altominho.tv\\\/site\\\/wp-content\\\/uploads\\\/2025\\\/06\\\/Design-sem-nome-1-4.png\",\"contentUrl\":\"https:\\\/\\\/www.altominho.tv\\\/site\\\/wp-content\\\/uploads\\\/2025\\\/06\\\/Design-sem-nome-1-4.png\",\"width\":1200,\"height\":630},{\"@type\":\"BreadcrumbList\",\"@id\":\"https:\\\/\\\/www.altominho.tv\\\/site\\\/2025\\\/07\\\/01\\\/transcunha-acusa-camara-de-viana-do-castelo-de-divida\\\/#breadcrumb\",\"itemListElement\":[{\"@type\":\"ListItem\",\"position\":1,\"name\":\"In\u00edcio\",\"item\":\"https:\\\/\\\/www.altominho.tv\\\/site\\\/\"},{\"@type\":\"ListItem\",\"position\":2,\"name\":\"Transcunha acusa C\u00e2mara de Viana do Castelo de d\u00edvida\"}]},{\"@type\":\"WebSite\",\"@id\":\"https:\\\/\\\/www.altominho.tv\\\/site\\\/#website\",\"url\":\"https:\\\/\\\/www.altominho.tv\\\/site\\\/\",\"name\":\"Altominho.tv\",\"description\":\"A sua regi\u00e3o \u00e0 dist\u00e2ncia de um clique...\",\"potentialAction\":[{\"@type\":\"SearchAction\",\"target\":{\"@type\":\"EntryPoint\",\"urlTemplate\":\"https:\\\/\\\/www.altominho.tv\\\/site\\\/?s={search_term_string}\"},\"query-input\":{\"@type\":\"PropertyValueSpecification\",\"valueRequired\":true,\"valueName\":\"search_term_string\"}}],\"inLanguage\":\"pt-PT\"},{\"@type\":\"Person\",\"@id\":\"https:\\\/\\\/www.altominho.tv\\\/site\\\/#\\\/schema\\\/person\\\/63f693da3e1899361cbe955c46f3232e\",\"name\":\"Lusa\",\"image\":{\"@type\":\"ImageObject\",\"inLanguage\":\"pt-PT\",\"@id\":\"https:\\\/\\\/www.altominho.tv\\\/site\\\/wp-content\\\/uploads\\\/2019\\\/08\\\/LUSA_Logo.gif\",\"url\":\"https:\\\/\\\/www.altominho.tv\\\/site\\\/wp-content\\\/uploads\\\/2019\\\/08\\\/LUSA_Logo.gif\",\"contentUrl\":\"https:\\\/\\\/www.altominho.tv\\\/site\\\/wp-content\\\/uploads\\\/2019\\\/08\\\/LUSA_Logo.gif\",\"caption\":\"Lusa\"},\"sameAs\":[\"http:\\\/\\\/\\\/\\\/www.altominho.tv\\\/site\"],\"url\":\"https:\\\/\\\/www.altominho.tv\\\/site\\\/author\\\/lusa\\\/\"}]}<\/script>\n<!-- \/ Yoast SEO Premium plugin. -->","yoast_head_json":{"title":"Transcunha acusa C\u00e2mara de Viana do Castelo de d\u00edvida","description":"A Transcunha acusa a C\u00e2mara de Viana do Castelo de dever mais de 100 mil euros de descontos nos passes e acertos tarif\u00e1rios desde janeiro, para al\u00e9m de cerca de 1,7 milh\u00f5es de euros reclamados em tribunal arbitral.","robots":{"index":"index","follow":"follow","max-snippet":"max-snippet:-1","max-image-preview":"max-image-preview:large","max-video-preview":"max-video-preview:-1"},"canonical":"https:\/\/www.altominho.tv\/site\/2025\/07\/01\/transcunha-acusa-camara-de-viana-do-castelo-de-divida\/","og_locale":"pt_PT","og_type":"article","og_title":"Transcunha acusa C\u00e2mara de Viana do Castelo de d\u00edvida","og_description":"A Transcunha acusa a C\u00e2mara de Viana do Castelo de dever mais de 100 mil euros de descontos nos passes e acertos tarif\u00e1rios desde janeiro, para al\u00e9m de cerca de 1,7 milh\u00f5es de euros reclamados em tribunal arbitral.","og_url":"https:\/\/www.altominho.tv\/site\/2025\/07\/01\/transcunha-acusa-camara-de-viana-do-castelo-de-divida\/","og_site_name":"Altominho.tv","article_publisher":"https:\/\/www.facebook.com\/altominhotv","article_published_time":"2025-07-01T16:26:21+00:00","article_modified_time":"2025-07-01T16:29:26+00:00","og_image":[{"width":1200,"height":630,"url":"https:\/\/www.altominho.tv\/site\/wp-content\/uploads\/2025\/06\/Design-sem-nome-1-4.png","type":"image\/png"}],"author":"Lusa","twitter_card":"summary_large_image","twitter_creator":"@altominhoTV","twitter_site":"@altominhoTV","twitter_misc":{"Escrito por":"Lusa","Tempo estimado de leitura":"3 minutos"},"schema":{"@context":"https:\/\/schema.org","@graph":[{"@type":"Article","@id":"https:\/\/www.altominho.tv\/site\/2025\/07\/01\/transcunha-acusa-camara-de-viana-do-castelo-de-divida\/#article","isPartOf":{"@id":"https:\/\/www.altominho.tv\/site\/2025\/07\/01\/transcunha-acusa-camara-de-viana-do-castelo-de-divida\/"},"author":{"name":"Lusa","@id":"https:\/\/www.altominho.tv\/site\/#\/schema\/person\/63f693da3e1899361cbe955c46f3232e"},"headline":"Transcunha acusa C\u00e2mara de Viana do Castelo de d\u00edvida","datePublished":"2025-07-01T16:26:21+00:00","dateModified":"2025-07-01T16:29:26+00:00","mainEntityOfPage":{"@id":"https:\/\/www.altominho.tv\/site\/2025\/07\/01\/transcunha-acusa-camara-de-viana-do-castelo-de-divida\/"},"wordCount":492,"image":{"@id":"https:\/\/www.altominho.tv\/site\/2025\/07\/01\/transcunha-acusa-camara-de-viana-do-castelo-de-divida\/#primaryimage"},"thumbnailUrl":"https:\/\/www.altominho.tv\/site\/wp-content\/uploads\/2025\/06\/Design-sem-nome-1-4.png","keywords":["Sociedade"],"articleSection":["Viana do Castelo"],"inLanguage":"pt-PT","copyrightYear":"2025","copyrightHolder":{"@id":"https:\/\/www.altominho.tv\/site\/#organization"}},{"@type":"WebPage","@id":"https:\/\/www.altominho.tv\/site\/2025\/07\/01\/transcunha-acusa-camara-de-viana-do-castelo-de-divida\/","url":"https:\/\/www.altominho.tv\/site\/2025\/07\/01\/transcunha-acusa-camara-de-viana-do-castelo-de-divida\/","name":"Transcunha acusa C\u00e2mara de Viana do Castelo de d\u00edvida","isPartOf":{"@id":"https:\/\/www.altominho.tv\/site\/#website"},"primaryImageOfPage":{"@id":"https:\/\/www.altominho.tv\/site\/2025\/07\/01\/transcunha-acusa-camara-de-viana-do-castelo-de-divida\/#primaryimage"},"image":{"@id":"https:\/\/www.altominho.tv\/site\/2025\/07\/01\/transcunha-acusa-camara-de-viana-do-castelo-de-divida\/#primaryimage"},"thumbnailUrl":"https:\/\/www.altominho.tv\/site\/wp-content\/uploads\/2025\/06\/Design-sem-nome-1-4.png","datePublished":"2025-07-01T16:26:21+00:00","dateModified":"2025-07-01T16:29:26+00:00","author":{"@id":"https:\/\/www.altominho.tv\/site\/#\/schema\/person\/63f693da3e1899361cbe955c46f3232e"},"description":"A Transcunha acusa a C\u00e2mara de Viana do Castelo de dever mais de 100 mil euros de descontos nos passes e acertos tarif\u00e1rios desde janeiro, para al\u00e9m de cerca de 1,7 milh\u00f5es de euros reclamados em tribunal arbitral.","breadcrumb":{"@id":"https:\/\/www.altominho.tv\/site\/2025\/07\/01\/transcunha-acusa-camara-de-viana-do-castelo-de-divida\/#breadcrumb"},"inLanguage":"pt-PT","potentialAction":[{"@type":"ReadAction","target":["https:\/\/www.altominho.tv\/site\/2025\/07\/01\/transcunha-acusa-camara-de-viana-do-castelo-de-divida\/"]}]},{"@type":"ImageObject","inLanguage":"pt-PT","@id":"https:\/\/www.altominho.tv\/site\/2025\/07\/01\/transcunha-acusa-camara-de-viana-do-castelo-de-divida\/#primaryimage","url":"https:\/\/www.altominho.tv\/site\/wp-content\/uploads\/2025\/06\/Design-sem-nome-1-4.png","contentUrl":"https:\/\/www.altominho.tv\/site\/wp-content\/uploads\/2025\/06\/Design-sem-nome-1-4.png","width":1200,"height":630},{"@type":"BreadcrumbList","@id":"https:\/\/www.altominho.tv\/site\/2025\/07\/01\/transcunha-acusa-camara-de-viana-do-castelo-de-divida\/#breadcrumb","itemListElement":[{"@type":"ListItem","position":1,"name":"In\u00edcio","item":"https:\/\/www.altominho.tv\/site\/"},{"@type":"ListItem","position":2,"name":"Transcunha acusa C\u00e2mara de Viana do Castelo de d\u00edvida"}]},{"@type":"WebSite","@id":"https:\/\/www.altominho.tv\/site\/#website","url":"https:\/\/www.altominho.tv\/site\/","name":"Altominho.tv","description":"A sua regi\u00e3o \u00e0 dist\u00e2ncia de um clique...","potentialAction":[{"@type":"SearchAction","target":{"@type":"EntryPoint","urlTemplate":"https:\/\/www.altominho.tv\/site\/?s={search_term_string}"},"query-input":{"@type":"PropertyValueSpecification","valueRequired":true,"valueName":"search_term_string"}}],"inLanguage":"pt-PT"},{"@type":"Person","@id":"https:\/\/www.altominho.tv\/site\/#\/schema\/person\/63f693da3e1899361cbe955c46f3232e","name":"Lusa","image":{"@type":"ImageObject","inLanguage":"pt-PT","@id":"https:\/\/www.altominho.tv\/site\/wp-content\/uploads\/2019\/08\/LUSA_Logo.gif","url":"https:\/\/www.altominho.tv\/site\/wp-content\/uploads\/2019\/08\/LUSA_Logo.gif","contentUrl":"https:\/\/www.altominho.tv\/site\/wp-content\/uploads\/2019\/08\/LUSA_Logo.gif","caption":"Lusa"},"sameAs":["http:\/\/\/\/www.altominho.tv\/site"],"url":"https:\/\/www.altominho.tv\/site\/author\/lusa\/"}]}},"_links":{"self":[{"href":"https:\/\/www.altominho.tv\/site\/wp-json\/wp\/v2\/posts\/120234","targetHints":{"allow":["GET"]}}],"collection":[{"href":"https:\/\/www.altominho.tv\/site\/wp-json\/wp\/v2\/posts"}],"about":[{"href":"https:\/\/www.altominho.tv\/site\/wp-json\/wp\/v2\/types\/post"}],"author":[{"embeddable":true,"href":"https:\/\/www.altominho.tv\/site\/wp-json\/wp\/v2\/users\/13"}],"replies":[{"embeddable":true,"href":"https:\/\/www.altominho.tv\/site\/wp-json\/wp\/v2\/comments?post=120234"}],"version-history":[{"count":2,"href":"https:\/\/www.altominho.tv\/site\/wp-json\/wp\/v2\/posts\/120234\/revisions"}],"predecessor-version":[{"id":120236,"href":"https:\/\/www.altominho.tv\/site\/wp-json\/wp\/v2\/posts\/120234\/revisions\/120236"}],"wp:featuredmedia":[{"embeddable":true,"href":"https:\/\/www.altominho.tv\/site\/wp-json\/wp\/v2\/media\/120096"}],"wp:attachment":[{"href":"https:\/\/www.altominho.tv\/site\/wp-json\/wp\/v2\/media?parent=120234"}],"wp:term":[{"taxonomy":"category","embeddable":true,"href":"https:\/\/www.altominho.tv\/site\/wp-json\/wp\/v2\/categories?post=120234"},{"taxonomy":"post_tag","embeddable":true,"href":"https:\/\/www.altominho.tv\/site\/wp-json\/wp\/v2\/tags?post=120234"}],"curies":[{"name":"wp","href":"https:\/\/api.w.org\/{rel}","templated":true}]}}