{"id":120075,"date":"2025-06-26T15:44:51","date_gmt":"2025-06-26T14:44:51","guid":{"rendered":"https:\/\/www.altominho.tv\/site\/?p=120075"},"modified":"2025-06-26T15:44:53","modified_gmt":"2025-06-26T14:44:53","slug":"arcos-de-valdevez-recontro-de-valdevez","status":"publish","type":"post","link":"https:\/\/www.altominho.tv\/site\/2025\/06\/26\/arcos-de-valdevez-recontro-de-valdevez\/","title":{"rendered":"Recria\u00e7\u00e3o Hist\u00f3rica do Recontro de Valdevez de 11 a 13 de julho"},"content":{"rendered":"\n<p>A Recria\u00e7\u00e3o Hist\u00f3rica do Recontro de Valdevez tem lugar de 11 a 13 de julho.<\/p>\n\n\n\n<p>Na primavera de 1141, os ex\u00e9rcitos de Afonso Henriques e Afonso VII de Le\u00e3o e Castela, seu primo, encontram-se no Vale do Vez, protagonizando um dos momentos mais importantes e fundadores da Hist\u00f3ria de Portugal: O Recontro de Valdevez.<\/p>\n\n\n\n<p>Quase nove s\u00e9culos depois, o Munic\u00edpio de Arcos de Valdevez &#8220;pretende recriar o universo que rodeia este intrigante momento hist\u00f3rico, o \u00fanico torneio registado na Hist\u00f3ria medieval portuguesa&#8221;.<\/p>\n\n\n\n<p>Este ano, e como habitual, o espet\u00e1culo principal da recria\u00e7\u00e3o hist\u00f3rica do Recontro incorpora um epis\u00f3dio adicional ligado \u00e0 vida do nosso primeiro rei; o tema\/t\u00edtulo \u00e9 \u201c<em>Afonso e Ch\u00e2moa: amor em tempos de guerra\u201d<\/em>, uma alus\u00e3o a essa rela\u00e7\u00e3o emocional e marcante vivida entre o monarca e a nobre galega.<\/p>\n\n\n\n<p>O espa\u00e7o escolhido para este evento \u00e9 o emblem\u00e1tico Pa\u00e7o de Giela, &#8220;o cen\u00e1rio ideal para um regresso ao s\u00e9culo XII, ao quotidiano da Idade M\u00e9dia e \u00e0 Funda\u00e7\u00e3o de Portugal&#8221;.<\/p>\n","protected":false},"excerpt":{"rendered":"<p>A Recria\u00e7\u00e3o Hist\u00f3rica do Recontro de Valdevez tem lugar de 11 a 13 de julho. Na primavera de 1141, os ex\u00e9rcitos de Afonso Henriques e Afonso VII de Le\u00e3o e Castela, seu primo, encontram-se no Vale do Vez, protagonizando um dos momentos mais importantes e fundadores da Hist\u00f3ria de Portugal: O Recontro de Valdevez. Quase [&hellip;]<\/p>\n","protected":false},"author":7,"featured_media":120079,"comment_status":"closed","ping_status":"closed","sticky":false,"template":"","format":"standard","meta":{"_exactmetrics_skip_tracking":false,"_exactmetrics_sitenote_active":false,"_exactmetrics_sitenote_note":"","_exactmetrics_sitenote_category":0,"footnotes":""},"categories":[2],"tags":[27],"class_list":["post-120075","post","type-post","status-publish","format-standard","has-post-thumbnail","hentry","category-arcos-de-valdevez","tag-sociedade"],"yoast_head":"<!-- This site is optimized with the Yoast SEO Premium plugin v27.5 (Yoast SEO v27.5) - https:\/\/yoast.com\/product\/yoast-seo-premium-wordpress\/ -->\n<title>Recria\u00e7\u00e3o Hist\u00f3rica do Recontro de Valdevez de 11 a 13 de julho<\/title>\n<meta name=\"description\" content=\"A Recria\u00e7\u00e3o Hist\u00f3rica do Recontro de Valdevez tem lugar de 11 a 13 de julho.\" \/>\n<meta name=\"robots\" content=\"index, follow, max-snippet:-1, max-image-preview:large, max-video-preview:-1\" \/>\n<link rel=\"canonical\" href=\"https:\/\/www.altominho.tv\/site\/2025\/06\/26\/arcos-de-valdevez-recontro-de-valdevez\/\" \/>\n<meta property=\"og:locale\" content=\"pt_PT\" \/>\n<meta property=\"og:type\" content=\"article\" \/>\n<meta property=\"og:title\" content=\"Recria\u00e7\u00e3o Hist\u00f3rica do Recontro de Valdevez de 11 a 13 de julho\" \/>\n<meta property=\"og:description\" content=\"A Recria\u00e7\u00e3o Hist\u00f3rica do Recontro de Valdevez tem lugar de 11 a 13 de julho.\" \/>\n<meta property=\"og:url\" content=\"https:\/\/www.altominho.tv\/site\/2025\/06\/26\/arcos-de-valdevez-recontro-de-valdevez\/\" \/>\n<meta property=\"og:site_name\" content=\"Altominho.tv\" \/>\n<meta property=\"article:publisher\" content=\"https:\/\/www.facebook.com\/altominhotv\" \/>\n<meta property=\"article:published_time\" content=\"2025-06-26T14:44:51+00:00\" \/>\n<meta property=\"article:modified_time\" content=\"2025-06-26T14:44:53+00:00\" \/>\n<meta property=\"og:image\" content=\"https:\/\/www.altominho.tv\/site\/wp-content\/uploads\/2025\/06\/recontro-1.png\" \/>\n\t<meta property=\"og:image:width\" content=\"1200\" \/>\n\t<meta property=\"og:image:height\" content=\"630\" \/>\n\t<meta property=\"og:image:type\" content=\"image\/png\" \/>\n<meta name=\"author\" content=\"Andreia Cunha\" \/>\n<meta name=\"twitter:card\" content=\"summary_large_image\" \/>\n<meta name=\"twitter:creator\" content=\"@altominhoTV\" \/>\n<meta name=\"twitter:site\" content=\"@altominhoTV\" \/>\n<meta name=\"twitter:label1\" content=\"Escrito por\" \/>\n\t<meta name=\"twitter:data1\" content=\"Andreia Cunha\" \/>\n\t<meta name=\"twitter:label2\" content=\"Tempo estimado de leitura\" \/>\n\t<meta name=\"twitter:data2\" content=\"2 minutos\" \/>\n<script type=\"application\/ld+json\" class=\"yoast-schema-graph\">{\"@context\":\"https:\\\/\\\/schema.org\",\"@graph\":[{\"@type\":\"Article\",\"@id\":\"https:\\\/\\\/www.altominho.tv\\\/site\\\/2025\\\/06\\\/26\\\/arcos-de-valdevez-recontro-de-valdevez\\\/#article\",\"isPartOf\":{\"@id\":\"https:\\\/\\\/www.altominho.tv\\\/site\\\/2025\\\/06\\\/26\\\/arcos-de-valdevez-recontro-de-valdevez\\\/\"},\"author\":{\"name\":\"Andreia Cunha\",\"@id\":\"https:\\\/\\\/www.altominho.tv\\\/site\\\/#\\\/schema\\\/person\\\/a0e4ef6d041f98ca284393d8f1d97153\"},\"headline\":\"Recria\u00e7\u00e3o Hist\u00f3rica do Recontro de Valdevez de 11 a 13 de julho\",\"datePublished\":\"2025-06-26T14:44:51+00:00\",\"dateModified\":\"2025-06-26T14:44:53+00:00\",\"mainEntityOfPage\":{\"@id\":\"https:\\\/\\\/www.altominho.tv\\\/site\\\/2025\\\/06\\\/26\\\/arcos-de-valdevez-recontro-de-valdevez\\\/\"},\"wordCount\":194,\"image\":{\"@id\":\"https:\\\/\\\/www.altominho.tv\\\/site\\\/2025\\\/06\\\/26\\\/arcos-de-valdevez-recontro-de-valdevez\\\/#primaryimage\"},\"thumbnailUrl\":\"https:\\\/\\\/www.altominho.tv\\\/site\\\/wp-content\\\/uploads\\\/2025\\\/06\\\/recontro-1.png\",\"keywords\":[\"Sociedade\"],\"articleSection\":[\"Arcos de Valdevez\"],\"inLanguage\":\"pt-PT\",\"copyrightYear\":\"2025\",\"copyrightHolder\":{\"@id\":\"https:\\\/\\\/www.altominho.tv\\\/site\\\/#organization\"}},{\"@type\":\"WebPage\",\"@id\":\"https:\\\/\\\/www.altominho.tv\\\/site\\\/2025\\\/06\\\/26\\\/arcos-de-valdevez-recontro-de-valdevez\\\/\",\"url\":\"https:\\\/\\\/www.altominho.tv\\\/site\\\/2025\\\/06\\\/26\\\/arcos-de-valdevez-recontro-de-valdevez\\\/\",\"name\":\"Recria\u00e7\u00e3o Hist\u00f3rica do Recontro de Valdevez de 11 a 13 de julho\",\"isPartOf\":{\"@id\":\"https:\\\/\\\/www.altominho.tv\\\/site\\\/#website\"},\"primaryImageOfPage\":{\"@id\":\"https:\\\/\\\/www.altominho.tv\\\/site\\\/2025\\\/06\\\/26\\\/arcos-de-valdevez-recontro-de-valdevez\\\/#primaryimage\"},\"image\":{\"@id\":\"https:\\\/\\\/www.altominho.tv\\\/site\\\/2025\\\/06\\\/26\\\/arcos-de-valdevez-recontro-de-valdevez\\\/#primaryimage\"},\"thumbnailUrl\":\"https:\\\/\\\/www.altominho.tv\\\/site\\\/wp-content\\\/uploads\\\/2025\\\/06\\\/recontro-1.png\",\"datePublished\":\"2025-06-26T14:44:51+00:00\",\"dateModified\":\"2025-06-26T14:44:53+00:00\",\"author\":{\"@id\":\"https:\\\/\\\/www.altominho.tv\\\/site\\\/#\\\/schema\\\/person\\\/a0e4ef6d041f98ca284393d8f1d97153\"},\"description\":\"A Recria\u00e7\u00e3o Hist\u00f3rica do Recontro de Valdevez tem lugar de 11 a 13 de julho.\",\"breadcrumb\":{\"@id\":\"https:\\\/\\\/www.altominho.tv\\\/site\\\/2025\\\/06\\\/26\\\/arcos-de-valdevez-recontro-de-valdevez\\\/#breadcrumb\"},\"inLanguage\":\"pt-PT\",\"potentialAction\":[{\"@type\":\"ReadAction\",\"target\":[\"https:\\\/\\\/www.altominho.tv\\\/site\\\/2025\\\/06\\\/26\\\/arcos-de-valdevez-recontro-de-valdevez\\\/\"]}]},{\"@type\":\"ImageObject\",\"inLanguage\":\"pt-PT\",\"@id\":\"https:\\\/\\\/www.altominho.tv\\\/site\\\/2025\\\/06\\\/26\\\/arcos-de-valdevez-recontro-de-valdevez\\\/#primaryimage\",\"url\":\"https:\\\/\\\/www.altominho.tv\\\/site\\\/wp-content\\\/uploads\\\/2025\\\/06\\\/recontro-1.png\",\"contentUrl\":\"https:\\\/\\\/www.altominho.tv\\\/site\\\/wp-content\\\/uploads\\\/2025\\\/06\\\/recontro-1.png\",\"width\":1200,\"height\":630},{\"@type\":\"BreadcrumbList\",\"@id\":\"https:\\\/\\\/www.altominho.tv\\\/site\\\/2025\\\/06\\\/26\\\/arcos-de-valdevez-recontro-de-valdevez\\\/#breadcrumb\",\"itemListElement\":[{\"@type\":\"ListItem\",\"position\":1,\"name\":\"In\u00edcio\",\"item\":\"https:\\\/\\\/www.altominho.tv\\\/site\\\/\"},{\"@type\":\"ListItem\",\"position\":2,\"name\":\"Recria\u00e7\u00e3o Hist\u00f3rica do Recontro de Valdevez de 11 a 13 de julho\"}]},{\"@type\":\"WebSite\",\"@id\":\"https:\\\/\\\/www.altominho.tv\\\/site\\\/#website\",\"url\":\"https:\\\/\\\/www.altominho.tv\\\/site\\\/\",\"name\":\"Altominho.tv\",\"description\":\"A sua regi\u00e3o \u00e0 dist\u00e2ncia de um clique...\",\"potentialAction\":[{\"@type\":\"SearchAction\",\"target\":{\"@type\":\"EntryPoint\",\"urlTemplate\":\"https:\\\/\\\/www.altominho.tv\\\/site\\\/?s={search_term_string}\"},\"query-input\":{\"@type\":\"PropertyValueSpecification\",\"valueRequired\":true,\"valueName\":\"search_term_string\"}}],\"inLanguage\":\"pt-PT\"},{\"@type\":\"Person\",\"@id\":\"https:\\\/\\\/www.altominho.tv\\\/site\\\/#\\\/schema\\\/person\\\/a0e4ef6d041f98ca284393d8f1d97153\",\"name\":\"Andreia Cunha\",\"image\":{\"@type\":\"ImageObject\",\"inLanguage\":\"pt-PT\",\"@id\":\"https:\\\/\\\/www.altominho.tv\\\/site\\\/wp-content\\\/uploads\\\/2017\\\/11\\\/Andreia_Cunha-1-150x150.jpg\",\"url\":\"https:\\\/\\\/www.altominho.tv\\\/site\\\/wp-content\\\/uploads\\\/2017\\\/11\\\/Andreia_Cunha-1-150x150.jpg\",\"contentUrl\":\"https:\\\/\\\/www.altominho.tv\\\/site\\\/wp-content\\\/uploads\\\/2017\\\/11\\\/Andreia_Cunha-1-150x150.jpg\",\"caption\":\"Andreia Cunha\"},\"url\":\"https:\\\/\\\/www.altominho.tv\\\/site\\\/author\\\/andreiacunha\\\/\"}]}<\/script>\n<!-- \/ Yoast SEO Premium plugin. -->","yoast_head_json":{"title":"Recria\u00e7\u00e3o Hist\u00f3rica do Recontro de Valdevez de 11 a 13 de julho","description":"A Recria\u00e7\u00e3o Hist\u00f3rica do Recontro de Valdevez tem lugar de 11 a 13 de julho.","robots":{"index":"index","follow":"follow","max-snippet":"max-snippet:-1","max-image-preview":"max-image-preview:large","max-video-preview":"max-video-preview:-1"},"canonical":"https:\/\/www.altominho.tv\/site\/2025\/06\/26\/arcos-de-valdevez-recontro-de-valdevez\/","og_locale":"pt_PT","og_type":"article","og_title":"Recria\u00e7\u00e3o Hist\u00f3rica do Recontro de Valdevez de 11 a 13 de julho","og_description":"A Recria\u00e7\u00e3o Hist\u00f3rica do Recontro de Valdevez tem lugar de 11 a 13 de julho.","og_url":"https:\/\/www.altominho.tv\/site\/2025\/06\/26\/arcos-de-valdevez-recontro-de-valdevez\/","og_site_name":"Altominho.tv","article_publisher":"https:\/\/www.facebook.com\/altominhotv","article_published_time":"2025-06-26T14:44:51+00:00","article_modified_time":"2025-06-26T14:44:53+00:00","og_image":[{"width":1200,"height":630,"url":"https:\/\/www.altominho.tv\/site\/wp-content\/uploads\/2025\/06\/recontro-1.png","type":"image\/png"}],"author":"Andreia Cunha","twitter_card":"summary_large_image","twitter_creator":"@altominhoTV","twitter_site":"@altominhoTV","twitter_misc":{"Escrito por":"Andreia Cunha","Tempo estimado de leitura":"2 minutos"},"schema":{"@context":"https:\/\/schema.org","@graph":[{"@type":"Article","@id":"https:\/\/www.altominho.tv\/site\/2025\/06\/26\/arcos-de-valdevez-recontro-de-valdevez\/#article","isPartOf":{"@id":"https:\/\/www.altominho.tv\/site\/2025\/06\/26\/arcos-de-valdevez-recontro-de-valdevez\/"},"author":{"name":"Andreia Cunha","@id":"https:\/\/www.altominho.tv\/site\/#\/schema\/person\/a0e4ef6d041f98ca284393d8f1d97153"},"headline":"Recria\u00e7\u00e3o Hist\u00f3rica do Recontro de Valdevez de 11 a 13 de julho","datePublished":"2025-06-26T14:44:51+00:00","dateModified":"2025-06-26T14:44:53+00:00","mainEntityOfPage":{"@id":"https:\/\/www.altominho.tv\/site\/2025\/06\/26\/arcos-de-valdevez-recontro-de-valdevez\/"},"wordCount":194,"image":{"@id":"https:\/\/www.altominho.tv\/site\/2025\/06\/26\/arcos-de-valdevez-recontro-de-valdevez\/#primaryimage"},"thumbnailUrl":"https:\/\/www.altominho.tv\/site\/wp-content\/uploads\/2025\/06\/recontro-1.png","keywords":["Sociedade"],"articleSection":["Arcos de Valdevez"],"inLanguage":"pt-PT","copyrightYear":"2025","copyrightHolder":{"@id":"https:\/\/www.altominho.tv\/site\/#organization"}},{"@type":"WebPage","@id":"https:\/\/www.altominho.tv\/site\/2025\/06\/26\/arcos-de-valdevez-recontro-de-valdevez\/","url":"https:\/\/www.altominho.tv\/site\/2025\/06\/26\/arcos-de-valdevez-recontro-de-valdevez\/","name":"Recria\u00e7\u00e3o Hist\u00f3rica do Recontro de Valdevez de 11 a 13 de julho","isPartOf":{"@id":"https:\/\/www.altominho.tv\/site\/#website"},"primaryImageOfPage":{"@id":"https:\/\/www.altominho.tv\/site\/2025\/06\/26\/arcos-de-valdevez-recontro-de-valdevez\/#primaryimage"},"image":{"@id":"https:\/\/www.altominho.tv\/site\/2025\/06\/26\/arcos-de-valdevez-recontro-de-valdevez\/#primaryimage"},"thumbnailUrl":"https:\/\/www.altominho.tv\/site\/wp-content\/uploads\/2025\/06\/recontro-1.png","datePublished":"2025-06-26T14:44:51+00:00","dateModified":"2025-06-26T14:44:53+00:00","author":{"@id":"https:\/\/www.altominho.tv\/site\/#\/schema\/person\/a0e4ef6d041f98ca284393d8f1d97153"},"description":"A Recria\u00e7\u00e3o Hist\u00f3rica do Recontro de Valdevez tem lugar de 11 a 13 de julho.","breadcrumb":{"@id":"https:\/\/www.altominho.tv\/site\/2025\/06\/26\/arcos-de-valdevez-recontro-de-valdevez\/#breadcrumb"},"inLanguage":"pt-PT","potentialAction":[{"@type":"ReadAction","target":["https:\/\/www.altominho.tv\/site\/2025\/06\/26\/arcos-de-valdevez-recontro-de-valdevez\/"]}]},{"@type":"ImageObject","inLanguage":"pt-PT","@id":"https:\/\/www.altominho.tv\/site\/2025\/06\/26\/arcos-de-valdevez-recontro-de-valdevez\/#primaryimage","url":"https:\/\/www.altominho.tv\/site\/wp-content\/uploads\/2025\/06\/recontro-1.png","contentUrl":"https:\/\/www.altominho.tv\/site\/wp-content\/uploads\/2025\/06\/recontro-1.png","width":1200,"height":630},{"@type":"BreadcrumbList","@id":"https:\/\/www.altominho.tv\/site\/2025\/06\/26\/arcos-de-valdevez-recontro-de-valdevez\/#breadcrumb","itemListElement":[{"@type":"ListItem","position":1,"name":"In\u00edcio","item":"https:\/\/www.altominho.tv\/site\/"},{"@type":"ListItem","position":2,"name":"Recria\u00e7\u00e3o Hist\u00f3rica do Recontro de Valdevez de 11 a 13 de julho"}]},{"@type":"WebSite","@id":"https:\/\/www.altominho.tv\/site\/#website","url":"https:\/\/www.altominho.tv\/site\/","name":"Altominho.tv","description":"A sua regi\u00e3o \u00e0 dist\u00e2ncia de um clique...","potentialAction":[{"@type":"SearchAction","target":{"@type":"EntryPoint","urlTemplate":"https:\/\/www.altominho.tv\/site\/?s={search_term_string}"},"query-input":{"@type":"PropertyValueSpecification","valueRequired":true,"valueName":"search_term_string"}}],"inLanguage":"pt-PT"},{"@type":"Person","@id":"https:\/\/www.altominho.tv\/site\/#\/schema\/person\/a0e4ef6d041f98ca284393d8f1d97153","name":"Andreia Cunha","image":{"@type":"ImageObject","inLanguage":"pt-PT","@id":"https:\/\/www.altominho.tv\/site\/wp-content\/uploads\/2017\/11\/Andreia_Cunha-1-150x150.jpg","url":"https:\/\/www.altominho.tv\/site\/wp-content\/uploads\/2017\/11\/Andreia_Cunha-1-150x150.jpg","contentUrl":"https:\/\/www.altominho.tv\/site\/wp-content\/uploads\/2017\/11\/Andreia_Cunha-1-150x150.jpg","caption":"Andreia Cunha"},"url":"https:\/\/www.altominho.tv\/site\/author\/andreiacunha\/"}]}},"_links":{"self":[{"href":"https:\/\/www.altominho.tv\/site\/wp-json\/wp\/v2\/posts\/120075","targetHints":{"allow":["GET"]}}],"collection":[{"href":"https:\/\/www.altominho.tv\/site\/wp-json\/wp\/v2\/posts"}],"about":[{"href":"https:\/\/www.altominho.tv\/site\/wp-json\/wp\/v2\/types\/post"}],"author":[{"embeddable":true,"href":"https:\/\/www.altominho.tv\/site\/wp-json\/wp\/v2\/users\/7"}],"replies":[{"embeddable":true,"href":"https:\/\/www.altominho.tv\/site\/wp-json\/wp\/v2\/comments?post=120075"}],"version-history":[{"count":1,"href":"https:\/\/www.altominho.tv\/site\/wp-json\/wp\/v2\/posts\/120075\/revisions"}],"predecessor-version":[{"id":120080,"href":"https:\/\/www.altominho.tv\/site\/wp-json\/wp\/v2\/posts\/120075\/revisions\/120080"}],"wp:featuredmedia":[{"embeddable":true,"href":"https:\/\/www.altominho.tv\/site\/wp-json\/wp\/v2\/media\/120079"}],"wp:attachment":[{"href":"https:\/\/www.altominho.tv\/site\/wp-json\/wp\/v2\/media?parent=120075"}],"wp:term":[{"taxonomy":"category","embeddable":true,"href":"https:\/\/www.altominho.tv\/site\/wp-json\/wp\/v2\/categories?post=120075"},{"taxonomy":"post_tag","embeddable":true,"href":"https:\/\/www.altominho.tv\/site\/wp-json\/wp\/v2\/tags?post=120075"}],"curies":[{"name":"wp","href":"https:\/\/api.w.org\/{rel}","templated":true}]}}