{"id":120064,"date":"2025-06-26T12:39:19","date_gmt":"2025-06-26T11:39:19","guid":{"rendered":"https:\/\/www.altominho.tv\/site\/?p=120064"},"modified":"2025-06-26T12:39:21","modified_gmt":"2025-06-26T11:39:21","slug":"crise-da-habitacao-leva-13-cidades-a-rua-no-fim-de-semana","status":"publish","type":"post","link":"https:\/\/www.altominho.tv\/site\/2025\/06\/26\/crise-da-habitacao-leva-13-cidades-a-rua-no-fim-de-semana\/","title":{"rendered":"Crise da habita\u00e7\u00e3o leva 13 cidades \u00e0 rua no fim de semana"},"content":{"rendered":"<p>Treze cidades do pa\u00eds v\u00e3o sair \u00e0 rua no pr\u00f3ximo fim de semana, em manifesta\u00e7\u00f5es convocadas pela plataforma Casa para Viver, com o objetivo de assinalar que \u201ca situa\u00e7\u00e3o da habita\u00e7\u00e3o n\u00e3o pode continuar\u201d.<\/p>\n<p>Entre s\u00e1bado e domingo, Aveiro, Beja, Braga, Coimbra, Covilh\u00e3, Elvas, Faro, Lisboa, Portim\u00e3o, Porto, Set\u00fabal, Viana do Castelo e Viseu v\u00e3o promover uma jornada de luta pela habita\u00e7\u00e3o e apresentar um Caderno Reivindicativo de Emerg\u00eancia para o problema, com doze pontos.<\/p>\n<p>Antes de mais, prop\u00f5em o controlo das rendas \u201ccomo uma medida urgente e necess\u00e1ria neste momento\u201d e, em paralelo, o aumento da dura\u00e7\u00e3o dos contratos de arrendamento para dez anos, destacou, em declara\u00e7\u00f5es \u00e0 Lusa, Andr\u00e9 Escoval, um dos porta-vozes da plataforma Casa para Viver e membro do movimento Porta a Porta.<\/p>\n<p>A plataforma identifica ainda \u201cas necessidades\u201d de limitar o alojamento local, proibindo novas licen\u00e7as e acabando com os benef\u00edcios fiscais.<\/p>\n<p>Travar \u201ctodas as formas de despejo sem alternativa de habita\u00e7\u00e3o digna\u201d \u00e9 outra das exig\u00eancias. \u201cN\u00e3o podemos agravar um problema que j\u00e1 \u00e9, s\u00f3 por si, grave\u201d, real\u00e7a Andr\u00e9 Escoval.<\/p>\n<p>Por outro lado, \u201c\u00e9 preciso colocar todas as casas vazias no mercado de arrendamento, desde logo o patrim\u00f3nio p\u00fablico\u201d e excluindo as casas de segunda habita\u00e7\u00e3o e as casas de emigrantes.<\/p>\n<p>A constru\u00e7\u00e3o de mais habita\u00e7\u00e3o p\u00fablica tamb\u00e9m consta do caderno, como \u201cuma medida estrutural e necess\u00e1ria\u201d, mas que n\u00e3o tem um efeito r\u00e1pido.<\/p>\n<p>\u201cO problema que n\u00f3s vivemos hoje \u00e9 uma emerg\u00eancia nacional e precisa de respostas imediatas. A utiliza\u00e7\u00e3o das casas vazias para o mercado de arrendamento \u00e9 uma medida de extrema urg\u00eancia e de extrema necessidade que precisa de ser tomada como op\u00e7\u00e3o pol\u00edtica para resolver o problema agora. N\u00f3s n\u00e3o queremos solu\u00e7\u00f5es para amanh\u00e3\u201d, reivindicou Andr\u00e9 Escoval.<\/p>\n<p>Por outro lado, defendem o aumento da fiscaliza\u00e7\u00e3o sobre os arrendamentos il\u00edcitos.<\/p>\n<p>\u201cEstamos numa altura em que o arrendamento il\u00edcito tem uma presen\u00e7a muito significativa no nosso pa\u00eds e n\u00e3o h\u00e1 nenhuma entidade de controlo. Hoje em dia \u00e9 muito mais f\u00e1cil ter um despejo do que ter uma entidade que fiscalize a exist\u00eancia de contratos il\u00edcitos ou que fa\u00e7a valer os contratos que foram estabelecidos\u201d, comparou.<\/p>\n<p>Andr\u00e9 Escoval assinalou que todas as medidas propostas no caderno reivindicativo \u201cs\u00e3o pol\u00edticas e n\u00e3o custam propriamente dinheiro ao er\u00e1rio p\u00fablico\u201d, salvaguardando o investimento no parque p\u00fablico de habita\u00e7\u00e3o.<\/p>\n<p>\u201cN\u00e3o podemos continuar com 2% de parque p\u00fablico de habita\u00e7\u00e3o. \u00c9 necess\u00e1rio, de facto, uma op\u00e7\u00e3o estrutural na habita\u00e7\u00e3o. Se h\u00e1 dinheiro para a guerra, tamb\u00e9m tem que haver dinheiro e, antes de mais, tem que haver dinheiro para um parque p\u00fablico efetivo\u201d, sustentou.<\/p>\n<p>Recordando que a crise na habita\u00e7\u00e3o \u201cagrava-se h\u00e1 muito tempo e de forma acelerada\u201d, a plataforma Casa para Viver v\u00ea o Governo ir \u201cem sentido contr\u00e1rio\u201d, mantendo o estatuto dos residentes n\u00e3o habituais e os vistos \u2018gold\u2019, fazendo \u201cdiscrimina\u00e7\u00e3o entre imigrantes a partir da sua capacidade de investimento\u201d.<\/p>\n","protected":false},"excerpt":{"rendered":"<p>Treze cidades do pa\u00eds v\u00e3o sair \u00e0 rua no pr\u00f3ximo fim de semana, em manifesta\u00e7\u00f5es convocadas pela plataforma Casa para Viver, com o objetivo de assinalar que \u201ca situa\u00e7\u00e3o da habita\u00e7\u00e3o n\u00e3o pode continuar\u201d. Entre s\u00e1bado e domingo, Aveiro, Beja, Braga, Coimbra, Covilh\u00e3, Elvas, Faro, Lisboa, Portim\u00e3o, Porto, Set\u00fabal, Viana do Castelo e Viseu v\u00e3o [&hellip;]<\/p>\n","protected":false},"author":13,"featured_media":120065,"comment_status":"closed","ping_status":"closed","sticky":false,"template":"","format":"standard","meta":{"_exactmetrics_skip_tracking":false,"_exactmetrics_sitenote_active":false,"_exactmetrics_sitenote_note":"","_exactmetrics_sitenote_category":0,"footnotes":""},"categories":[56325],"tags":[27],"class_list":["post-120064","post","type-post","status-publish","format-standard","has-post-thumbnail","hentry","category-pais","tag-sociedade"],"yoast_head":"<!-- This site is optimized with the Yoast SEO Premium plugin v27.5 (Yoast SEO v27.5) - https:\/\/yoast.com\/product\/yoast-seo-premium-wordpress\/ -->\n<title>Crise da habita\u00e7\u00e3o leva 13 cidades \u00e0 rua no fim de semana<\/title>\n<meta name=\"description\" content=\"Entre s\u00e1bado e domingo, Aveiro, Beja, Braga, Coimbra, Covilh\u00e3, Elvas, Faro, Lisboa, Portim\u00e3o, Porto, Set\u00fabal, Viana do Castelo e Viseu v\u00e3o promover uma jornada de luta pela habita\u00e7\u00e3o e apresentar um Caderno Reivindicativo de Emerg\u00eancia para o problema, com doze pontos.\" \/>\n<meta name=\"robots\" content=\"index, follow, max-snippet:-1, max-image-preview:large, max-video-preview:-1\" \/>\n<link rel=\"canonical\" href=\"https:\/\/www.altominho.tv\/site\/2025\/06\/26\/crise-da-habitacao-leva-13-cidades-a-rua-no-fim-de-semana\/\" \/>\n<meta property=\"og:locale\" content=\"pt_PT\" \/>\n<meta property=\"og:type\" content=\"article\" \/>\n<meta property=\"og:title\" content=\"Crise da habita\u00e7\u00e3o leva 13 cidades \u00e0 rua no fim de semana\" \/>\n<meta property=\"og:description\" content=\"Entre s\u00e1bado e domingo, Aveiro, Beja, Braga, Coimbra, Covilh\u00e3, Elvas, Faro, Lisboa, Portim\u00e3o, Porto, Set\u00fabal, Viana do Castelo e Viseu v\u00e3o promover uma jornada de luta pela habita\u00e7\u00e3o e apresentar um Caderno Reivindicativo de Emerg\u00eancia para o problema, com doze pontos.\" \/>\n<meta property=\"og:url\" content=\"https:\/\/www.altominho.tv\/site\/2025\/06\/26\/crise-da-habitacao-leva-13-cidades-a-rua-no-fim-de-semana\/\" \/>\n<meta property=\"og:site_name\" content=\"Altominho.tv\" \/>\n<meta property=\"article:publisher\" content=\"https:\/\/www.facebook.com\/altominhotv\" \/>\n<meta property=\"article:published_time\" content=\"2025-06-26T11:39:19+00:00\" \/>\n<meta property=\"article:modified_time\" content=\"2025-06-26T11:39:21+00:00\" \/>\n<meta property=\"og:image\" content=\"https:\/\/www.altominho.tv\/site\/wp-content\/uploads\/2025\/06\/manifestacao-habitacao.jpg\" \/>\n\t<meta property=\"og:image:width\" content=\"1200\" \/>\n\t<meta property=\"og:image:height\" content=\"630\" \/>\n\t<meta property=\"og:image:type\" content=\"image\/jpeg\" \/>\n<meta name=\"author\" content=\"Lusa\" \/>\n<meta name=\"twitter:card\" content=\"summary_large_image\" \/>\n<meta name=\"twitter:creator\" content=\"@altominhoTV\" \/>\n<meta name=\"twitter:site\" content=\"@altominhoTV\" \/>\n<meta name=\"twitter:label1\" content=\"Escrito por\" \/>\n\t<meta name=\"twitter:data1\" content=\"Lusa\" \/>\n\t<meta name=\"twitter:label2\" content=\"Tempo estimado de leitura\" \/>\n\t<meta name=\"twitter:data2\" content=\"3 minutos\" \/>\n<script type=\"application\/ld+json\" class=\"yoast-schema-graph\">{\"@context\":\"https:\\\/\\\/schema.org\",\"@graph\":[{\"@type\":\"Article\",\"@id\":\"https:\\\/\\\/www.altominho.tv\\\/site\\\/2025\\\/06\\\/26\\\/crise-da-habitacao-leva-13-cidades-a-rua-no-fim-de-semana\\\/#article\",\"isPartOf\":{\"@id\":\"https:\\\/\\\/www.altominho.tv\\\/site\\\/2025\\\/06\\\/26\\\/crise-da-habitacao-leva-13-cidades-a-rua-no-fim-de-semana\\\/\"},\"author\":{\"name\":\"Lusa\",\"@id\":\"https:\\\/\\\/www.altominho.tv\\\/site\\\/#\\\/schema\\\/person\\\/63f693da3e1899361cbe955c46f3232e\"},\"headline\":\"Crise da habita\u00e7\u00e3o leva 13 cidades \u00e0 rua no fim de semana\",\"datePublished\":\"2025-06-26T11:39:19+00:00\",\"dateModified\":\"2025-06-26T11:39:21+00:00\",\"mainEntityOfPage\":{\"@id\":\"https:\\\/\\\/www.altominho.tv\\\/site\\\/2025\\\/06\\\/26\\\/crise-da-habitacao-leva-13-cidades-a-rua-no-fim-de-semana\\\/\"},\"wordCount\":548,\"image\":{\"@id\":\"https:\\\/\\\/www.altominho.tv\\\/site\\\/2025\\\/06\\\/26\\\/crise-da-habitacao-leva-13-cidades-a-rua-no-fim-de-semana\\\/#primaryimage\"},\"thumbnailUrl\":\"https:\\\/\\\/www.altominho.tv\\\/site\\\/wp-content\\\/uploads\\\/2025\\\/06\\\/manifestacao-habitacao.jpg\",\"keywords\":[\"Sociedade\"],\"articleSection\":[\"Pa\u00eds\"],\"inLanguage\":\"pt-PT\",\"copyrightYear\":\"2025\",\"copyrightHolder\":{\"@id\":\"https:\\\/\\\/www.altominho.tv\\\/site\\\/#organization\"}},{\"@type\":\"WebPage\",\"@id\":\"https:\\\/\\\/www.altominho.tv\\\/site\\\/2025\\\/06\\\/26\\\/crise-da-habitacao-leva-13-cidades-a-rua-no-fim-de-semana\\\/\",\"url\":\"https:\\\/\\\/www.altominho.tv\\\/site\\\/2025\\\/06\\\/26\\\/crise-da-habitacao-leva-13-cidades-a-rua-no-fim-de-semana\\\/\",\"name\":\"Crise da habita\u00e7\u00e3o leva 13 cidades \u00e0 rua no fim de semana\",\"isPartOf\":{\"@id\":\"https:\\\/\\\/www.altominho.tv\\\/site\\\/#website\"},\"primaryImageOfPage\":{\"@id\":\"https:\\\/\\\/www.altominho.tv\\\/site\\\/2025\\\/06\\\/26\\\/crise-da-habitacao-leva-13-cidades-a-rua-no-fim-de-semana\\\/#primaryimage\"},\"image\":{\"@id\":\"https:\\\/\\\/www.altominho.tv\\\/site\\\/2025\\\/06\\\/26\\\/crise-da-habitacao-leva-13-cidades-a-rua-no-fim-de-semana\\\/#primaryimage\"},\"thumbnailUrl\":\"https:\\\/\\\/www.altominho.tv\\\/site\\\/wp-content\\\/uploads\\\/2025\\\/06\\\/manifestacao-habitacao.jpg\",\"datePublished\":\"2025-06-26T11:39:19+00:00\",\"dateModified\":\"2025-06-26T11:39:21+00:00\",\"author\":{\"@id\":\"https:\\\/\\\/www.altominho.tv\\\/site\\\/#\\\/schema\\\/person\\\/63f693da3e1899361cbe955c46f3232e\"},\"description\":\"Entre s\u00e1bado e domingo, Aveiro, Beja, Braga, Coimbra, Covilh\u00e3, Elvas, Faro, Lisboa, Portim\u00e3o, Porto, Set\u00fabal, Viana do Castelo e Viseu v\u00e3o promover uma jornada de luta pela habita\u00e7\u00e3o e apresentar um Caderno Reivindicativo de Emerg\u00eancia para o problema, com doze pontos.\",\"breadcrumb\":{\"@id\":\"https:\\\/\\\/www.altominho.tv\\\/site\\\/2025\\\/06\\\/26\\\/crise-da-habitacao-leva-13-cidades-a-rua-no-fim-de-semana\\\/#breadcrumb\"},\"inLanguage\":\"pt-PT\",\"potentialAction\":[{\"@type\":\"ReadAction\",\"target\":[\"https:\\\/\\\/www.altominho.tv\\\/site\\\/2025\\\/06\\\/26\\\/crise-da-habitacao-leva-13-cidades-a-rua-no-fim-de-semana\\\/\"]}]},{\"@type\":\"ImageObject\",\"inLanguage\":\"pt-PT\",\"@id\":\"https:\\\/\\\/www.altominho.tv\\\/site\\\/2025\\\/06\\\/26\\\/crise-da-habitacao-leva-13-cidades-a-rua-no-fim-de-semana\\\/#primaryimage\",\"url\":\"https:\\\/\\\/www.altominho.tv\\\/site\\\/wp-content\\\/uploads\\\/2025\\\/06\\\/manifestacao-habitacao.jpg\",\"contentUrl\":\"https:\\\/\\\/www.altominho.tv\\\/site\\\/wp-content\\\/uploads\\\/2025\\\/06\\\/manifestacao-habitacao.jpg\",\"width\":1200,\"height\":630},{\"@type\":\"BreadcrumbList\",\"@id\":\"https:\\\/\\\/www.altominho.tv\\\/site\\\/2025\\\/06\\\/26\\\/crise-da-habitacao-leva-13-cidades-a-rua-no-fim-de-semana\\\/#breadcrumb\",\"itemListElement\":[{\"@type\":\"ListItem\",\"position\":1,\"name\":\"In\u00edcio\",\"item\":\"https:\\\/\\\/www.altominho.tv\\\/site\\\/\"},{\"@type\":\"ListItem\",\"position\":2,\"name\":\"Crise da habita\u00e7\u00e3o leva 13 cidades \u00e0 rua no fim de semana\"}]},{\"@type\":\"WebSite\",\"@id\":\"https:\\\/\\\/www.altominho.tv\\\/site\\\/#website\",\"url\":\"https:\\\/\\\/www.altominho.tv\\\/site\\\/\",\"name\":\"Altominho.tv\",\"description\":\"A sua regi\u00e3o \u00e0 dist\u00e2ncia de um clique...\",\"potentialAction\":[{\"@type\":\"SearchAction\",\"target\":{\"@type\":\"EntryPoint\",\"urlTemplate\":\"https:\\\/\\\/www.altominho.tv\\\/site\\\/?s={search_term_string}\"},\"query-input\":{\"@type\":\"PropertyValueSpecification\",\"valueRequired\":true,\"valueName\":\"search_term_string\"}}],\"inLanguage\":\"pt-PT\"},{\"@type\":\"Person\",\"@id\":\"https:\\\/\\\/www.altominho.tv\\\/site\\\/#\\\/schema\\\/person\\\/63f693da3e1899361cbe955c46f3232e\",\"name\":\"Lusa\",\"image\":{\"@type\":\"ImageObject\",\"inLanguage\":\"pt-PT\",\"@id\":\"https:\\\/\\\/www.altominho.tv\\\/site\\\/wp-content\\\/uploads\\\/2019\\\/08\\\/LUSA_Logo.gif\",\"url\":\"https:\\\/\\\/www.altominho.tv\\\/site\\\/wp-content\\\/uploads\\\/2019\\\/08\\\/LUSA_Logo.gif\",\"contentUrl\":\"https:\\\/\\\/www.altominho.tv\\\/site\\\/wp-content\\\/uploads\\\/2019\\\/08\\\/LUSA_Logo.gif\",\"caption\":\"Lusa\"},\"sameAs\":[\"http:\\\/\\\/\\\/\\\/www.altominho.tv\\\/site\"],\"url\":\"https:\\\/\\\/www.altominho.tv\\\/site\\\/author\\\/lusa\\\/\"}]}<\/script>\n<!-- \/ Yoast SEO Premium plugin. -->","yoast_head_json":{"title":"Crise da habita\u00e7\u00e3o leva 13 cidades \u00e0 rua no fim de semana","description":"Entre s\u00e1bado e domingo, Aveiro, Beja, Braga, Coimbra, Covilh\u00e3, Elvas, Faro, Lisboa, Portim\u00e3o, Porto, Set\u00fabal, Viana do Castelo e Viseu v\u00e3o promover uma jornada de luta pela habita\u00e7\u00e3o e apresentar um Caderno Reivindicativo de Emerg\u00eancia para o problema, com doze pontos.","robots":{"index":"index","follow":"follow","max-snippet":"max-snippet:-1","max-image-preview":"max-image-preview:large","max-video-preview":"max-video-preview:-1"},"canonical":"https:\/\/www.altominho.tv\/site\/2025\/06\/26\/crise-da-habitacao-leva-13-cidades-a-rua-no-fim-de-semana\/","og_locale":"pt_PT","og_type":"article","og_title":"Crise da habita\u00e7\u00e3o leva 13 cidades \u00e0 rua no fim de semana","og_description":"Entre s\u00e1bado e domingo, Aveiro, Beja, Braga, Coimbra, Covilh\u00e3, Elvas, Faro, Lisboa, Portim\u00e3o, Porto, Set\u00fabal, Viana do Castelo e Viseu v\u00e3o promover uma jornada de luta pela habita\u00e7\u00e3o e apresentar um Caderno Reivindicativo de Emerg\u00eancia para o problema, com doze pontos.","og_url":"https:\/\/www.altominho.tv\/site\/2025\/06\/26\/crise-da-habitacao-leva-13-cidades-a-rua-no-fim-de-semana\/","og_site_name":"Altominho.tv","article_publisher":"https:\/\/www.facebook.com\/altominhotv","article_published_time":"2025-06-26T11:39:19+00:00","article_modified_time":"2025-06-26T11:39:21+00:00","og_image":[{"width":1200,"height":630,"url":"https:\/\/www.altominho.tv\/site\/wp-content\/uploads\/2025\/06\/manifestacao-habitacao.jpg","type":"image\/jpeg"}],"author":"Lusa","twitter_card":"summary_large_image","twitter_creator":"@altominhoTV","twitter_site":"@altominhoTV","twitter_misc":{"Escrito por":"Lusa","Tempo estimado de leitura":"3 minutos"},"schema":{"@context":"https:\/\/schema.org","@graph":[{"@type":"Article","@id":"https:\/\/www.altominho.tv\/site\/2025\/06\/26\/crise-da-habitacao-leva-13-cidades-a-rua-no-fim-de-semana\/#article","isPartOf":{"@id":"https:\/\/www.altominho.tv\/site\/2025\/06\/26\/crise-da-habitacao-leva-13-cidades-a-rua-no-fim-de-semana\/"},"author":{"name":"Lusa","@id":"https:\/\/www.altominho.tv\/site\/#\/schema\/person\/63f693da3e1899361cbe955c46f3232e"},"headline":"Crise da habita\u00e7\u00e3o leva 13 cidades \u00e0 rua no fim de semana","datePublished":"2025-06-26T11:39:19+00:00","dateModified":"2025-06-26T11:39:21+00:00","mainEntityOfPage":{"@id":"https:\/\/www.altominho.tv\/site\/2025\/06\/26\/crise-da-habitacao-leva-13-cidades-a-rua-no-fim-de-semana\/"},"wordCount":548,"image":{"@id":"https:\/\/www.altominho.tv\/site\/2025\/06\/26\/crise-da-habitacao-leva-13-cidades-a-rua-no-fim-de-semana\/#primaryimage"},"thumbnailUrl":"https:\/\/www.altominho.tv\/site\/wp-content\/uploads\/2025\/06\/manifestacao-habitacao.jpg","keywords":["Sociedade"],"articleSection":["Pa\u00eds"],"inLanguage":"pt-PT","copyrightYear":"2025","copyrightHolder":{"@id":"https:\/\/www.altominho.tv\/site\/#organization"}},{"@type":"WebPage","@id":"https:\/\/www.altominho.tv\/site\/2025\/06\/26\/crise-da-habitacao-leva-13-cidades-a-rua-no-fim-de-semana\/","url":"https:\/\/www.altominho.tv\/site\/2025\/06\/26\/crise-da-habitacao-leva-13-cidades-a-rua-no-fim-de-semana\/","name":"Crise da habita\u00e7\u00e3o leva 13 cidades \u00e0 rua no fim de semana","isPartOf":{"@id":"https:\/\/www.altominho.tv\/site\/#website"},"primaryImageOfPage":{"@id":"https:\/\/www.altominho.tv\/site\/2025\/06\/26\/crise-da-habitacao-leva-13-cidades-a-rua-no-fim-de-semana\/#primaryimage"},"image":{"@id":"https:\/\/www.altominho.tv\/site\/2025\/06\/26\/crise-da-habitacao-leva-13-cidades-a-rua-no-fim-de-semana\/#primaryimage"},"thumbnailUrl":"https:\/\/www.altominho.tv\/site\/wp-content\/uploads\/2025\/06\/manifestacao-habitacao.jpg","datePublished":"2025-06-26T11:39:19+00:00","dateModified":"2025-06-26T11:39:21+00:00","author":{"@id":"https:\/\/www.altominho.tv\/site\/#\/schema\/person\/63f693da3e1899361cbe955c46f3232e"},"description":"Entre s\u00e1bado e domingo, Aveiro, Beja, Braga, Coimbra, Covilh\u00e3, Elvas, Faro, Lisboa, Portim\u00e3o, Porto, Set\u00fabal, Viana do Castelo e Viseu v\u00e3o promover uma jornada de luta pela habita\u00e7\u00e3o e apresentar um Caderno Reivindicativo de Emerg\u00eancia para o problema, com doze pontos.","breadcrumb":{"@id":"https:\/\/www.altominho.tv\/site\/2025\/06\/26\/crise-da-habitacao-leva-13-cidades-a-rua-no-fim-de-semana\/#breadcrumb"},"inLanguage":"pt-PT","potentialAction":[{"@type":"ReadAction","target":["https:\/\/www.altominho.tv\/site\/2025\/06\/26\/crise-da-habitacao-leva-13-cidades-a-rua-no-fim-de-semana\/"]}]},{"@type":"ImageObject","inLanguage":"pt-PT","@id":"https:\/\/www.altominho.tv\/site\/2025\/06\/26\/crise-da-habitacao-leva-13-cidades-a-rua-no-fim-de-semana\/#primaryimage","url":"https:\/\/www.altominho.tv\/site\/wp-content\/uploads\/2025\/06\/manifestacao-habitacao.jpg","contentUrl":"https:\/\/www.altominho.tv\/site\/wp-content\/uploads\/2025\/06\/manifestacao-habitacao.jpg","width":1200,"height":630},{"@type":"BreadcrumbList","@id":"https:\/\/www.altominho.tv\/site\/2025\/06\/26\/crise-da-habitacao-leva-13-cidades-a-rua-no-fim-de-semana\/#breadcrumb","itemListElement":[{"@type":"ListItem","position":1,"name":"In\u00edcio","item":"https:\/\/www.altominho.tv\/site\/"},{"@type":"ListItem","position":2,"name":"Crise da habita\u00e7\u00e3o leva 13 cidades \u00e0 rua no fim de semana"}]},{"@type":"WebSite","@id":"https:\/\/www.altominho.tv\/site\/#website","url":"https:\/\/www.altominho.tv\/site\/","name":"Altominho.tv","description":"A sua regi\u00e3o \u00e0 dist\u00e2ncia de um clique...","potentialAction":[{"@type":"SearchAction","target":{"@type":"EntryPoint","urlTemplate":"https:\/\/www.altominho.tv\/site\/?s={search_term_string}"},"query-input":{"@type":"PropertyValueSpecification","valueRequired":true,"valueName":"search_term_string"}}],"inLanguage":"pt-PT"},{"@type":"Person","@id":"https:\/\/www.altominho.tv\/site\/#\/schema\/person\/63f693da3e1899361cbe955c46f3232e","name":"Lusa","image":{"@type":"ImageObject","inLanguage":"pt-PT","@id":"https:\/\/www.altominho.tv\/site\/wp-content\/uploads\/2019\/08\/LUSA_Logo.gif","url":"https:\/\/www.altominho.tv\/site\/wp-content\/uploads\/2019\/08\/LUSA_Logo.gif","contentUrl":"https:\/\/www.altominho.tv\/site\/wp-content\/uploads\/2019\/08\/LUSA_Logo.gif","caption":"Lusa"},"sameAs":["http:\/\/\/\/www.altominho.tv\/site"],"url":"https:\/\/www.altominho.tv\/site\/author\/lusa\/"}]}},"_links":{"self":[{"href":"https:\/\/www.altominho.tv\/site\/wp-json\/wp\/v2\/posts\/120064","targetHints":{"allow":["GET"]}}],"collection":[{"href":"https:\/\/www.altominho.tv\/site\/wp-json\/wp\/v2\/posts"}],"about":[{"href":"https:\/\/www.altominho.tv\/site\/wp-json\/wp\/v2\/types\/post"}],"author":[{"embeddable":true,"href":"https:\/\/www.altominho.tv\/site\/wp-json\/wp\/v2\/users\/13"}],"replies":[{"embeddable":true,"href":"https:\/\/www.altominho.tv\/site\/wp-json\/wp\/v2\/comments?post=120064"}],"version-history":[{"count":1,"href":"https:\/\/www.altominho.tv\/site\/wp-json\/wp\/v2\/posts\/120064\/revisions"}],"predecessor-version":[{"id":120066,"href":"https:\/\/www.altominho.tv\/site\/wp-json\/wp\/v2\/posts\/120064\/revisions\/120066"}],"wp:featuredmedia":[{"embeddable":true,"href":"https:\/\/www.altominho.tv\/site\/wp-json\/wp\/v2\/media\/120065"}],"wp:attachment":[{"href":"https:\/\/www.altominho.tv\/site\/wp-json\/wp\/v2\/media?parent=120064"}],"wp:term":[{"taxonomy":"category","embeddable":true,"href":"https:\/\/www.altominho.tv\/site\/wp-json\/wp\/v2\/categories?post=120064"},{"taxonomy":"post_tag","embeddable":true,"href":"https:\/\/www.altominho.tv\/site\/wp-json\/wp\/v2\/tags?post=120064"}],"curies":[{"name":"wp","href":"https:\/\/api.w.org\/{rel}","templated":true}]}}