{"id":120055,"date":"2025-06-26T11:51:10","date_gmt":"2025-06-26T10:51:10","guid":{"rendered":"https:\/\/www.altominho.tv\/site\/?p=120055"},"modified":"2025-06-26T11:51:12","modified_gmt":"2025-06-26T10:51:12","slug":"alto-minho-aviso-laranja-calor","status":"publish","type":"post","link":"https:\/\/www.altominho.tv\/site\/2025\/06\/26\/alto-minho-aviso-laranja-calor\/","title":{"rendered":"Cinco distritos sob aviso laranja a partir de s\u00e1bado devido a tempo quente"},"content":{"rendered":"\n<p>Cinco distritos do sul de Portugal continental est\u00e3o entre s\u00e1bado e domingo com aviso laranja devido \u00e0 previs\u00e3o de tempo quente, anunciou hoje o Instituto Portugu\u00eas do Mar e da Atmosfera (IPMA).<\/p>\n\n\n\n<p>\u00c9vora, Faro, Set\u00fabal, Beja e Portalegre v\u00e3o estar sob aviso laranja devido &#8220;\u00e0 persist\u00eancia de valores elevados da temperatura m\u00e1xima&#8221; entre a meia-noite de s\u00e1bado e a de domingo.<\/p>\n\n\n\n<p>Entre as 09h00 da manh\u00e3 de sexta-feira e as 00h00 de s\u00e1bado, estes cinco distritos est\u00e3o sob aviso amarelo.<\/p>\n\n\n\n<p>Entre a mesma hora de sexta-feira e as 00h00 de domingo, Bragan\u00e7a, Viseu, Guarda, Vila Real, Santar\u00e9m, Lisboa e Castelo Branco est\u00e3o sob aviso amarelo devido ao tempo quente.<\/p>\n\n\n\n<p>J\u00e1 Porto, Viana do Castelo, Leiria, Aveiro, Coimbra e Braga v\u00e3o estar com aviso amarelo entre as 09h00 de s\u00e1bado e a meia-noite de domingo.<\/p>\n\n\n\n<p>O aviso laranja, o segundo mais grave numa escala de tr\u00eas, \u00e9 emitido pelo IPMA sempre que existe &#8220;situa\u00e7\u00e3o meteorol\u00f3gica de risco moderado a elevado e o amarelo, o menos grave, quando h\u00e1 uma situa\u00e7\u00e3o de risco para determinadas atividades dependentes da situa\u00e7\u00e3o meteorol\u00f3gica.<\/p>\n\n\n\n<p>O IPMA prev\u00ea a partir de hoje uma subida gradual das temperaturas e at\u00e9 ao fim de semana na ordem dos 10 graus Celsius, prevendo-se em algumas regi\u00f5es m\u00e1ximas acima de 40 graus.<\/p>\n\n\n\n<p>Segundo o Instituto, o tempo em Portugal continental e no arquip\u00e9lago da Madeira vai ser influenciado por um anticiclone que dever\u00e1 posicionar-se a norte da Pen\u00ednsula Ib\u00e9rica e de um vale depression\u00e1rio que dar\u00e1 origem \u00e0 aproxima\u00e7\u00e3o de uma massa de ar quente proveniente do norte de \u00c1frica.<\/p>\n\n\n\n<p>No continente, a temperatura ir\u00e1 registar uma subida gradual, com os valores mais elevados a partir de s\u00e1bado, quando dever\u00e3o variar entre 35 e 40.\u00b0C na generalidade do territ\u00f3rio, com exce\u00e7\u00e3o de alguns locais do litoral norte e centro, e valores entre 40 e 44.\u00b0C na regi\u00e3o sul, vale do Tejo e vale do Douro.<\/p>\n\n\n\n<p>J\u00e1 a temperatura m\u00ednima ir\u00e1 registar valores pr\u00f3ximos de 20.\u00b0C em grande parte do territ\u00f3rio, em especial na regi\u00e3o sul, onde poder\u00e1 n\u00e3o baixar de 25.\u00b0C em alguns locais, nomeadamente no litoral do Algarve e regi\u00e3o de Portalegre.<\/p>\n\n\n\n<p>O IPMA prev\u00ea tamb\u00e9m a partir da tarde de hoje a presen\u00e7a de poeiras em suspens\u00e3o na regi\u00e3o sul, estendendo-se ao restante territ\u00f3rio nos dias seguintes.<\/p>\n\n\n\n<p>No arquip\u00e9lago da Madeira, a temperatura m\u00e1xima tamb\u00e9m ir\u00e1 subir de forma gradual ao longo dos pr\u00f3ximos dias, sendo a subida mais expressiva registada nas terras altas da ilha da Madeira, onde se esperam valores entre 26 e 28.\u00b0C no s\u00e1bado e no domingo.<\/p>\n\n\n\n<p>A temperatura m\u00ednima, na costa sul e na ilha do Porto Santo, n\u00e3o dever\u00e1 ser inferior a 20.\u00b0C, o que \u00e9 designado como noites tropicais.<\/p>\n\n\n\n<p>Na costa norte e nas terras altas, a temperatura m\u00ednima dever\u00e1 variar entre 14 e 18.\u00b0C.<\/p>\n\n\n\n<p>Segundo o IPMA, a dura\u00e7\u00e3o deste epis\u00f3dio de tempo quente permanece ainda incerta, por\u00e9m dever\u00e1 prolongar-se para o in\u00edcio do m\u00eas de julho, em especial na regi\u00e3o sul.<\/p>\n","protected":false},"excerpt":{"rendered":"<p>Cinco distritos do sul de Portugal continental est\u00e3o entre s\u00e1bado e domingo com aviso laranja devido \u00e0 previs\u00e3o de tempo quente, anunciou hoje o Instituto Portugu\u00eas do Mar e da Atmosfera (IPMA). \u00c9vora, Faro, Set\u00fabal, Beja e Portalegre v\u00e3o estar sob aviso laranja devido &#8220;\u00e0 persist\u00eancia de valores elevados da temperatura m\u00e1xima&#8221; entre a meia-noite [&hellip;]<\/p>\n","protected":false},"author":7,"featured_media":120062,"comment_status":"closed","ping_status":"closed","sticky":false,"template":"","format":"standard","meta":{"_exactmetrics_skip_tracking":false,"_exactmetrics_sitenote_active":false,"_exactmetrics_sitenote_note":"","_exactmetrics_sitenote_category":0,"footnotes":""},"categories":[56325],"tags":[27],"class_list":["post-120055","post","type-post","status-publish","format-standard","has-post-thumbnail","hentry","category-pais","tag-sociedade"],"yoast_head":"<!-- This site is optimized with the Yoast SEO Premium plugin v27.5 (Yoast SEO v27.5) - https:\/\/yoast.com\/product\/yoast-seo-premium-wordpress\/ -->\n<title>Cinco distritos sob aviso laranja a partir de s\u00e1bado devido a tempo quente<\/title>\n<meta name=\"description\" content=\"Cinco distritos est\u00e3o sob aviso laranja a partir de s\u00e1bado devido a tempo quente.\" \/>\n<meta name=\"robots\" content=\"index, follow, max-snippet:-1, max-image-preview:large, max-video-preview:-1\" \/>\n<link rel=\"canonical\" href=\"https:\/\/www.altominho.tv\/site\/2025\/06\/26\/alto-minho-aviso-laranja-calor\/\" \/>\n<meta property=\"og:locale\" content=\"pt_PT\" \/>\n<meta property=\"og:type\" content=\"article\" \/>\n<meta property=\"og:title\" content=\"Cinco distritos sob aviso laranja a partir de s\u00e1bado devido a tempo quente\" \/>\n<meta property=\"og:description\" content=\"Cinco distritos est\u00e3o sob aviso laranja a partir de s\u00e1bado devido a tempo quente.\" \/>\n<meta property=\"og:url\" content=\"https:\/\/www.altominho.tv\/site\/2025\/06\/26\/alto-minho-aviso-laranja-calor\/\" \/>\n<meta property=\"og:site_name\" content=\"Altominho.tv\" \/>\n<meta property=\"article:publisher\" content=\"https:\/\/www.facebook.com\/altominhotv\" \/>\n<meta property=\"article:published_time\" content=\"2025-06-26T10:51:10+00:00\" \/>\n<meta property=\"article:modified_time\" content=\"2025-06-26T10:51:12+00:00\" \/>\n<meta property=\"og:image\" content=\"https:\/\/www.altominho.tv\/site\/wp-content\/uploads\/2025\/06\/calor-1.png\" \/>\n\t<meta property=\"og:image:width\" content=\"1200\" \/>\n\t<meta property=\"og:image:height\" content=\"630\" \/>\n\t<meta property=\"og:image:type\" content=\"image\/png\" \/>\n<meta name=\"author\" content=\"Andreia Cunha\" \/>\n<meta name=\"twitter:card\" content=\"summary_large_image\" \/>\n<meta name=\"twitter:creator\" content=\"@altominhoTV\" \/>\n<meta name=\"twitter:site\" content=\"@altominhoTV\" \/>\n<meta name=\"twitter:label1\" content=\"Escrito por\" \/>\n\t<meta name=\"twitter:data1\" content=\"Andreia Cunha\" \/>\n\t<meta name=\"twitter:label2\" content=\"Tempo estimado de leitura\" \/>\n\t<meta name=\"twitter:data2\" content=\"3 minutos\" \/>\n<script type=\"application\/ld+json\" class=\"yoast-schema-graph\">{\"@context\":\"https:\\\/\\\/schema.org\",\"@graph\":[{\"@type\":\"Article\",\"@id\":\"https:\\\/\\\/www.altominho.tv\\\/site\\\/2025\\\/06\\\/26\\\/alto-minho-aviso-laranja-calor\\\/#article\",\"isPartOf\":{\"@id\":\"https:\\\/\\\/www.altominho.tv\\\/site\\\/2025\\\/06\\\/26\\\/alto-minho-aviso-laranja-calor\\\/\"},\"author\":{\"name\":\"Andreia Cunha\",\"@id\":\"https:\\\/\\\/www.altominho.tv\\\/site\\\/#\\\/schema\\\/person\\\/a0e4ef6d041f98ca284393d8f1d97153\"},\"headline\":\"Cinco distritos sob aviso laranja a partir de s\u00e1bado devido a tempo quente\",\"datePublished\":\"2025-06-26T10:51:10+00:00\",\"dateModified\":\"2025-06-26T10:51:12+00:00\",\"mainEntityOfPage\":{\"@id\":\"https:\\\/\\\/www.altominho.tv\\\/site\\\/2025\\\/06\\\/26\\\/alto-minho-aviso-laranja-calor\\\/\"},\"wordCount\":553,\"image\":{\"@id\":\"https:\\\/\\\/www.altominho.tv\\\/site\\\/2025\\\/06\\\/26\\\/alto-minho-aviso-laranja-calor\\\/#primaryimage\"},\"thumbnailUrl\":\"https:\\\/\\\/www.altominho.tv\\\/site\\\/wp-content\\\/uploads\\\/2025\\\/06\\\/calor-1.png\",\"keywords\":[\"Sociedade\"],\"articleSection\":[\"Pa\u00eds\"],\"inLanguage\":\"pt-PT\",\"copyrightYear\":\"2025\",\"copyrightHolder\":{\"@id\":\"https:\\\/\\\/www.altominho.tv\\\/site\\\/#organization\"}},{\"@type\":\"WebPage\",\"@id\":\"https:\\\/\\\/www.altominho.tv\\\/site\\\/2025\\\/06\\\/26\\\/alto-minho-aviso-laranja-calor\\\/\",\"url\":\"https:\\\/\\\/www.altominho.tv\\\/site\\\/2025\\\/06\\\/26\\\/alto-minho-aviso-laranja-calor\\\/\",\"name\":\"Cinco distritos sob aviso laranja a partir de s\u00e1bado devido a tempo quente\",\"isPartOf\":{\"@id\":\"https:\\\/\\\/www.altominho.tv\\\/site\\\/#website\"},\"primaryImageOfPage\":{\"@id\":\"https:\\\/\\\/www.altominho.tv\\\/site\\\/2025\\\/06\\\/26\\\/alto-minho-aviso-laranja-calor\\\/#primaryimage\"},\"image\":{\"@id\":\"https:\\\/\\\/www.altominho.tv\\\/site\\\/2025\\\/06\\\/26\\\/alto-minho-aviso-laranja-calor\\\/#primaryimage\"},\"thumbnailUrl\":\"https:\\\/\\\/www.altominho.tv\\\/site\\\/wp-content\\\/uploads\\\/2025\\\/06\\\/calor-1.png\",\"datePublished\":\"2025-06-26T10:51:10+00:00\",\"dateModified\":\"2025-06-26T10:51:12+00:00\",\"author\":{\"@id\":\"https:\\\/\\\/www.altominho.tv\\\/site\\\/#\\\/schema\\\/person\\\/a0e4ef6d041f98ca284393d8f1d97153\"},\"description\":\"Cinco distritos est\u00e3o sob aviso laranja a partir de s\u00e1bado devido a tempo quente.\",\"breadcrumb\":{\"@id\":\"https:\\\/\\\/www.altominho.tv\\\/site\\\/2025\\\/06\\\/26\\\/alto-minho-aviso-laranja-calor\\\/#breadcrumb\"},\"inLanguage\":\"pt-PT\",\"potentialAction\":[{\"@type\":\"ReadAction\",\"target\":[\"https:\\\/\\\/www.altominho.tv\\\/site\\\/2025\\\/06\\\/26\\\/alto-minho-aviso-laranja-calor\\\/\"]}]},{\"@type\":\"ImageObject\",\"inLanguage\":\"pt-PT\",\"@id\":\"https:\\\/\\\/www.altominho.tv\\\/site\\\/2025\\\/06\\\/26\\\/alto-minho-aviso-laranja-calor\\\/#primaryimage\",\"url\":\"https:\\\/\\\/www.altominho.tv\\\/site\\\/wp-content\\\/uploads\\\/2025\\\/06\\\/calor-1.png\",\"contentUrl\":\"https:\\\/\\\/www.altominho.tv\\\/site\\\/wp-content\\\/uploads\\\/2025\\\/06\\\/calor-1.png\",\"width\":1200,\"height\":630},{\"@type\":\"BreadcrumbList\",\"@id\":\"https:\\\/\\\/www.altominho.tv\\\/site\\\/2025\\\/06\\\/26\\\/alto-minho-aviso-laranja-calor\\\/#breadcrumb\",\"itemListElement\":[{\"@type\":\"ListItem\",\"position\":1,\"name\":\"In\u00edcio\",\"item\":\"https:\\\/\\\/www.altominho.tv\\\/site\\\/\"},{\"@type\":\"ListItem\",\"position\":2,\"name\":\"Cinco distritos sob aviso laranja a partir de s\u00e1bado devido a tempo quente\"}]},{\"@type\":\"WebSite\",\"@id\":\"https:\\\/\\\/www.altominho.tv\\\/site\\\/#website\",\"url\":\"https:\\\/\\\/www.altominho.tv\\\/site\\\/\",\"name\":\"Altominho.tv\",\"description\":\"A sua regi\u00e3o \u00e0 dist\u00e2ncia de um clique...\",\"potentialAction\":[{\"@type\":\"SearchAction\",\"target\":{\"@type\":\"EntryPoint\",\"urlTemplate\":\"https:\\\/\\\/www.altominho.tv\\\/site\\\/?s={search_term_string}\"},\"query-input\":{\"@type\":\"PropertyValueSpecification\",\"valueRequired\":true,\"valueName\":\"search_term_string\"}}],\"inLanguage\":\"pt-PT\"},{\"@type\":\"Person\",\"@id\":\"https:\\\/\\\/www.altominho.tv\\\/site\\\/#\\\/schema\\\/person\\\/a0e4ef6d041f98ca284393d8f1d97153\",\"name\":\"Andreia Cunha\",\"image\":{\"@type\":\"ImageObject\",\"inLanguage\":\"pt-PT\",\"@id\":\"https:\\\/\\\/www.altominho.tv\\\/site\\\/wp-content\\\/uploads\\\/2017\\\/11\\\/Andreia_Cunha-1-150x150.jpg\",\"url\":\"https:\\\/\\\/www.altominho.tv\\\/site\\\/wp-content\\\/uploads\\\/2017\\\/11\\\/Andreia_Cunha-1-150x150.jpg\",\"contentUrl\":\"https:\\\/\\\/www.altominho.tv\\\/site\\\/wp-content\\\/uploads\\\/2017\\\/11\\\/Andreia_Cunha-1-150x150.jpg\",\"caption\":\"Andreia Cunha\"},\"url\":\"https:\\\/\\\/www.altominho.tv\\\/site\\\/author\\\/andreiacunha\\\/\"}]}<\/script>\n<!-- \/ Yoast SEO Premium plugin. -->","yoast_head_json":{"title":"Cinco distritos sob aviso laranja a partir de s\u00e1bado devido a tempo quente","description":"Cinco distritos est\u00e3o sob aviso laranja a partir de s\u00e1bado devido a tempo quente.","robots":{"index":"index","follow":"follow","max-snippet":"max-snippet:-1","max-image-preview":"max-image-preview:large","max-video-preview":"max-video-preview:-1"},"canonical":"https:\/\/www.altominho.tv\/site\/2025\/06\/26\/alto-minho-aviso-laranja-calor\/","og_locale":"pt_PT","og_type":"article","og_title":"Cinco distritos sob aviso laranja a partir de s\u00e1bado devido a tempo quente","og_description":"Cinco distritos est\u00e3o sob aviso laranja a partir de s\u00e1bado devido a tempo quente.","og_url":"https:\/\/www.altominho.tv\/site\/2025\/06\/26\/alto-minho-aviso-laranja-calor\/","og_site_name":"Altominho.tv","article_publisher":"https:\/\/www.facebook.com\/altominhotv","article_published_time":"2025-06-26T10:51:10+00:00","article_modified_time":"2025-06-26T10:51:12+00:00","og_image":[{"width":1200,"height":630,"url":"https:\/\/www.altominho.tv\/site\/wp-content\/uploads\/2025\/06\/calor-1.png","type":"image\/png"}],"author":"Andreia Cunha","twitter_card":"summary_large_image","twitter_creator":"@altominhoTV","twitter_site":"@altominhoTV","twitter_misc":{"Escrito por":"Andreia Cunha","Tempo estimado de leitura":"3 minutos"},"schema":{"@context":"https:\/\/schema.org","@graph":[{"@type":"Article","@id":"https:\/\/www.altominho.tv\/site\/2025\/06\/26\/alto-minho-aviso-laranja-calor\/#article","isPartOf":{"@id":"https:\/\/www.altominho.tv\/site\/2025\/06\/26\/alto-minho-aviso-laranja-calor\/"},"author":{"name":"Andreia Cunha","@id":"https:\/\/www.altominho.tv\/site\/#\/schema\/person\/a0e4ef6d041f98ca284393d8f1d97153"},"headline":"Cinco distritos sob aviso laranja a partir de s\u00e1bado devido a tempo quente","datePublished":"2025-06-26T10:51:10+00:00","dateModified":"2025-06-26T10:51:12+00:00","mainEntityOfPage":{"@id":"https:\/\/www.altominho.tv\/site\/2025\/06\/26\/alto-minho-aviso-laranja-calor\/"},"wordCount":553,"image":{"@id":"https:\/\/www.altominho.tv\/site\/2025\/06\/26\/alto-minho-aviso-laranja-calor\/#primaryimage"},"thumbnailUrl":"https:\/\/www.altominho.tv\/site\/wp-content\/uploads\/2025\/06\/calor-1.png","keywords":["Sociedade"],"articleSection":["Pa\u00eds"],"inLanguage":"pt-PT","copyrightYear":"2025","copyrightHolder":{"@id":"https:\/\/www.altominho.tv\/site\/#organization"}},{"@type":"WebPage","@id":"https:\/\/www.altominho.tv\/site\/2025\/06\/26\/alto-minho-aviso-laranja-calor\/","url":"https:\/\/www.altominho.tv\/site\/2025\/06\/26\/alto-minho-aviso-laranja-calor\/","name":"Cinco distritos sob aviso laranja a partir de s\u00e1bado devido a tempo quente","isPartOf":{"@id":"https:\/\/www.altominho.tv\/site\/#website"},"primaryImageOfPage":{"@id":"https:\/\/www.altominho.tv\/site\/2025\/06\/26\/alto-minho-aviso-laranja-calor\/#primaryimage"},"image":{"@id":"https:\/\/www.altominho.tv\/site\/2025\/06\/26\/alto-minho-aviso-laranja-calor\/#primaryimage"},"thumbnailUrl":"https:\/\/www.altominho.tv\/site\/wp-content\/uploads\/2025\/06\/calor-1.png","datePublished":"2025-06-26T10:51:10+00:00","dateModified":"2025-06-26T10:51:12+00:00","author":{"@id":"https:\/\/www.altominho.tv\/site\/#\/schema\/person\/a0e4ef6d041f98ca284393d8f1d97153"},"description":"Cinco distritos est\u00e3o sob aviso laranja a partir de s\u00e1bado devido a tempo quente.","breadcrumb":{"@id":"https:\/\/www.altominho.tv\/site\/2025\/06\/26\/alto-minho-aviso-laranja-calor\/#breadcrumb"},"inLanguage":"pt-PT","potentialAction":[{"@type":"ReadAction","target":["https:\/\/www.altominho.tv\/site\/2025\/06\/26\/alto-minho-aviso-laranja-calor\/"]}]},{"@type":"ImageObject","inLanguage":"pt-PT","@id":"https:\/\/www.altominho.tv\/site\/2025\/06\/26\/alto-minho-aviso-laranja-calor\/#primaryimage","url":"https:\/\/www.altominho.tv\/site\/wp-content\/uploads\/2025\/06\/calor-1.png","contentUrl":"https:\/\/www.altominho.tv\/site\/wp-content\/uploads\/2025\/06\/calor-1.png","width":1200,"height":630},{"@type":"BreadcrumbList","@id":"https:\/\/www.altominho.tv\/site\/2025\/06\/26\/alto-minho-aviso-laranja-calor\/#breadcrumb","itemListElement":[{"@type":"ListItem","position":1,"name":"In\u00edcio","item":"https:\/\/www.altominho.tv\/site\/"},{"@type":"ListItem","position":2,"name":"Cinco distritos sob aviso laranja a partir de s\u00e1bado devido a tempo quente"}]},{"@type":"WebSite","@id":"https:\/\/www.altominho.tv\/site\/#website","url":"https:\/\/www.altominho.tv\/site\/","name":"Altominho.tv","description":"A sua regi\u00e3o \u00e0 dist\u00e2ncia de um clique...","potentialAction":[{"@type":"SearchAction","target":{"@type":"EntryPoint","urlTemplate":"https:\/\/www.altominho.tv\/site\/?s={search_term_string}"},"query-input":{"@type":"PropertyValueSpecification","valueRequired":true,"valueName":"search_term_string"}}],"inLanguage":"pt-PT"},{"@type":"Person","@id":"https:\/\/www.altominho.tv\/site\/#\/schema\/person\/a0e4ef6d041f98ca284393d8f1d97153","name":"Andreia Cunha","image":{"@type":"ImageObject","inLanguage":"pt-PT","@id":"https:\/\/www.altominho.tv\/site\/wp-content\/uploads\/2017\/11\/Andreia_Cunha-1-150x150.jpg","url":"https:\/\/www.altominho.tv\/site\/wp-content\/uploads\/2017\/11\/Andreia_Cunha-1-150x150.jpg","contentUrl":"https:\/\/www.altominho.tv\/site\/wp-content\/uploads\/2017\/11\/Andreia_Cunha-1-150x150.jpg","caption":"Andreia Cunha"},"url":"https:\/\/www.altominho.tv\/site\/author\/andreiacunha\/"}]}},"_links":{"self":[{"href":"https:\/\/www.altominho.tv\/site\/wp-json\/wp\/v2\/posts\/120055","targetHints":{"allow":["GET"]}}],"collection":[{"href":"https:\/\/www.altominho.tv\/site\/wp-json\/wp\/v2\/posts"}],"about":[{"href":"https:\/\/www.altominho.tv\/site\/wp-json\/wp\/v2\/types\/post"}],"author":[{"embeddable":true,"href":"https:\/\/www.altominho.tv\/site\/wp-json\/wp\/v2\/users\/7"}],"replies":[{"embeddable":true,"href":"https:\/\/www.altominho.tv\/site\/wp-json\/wp\/v2\/comments?post=120055"}],"version-history":[{"count":1,"href":"https:\/\/www.altominho.tv\/site\/wp-json\/wp\/v2\/posts\/120055\/revisions"}],"predecessor-version":[{"id":120063,"href":"https:\/\/www.altominho.tv\/site\/wp-json\/wp\/v2\/posts\/120055\/revisions\/120063"}],"wp:featuredmedia":[{"embeddable":true,"href":"https:\/\/www.altominho.tv\/site\/wp-json\/wp\/v2\/media\/120062"}],"wp:attachment":[{"href":"https:\/\/www.altominho.tv\/site\/wp-json\/wp\/v2\/media?parent=120055"}],"wp:term":[{"taxonomy":"category","embeddable":true,"href":"https:\/\/www.altominho.tv\/site\/wp-json\/wp\/v2\/categories?post=120055"},{"taxonomy":"post_tag","embeddable":true,"href":"https:\/\/www.altominho.tv\/site\/wp-json\/wp\/v2\/tags?post=120055"}],"curies":[{"name":"wp","href":"https:\/\/api.w.org\/{rel}","templated":true}]}}