{"id":119915,"date":"2025-06-23T17:13:28","date_gmt":"2025-06-23T16:13:28","guid":{"rendered":"https:\/\/www.altominho.tv\/site\/?p=119915"},"modified":"2025-06-23T17:13:30","modified_gmt":"2025-06-23T16:13:30","slug":"teatro-municipal-sa-de-miranda-acolhe-apresentacao-final-das-oficinas-regulares-de-teatro","status":"publish","type":"post","link":"https:\/\/www.altominho.tv\/site\/2025\/06\/23\/teatro-municipal-sa-de-miranda-acolhe-apresentacao-final-das-oficinas-regulares-de-teatro\/","title":{"rendered":"Teatro Municipal S\u00e1 de Miranda acolhe apresenta\u00e7\u00e3o final das Oficinas Regulares de Teatro"},"content":{"rendered":"<p class=\"p1\">No pr\u00f3ximo s\u00e1bado, 28 de junho, \u00e0s 21h00, o Teatro Municipal S\u00e1 de Miranda, em Viana do Castelo, recebe a apresenta\u00e7\u00e3o final das Oficinas Regulares de Teatro, uma iniciativa do projeto de Participa\u00e7\u00e3o Art\u00edstica do Teatro do Noroeste \u2013 Centro Dram\u00e1tico de Viana.<\/p>\n<p class=\"p1\">Este espet\u00e1culo marca o encerramento da temporada e junta em palco cerca de 50 participantes, distribu\u00eddos por cinco grupos intergeracionais: ATIVAkids (6\u201312 anos), ATIVAj\u00fanior (12\u201318 anos), ATIVAtodos (18\u201360 anos), ATIVAs\u00e9nior (mais de 60 anos) e o grupo Enquanto Naveg\u00e1vamos, formado por antigos trabalhadores dos Estaleiros Navais de Viana do Castelo.<\/p>\n<p class=\"p1\">Este momento \u00e9 tamb\u00e9m o culminar de meses de trabalho semanal orientado por int\u00e9rpretes da companhia, como Rafaela S\u00e1, Marta Bonito, Adriel Filipe, Ricardo Ribeiro, Nuno J. Loureiro e Alexandre Cal\u00e7ada.<\/p>\n<p class=\"p1\">A entrada para o espet\u00e1culo \u00e9 gratuita<span class=\"Apple-converted-space\">\u00a0 <\/span>Os bilhetes podem ser levantados no dia, a partir das 19h00, na bilheteira do Teatro Municipal S\u00e1 de Miranda, estando sujeitos \u00e0 lota\u00e7\u00e3o da sala.<\/p>\n","protected":false},"excerpt":{"rendered":"<p>No pr\u00f3ximo s\u00e1bado, 28 de junho, \u00e0s 21h00, o Teatro Municipal S\u00e1 de Miranda, em Viana do Castelo, recebe a apresenta\u00e7\u00e3o final das Oficinas Regulares de Teatro, uma iniciativa do projeto de Participa\u00e7\u00e3o Art\u00edstica do Teatro do Noroeste \u2013 Centro Dram\u00e1tico de Viana. Este espet\u00e1culo marca o encerramento da temporada e junta em palco cerca [&hellip;]<\/p>\n","protected":false},"author":1,"featured_media":119916,"comment_status":"closed","ping_status":"closed","sticky":false,"template":"","format":"standard","meta":{"_exactmetrics_skip_tracking":false,"_exactmetrics_sitenote_active":false,"_exactmetrics_sitenote_note":"","_exactmetrics_sitenote_category":0,"footnotes":""},"categories":[14],"tags":[19],"class_list":["post-119915","post","type-post","status-publish","format-standard","has-post-thumbnail","hentry","category-viana-do-castelo","tag-cultura"],"yoast_head":"<!-- This site is optimized with the Yoast SEO Premium plugin v27.4 (Yoast SEO v27.4) - https:\/\/yoast.com\/product\/yoast-seo-premium-wordpress\/ -->\n<title>Teatro Municipal S\u00e1 de Miranda acolhe apresenta\u00e7\u00e3o final das Oficinas Regulares de Teatro<\/title>\n<meta name=\"description\" content=\"No pr\u00f3ximo s\u00e1bado, 28 de junho, \u00e0s 21h00, o Teatro Municipal S\u00e1 de Miranda, em Viana do Castelo, recebe a apresenta\u00e7\u00e3o final das Oficinas Regulares de Teatro, uma iniciativa do projeto de Participa\u00e7\u00e3o Art\u00edstica do Teatro do Noroeste \u2013 Centro Dram\u00e1tico de Viana.\" \/>\n<meta name=\"robots\" content=\"index, follow, max-snippet:-1, max-image-preview:large, max-video-preview:-1\" \/>\n<link rel=\"canonical\" href=\"https:\/\/www.altominho.tv\/site\/2025\/06\/23\/teatro-municipal-sa-de-miranda-acolhe-apresentacao-final-das-oficinas-regulares-de-teatro\/\" \/>\n<meta property=\"og:locale\" content=\"pt_PT\" \/>\n<meta property=\"og:type\" content=\"article\" \/>\n<meta property=\"og:title\" content=\"Teatro Municipal S\u00e1 de Miranda acolhe apresenta\u00e7\u00e3o final das Oficinas Regulares de Teatro\" \/>\n<meta property=\"og:description\" content=\"No pr\u00f3ximo s\u00e1bado, 28 de junho, \u00e0s 21h00, o Teatro Municipal S\u00e1 de Miranda, em Viana do Castelo, recebe a apresenta\u00e7\u00e3o final das Oficinas Regulares de Teatro, uma iniciativa do projeto de Participa\u00e7\u00e3o Art\u00edstica do Teatro do Noroeste \u2013 Centro Dram\u00e1tico de Viana.\" \/>\n<meta property=\"og:url\" content=\"https:\/\/www.altominho.tv\/site\/2025\/06\/23\/teatro-municipal-sa-de-miranda-acolhe-apresentacao-final-das-oficinas-regulares-de-teatro\/\" \/>\n<meta property=\"og:site_name\" content=\"Altominho.tv\" \/>\n<meta property=\"article:publisher\" content=\"https:\/\/www.facebook.com\/altominhotv\" \/>\n<meta property=\"article:published_time\" content=\"2025-06-23T16:13:28+00:00\" \/>\n<meta property=\"article:modified_time\" content=\"2025-06-23T16:13:30+00:00\" \/>\n<meta property=\"og:image\" content=\"https:\/\/www.altominho.tv\/site\/wp-content\/uploads\/2025\/06\/Design-sem-nome-91.jpg\" \/>\n\t<meta property=\"og:image:width\" content=\"1200\" \/>\n\t<meta property=\"og:image:height\" content=\"630\" \/>\n\t<meta property=\"og:image:type\" content=\"image\/jpeg\" \/>\n<meta name=\"author\" content=\"Altominho.tv\" \/>\n<meta name=\"twitter:card\" content=\"summary_large_image\" \/>\n<meta name=\"twitter:creator\" content=\"@altominhoTV\" \/>\n<meta name=\"twitter:site\" content=\"@altominhoTV\" \/>\n<meta name=\"twitter:label1\" content=\"Escrito por\" \/>\n\t<meta name=\"twitter:data1\" content=\"Altominho.tv\" \/>\n\t<meta name=\"twitter:label2\" content=\"Tempo estimado de leitura\" \/>\n\t<meta name=\"twitter:data2\" content=\"2 minutos\" \/>\n<script type=\"application\/ld+json\" class=\"yoast-schema-graph\">{\"@context\":\"https:\\\/\\\/schema.org\",\"@graph\":[{\"@type\":\"Article\",\"@id\":\"https:\\\/\\\/www.altominho.tv\\\/site\\\/2025\\\/06\\\/23\\\/teatro-municipal-sa-de-miranda-acolhe-apresentacao-final-das-oficinas-regulares-de-teatro\\\/#article\",\"isPartOf\":{\"@id\":\"https:\\\/\\\/www.altominho.tv\\\/site\\\/2025\\\/06\\\/23\\\/teatro-municipal-sa-de-miranda-acolhe-apresentacao-final-das-oficinas-regulares-de-teatro\\\/\"},\"author\":{\"name\":\"Altominho.tv\",\"@id\":\"https:\\\/\\\/www.altominho.tv\\\/site\\\/#\\\/schema\\\/person\\\/4e536851627d7914baf3dac752b6af22\"},\"headline\":\"Teatro Municipal S\u00e1 de Miranda acolhe apresenta\u00e7\u00e3o final das Oficinas Regulares de Teatro\",\"datePublished\":\"2025-06-23T16:13:28+00:00\",\"dateModified\":\"2025-06-23T16:13:30+00:00\",\"mainEntityOfPage\":{\"@id\":\"https:\\\/\\\/www.altominho.tv\\\/site\\\/2025\\\/06\\\/23\\\/teatro-municipal-sa-de-miranda-acolhe-apresentacao-final-das-oficinas-regulares-de-teatro\\\/\"},\"wordCount\":176,\"image\":{\"@id\":\"https:\\\/\\\/www.altominho.tv\\\/site\\\/2025\\\/06\\\/23\\\/teatro-municipal-sa-de-miranda-acolhe-apresentacao-final-das-oficinas-regulares-de-teatro\\\/#primaryimage\"},\"thumbnailUrl\":\"https:\\\/\\\/www.altominho.tv\\\/site\\\/wp-content\\\/uploads\\\/2025\\\/06\\\/Design-sem-nome-91.jpg\",\"keywords\":[\"Cultura\"],\"articleSection\":[\"Viana do Castelo\"],\"inLanguage\":\"pt-PT\",\"copyrightYear\":\"2025\",\"copyrightHolder\":{\"@id\":\"https:\\\/\\\/www.altominho.tv\\\/site\\\/#organization\"}},{\"@type\":\"WebPage\",\"@id\":\"https:\\\/\\\/www.altominho.tv\\\/site\\\/2025\\\/06\\\/23\\\/teatro-municipal-sa-de-miranda-acolhe-apresentacao-final-das-oficinas-regulares-de-teatro\\\/\",\"url\":\"https:\\\/\\\/www.altominho.tv\\\/site\\\/2025\\\/06\\\/23\\\/teatro-municipal-sa-de-miranda-acolhe-apresentacao-final-das-oficinas-regulares-de-teatro\\\/\",\"name\":\"Teatro Municipal S\u00e1 de Miranda acolhe apresenta\u00e7\u00e3o final das Oficinas Regulares de Teatro\",\"isPartOf\":{\"@id\":\"https:\\\/\\\/www.altominho.tv\\\/site\\\/#website\"},\"primaryImageOfPage\":{\"@id\":\"https:\\\/\\\/www.altominho.tv\\\/site\\\/2025\\\/06\\\/23\\\/teatro-municipal-sa-de-miranda-acolhe-apresentacao-final-das-oficinas-regulares-de-teatro\\\/#primaryimage\"},\"image\":{\"@id\":\"https:\\\/\\\/www.altominho.tv\\\/site\\\/2025\\\/06\\\/23\\\/teatro-municipal-sa-de-miranda-acolhe-apresentacao-final-das-oficinas-regulares-de-teatro\\\/#primaryimage\"},\"thumbnailUrl\":\"https:\\\/\\\/www.altominho.tv\\\/site\\\/wp-content\\\/uploads\\\/2025\\\/06\\\/Design-sem-nome-91.jpg\",\"datePublished\":\"2025-06-23T16:13:28+00:00\",\"dateModified\":\"2025-06-23T16:13:30+00:00\",\"author\":{\"@id\":\"https:\\\/\\\/www.altominho.tv\\\/site\\\/#\\\/schema\\\/person\\\/4e536851627d7914baf3dac752b6af22\"},\"description\":\"No pr\u00f3ximo s\u00e1bado, 28 de junho, \u00e0s 21h00, o Teatro Municipal S\u00e1 de Miranda, em Viana do Castelo, recebe a apresenta\u00e7\u00e3o final das Oficinas Regulares de Teatro, uma iniciativa do projeto de Participa\u00e7\u00e3o Art\u00edstica do Teatro do Noroeste \u2013 Centro Dram\u00e1tico de Viana.\",\"breadcrumb\":{\"@id\":\"https:\\\/\\\/www.altominho.tv\\\/site\\\/2025\\\/06\\\/23\\\/teatro-municipal-sa-de-miranda-acolhe-apresentacao-final-das-oficinas-regulares-de-teatro\\\/#breadcrumb\"},\"inLanguage\":\"pt-PT\",\"potentialAction\":[{\"@type\":\"ReadAction\",\"target\":[\"https:\\\/\\\/www.altominho.tv\\\/site\\\/2025\\\/06\\\/23\\\/teatro-municipal-sa-de-miranda-acolhe-apresentacao-final-das-oficinas-regulares-de-teatro\\\/\"]}]},{\"@type\":\"ImageObject\",\"inLanguage\":\"pt-PT\",\"@id\":\"https:\\\/\\\/www.altominho.tv\\\/site\\\/2025\\\/06\\\/23\\\/teatro-municipal-sa-de-miranda-acolhe-apresentacao-final-das-oficinas-regulares-de-teatro\\\/#primaryimage\",\"url\":\"https:\\\/\\\/www.altominho.tv\\\/site\\\/wp-content\\\/uploads\\\/2025\\\/06\\\/Design-sem-nome-91.jpg\",\"contentUrl\":\"https:\\\/\\\/www.altominho.tv\\\/site\\\/wp-content\\\/uploads\\\/2025\\\/06\\\/Design-sem-nome-91.jpg\",\"width\":1200,\"height\":630},{\"@type\":\"BreadcrumbList\",\"@id\":\"https:\\\/\\\/www.altominho.tv\\\/site\\\/2025\\\/06\\\/23\\\/teatro-municipal-sa-de-miranda-acolhe-apresentacao-final-das-oficinas-regulares-de-teatro\\\/#breadcrumb\",\"itemListElement\":[{\"@type\":\"ListItem\",\"position\":1,\"name\":\"In\u00edcio\",\"item\":\"https:\\\/\\\/www.altominho.tv\\\/site\\\/\"},{\"@type\":\"ListItem\",\"position\":2,\"name\":\"Teatro Municipal S\u00e1 de Miranda acolhe apresenta\u00e7\u00e3o final das Oficinas Regulares de Teatro\"}]},{\"@type\":\"WebSite\",\"@id\":\"https:\\\/\\\/www.altominho.tv\\\/site\\\/#website\",\"url\":\"https:\\\/\\\/www.altominho.tv\\\/site\\\/\",\"name\":\"Altominho.tv\",\"description\":\"A sua regi\u00e3o \u00e0 dist\u00e2ncia de um clique...\",\"potentialAction\":[{\"@type\":\"SearchAction\",\"target\":{\"@type\":\"EntryPoint\",\"urlTemplate\":\"https:\\\/\\\/www.altominho.tv\\\/site\\\/?s={search_term_string}\"},\"query-input\":{\"@type\":\"PropertyValueSpecification\",\"valueRequired\":true,\"valueName\":\"search_term_string\"}}],\"inLanguage\":\"pt-PT\"},{\"@type\":\"Person\",\"@id\":\"https:\\\/\\\/www.altominho.tv\\\/site\\\/#\\\/schema\\\/person\\\/4e536851627d7914baf3dac752b6af22\",\"name\":\"Altominho.tv\",\"image\":{\"@type\":\"ImageObject\",\"inLanguage\":\"pt-PT\",\"@id\":\"https:\\\/\\\/www.altominho.tv\\\/site\\\/wp-content\\\/uploads\\\/2019\\\/11\\\/Logo_Avatar_2-150x150.jpg\",\"url\":\"https:\\\/\\\/www.altominho.tv\\\/site\\\/wp-content\\\/uploads\\\/2019\\\/11\\\/Logo_Avatar_2-150x150.jpg\",\"contentUrl\":\"https:\\\/\\\/www.altominho.tv\\\/site\\\/wp-content\\\/uploads\\\/2019\\\/11\\\/Logo_Avatar_2-150x150.jpg\",\"caption\":\"Altominho.tv\"},\"url\":\"https:\\\/\\\/www.altominho.tv\\\/site\\\/author\\\/altominhotv-tecnico\\\/\"}]}<\/script>\n<!-- \/ Yoast SEO Premium plugin. -->","yoast_head_json":{"title":"Teatro Municipal S\u00e1 de Miranda acolhe apresenta\u00e7\u00e3o final das Oficinas Regulares de Teatro","description":"No pr\u00f3ximo s\u00e1bado, 28 de junho, \u00e0s 21h00, o Teatro Municipal S\u00e1 de Miranda, em Viana do Castelo, recebe a apresenta\u00e7\u00e3o final das Oficinas Regulares de Teatro, uma iniciativa do projeto de Participa\u00e7\u00e3o Art\u00edstica do Teatro do Noroeste \u2013 Centro Dram\u00e1tico de Viana.","robots":{"index":"index","follow":"follow","max-snippet":"max-snippet:-1","max-image-preview":"max-image-preview:large","max-video-preview":"max-video-preview:-1"},"canonical":"https:\/\/www.altominho.tv\/site\/2025\/06\/23\/teatro-municipal-sa-de-miranda-acolhe-apresentacao-final-das-oficinas-regulares-de-teatro\/","og_locale":"pt_PT","og_type":"article","og_title":"Teatro Municipal S\u00e1 de Miranda acolhe apresenta\u00e7\u00e3o final das Oficinas Regulares de Teatro","og_description":"No pr\u00f3ximo s\u00e1bado, 28 de junho, \u00e0s 21h00, o Teatro Municipal S\u00e1 de Miranda, em Viana do Castelo, recebe a apresenta\u00e7\u00e3o final das Oficinas Regulares de Teatro, uma iniciativa do projeto de Participa\u00e7\u00e3o Art\u00edstica do Teatro do Noroeste \u2013 Centro Dram\u00e1tico de Viana.","og_url":"https:\/\/www.altominho.tv\/site\/2025\/06\/23\/teatro-municipal-sa-de-miranda-acolhe-apresentacao-final-das-oficinas-regulares-de-teatro\/","og_site_name":"Altominho.tv","article_publisher":"https:\/\/www.facebook.com\/altominhotv","article_published_time":"2025-06-23T16:13:28+00:00","article_modified_time":"2025-06-23T16:13:30+00:00","og_image":[{"width":1200,"height":630,"url":"https:\/\/www.altominho.tv\/site\/wp-content\/uploads\/2025\/06\/Design-sem-nome-91.jpg","type":"image\/jpeg"}],"author":"Altominho.tv","twitter_card":"summary_large_image","twitter_creator":"@altominhoTV","twitter_site":"@altominhoTV","twitter_misc":{"Escrito por":"Altominho.tv","Tempo estimado de leitura":"2 minutos"},"schema":{"@context":"https:\/\/schema.org","@graph":[{"@type":"Article","@id":"https:\/\/www.altominho.tv\/site\/2025\/06\/23\/teatro-municipal-sa-de-miranda-acolhe-apresentacao-final-das-oficinas-regulares-de-teatro\/#article","isPartOf":{"@id":"https:\/\/www.altominho.tv\/site\/2025\/06\/23\/teatro-municipal-sa-de-miranda-acolhe-apresentacao-final-das-oficinas-regulares-de-teatro\/"},"author":{"name":"Altominho.tv","@id":"https:\/\/www.altominho.tv\/site\/#\/schema\/person\/4e536851627d7914baf3dac752b6af22"},"headline":"Teatro Municipal S\u00e1 de Miranda acolhe apresenta\u00e7\u00e3o final das Oficinas Regulares de Teatro","datePublished":"2025-06-23T16:13:28+00:00","dateModified":"2025-06-23T16:13:30+00:00","mainEntityOfPage":{"@id":"https:\/\/www.altominho.tv\/site\/2025\/06\/23\/teatro-municipal-sa-de-miranda-acolhe-apresentacao-final-das-oficinas-regulares-de-teatro\/"},"wordCount":176,"image":{"@id":"https:\/\/www.altominho.tv\/site\/2025\/06\/23\/teatro-municipal-sa-de-miranda-acolhe-apresentacao-final-das-oficinas-regulares-de-teatro\/#primaryimage"},"thumbnailUrl":"https:\/\/www.altominho.tv\/site\/wp-content\/uploads\/2025\/06\/Design-sem-nome-91.jpg","keywords":["Cultura"],"articleSection":["Viana do Castelo"],"inLanguage":"pt-PT","copyrightYear":"2025","copyrightHolder":{"@id":"https:\/\/www.altominho.tv\/site\/#organization"}},{"@type":"WebPage","@id":"https:\/\/www.altominho.tv\/site\/2025\/06\/23\/teatro-municipal-sa-de-miranda-acolhe-apresentacao-final-das-oficinas-regulares-de-teatro\/","url":"https:\/\/www.altominho.tv\/site\/2025\/06\/23\/teatro-municipal-sa-de-miranda-acolhe-apresentacao-final-das-oficinas-regulares-de-teatro\/","name":"Teatro Municipal S\u00e1 de Miranda acolhe apresenta\u00e7\u00e3o final das Oficinas Regulares de Teatro","isPartOf":{"@id":"https:\/\/www.altominho.tv\/site\/#website"},"primaryImageOfPage":{"@id":"https:\/\/www.altominho.tv\/site\/2025\/06\/23\/teatro-municipal-sa-de-miranda-acolhe-apresentacao-final-das-oficinas-regulares-de-teatro\/#primaryimage"},"image":{"@id":"https:\/\/www.altominho.tv\/site\/2025\/06\/23\/teatro-municipal-sa-de-miranda-acolhe-apresentacao-final-das-oficinas-regulares-de-teatro\/#primaryimage"},"thumbnailUrl":"https:\/\/www.altominho.tv\/site\/wp-content\/uploads\/2025\/06\/Design-sem-nome-91.jpg","datePublished":"2025-06-23T16:13:28+00:00","dateModified":"2025-06-23T16:13:30+00:00","author":{"@id":"https:\/\/www.altominho.tv\/site\/#\/schema\/person\/4e536851627d7914baf3dac752b6af22"},"description":"No pr\u00f3ximo s\u00e1bado, 28 de junho, \u00e0s 21h00, o Teatro Municipal S\u00e1 de Miranda, em Viana do Castelo, recebe a apresenta\u00e7\u00e3o final das Oficinas Regulares de Teatro, uma iniciativa do projeto de Participa\u00e7\u00e3o Art\u00edstica do Teatro do Noroeste \u2013 Centro Dram\u00e1tico de Viana.","breadcrumb":{"@id":"https:\/\/www.altominho.tv\/site\/2025\/06\/23\/teatro-municipal-sa-de-miranda-acolhe-apresentacao-final-das-oficinas-regulares-de-teatro\/#breadcrumb"},"inLanguage":"pt-PT","potentialAction":[{"@type":"ReadAction","target":["https:\/\/www.altominho.tv\/site\/2025\/06\/23\/teatro-municipal-sa-de-miranda-acolhe-apresentacao-final-das-oficinas-regulares-de-teatro\/"]}]},{"@type":"ImageObject","inLanguage":"pt-PT","@id":"https:\/\/www.altominho.tv\/site\/2025\/06\/23\/teatro-municipal-sa-de-miranda-acolhe-apresentacao-final-das-oficinas-regulares-de-teatro\/#primaryimage","url":"https:\/\/www.altominho.tv\/site\/wp-content\/uploads\/2025\/06\/Design-sem-nome-91.jpg","contentUrl":"https:\/\/www.altominho.tv\/site\/wp-content\/uploads\/2025\/06\/Design-sem-nome-91.jpg","width":1200,"height":630},{"@type":"BreadcrumbList","@id":"https:\/\/www.altominho.tv\/site\/2025\/06\/23\/teatro-municipal-sa-de-miranda-acolhe-apresentacao-final-das-oficinas-regulares-de-teatro\/#breadcrumb","itemListElement":[{"@type":"ListItem","position":1,"name":"In\u00edcio","item":"https:\/\/www.altominho.tv\/site\/"},{"@type":"ListItem","position":2,"name":"Teatro Municipal S\u00e1 de Miranda acolhe apresenta\u00e7\u00e3o final das Oficinas Regulares de Teatro"}]},{"@type":"WebSite","@id":"https:\/\/www.altominho.tv\/site\/#website","url":"https:\/\/www.altominho.tv\/site\/","name":"Altominho.tv","description":"A sua regi\u00e3o \u00e0 dist\u00e2ncia de um clique...","potentialAction":[{"@type":"SearchAction","target":{"@type":"EntryPoint","urlTemplate":"https:\/\/www.altominho.tv\/site\/?s={search_term_string}"},"query-input":{"@type":"PropertyValueSpecification","valueRequired":true,"valueName":"search_term_string"}}],"inLanguage":"pt-PT"},{"@type":"Person","@id":"https:\/\/www.altominho.tv\/site\/#\/schema\/person\/4e536851627d7914baf3dac752b6af22","name":"Altominho.tv","image":{"@type":"ImageObject","inLanguage":"pt-PT","@id":"https:\/\/www.altominho.tv\/site\/wp-content\/uploads\/2019\/11\/Logo_Avatar_2-150x150.jpg","url":"https:\/\/www.altominho.tv\/site\/wp-content\/uploads\/2019\/11\/Logo_Avatar_2-150x150.jpg","contentUrl":"https:\/\/www.altominho.tv\/site\/wp-content\/uploads\/2019\/11\/Logo_Avatar_2-150x150.jpg","caption":"Altominho.tv"},"url":"https:\/\/www.altominho.tv\/site\/author\/altominhotv-tecnico\/"}]}},"_links":{"self":[{"href":"https:\/\/www.altominho.tv\/site\/wp-json\/wp\/v2\/posts\/119915","targetHints":{"allow":["GET"]}}],"collection":[{"href":"https:\/\/www.altominho.tv\/site\/wp-json\/wp\/v2\/posts"}],"about":[{"href":"https:\/\/www.altominho.tv\/site\/wp-json\/wp\/v2\/types\/post"}],"author":[{"embeddable":true,"href":"https:\/\/www.altominho.tv\/site\/wp-json\/wp\/v2\/users\/1"}],"replies":[{"embeddable":true,"href":"https:\/\/www.altominho.tv\/site\/wp-json\/wp\/v2\/comments?post=119915"}],"version-history":[{"count":1,"href":"https:\/\/www.altominho.tv\/site\/wp-json\/wp\/v2\/posts\/119915\/revisions"}],"predecessor-version":[{"id":119917,"href":"https:\/\/www.altominho.tv\/site\/wp-json\/wp\/v2\/posts\/119915\/revisions\/119917"}],"wp:featuredmedia":[{"embeddable":true,"href":"https:\/\/www.altominho.tv\/site\/wp-json\/wp\/v2\/media\/119916"}],"wp:attachment":[{"href":"https:\/\/www.altominho.tv\/site\/wp-json\/wp\/v2\/media?parent=119915"}],"wp:term":[{"taxonomy":"category","embeddable":true,"href":"https:\/\/www.altominho.tv\/site\/wp-json\/wp\/v2\/categories?post=119915"},{"taxonomy":"post_tag","embeddable":true,"href":"https:\/\/www.altominho.tv\/site\/wp-json\/wp\/v2\/tags?post=119915"}],"curies":[{"name":"wp","href":"https:\/\/api.w.org\/{rel}","templated":true}]}}