{"id":11989,"date":"2018-04-17T11:15:43","date_gmt":"2018-04-17T10:15:43","guid":{"rendered":"http:\/\/www.altominho.tv\/site\/?p=11989"},"modified":"2018-04-17T11:15:43","modified_gmt":"2018-04-17T10:15:43","slug":"cerveira-participa-em-caminhada-a-favor-da-liga-portuguesa-contra-o-cancro","status":"publish","type":"post","link":"https:\/\/www.altominho.tv\/site\/2018\/04\/17\/cerveira-participa-em-caminhada-a-favor-da-liga-portuguesa-contra-o-cancro\/","title":{"rendered":"Cerveira participa em caminhada a favor da Liga Portuguesa Contra o Cancro"},"content":{"rendered":"<p class=\"p2\"><span class=\"s1\">No pr\u00f3ximo domingo, dia 22, Vila Nova de Cerveira volta a participar em mais uma edi\u00e7\u00e3o da caminhada solid\u00e1ria a favor da Liga Portuguesa contra o Cancro. <\/span><\/p>\n<p class=\"p2\"><span class=\"s1\">Com partida marcada para as 9h00, no Parque de Lazer do Castelinho, o percurso vai realizar-se pela Ecopista do Rio Minho,\u00a0entre o Castelinho e Gondar\u00e9m, e vice-versa.<\/span><\/p>\n<p>A inscri\u00e7\u00e3o tem o custo de tr\u00eas euros (inclui t-shirt) e a\u00a0<span class=\"s1\">receita reverte na totalidade para\u00a0aquela institui\u00e7\u00e3o.\u00a0<\/span><span class=\"s1\">Os interessados devem inscrever-se no local do evento.\u00a0<\/span><\/p>\n<p>&nbsp;<\/p>\n","protected":false},"excerpt":{"rendered":"<p>No pr\u00f3ximo domingo, dia 22, Vila Nova de Cerveira volta a participar em mais uma edi\u00e7\u00e3o da caminhada solid\u00e1ria a favor da Liga Portuguesa contra o Cancro. Com partida marcada para as 9h00, no Parque de Lazer do Castelinho, o percurso vai realizar-se pela Ecopista do Rio Minho,\u00a0entre o Castelinho e Gondar\u00e9m, e vice-versa. A [&hellip;]<\/p>\n","protected":false},"author":12,"featured_media":11990,"comment_status":"closed","ping_status":"closed","sticky":false,"template":"","format":"standard","meta":{"_exactmetrics_skip_tracking":false,"_exactmetrics_sitenote_active":false,"_exactmetrics_sitenote_note":"","_exactmetrics_sitenote_category":0,"footnotes":""},"categories":[15],"tags":[20,27],"class_list":["post-11989","post","type-post","status-publish","format-standard","has-post-thumbnail","hentry","category-vila-nova-de-cerveira","tag-desporto","tag-sociedade"],"yoast_head":"<!-- This site is optimized with the Yoast SEO Premium plugin v27.5 (Yoast SEO v27.5) - https:\/\/yoast.com\/product\/yoast-seo-premium-wordpress\/ -->\n<title>Cerveira participa em caminhada a favor da Liga Portuguesa Contra o Cancro<\/title>\n<meta name=\"robots\" content=\"index, follow, max-snippet:-1, max-image-preview:large, max-video-preview:-1\" \/>\n<link rel=\"canonical\" href=\"https:\/\/www.altominho.tv\/site\/2018\/04\/17\/cerveira-participa-em-caminhada-a-favor-da-liga-portuguesa-contra-o-cancro\/\" \/>\n<meta property=\"og:locale\" content=\"pt_PT\" \/>\n<meta property=\"og:type\" content=\"article\" \/>\n<meta property=\"og:title\" content=\"Cerveira participa em caminhada a favor da Liga Portuguesa Contra o Cancro\" \/>\n<meta property=\"og:description\" content=\"No pr\u00f3ximo domingo, dia 22, Vila Nova de Cerveira volta a participar em mais uma edi\u00e7\u00e3o da caminhada solid\u00e1ria a favor da Liga Portuguesa contra o Cancro. Com partida marcada para as 9h00, no Parque de Lazer do Castelinho, o percurso vai realizar-se pela Ecopista do Rio Minho,\u00a0entre o Castelinho e Gondar\u00e9m, e vice-versa. A [&hellip;]\" \/>\n<meta property=\"og:url\" content=\"https:\/\/www.altominho.tv\/site\/2018\/04\/17\/cerveira-participa-em-caminhada-a-favor-da-liga-portuguesa-contra-o-cancro\/\" \/>\n<meta property=\"og:site_name\" content=\"Altominho.tv\" \/>\n<meta property=\"article:publisher\" content=\"https:\/\/www.facebook.com\/altominhotv\" \/>\n<meta property=\"article:published_time\" content=\"2018-04-17T10:15:43+00:00\" \/>\n<meta property=\"og:image\" content=\"https:\/\/www.altominho.tv\/site\/wp-content\/uploads\/2018\/04\/IMG_3222.jpg\" \/>\n\t<meta property=\"og:image:width\" content=\"2000\" \/>\n\t<meta property=\"og:image:height\" content=\"1333\" \/>\n\t<meta property=\"og:image:type\" content=\"image\/jpeg\" \/>\n<meta name=\"author\" content=\"Andreia Ferreira\" \/>\n<meta name=\"twitter:card\" content=\"summary_large_image\" \/>\n<meta name=\"twitter:creator\" content=\"@altominhoTV\" \/>\n<meta name=\"twitter:site\" content=\"@altominhoTV\" \/>\n<meta name=\"twitter:label1\" content=\"Escrito por\" \/>\n\t<meta name=\"twitter:data1\" content=\"Andreia Ferreira\" \/>\n<script type=\"application\/ld+json\" class=\"yoast-schema-graph\">{\"@context\":\"https:\\\/\\\/schema.org\",\"@graph\":[{\"@type\":\"Article\",\"@id\":\"https:\\\/\\\/www.altominho.tv\\\/site\\\/2018\\\/04\\\/17\\\/cerveira-participa-em-caminhada-a-favor-da-liga-portuguesa-contra-o-cancro\\\/#article\",\"isPartOf\":{\"@id\":\"https:\\\/\\\/www.altominho.tv\\\/site\\\/2018\\\/04\\\/17\\\/cerveira-participa-em-caminhada-a-favor-da-liga-portuguesa-contra-o-cancro\\\/\"},\"author\":{\"name\":\"Andreia Ferreira\",\"@id\":\"https:\\\/\\\/www.altominho.tv\\\/site\\\/#\\\/schema\\\/person\\\/d9be4265364723f14ea8e0d56a1d38cd\"},\"headline\":\"Cerveira participa em caminhada a favor da Liga Portuguesa Contra o Cancro\",\"datePublished\":\"2018-04-17T10:15:43+00:00\",\"mainEntityOfPage\":{\"@id\":\"https:\\\/\\\/www.altominho.tv\\\/site\\\/2018\\\/04\\\/17\\\/cerveira-participa-em-caminhada-a-favor-da-liga-portuguesa-contra-o-cancro\\\/\"},\"wordCount\":101,\"image\":{\"@id\":\"https:\\\/\\\/www.altominho.tv\\\/site\\\/2018\\\/04\\\/17\\\/cerveira-participa-em-caminhada-a-favor-da-liga-portuguesa-contra-o-cancro\\\/#primaryimage\"},\"thumbnailUrl\":\"https:\\\/\\\/www.altominho.tv\\\/site\\\/wp-content\\\/uploads\\\/2018\\\/04\\\/IMG_3222.jpg\",\"keywords\":[\"Desporto\",\"Sociedade\"],\"articleSection\":[\"Vila Nova de Cerveira\"],\"inLanguage\":\"pt-PT\",\"copyrightYear\":\"2018\",\"copyrightHolder\":{\"@id\":\"https:\\\/\\\/www.altominho.tv\\\/site\\\/#organization\"}},{\"@type\":\"WebPage\",\"@id\":\"https:\\\/\\\/www.altominho.tv\\\/site\\\/2018\\\/04\\\/17\\\/cerveira-participa-em-caminhada-a-favor-da-liga-portuguesa-contra-o-cancro\\\/\",\"url\":\"https:\\\/\\\/www.altominho.tv\\\/site\\\/2018\\\/04\\\/17\\\/cerveira-participa-em-caminhada-a-favor-da-liga-portuguesa-contra-o-cancro\\\/\",\"name\":\"Cerveira participa em caminhada a favor da Liga Portuguesa Contra o Cancro\",\"isPartOf\":{\"@id\":\"https:\\\/\\\/www.altominho.tv\\\/site\\\/#website\"},\"primaryImageOfPage\":{\"@id\":\"https:\\\/\\\/www.altominho.tv\\\/site\\\/2018\\\/04\\\/17\\\/cerveira-participa-em-caminhada-a-favor-da-liga-portuguesa-contra-o-cancro\\\/#primaryimage\"},\"image\":{\"@id\":\"https:\\\/\\\/www.altominho.tv\\\/site\\\/2018\\\/04\\\/17\\\/cerveira-participa-em-caminhada-a-favor-da-liga-portuguesa-contra-o-cancro\\\/#primaryimage\"},\"thumbnailUrl\":\"https:\\\/\\\/www.altominho.tv\\\/site\\\/wp-content\\\/uploads\\\/2018\\\/04\\\/IMG_3222.jpg\",\"datePublished\":\"2018-04-17T10:15:43+00:00\",\"author\":{\"@id\":\"https:\\\/\\\/www.altominho.tv\\\/site\\\/#\\\/schema\\\/person\\\/d9be4265364723f14ea8e0d56a1d38cd\"},\"breadcrumb\":{\"@id\":\"https:\\\/\\\/www.altominho.tv\\\/site\\\/2018\\\/04\\\/17\\\/cerveira-participa-em-caminhada-a-favor-da-liga-portuguesa-contra-o-cancro\\\/#breadcrumb\"},\"inLanguage\":\"pt-PT\",\"potentialAction\":[{\"@type\":\"ReadAction\",\"target\":[\"https:\\\/\\\/www.altominho.tv\\\/site\\\/2018\\\/04\\\/17\\\/cerveira-participa-em-caminhada-a-favor-da-liga-portuguesa-contra-o-cancro\\\/\"]}]},{\"@type\":\"ImageObject\",\"inLanguage\":\"pt-PT\",\"@id\":\"https:\\\/\\\/www.altominho.tv\\\/site\\\/2018\\\/04\\\/17\\\/cerveira-participa-em-caminhada-a-favor-da-liga-portuguesa-contra-o-cancro\\\/#primaryimage\",\"url\":\"https:\\\/\\\/www.altominho.tv\\\/site\\\/wp-content\\\/uploads\\\/2018\\\/04\\\/IMG_3222.jpg\",\"contentUrl\":\"https:\\\/\\\/www.altominho.tv\\\/site\\\/wp-content\\\/uploads\\\/2018\\\/04\\\/IMG_3222.jpg\",\"width\":2000,\"height\":1333},{\"@type\":\"BreadcrumbList\",\"@id\":\"https:\\\/\\\/www.altominho.tv\\\/site\\\/2018\\\/04\\\/17\\\/cerveira-participa-em-caminhada-a-favor-da-liga-portuguesa-contra-o-cancro\\\/#breadcrumb\",\"itemListElement\":[{\"@type\":\"ListItem\",\"position\":1,\"name\":\"In\u00edcio\",\"item\":\"https:\\\/\\\/www.altominho.tv\\\/site\\\/\"},{\"@type\":\"ListItem\",\"position\":2,\"name\":\"Cerveira participa em caminhada a favor da Liga Portuguesa Contra o Cancro\"}]},{\"@type\":\"WebSite\",\"@id\":\"https:\\\/\\\/www.altominho.tv\\\/site\\\/#website\",\"url\":\"https:\\\/\\\/www.altominho.tv\\\/site\\\/\",\"name\":\"Altominho.tv\",\"description\":\"A sua regi\u00e3o \u00e0 dist\u00e2ncia de um clique...\",\"potentialAction\":[{\"@type\":\"SearchAction\",\"target\":{\"@type\":\"EntryPoint\",\"urlTemplate\":\"https:\\\/\\\/www.altominho.tv\\\/site\\\/?s={search_term_string}\"},\"query-input\":{\"@type\":\"PropertyValueSpecification\",\"valueRequired\":true,\"valueName\":\"search_term_string\"}}],\"inLanguage\":\"pt-PT\"},{\"@type\":\"Person\",\"@id\":\"https:\\\/\\\/www.altominho.tv\\\/site\\\/#\\\/schema\\\/person\\\/d9be4265364723f14ea8e0d56a1d38cd\",\"name\":\"Andreia Ferreira\",\"image\":{\"@type\":\"ImageObject\",\"inLanguage\":\"pt-PT\",\"@id\":\"https:\\\/\\\/www.altominho.tv\\\/site\\\/wp-content\\\/uploads\\\/2021\\\/01\\\/AndreiaFerreira-150x150.jpg\",\"url\":\"https:\\\/\\\/www.altominho.tv\\\/site\\\/wp-content\\\/uploads\\\/2021\\\/01\\\/AndreiaFerreira-150x150.jpg\",\"contentUrl\":\"https:\\\/\\\/www.altominho.tv\\\/site\\\/wp-content\\\/uploads\\\/2021\\\/01\\\/AndreiaFerreira-150x150.jpg\",\"caption\":\"Andreia Ferreira\"},\"url\":\"https:\\\/\\\/www.altominho.tv\\\/site\\\/author\\\/andreiaferreira\\\/\"}]}<\/script>\n<!-- \/ Yoast SEO Premium plugin. -->","yoast_head_json":{"title":"Cerveira participa em caminhada a favor da Liga Portuguesa Contra o Cancro","robots":{"index":"index","follow":"follow","max-snippet":"max-snippet:-1","max-image-preview":"max-image-preview:large","max-video-preview":"max-video-preview:-1"},"canonical":"https:\/\/www.altominho.tv\/site\/2018\/04\/17\/cerveira-participa-em-caminhada-a-favor-da-liga-portuguesa-contra-o-cancro\/","og_locale":"pt_PT","og_type":"article","og_title":"Cerveira participa em caminhada a favor da Liga Portuguesa Contra o Cancro","og_description":"No pr\u00f3ximo domingo, dia 22, Vila Nova de Cerveira volta a participar em mais uma edi\u00e7\u00e3o da caminhada solid\u00e1ria a favor da Liga Portuguesa contra o Cancro. Com partida marcada para as 9h00, no Parque de Lazer do Castelinho, o percurso vai realizar-se pela Ecopista do Rio Minho,\u00a0entre o Castelinho e Gondar\u00e9m, e vice-versa. A [&hellip;]","og_url":"https:\/\/www.altominho.tv\/site\/2018\/04\/17\/cerveira-participa-em-caminhada-a-favor-da-liga-portuguesa-contra-o-cancro\/","og_site_name":"Altominho.tv","article_publisher":"https:\/\/www.facebook.com\/altominhotv","article_published_time":"2018-04-17T10:15:43+00:00","og_image":[{"width":2000,"height":1333,"url":"https:\/\/www.altominho.tv\/site\/wp-content\/uploads\/2018\/04\/IMG_3222.jpg","type":"image\/jpeg"}],"author":"Andreia Ferreira","twitter_card":"summary_large_image","twitter_creator":"@altominhoTV","twitter_site":"@altominhoTV","twitter_misc":{"Escrito por":"Andreia Ferreira"},"schema":{"@context":"https:\/\/schema.org","@graph":[{"@type":"Article","@id":"https:\/\/www.altominho.tv\/site\/2018\/04\/17\/cerveira-participa-em-caminhada-a-favor-da-liga-portuguesa-contra-o-cancro\/#article","isPartOf":{"@id":"https:\/\/www.altominho.tv\/site\/2018\/04\/17\/cerveira-participa-em-caminhada-a-favor-da-liga-portuguesa-contra-o-cancro\/"},"author":{"name":"Andreia Ferreira","@id":"https:\/\/www.altominho.tv\/site\/#\/schema\/person\/d9be4265364723f14ea8e0d56a1d38cd"},"headline":"Cerveira participa em caminhada a favor da Liga Portuguesa Contra o Cancro","datePublished":"2018-04-17T10:15:43+00:00","mainEntityOfPage":{"@id":"https:\/\/www.altominho.tv\/site\/2018\/04\/17\/cerveira-participa-em-caminhada-a-favor-da-liga-portuguesa-contra-o-cancro\/"},"wordCount":101,"image":{"@id":"https:\/\/www.altominho.tv\/site\/2018\/04\/17\/cerveira-participa-em-caminhada-a-favor-da-liga-portuguesa-contra-o-cancro\/#primaryimage"},"thumbnailUrl":"https:\/\/www.altominho.tv\/site\/wp-content\/uploads\/2018\/04\/IMG_3222.jpg","keywords":["Desporto","Sociedade"],"articleSection":["Vila Nova de Cerveira"],"inLanguage":"pt-PT","copyrightYear":"2018","copyrightHolder":{"@id":"https:\/\/www.altominho.tv\/site\/#organization"}},{"@type":"WebPage","@id":"https:\/\/www.altominho.tv\/site\/2018\/04\/17\/cerveira-participa-em-caminhada-a-favor-da-liga-portuguesa-contra-o-cancro\/","url":"https:\/\/www.altominho.tv\/site\/2018\/04\/17\/cerveira-participa-em-caminhada-a-favor-da-liga-portuguesa-contra-o-cancro\/","name":"Cerveira participa em caminhada a favor da Liga Portuguesa Contra o Cancro","isPartOf":{"@id":"https:\/\/www.altominho.tv\/site\/#website"},"primaryImageOfPage":{"@id":"https:\/\/www.altominho.tv\/site\/2018\/04\/17\/cerveira-participa-em-caminhada-a-favor-da-liga-portuguesa-contra-o-cancro\/#primaryimage"},"image":{"@id":"https:\/\/www.altominho.tv\/site\/2018\/04\/17\/cerveira-participa-em-caminhada-a-favor-da-liga-portuguesa-contra-o-cancro\/#primaryimage"},"thumbnailUrl":"https:\/\/www.altominho.tv\/site\/wp-content\/uploads\/2018\/04\/IMG_3222.jpg","datePublished":"2018-04-17T10:15:43+00:00","author":{"@id":"https:\/\/www.altominho.tv\/site\/#\/schema\/person\/d9be4265364723f14ea8e0d56a1d38cd"},"breadcrumb":{"@id":"https:\/\/www.altominho.tv\/site\/2018\/04\/17\/cerveira-participa-em-caminhada-a-favor-da-liga-portuguesa-contra-o-cancro\/#breadcrumb"},"inLanguage":"pt-PT","potentialAction":[{"@type":"ReadAction","target":["https:\/\/www.altominho.tv\/site\/2018\/04\/17\/cerveira-participa-em-caminhada-a-favor-da-liga-portuguesa-contra-o-cancro\/"]}]},{"@type":"ImageObject","inLanguage":"pt-PT","@id":"https:\/\/www.altominho.tv\/site\/2018\/04\/17\/cerveira-participa-em-caminhada-a-favor-da-liga-portuguesa-contra-o-cancro\/#primaryimage","url":"https:\/\/www.altominho.tv\/site\/wp-content\/uploads\/2018\/04\/IMG_3222.jpg","contentUrl":"https:\/\/www.altominho.tv\/site\/wp-content\/uploads\/2018\/04\/IMG_3222.jpg","width":2000,"height":1333},{"@type":"BreadcrumbList","@id":"https:\/\/www.altominho.tv\/site\/2018\/04\/17\/cerveira-participa-em-caminhada-a-favor-da-liga-portuguesa-contra-o-cancro\/#breadcrumb","itemListElement":[{"@type":"ListItem","position":1,"name":"In\u00edcio","item":"https:\/\/www.altominho.tv\/site\/"},{"@type":"ListItem","position":2,"name":"Cerveira participa em caminhada a favor da Liga Portuguesa Contra o Cancro"}]},{"@type":"WebSite","@id":"https:\/\/www.altominho.tv\/site\/#website","url":"https:\/\/www.altominho.tv\/site\/","name":"Altominho.tv","description":"A sua regi\u00e3o \u00e0 dist\u00e2ncia de um clique...","potentialAction":[{"@type":"SearchAction","target":{"@type":"EntryPoint","urlTemplate":"https:\/\/www.altominho.tv\/site\/?s={search_term_string}"},"query-input":{"@type":"PropertyValueSpecification","valueRequired":true,"valueName":"search_term_string"}}],"inLanguage":"pt-PT"},{"@type":"Person","@id":"https:\/\/www.altominho.tv\/site\/#\/schema\/person\/d9be4265364723f14ea8e0d56a1d38cd","name":"Andreia Ferreira","image":{"@type":"ImageObject","inLanguage":"pt-PT","@id":"https:\/\/www.altominho.tv\/site\/wp-content\/uploads\/2021\/01\/AndreiaFerreira-150x150.jpg","url":"https:\/\/www.altominho.tv\/site\/wp-content\/uploads\/2021\/01\/AndreiaFerreira-150x150.jpg","contentUrl":"https:\/\/www.altominho.tv\/site\/wp-content\/uploads\/2021\/01\/AndreiaFerreira-150x150.jpg","caption":"Andreia Ferreira"},"url":"https:\/\/www.altominho.tv\/site\/author\/andreiaferreira\/"}]}},"_links":{"self":[{"href":"https:\/\/www.altominho.tv\/site\/wp-json\/wp\/v2\/posts\/11989","targetHints":{"allow":["GET"]}}],"collection":[{"href":"https:\/\/www.altominho.tv\/site\/wp-json\/wp\/v2\/posts"}],"about":[{"href":"https:\/\/www.altominho.tv\/site\/wp-json\/wp\/v2\/types\/post"}],"author":[{"embeddable":true,"href":"https:\/\/www.altominho.tv\/site\/wp-json\/wp\/v2\/users\/12"}],"replies":[{"embeddable":true,"href":"https:\/\/www.altominho.tv\/site\/wp-json\/wp\/v2\/comments?post=11989"}],"version-history":[{"count":0,"href":"https:\/\/www.altominho.tv\/site\/wp-json\/wp\/v2\/posts\/11989\/revisions"}],"wp:featuredmedia":[{"embeddable":true,"href":"https:\/\/www.altominho.tv\/site\/wp-json\/wp\/v2\/media\/11990"}],"wp:attachment":[{"href":"https:\/\/www.altominho.tv\/site\/wp-json\/wp\/v2\/media?parent=11989"}],"wp:term":[{"taxonomy":"category","embeddable":true,"href":"https:\/\/www.altominho.tv\/site\/wp-json\/wp\/v2\/categories?post=11989"},{"taxonomy":"post_tag","embeddable":true,"href":"https:\/\/www.altominho.tv\/site\/wp-json\/wp\/v2\/tags?post=11989"}],"curies":[{"name":"wp","href":"https:\/\/api.w.org\/{rel}","templated":true}]}}