{"id":119720,"date":"2025-06-18T17:21:48","date_gmt":"2025-06-18T16:21:48","guid":{"rendered":"https:\/\/www.altominho.tv\/site\/?p=119720"},"modified":"2025-06-18T17:21:50","modified_gmt":"2025-06-18T16:21:50","slug":"psp-detem-dois-suspeitos-por-trafico-de-estupefacientes","status":"publish","type":"post","link":"https:\/\/www.altominho.tv\/site\/2025\/06\/18\/psp-detem-dois-suspeitos-por-trafico-de-estupefacientes\/","title":{"rendered":"PSP det\u00e9m dois suspeitos por tr\u00e1fico de estupefacientes"},"content":{"rendered":"<p><span data-contrast=\"auto\">A Pol\u00edcia de Seguran\u00e7a P\u00fablica (PSP) do Comando Distrital de Viana do Castelo deteve hoje um homem de 49 anos e uma mulher de 32 anos, ambos residentes na cidade, por suspeitas de envolvimento em tr\u00e1fico de estupefacientes. A a\u00e7\u00e3o teve lugar na Estrada de Santa Luzia, pelas 10h00, no \u00e2mbito de uma opera\u00e7\u00e3o de preven\u00e7\u00e3o e combate ao tr\u00e1fico de drogas.<\/span><span data-ccp-props=\"{}\">\u00a0<\/span><\/p>\n<p><span data-contrast=\"auto\">Os detidos foram intercetados em posse de coca\u00edna e haxixe, correspondendo a cerca de 23 e 4 doses individuais, respetivamente. Al\u00e9m disso, a PSP apreendeu 130 euros em numer\u00e1rio, dois telem\u00f3veis e outros artigos relacionados com a venda direta de estupefacientes.<\/span><\/p>\n<p><span data-contrast=\"auto\">A opera\u00e7\u00e3o foi conduzida pela Esquadra de Investiga\u00e7\u00e3o Criminal, que intensifica esfor\u00e7os no combate ao tr\u00e1fico de drogas no distrito.\u00a0<\/span><\/p>\n<p><span data-contrast=\"auto\">Os detidos foram presentes esta segunda-feira \u00e0s autoridades judiciais, onde ser\u00e3o sujeitos aos tr\u00e2mites legais para determina\u00e7\u00e3o das medidas de coa\u00e7\u00e3o.\u00a0<\/span><\/p>\n","protected":false},"excerpt":{"rendered":"<p>A Pol\u00edcia de Seguran\u00e7a P\u00fablica (PSP) do Comando Distrital de Viana do Castelo deteve hoje um homem de 49 anos e uma mulher de 32 anos, ambos residentes na cidade, por suspeitas de envolvimento em tr\u00e1fico de estupefacientes. A a\u00e7\u00e3o teve lugar na Estrada de Santa Luzia, pelas 10h00, no \u00e2mbito de uma opera\u00e7\u00e3o de [&hellip;]<\/p>\n","protected":false},"author":1,"featured_media":119721,"comment_status":"closed","ping_status":"closed","sticky":false,"template":"","format":"standard","meta":{"_exactmetrics_skip_tracking":false,"_exactmetrics_sitenote_active":false,"_exactmetrics_sitenote_note":"","_exactmetrics_sitenote_category":0,"footnotes":""},"categories":[14],"tags":[27],"class_list":["post-119720","post","type-post","status-publish","format-standard","has-post-thumbnail","hentry","category-viana-do-castelo","tag-sociedade"],"yoast_head":"<!-- This site is optimized with the Yoast SEO Premium plugin v27.4 (Yoast SEO v27.4) - https:\/\/yoast.com\/product\/yoast-seo-premium-wordpress\/ -->\n<title>PSP det\u00e9m dois suspeitos por tr\u00e1fico de estupefacientes<\/title>\n<meta name=\"description\" content=\"PSP de Viana do Castelo deteve hoje um homem de 49 anos e uma mulher de 32 anos por suspeitas de envolvimento em tr\u00e1fico de estupefacientes.\" \/>\n<meta name=\"robots\" content=\"index, follow, max-snippet:-1, max-image-preview:large, max-video-preview:-1\" \/>\n<link rel=\"canonical\" href=\"https:\/\/www.altominho.tv\/site\/2025\/06\/18\/psp-detem-dois-suspeitos-por-trafico-de-estupefacientes\/\" \/>\n<meta property=\"og:locale\" content=\"pt_PT\" \/>\n<meta property=\"og:type\" content=\"article\" \/>\n<meta property=\"og:title\" content=\"PSP det\u00e9m dois suspeitos por tr\u00e1fico de estupefacientes\" \/>\n<meta property=\"og:description\" content=\"PSP de Viana do Castelo deteve hoje um homem de 49 anos e uma mulher de 32 anos por suspeitas de envolvimento em tr\u00e1fico de estupefacientes.\" \/>\n<meta property=\"og:url\" content=\"https:\/\/www.altominho.tv\/site\/2025\/06\/18\/psp-detem-dois-suspeitos-por-trafico-de-estupefacientes\/\" \/>\n<meta property=\"og:site_name\" content=\"Altominho.tv\" \/>\n<meta property=\"article:publisher\" content=\"https:\/\/www.facebook.com\/altominhotv\" \/>\n<meta property=\"article:published_time\" content=\"2025-06-18T16:21:48+00:00\" \/>\n<meta property=\"article:modified_time\" content=\"2025-06-18T16:21:50+00:00\" \/>\n<meta property=\"og:image\" content=\"https:\/\/www.altominho.tv\/site\/wp-content\/uploads\/2025\/06\/apreensao.jpg\" \/>\n\t<meta property=\"og:image:width\" content=\"1200\" \/>\n\t<meta property=\"og:image:height\" content=\"630\" \/>\n\t<meta property=\"og:image:type\" content=\"image\/jpeg\" \/>\n<meta name=\"author\" content=\"Altominho.tv\" \/>\n<meta name=\"twitter:card\" content=\"summary_large_image\" \/>\n<meta name=\"twitter:creator\" content=\"@altominhoTV\" \/>\n<meta name=\"twitter:site\" content=\"@altominhoTV\" \/>\n<meta name=\"twitter:label1\" content=\"Escrito por\" \/>\n\t<meta name=\"twitter:data1\" content=\"Altominho.tv\" \/>\n\t<meta name=\"twitter:label2\" content=\"Tempo estimado de leitura\" \/>\n\t<meta name=\"twitter:data2\" content=\"1 minuto\" \/>\n<script type=\"application\/ld+json\" class=\"yoast-schema-graph\">{\"@context\":\"https:\\\/\\\/schema.org\",\"@graph\":[{\"@type\":\"Article\",\"@id\":\"https:\\\/\\\/www.altominho.tv\\\/site\\\/2025\\\/06\\\/18\\\/psp-detem-dois-suspeitos-por-trafico-de-estupefacientes\\\/#article\",\"isPartOf\":{\"@id\":\"https:\\\/\\\/www.altominho.tv\\\/site\\\/2025\\\/06\\\/18\\\/psp-detem-dois-suspeitos-por-trafico-de-estupefacientes\\\/\"},\"author\":{\"name\":\"Altominho.tv\",\"@id\":\"https:\\\/\\\/www.altominho.tv\\\/site\\\/#\\\/schema\\\/person\\\/4e536851627d7914baf3dac752b6af22\"},\"headline\":\"PSP det\u00e9m dois suspeitos por tr\u00e1fico de estupefacientes\",\"datePublished\":\"2025-06-18T16:21:48+00:00\",\"dateModified\":\"2025-06-18T16:21:50+00:00\",\"mainEntityOfPage\":{\"@id\":\"https:\\\/\\\/www.altominho.tv\\\/site\\\/2025\\\/06\\\/18\\\/psp-detem-dois-suspeitos-por-trafico-de-estupefacientes\\\/\"},\"wordCount\":169,\"image\":{\"@id\":\"https:\\\/\\\/www.altominho.tv\\\/site\\\/2025\\\/06\\\/18\\\/psp-detem-dois-suspeitos-por-trafico-de-estupefacientes\\\/#primaryimage\"},\"thumbnailUrl\":\"https:\\\/\\\/www.altominho.tv\\\/site\\\/wp-content\\\/uploads\\\/2025\\\/06\\\/apreensao.jpg\",\"keywords\":[\"Sociedade\"],\"articleSection\":[\"Viana do Castelo\"],\"inLanguage\":\"pt-PT\",\"copyrightYear\":\"2025\",\"copyrightHolder\":{\"@id\":\"https:\\\/\\\/www.altominho.tv\\\/site\\\/#organization\"}},{\"@type\":\"WebPage\",\"@id\":\"https:\\\/\\\/www.altominho.tv\\\/site\\\/2025\\\/06\\\/18\\\/psp-detem-dois-suspeitos-por-trafico-de-estupefacientes\\\/\",\"url\":\"https:\\\/\\\/www.altominho.tv\\\/site\\\/2025\\\/06\\\/18\\\/psp-detem-dois-suspeitos-por-trafico-de-estupefacientes\\\/\",\"name\":\"PSP det\u00e9m dois suspeitos por tr\u00e1fico de estupefacientes\",\"isPartOf\":{\"@id\":\"https:\\\/\\\/www.altominho.tv\\\/site\\\/#website\"},\"primaryImageOfPage\":{\"@id\":\"https:\\\/\\\/www.altominho.tv\\\/site\\\/2025\\\/06\\\/18\\\/psp-detem-dois-suspeitos-por-trafico-de-estupefacientes\\\/#primaryimage\"},\"image\":{\"@id\":\"https:\\\/\\\/www.altominho.tv\\\/site\\\/2025\\\/06\\\/18\\\/psp-detem-dois-suspeitos-por-trafico-de-estupefacientes\\\/#primaryimage\"},\"thumbnailUrl\":\"https:\\\/\\\/www.altominho.tv\\\/site\\\/wp-content\\\/uploads\\\/2025\\\/06\\\/apreensao.jpg\",\"datePublished\":\"2025-06-18T16:21:48+00:00\",\"dateModified\":\"2025-06-18T16:21:50+00:00\",\"author\":{\"@id\":\"https:\\\/\\\/www.altominho.tv\\\/site\\\/#\\\/schema\\\/person\\\/4e536851627d7914baf3dac752b6af22\"},\"description\":\"PSP de Viana do Castelo deteve hoje um homem de 49 anos e uma mulher de 32 anos por suspeitas de envolvimento em tr\u00e1fico de estupefacientes.\",\"breadcrumb\":{\"@id\":\"https:\\\/\\\/www.altominho.tv\\\/site\\\/2025\\\/06\\\/18\\\/psp-detem-dois-suspeitos-por-trafico-de-estupefacientes\\\/#breadcrumb\"},\"inLanguage\":\"pt-PT\",\"potentialAction\":[{\"@type\":\"ReadAction\",\"target\":[\"https:\\\/\\\/www.altominho.tv\\\/site\\\/2025\\\/06\\\/18\\\/psp-detem-dois-suspeitos-por-trafico-de-estupefacientes\\\/\"]}]},{\"@type\":\"ImageObject\",\"inLanguage\":\"pt-PT\",\"@id\":\"https:\\\/\\\/www.altominho.tv\\\/site\\\/2025\\\/06\\\/18\\\/psp-detem-dois-suspeitos-por-trafico-de-estupefacientes\\\/#primaryimage\",\"url\":\"https:\\\/\\\/www.altominho.tv\\\/site\\\/wp-content\\\/uploads\\\/2025\\\/06\\\/apreensao.jpg\",\"contentUrl\":\"https:\\\/\\\/www.altominho.tv\\\/site\\\/wp-content\\\/uploads\\\/2025\\\/06\\\/apreensao.jpg\",\"width\":1200,\"height\":630},{\"@type\":\"BreadcrumbList\",\"@id\":\"https:\\\/\\\/www.altominho.tv\\\/site\\\/2025\\\/06\\\/18\\\/psp-detem-dois-suspeitos-por-trafico-de-estupefacientes\\\/#breadcrumb\",\"itemListElement\":[{\"@type\":\"ListItem\",\"position\":1,\"name\":\"In\u00edcio\",\"item\":\"https:\\\/\\\/www.altominho.tv\\\/site\\\/\"},{\"@type\":\"ListItem\",\"position\":2,\"name\":\"PSP det\u00e9m dois suspeitos por tr\u00e1fico de estupefacientes\"}]},{\"@type\":\"WebSite\",\"@id\":\"https:\\\/\\\/www.altominho.tv\\\/site\\\/#website\",\"url\":\"https:\\\/\\\/www.altominho.tv\\\/site\\\/\",\"name\":\"Altominho.tv\",\"description\":\"A sua regi\u00e3o \u00e0 dist\u00e2ncia de um clique...\",\"potentialAction\":[{\"@type\":\"SearchAction\",\"target\":{\"@type\":\"EntryPoint\",\"urlTemplate\":\"https:\\\/\\\/www.altominho.tv\\\/site\\\/?s={search_term_string}\"},\"query-input\":{\"@type\":\"PropertyValueSpecification\",\"valueRequired\":true,\"valueName\":\"search_term_string\"}}],\"inLanguage\":\"pt-PT\"},{\"@type\":\"Person\",\"@id\":\"https:\\\/\\\/www.altominho.tv\\\/site\\\/#\\\/schema\\\/person\\\/4e536851627d7914baf3dac752b6af22\",\"name\":\"Altominho.tv\",\"image\":{\"@type\":\"ImageObject\",\"inLanguage\":\"pt-PT\",\"@id\":\"https:\\\/\\\/www.altominho.tv\\\/site\\\/wp-content\\\/uploads\\\/2019\\\/11\\\/Logo_Avatar_2-150x150.jpg\",\"url\":\"https:\\\/\\\/www.altominho.tv\\\/site\\\/wp-content\\\/uploads\\\/2019\\\/11\\\/Logo_Avatar_2-150x150.jpg\",\"contentUrl\":\"https:\\\/\\\/www.altominho.tv\\\/site\\\/wp-content\\\/uploads\\\/2019\\\/11\\\/Logo_Avatar_2-150x150.jpg\",\"caption\":\"Altominho.tv\"},\"url\":\"https:\\\/\\\/www.altominho.tv\\\/site\\\/author\\\/altominhotv-tecnico\\\/\"}]}<\/script>\n<!-- \/ Yoast SEO Premium plugin. -->","yoast_head_json":{"title":"PSP det\u00e9m dois suspeitos por tr\u00e1fico de estupefacientes","description":"PSP de Viana do Castelo deteve hoje um homem de 49 anos e uma mulher de 32 anos por suspeitas de envolvimento em tr\u00e1fico de estupefacientes.","robots":{"index":"index","follow":"follow","max-snippet":"max-snippet:-1","max-image-preview":"max-image-preview:large","max-video-preview":"max-video-preview:-1"},"canonical":"https:\/\/www.altominho.tv\/site\/2025\/06\/18\/psp-detem-dois-suspeitos-por-trafico-de-estupefacientes\/","og_locale":"pt_PT","og_type":"article","og_title":"PSP det\u00e9m dois suspeitos por tr\u00e1fico de estupefacientes","og_description":"PSP de Viana do Castelo deteve hoje um homem de 49 anos e uma mulher de 32 anos por suspeitas de envolvimento em tr\u00e1fico de estupefacientes.","og_url":"https:\/\/www.altominho.tv\/site\/2025\/06\/18\/psp-detem-dois-suspeitos-por-trafico-de-estupefacientes\/","og_site_name":"Altominho.tv","article_publisher":"https:\/\/www.facebook.com\/altominhotv","article_published_time":"2025-06-18T16:21:48+00:00","article_modified_time":"2025-06-18T16:21:50+00:00","og_image":[{"width":1200,"height":630,"url":"https:\/\/www.altominho.tv\/site\/wp-content\/uploads\/2025\/06\/apreensao.jpg","type":"image\/jpeg"}],"author":"Altominho.tv","twitter_card":"summary_large_image","twitter_creator":"@altominhoTV","twitter_site":"@altominhoTV","twitter_misc":{"Escrito por":"Altominho.tv","Tempo estimado de leitura":"1 minuto"},"schema":{"@context":"https:\/\/schema.org","@graph":[{"@type":"Article","@id":"https:\/\/www.altominho.tv\/site\/2025\/06\/18\/psp-detem-dois-suspeitos-por-trafico-de-estupefacientes\/#article","isPartOf":{"@id":"https:\/\/www.altominho.tv\/site\/2025\/06\/18\/psp-detem-dois-suspeitos-por-trafico-de-estupefacientes\/"},"author":{"name":"Altominho.tv","@id":"https:\/\/www.altominho.tv\/site\/#\/schema\/person\/4e536851627d7914baf3dac752b6af22"},"headline":"PSP det\u00e9m dois suspeitos por tr\u00e1fico de estupefacientes","datePublished":"2025-06-18T16:21:48+00:00","dateModified":"2025-06-18T16:21:50+00:00","mainEntityOfPage":{"@id":"https:\/\/www.altominho.tv\/site\/2025\/06\/18\/psp-detem-dois-suspeitos-por-trafico-de-estupefacientes\/"},"wordCount":169,"image":{"@id":"https:\/\/www.altominho.tv\/site\/2025\/06\/18\/psp-detem-dois-suspeitos-por-trafico-de-estupefacientes\/#primaryimage"},"thumbnailUrl":"https:\/\/www.altominho.tv\/site\/wp-content\/uploads\/2025\/06\/apreensao.jpg","keywords":["Sociedade"],"articleSection":["Viana do Castelo"],"inLanguage":"pt-PT","copyrightYear":"2025","copyrightHolder":{"@id":"https:\/\/www.altominho.tv\/site\/#organization"}},{"@type":"WebPage","@id":"https:\/\/www.altominho.tv\/site\/2025\/06\/18\/psp-detem-dois-suspeitos-por-trafico-de-estupefacientes\/","url":"https:\/\/www.altominho.tv\/site\/2025\/06\/18\/psp-detem-dois-suspeitos-por-trafico-de-estupefacientes\/","name":"PSP det\u00e9m dois suspeitos por tr\u00e1fico de estupefacientes","isPartOf":{"@id":"https:\/\/www.altominho.tv\/site\/#website"},"primaryImageOfPage":{"@id":"https:\/\/www.altominho.tv\/site\/2025\/06\/18\/psp-detem-dois-suspeitos-por-trafico-de-estupefacientes\/#primaryimage"},"image":{"@id":"https:\/\/www.altominho.tv\/site\/2025\/06\/18\/psp-detem-dois-suspeitos-por-trafico-de-estupefacientes\/#primaryimage"},"thumbnailUrl":"https:\/\/www.altominho.tv\/site\/wp-content\/uploads\/2025\/06\/apreensao.jpg","datePublished":"2025-06-18T16:21:48+00:00","dateModified":"2025-06-18T16:21:50+00:00","author":{"@id":"https:\/\/www.altominho.tv\/site\/#\/schema\/person\/4e536851627d7914baf3dac752b6af22"},"description":"PSP de Viana do Castelo deteve hoje um homem de 49 anos e uma mulher de 32 anos por suspeitas de envolvimento em tr\u00e1fico de estupefacientes.","breadcrumb":{"@id":"https:\/\/www.altominho.tv\/site\/2025\/06\/18\/psp-detem-dois-suspeitos-por-trafico-de-estupefacientes\/#breadcrumb"},"inLanguage":"pt-PT","potentialAction":[{"@type":"ReadAction","target":["https:\/\/www.altominho.tv\/site\/2025\/06\/18\/psp-detem-dois-suspeitos-por-trafico-de-estupefacientes\/"]}]},{"@type":"ImageObject","inLanguage":"pt-PT","@id":"https:\/\/www.altominho.tv\/site\/2025\/06\/18\/psp-detem-dois-suspeitos-por-trafico-de-estupefacientes\/#primaryimage","url":"https:\/\/www.altominho.tv\/site\/wp-content\/uploads\/2025\/06\/apreensao.jpg","contentUrl":"https:\/\/www.altominho.tv\/site\/wp-content\/uploads\/2025\/06\/apreensao.jpg","width":1200,"height":630},{"@type":"BreadcrumbList","@id":"https:\/\/www.altominho.tv\/site\/2025\/06\/18\/psp-detem-dois-suspeitos-por-trafico-de-estupefacientes\/#breadcrumb","itemListElement":[{"@type":"ListItem","position":1,"name":"In\u00edcio","item":"https:\/\/www.altominho.tv\/site\/"},{"@type":"ListItem","position":2,"name":"PSP det\u00e9m dois suspeitos por tr\u00e1fico de estupefacientes"}]},{"@type":"WebSite","@id":"https:\/\/www.altominho.tv\/site\/#website","url":"https:\/\/www.altominho.tv\/site\/","name":"Altominho.tv","description":"A sua regi\u00e3o \u00e0 dist\u00e2ncia de um clique...","potentialAction":[{"@type":"SearchAction","target":{"@type":"EntryPoint","urlTemplate":"https:\/\/www.altominho.tv\/site\/?s={search_term_string}"},"query-input":{"@type":"PropertyValueSpecification","valueRequired":true,"valueName":"search_term_string"}}],"inLanguage":"pt-PT"},{"@type":"Person","@id":"https:\/\/www.altominho.tv\/site\/#\/schema\/person\/4e536851627d7914baf3dac752b6af22","name":"Altominho.tv","image":{"@type":"ImageObject","inLanguage":"pt-PT","@id":"https:\/\/www.altominho.tv\/site\/wp-content\/uploads\/2019\/11\/Logo_Avatar_2-150x150.jpg","url":"https:\/\/www.altominho.tv\/site\/wp-content\/uploads\/2019\/11\/Logo_Avatar_2-150x150.jpg","contentUrl":"https:\/\/www.altominho.tv\/site\/wp-content\/uploads\/2019\/11\/Logo_Avatar_2-150x150.jpg","caption":"Altominho.tv"},"url":"https:\/\/www.altominho.tv\/site\/author\/altominhotv-tecnico\/"}]}},"_links":{"self":[{"href":"https:\/\/www.altominho.tv\/site\/wp-json\/wp\/v2\/posts\/119720","targetHints":{"allow":["GET"]}}],"collection":[{"href":"https:\/\/www.altominho.tv\/site\/wp-json\/wp\/v2\/posts"}],"about":[{"href":"https:\/\/www.altominho.tv\/site\/wp-json\/wp\/v2\/types\/post"}],"author":[{"embeddable":true,"href":"https:\/\/www.altominho.tv\/site\/wp-json\/wp\/v2\/users\/1"}],"replies":[{"embeddable":true,"href":"https:\/\/www.altominho.tv\/site\/wp-json\/wp\/v2\/comments?post=119720"}],"version-history":[{"count":1,"href":"https:\/\/www.altominho.tv\/site\/wp-json\/wp\/v2\/posts\/119720\/revisions"}],"predecessor-version":[{"id":119722,"href":"https:\/\/www.altominho.tv\/site\/wp-json\/wp\/v2\/posts\/119720\/revisions\/119722"}],"wp:featuredmedia":[{"embeddable":true,"href":"https:\/\/www.altominho.tv\/site\/wp-json\/wp\/v2\/media\/119721"}],"wp:attachment":[{"href":"https:\/\/www.altominho.tv\/site\/wp-json\/wp\/v2\/media?parent=119720"}],"wp:term":[{"taxonomy":"category","embeddable":true,"href":"https:\/\/www.altominho.tv\/site\/wp-json\/wp\/v2\/categories?post=119720"},{"taxonomy":"post_tag","embeddable":true,"href":"https:\/\/www.altominho.tv\/site\/wp-json\/wp\/v2\/tags?post=119720"}],"curies":[{"name":"wp","href":"https:\/\/api.w.org\/{rel}","templated":true}]}}