{"id":119701,"date":"2025-06-18T14:12:51","date_gmt":"2025-06-18T13:12:51","guid":{"rendered":"https:\/\/www.altominho.tv\/site\/?p=119701"},"modified":"2025-06-18T14:50:47","modified_gmt":"2025-06-18T13:50:47","slug":"aberto-concurso-por-11-me-para-recuperar-igreja-seiscentista-em-viana-do-castelo","status":"publish","type":"post","link":"https:\/\/www.altominho.tv\/site\/2025\/06\/18\/aberto-concurso-por-11-me-para-recuperar-igreja-seiscentista-em-viana-do-castelo\/","title":{"rendered":"Aberto concurso por 1,1 ME para recuperar igreja seiscentista em Viana do Castelo"},"content":{"rendered":"<p>A F\u00e1brica da Igreja Paroquial de Santa Maria Maior de Viana do Castelo abriu concurso p\u00fablico, pelo pre\u00e7o base de 1,1 milh\u00f5es de euros, para recupera\u00e7\u00e3o da igreja de Santo Ant\u00f3nio, em avan\u00e7ado estado de degrada\u00e7\u00e3o.<\/p>\n<p>De acordo com o an\u00fancio publicado em Di\u00e1rio da Rep\u00fablica (DR), a empreitada de valoriza\u00e7\u00e3o, conserva\u00e7\u00e3o e restauro da igreja de Santo Ant\u00f3nio tem um prazo de execu\u00e7\u00e3o 420 dias.<\/p>\n<p>O prazo para apresenta\u00e7\u00e3o das propostas termina \u00e0s 17h00 do dia 11 de julho, sendo que os concorrentes s\u00e3o obrigados a mant\u00ea-las durante 66 dias a contar daquela data.<\/p>\n<p>Em risco de colapso h\u00e1 v\u00e1rios anos, a tamb\u00e9m conhecida como igreja do Convento de Santo Ant\u00f3nio foi constru\u00edda em 1625, sendo considerada um exemplar \u00fanico da \u00e9poca, descrito pelos especialistas como possuindo &#8220;caracter\u00edsticas arquitet\u00f3nicas muito importantes&#8221;, apesar do seu avan\u00e7ado estado de degrada\u00e7\u00e3o.<\/p>\n<p>Por precau\u00e7\u00e3o, o templo, que era propriedade da C\u00e2mara de Viana do Castelo e foi cedido \u00e0 F\u00e1brica da Igreja de Santa Maria Maior, est\u00e1 fechado h\u00e1 mais d\u00e9cada e meia.<\/p>\n<p>Em 2012, um relat\u00f3rio do extinto Instituto de Gest\u00e3o do Patrim\u00f3nio Arquitet\u00f3nico e Arqueol\u00f3gico (IGESPAR) apontava para o risco de &#8220;derrocada&#8221; ao n\u00edvel da parede norte e dos telhados daquele templo. Posteriormente foram realizadas interven\u00e7\u00f5es para evitar o colapso.<\/p>\n<p>Em 2013, a Dire\u00e7\u00e3o-Geral do Patrim\u00f3nio Cultural iniciou o processo de classifica\u00e7\u00e3o do templo.<\/p>\n<p>Fotografia: <strong>Olhar Viana do Castelo<\/strong><\/p>\n","protected":false},"excerpt":{"rendered":"<p>A F\u00e1brica da Igreja Paroquial de Santa Maria Maior de Viana do Castelo abriu concurso p\u00fablico, pelo pre\u00e7o base de 1,1 milh\u00f5es de euros, para recupera\u00e7\u00e3o da igreja de Santo Ant\u00f3nio, em avan\u00e7ado estado de degrada\u00e7\u00e3o. De acordo com o an\u00fancio publicado em Di\u00e1rio da Rep\u00fablica (DR), a empreitada de valoriza\u00e7\u00e3o, conserva\u00e7\u00e3o e restauro da [&hellip;]<\/p>\n","protected":false},"author":13,"featured_media":119702,"comment_status":"closed","ping_status":"closed","sticky":false,"template":"","format":"standard","meta":{"_exactmetrics_skip_tracking":false,"_exactmetrics_sitenote_active":false,"_exactmetrics_sitenote_note":"","_exactmetrics_sitenote_category":0,"footnotes":""},"categories":[14],"tags":[19],"class_list":["post-119701","post","type-post","status-publish","format-standard","has-post-thumbnail","hentry","category-viana-do-castelo","tag-cultura"],"yoast_head":"<!-- This site is optimized with the Yoast SEO Premium plugin v27.4 (Yoast SEO v27.4) - https:\/\/yoast.com\/product\/yoast-seo-premium-wordpress\/ -->\n<title>Aberto concurso por 1,1 ME para recuperar igreja seiscentista em Viana do Castelo<\/title>\n<meta name=\"description\" content=\"A F\u00e1brica da Igreja Paroquial de Santa Maria Maior de Viana do Castelo abriu concurso p\u00fablico para recupera\u00e7\u00e3o da igreja de Santo Ant\u00f3nio\" \/>\n<meta name=\"robots\" content=\"index, follow, max-snippet:-1, max-image-preview:large, max-video-preview:-1\" \/>\n<link rel=\"canonical\" href=\"https:\/\/www.altominho.tv\/site\/2025\/06\/18\/aberto-concurso-por-11-me-para-recuperar-igreja-seiscentista-em-viana-do-castelo\/\" \/>\n<meta property=\"og:locale\" content=\"pt_PT\" \/>\n<meta property=\"og:type\" content=\"article\" \/>\n<meta property=\"og:title\" content=\"Aberto concurso por 1,1 ME para recuperar igreja seiscentista em Viana do Castelo\" \/>\n<meta property=\"og:description\" content=\"A F\u00e1brica da Igreja Paroquial de Santa Maria Maior de Viana do Castelo abriu concurso p\u00fablico para recupera\u00e7\u00e3o da igreja de Santo Ant\u00f3nio\" \/>\n<meta property=\"og:url\" content=\"https:\/\/www.altominho.tv\/site\/2025\/06\/18\/aberto-concurso-por-11-me-para-recuperar-igreja-seiscentista-em-viana-do-castelo\/\" \/>\n<meta property=\"og:site_name\" content=\"Altominho.tv\" \/>\n<meta property=\"article:publisher\" content=\"https:\/\/www.facebook.com\/altominhotv\" \/>\n<meta property=\"article:published_time\" content=\"2025-06-18T13:12:51+00:00\" \/>\n<meta property=\"article:modified_time\" content=\"2025-06-18T13:50:47+00:00\" \/>\n<meta property=\"og:image\" content=\"https:\/\/www.altominho.tv\/site\/wp-content\/uploads\/2025\/06\/Igreja-Santo-Antonio.jpg\" \/>\n\t<meta property=\"og:image:width\" content=\"1200\" \/>\n\t<meta property=\"og:image:height\" content=\"630\" \/>\n\t<meta property=\"og:image:type\" content=\"image\/jpeg\" \/>\n<meta name=\"author\" content=\"Lusa\" \/>\n<meta name=\"twitter:card\" content=\"summary_large_image\" \/>\n<meta name=\"twitter:creator\" content=\"@altominhoTV\" \/>\n<meta name=\"twitter:site\" content=\"@altominhoTV\" \/>\n<meta name=\"twitter:label1\" content=\"Escrito por\" \/>\n\t<meta name=\"twitter:data1\" content=\"Lusa\" \/>\n\t<meta name=\"twitter:label2\" content=\"Tempo estimado de leitura\" \/>\n\t<meta name=\"twitter:data2\" content=\"2 minutos\" \/>\n<script type=\"application\/ld+json\" class=\"yoast-schema-graph\">{\"@context\":\"https:\\\/\\\/schema.org\",\"@graph\":[{\"@type\":\"Article\",\"@id\":\"https:\\\/\\\/www.altominho.tv\\\/site\\\/2025\\\/06\\\/18\\\/aberto-concurso-por-11-me-para-recuperar-igreja-seiscentista-em-viana-do-castelo\\\/#article\",\"isPartOf\":{\"@id\":\"https:\\\/\\\/www.altominho.tv\\\/site\\\/2025\\\/06\\\/18\\\/aberto-concurso-por-11-me-para-recuperar-igreja-seiscentista-em-viana-do-castelo\\\/\"},\"author\":{\"name\":\"Lusa\",\"@id\":\"https:\\\/\\\/www.altominho.tv\\\/site\\\/#\\\/schema\\\/person\\\/63f693da3e1899361cbe955c46f3232e\"},\"headline\":\"Aberto concurso por 1,1 ME para recuperar igreja seiscentista em Viana do Castelo\",\"datePublished\":\"2025-06-18T13:12:51+00:00\",\"dateModified\":\"2025-06-18T13:50:47+00:00\",\"mainEntityOfPage\":{\"@id\":\"https:\\\/\\\/www.altominho.tv\\\/site\\\/2025\\\/06\\\/18\\\/aberto-concurso-por-11-me-para-recuperar-igreja-seiscentista-em-viana-do-castelo\\\/\"},\"wordCount\":272,\"image\":{\"@id\":\"https:\\\/\\\/www.altominho.tv\\\/site\\\/2025\\\/06\\\/18\\\/aberto-concurso-por-11-me-para-recuperar-igreja-seiscentista-em-viana-do-castelo\\\/#primaryimage\"},\"thumbnailUrl\":\"https:\\\/\\\/www.altominho.tv\\\/site\\\/wp-content\\\/uploads\\\/2025\\\/06\\\/Igreja-Santo-Antonio.jpg\",\"keywords\":[\"Cultura\"],\"articleSection\":[\"Viana do Castelo\"],\"inLanguage\":\"pt-PT\",\"copyrightYear\":\"2025\",\"copyrightHolder\":{\"@id\":\"https:\\\/\\\/www.altominho.tv\\\/site\\\/#organization\"}},{\"@type\":\"WebPage\",\"@id\":\"https:\\\/\\\/www.altominho.tv\\\/site\\\/2025\\\/06\\\/18\\\/aberto-concurso-por-11-me-para-recuperar-igreja-seiscentista-em-viana-do-castelo\\\/\",\"url\":\"https:\\\/\\\/www.altominho.tv\\\/site\\\/2025\\\/06\\\/18\\\/aberto-concurso-por-11-me-para-recuperar-igreja-seiscentista-em-viana-do-castelo\\\/\",\"name\":\"Aberto concurso por 1,1 ME para recuperar igreja seiscentista em Viana do Castelo\",\"isPartOf\":{\"@id\":\"https:\\\/\\\/www.altominho.tv\\\/site\\\/#website\"},\"primaryImageOfPage\":{\"@id\":\"https:\\\/\\\/www.altominho.tv\\\/site\\\/2025\\\/06\\\/18\\\/aberto-concurso-por-11-me-para-recuperar-igreja-seiscentista-em-viana-do-castelo\\\/#primaryimage\"},\"image\":{\"@id\":\"https:\\\/\\\/www.altominho.tv\\\/site\\\/2025\\\/06\\\/18\\\/aberto-concurso-por-11-me-para-recuperar-igreja-seiscentista-em-viana-do-castelo\\\/#primaryimage\"},\"thumbnailUrl\":\"https:\\\/\\\/www.altominho.tv\\\/site\\\/wp-content\\\/uploads\\\/2025\\\/06\\\/Igreja-Santo-Antonio.jpg\",\"datePublished\":\"2025-06-18T13:12:51+00:00\",\"dateModified\":\"2025-06-18T13:50:47+00:00\",\"author\":{\"@id\":\"https:\\\/\\\/www.altominho.tv\\\/site\\\/#\\\/schema\\\/person\\\/63f693da3e1899361cbe955c46f3232e\"},\"description\":\"A F\u00e1brica da Igreja Paroquial de Santa Maria Maior de Viana do Castelo abriu concurso p\u00fablico para recupera\u00e7\u00e3o da igreja de Santo Ant\u00f3nio\",\"breadcrumb\":{\"@id\":\"https:\\\/\\\/www.altominho.tv\\\/site\\\/2025\\\/06\\\/18\\\/aberto-concurso-por-11-me-para-recuperar-igreja-seiscentista-em-viana-do-castelo\\\/#breadcrumb\"},\"inLanguage\":\"pt-PT\",\"potentialAction\":[{\"@type\":\"ReadAction\",\"target\":[\"https:\\\/\\\/www.altominho.tv\\\/site\\\/2025\\\/06\\\/18\\\/aberto-concurso-por-11-me-para-recuperar-igreja-seiscentista-em-viana-do-castelo\\\/\"]}]},{\"@type\":\"ImageObject\",\"inLanguage\":\"pt-PT\",\"@id\":\"https:\\\/\\\/www.altominho.tv\\\/site\\\/2025\\\/06\\\/18\\\/aberto-concurso-por-11-me-para-recuperar-igreja-seiscentista-em-viana-do-castelo\\\/#primaryimage\",\"url\":\"https:\\\/\\\/www.altominho.tv\\\/site\\\/wp-content\\\/uploads\\\/2025\\\/06\\\/Igreja-Santo-Antonio.jpg\",\"contentUrl\":\"https:\\\/\\\/www.altominho.tv\\\/site\\\/wp-content\\\/uploads\\\/2025\\\/06\\\/Igreja-Santo-Antonio.jpg\",\"width\":1200,\"height\":630,\"caption\":\"DR\"},{\"@type\":\"BreadcrumbList\",\"@id\":\"https:\\\/\\\/www.altominho.tv\\\/site\\\/2025\\\/06\\\/18\\\/aberto-concurso-por-11-me-para-recuperar-igreja-seiscentista-em-viana-do-castelo\\\/#breadcrumb\",\"itemListElement\":[{\"@type\":\"ListItem\",\"position\":1,\"name\":\"In\u00edcio\",\"item\":\"https:\\\/\\\/www.altominho.tv\\\/site\\\/\"},{\"@type\":\"ListItem\",\"position\":2,\"name\":\"Aberto concurso por 1,1 ME para recuperar igreja seiscentista em Viana do Castelo\"}]},{\"@type\":\"WebSite\",\"@id\":\"https:\\\/\\\/www.altominho.tv\\\/site\\\/#website\",\"url\":\"https:\\\/\\\/www.altominho.tv\\\/site\\\/\",\"name\":\"Altominho.tv\",\"description\":\"A sua regi\u00e3o \u00e0 dist\u00e2ncia de um clique...\",\"potentialAction\":[{\"@type\":\"SearchAction\",\"target\":{\"@type\":\"EntryPoint\",\"urlTemplate\":\"https:\\\/\\\/www.altominho.tv\\\/site\\\/?s={search_term_string}\"},\"query-input\":{\"@type\":\"PropertyValueSpecification\",\"valueRequired\":true,\"valueName\":\"search_term_string\"}}],\"inLanguage\":\"pt-PT\"},{\"@type\":\"Person\",\"@id\":\"https:\\\/\\\/www.altominho.tv\\\/site\\\/#\\\/schema\\\/person\\\/63f693da3e1899361cbe955c46f3232e\",\"name\":\"Lusa\",\"image\":{\"@type\":\"ImageObject\",\"inLanguage\":\"pt-PT\",\"@id\":\"https:\\\/\\\/www.altominho.tv\\\/site\\\/wp-content\\\/uploads\\\/2019\\\/08\\\/LUSA_Logo.gif\",\"url\":\"https:\\\/\\\/www.altominho.tv\\\/site\\\/wp-content\\\/uploads\\\/2019\\\/08\\\/LUSA_Logo.gif\",\"contentUrl\":\"https:\\\/\\\/www.altominho.tv\\\/site\\\/wp-content\\\/uploads\\\/2019\\\/08\\\/LUSA_Logo.gif\",\"caption\":\"Lusa\"},\"sameAs\":[\"http:\\\/\\\/\\\/\\\/www.altominho.tv\\\/site\"],\"url\":\"https:\\\/\\\/www.altominho.tv\\\/site\\\/author\\\/lusa\\\/\"}]}<\/script>\n<!-- \/ Yoast SEO Premium plugin. -->","yoast_head_json":{"title":"Aberto concurso por 1,1 ME para recuperar igreja seiscentista em Viana do Castelo","description":"A F\u00e1brica da Igreja Paroquial de Santa Maria Maior de Viana do Castelo abriu concurso p\u00fablico para recupera\u00e7\u00e3o da igreja de Santo Ant\u00f3nio","robots":{"index":"index","follow":"follow","max-snippet":"max-snippet:-1","max-image-preview":"max-image-preview:large","max-video-preview":"max-video-preview:-1"},"canonical":"https:\/\/www.altominho.tv\/site\/2025\/06\/18\/aberto-concurso-por-11-me-para-recuperar-igreja-seiscentista-em-viana-do-castelo\/","og_locale":"pt_PT","og_type":"article","og_title":"Aberto concurso por 1,1 ME para recuperar igreja seiscentista em Viana do Castelo","og_description":"A F\u00e1brica da Igreja Paroquial de Santa Maria Maior de Viana do Castelo abriu concurso p\u00fablico para recupera\u00e7\u00e3o da igreja de Santo Ant\u00f3nio","og_url":"https:\/\/www.altominho.tv\/site\/2025\/06\/18\/aberto-concurso-por-11-me-para-recuperar-igreja-seiscentista-em-viana-do-castelo\/","og_site_name":"Altominho.tv","article_publisher":"https:\/\/www.facebook.com\/altominhotv","article_published_time":"2025-06-18T13:12:51+00:00","article_modified_time":"2025-06-18T13:50:47+00:00","og_image":[{"width":1200,"height":630,"url":"https:\/\/www.altominho.tv\/site\/wp-content\/uploads\/2025\/06\/Igreja-Santo-Antonio.jpg","type":"image\/jpeg"}],"author":"Lusa","twitter_card":"summary_large_image","twitter_creator":"@altominhoTV","twitter_site":"@altominhoTV","twitter_misc":{"Escrito por":"Lusa","Tempo estimado de leitura":"2 minutos"},"schema":{"@context":"https:\/\/schema.org","@graph":[{"@type":"Article","@id":"https:\/\/www.altominho.tv\/site\/2025\/06\/18\/aberto-concurso-por-11-me-para-recuperar-igreja-seiscentista-em-viana-do-castelo\/#article","isPartOf":{"@id":"https:\/\/www.altominho.tv\/site\/2025\/06\/18\/aberto-concurso-por-11-me-para-recuperar-igreja-seiscentista-em-viana-do-castelo\/"},"author":{"name":"Lusa","@id":"https:\/\/www.altominho.tv\/site\/#\/schema\/person\/63f693da3e1899361cbe955c46f3232e"},"headline":"Aberto concurso por 1,1 ME para recuperar igreja seiscentista em Viana do Castelo","datePublished":"2025-06-18T13:12:51+00:00","dateModified":"2025-06-18T13:50:47+00:00","mainEntityOfPage":{"@id":"https:\/\/www.altominho.tv\/site\/2025\/06\/18\/aberto-concurso-por-11-me-para-recuperar-igreja-seiscentista-em-viana-do-castelo\/"},"wordCount":272,"image":{"@id":"https:\/\/www.altominho.tv\/site\/2025\/06\/18\/aberto-concurso-por-11-me-para-recuperar-igreja-seiscentista-em-viana-do-castelo\/#primaryimage"},"thumbnailUrl":"https:\/\/www.altominho.tv\/site\/wp-content\/uploads\/2025\/06\/Igreja-Santo-Antonio.jpg","keywords":["Cultura"],"articleSection":["Viana do Castelo"],"inLanguage":"pt-PT","copyrightYear":"2025","copyrightHolder":{"@id":"https:\/\/www.altominho.tv\/site\/#organization"}},{"@type":"WebPage","@id":"https:\/\/www.altominho.tv\/site\/2025\/06\/18\/aberto-concurso-por-11-me-para-recuperar-igreja-seiscentista-em-viana-do-castelo\/","url":"https:\/\/www.altominho.tv\/site\/2025\/06\/18\/aberto-concurso-por-11-me-para-recuperar-igreja-seiscentista-em-viana-do-castelo\/","name":"Aberto concurso por 1,1 ME para recuperar igreja seiscentista em Viana do Castelo","isPartOf":{"@id":"https:\/\/www.altominho.tv\/site\/#website"},"primaryImageOfPage":{"@id":"https:\/\/www.altominho.tv\/site\/2025\/06\/18\/aberto-concurso-por-11-me-para-recuperar-igreja-seiscentista-em-viana-do-castelo\/#primaryimage"},"image":{"@id":"https:\/\/www.altominho.tv\/site\/2025\/06\/18\/aberto-concurso-por-11-me-para-recuperar-igreja-seiscentista-em-viana-do-castelo\/#primaryimage"},"thumbnailUrl":"https:\/\/www.altominho.tv\/site\/wp-content\/uploads\/2025\/06\/Igreja-Santo-Antonio.jpg","datePublished":"2025-06-18T13:12:51+00:00","dateModified":"2025-06-18T13:50:47+00:00","author":{"@id":"https:\/\/www.altominho.tv\/site\/#\/schema\/person\/63f693da3e1899361cbe955c46f3232e"},"description":"A F\u00e1brica da Igreja Paroquial de Santa Maria Maior de Viana do Castelo abriu concurso p\u00fablico para recupera\u00e7\u00e3o da igreja de Santo Ant\u00f3nio","breadcrumb":{"@id":"https:\/\/www.altominho.tv\/site\/2025\/06\/18\/aberto-concurso-por-11-me-para-recuperar-igreja-seiscentista-em-viana-do-castelo\/#breadcrumb"},"inLanguage":"pt-PT","potentialAction":[{"@type":"ReadAction","target":["https:\/\/www.altominho.tv\/site\/2025\/06\/18\/aberto-concurso-por-11-me-para-recuperar-igreja-seiscentista-em-viana-do-castelo\/"]}]},{"@type":"ImageObject","inLanguage":"pt-PT","@id":"https:\/\/www.altominho.tv\/site\/2025\/06\/18\/aberto-concurso-por-11-me-para-recuperar-igreja-seiscentista-em-viana-do-castelo\/#primaryimage","url":"https:\/\/www.altominho.tv\/site\/wp-content\/uploads\/2025\/06\/Igreja-Santo-Antonio.jpg","contentUrl":"https:\/\/www.altominho.tv\/site\/wp-content\/uploads\/2025\/06\/Igreja-Santo-Antonio.jpg","width":1200,"height":630,"caption":"DR"},{"@type":"BreadcrumbList","@id":"https:\/\/www.altominho.tv\/site\/2025\/06\/18\/aberto-concurso-por-11-me-para-recuperar-igreja-seiscentista-em-viana-do-castelo\/#breadcrumb","itemListElement":[{"@type":"ListItem","position":1,"name":"In\u00edcio","item":"https:\/\/www.altominho.tv\/site\/"},{"@type":"ListItem","position":2,"name":"Aberto concurso por 1,1 ME para recuperar igreja seiscentista em Viana do Castelo"}]},{"@type":"WebSite","@id":"https:\/\/www.altominho.tv\/site\/#website","url":"https:\/\/www.altominho.tv\/site\/","name":"Altominho.tv","description":"A sua regi\u00e3o \u00e0 dist\u00e2ncia de um clique...","potentialAction":[{"@type":"SearchAction","target":{"@type":"EntryPoint","urlTemplate":"https:\/\/www.altominho.tv\/site\/?s={search_term_string}"},"query-input":{"@type":"PropertyValueSpecification","valueRequired":true,"valueName":"search_term_string"}}],"inLanguage":"pt-PT"},{"@type":"Person","@id":"https:\/\/www.altominho.tv\/site\/#\/schema\/person\/63f693da3e1899361cbe955c46f3232e","name":"Lusa","image":{"@type":"ImageObject","inLanguage":"pt-PT","@id":"https:\/\/www.altominho.tv\/site\/wp-content\/uploads\/2019\/08\/LUSA_Logo.gif","url":"https:\/\/www.altominho.tv\/site\/wp-content\/uploads\/2019\/08\/LUSA_Logo.gif","contentUrl":"https:\/\/www.altominho.tv\/site\/wp-content\/uploads\/2019\/08\/LUSA_Logo.gif","caption":"Lusa"},"sameAs":["http:\/\/\/\/www.altominho.tv\/site"],"url":"https:\/\/www.altominho.tv\/site\/author\/lusa\/"}]}},"_links":{"self":[{"href":"https:\/\/www.altominho.tv\/site\/wp-json\/wp\/v2\/posts\/119701","targetHints":{"allow":["GET"]}}],"collection":[{"href":"https:\/\/www.altominho.tv\/site\/wp-json\/wp\/v2\/posts"}],"about":[{"href":"https:\/\/www.altominho.tv\/site\/wp-json\/wp\/v2\/types\/post"}],"author":[{"embeddable":true,"href":"https:\/\/www.altominho.tv\/site\/wp-json\/wp\/v2\/users\/13"}],"replies":[{"embeddable":true,"href":"https:\/\/www.altominho.tv\/site\/wp-json\/wp\/v2\/comments?post=119701"}],"version-history":[{"count":1,"href":"https:\/\/www.altominho.tv\/site\/wp-json\/wp\/v2\/posts\/119701\/revisions"}],"predecessor-version":[{"id":119703,"href":"https:\/\/www.altominho.tv\/site\/wp-json\/wp\/v2\/posts\/119701\/revisions\/119703"}],"wp:featuredmedia":[{"embeddable":true,"href":"https:\/\/www.altominho.tv\/site\/wp-json\/wp\/v2\/media\/119702"}],"wp:attachment":[{"href":"https:\/\/www.altominho.tv\/site\/wp-json\/wp\/v2\/media?parent=119701"}],"wp:term":[{"taxonomy":"category","embeddable":true,"href":"https:\/\/www.altominho.tv\/site\/wp-json\/wp\/v2\/categories?post=119701"},{"taxonomy":"post_tag","embeddable":true,"href":"https:\/\/www.altominho.tv\/site\/wp-json\/wp\/v2\/tags?post=119701"}],"curies":[{"name":"wp","href":"https:\/\/api.w.org\/{rel}","templated":true}]}}