{"id":119668,"date":"2025-06-16T17:31:46","date_gmt":"2025-06-16T16:31:46","guid":{"rendered":"https:\/\/www.altominho.tv\/site\/?p=119668"},"modified":"2025-06-16T17:31:48","modified_gmt":"2025-06-16T16:31:48","slug":"revisao-do-pdm-de-viana-do-castelo-concluida-no-primeiro-semestre-de-2026","status":"publish","type":"post","link":"https:\/\/www.altominho.tv\/site\/2025\/06\/16\/revisao-do-pdm-de-viana-do-castelo-concluida-no-primeiro-semestre-de-2026\/","title":{"rendered":"Revis\u00e3o do PDM de Viana do Castelo conclu\u00edda no primeiro semestre de 2026"},"content":{"rendered":"<p>O presidente da C\u00e2mara de Viana do Castelo, Lu\u00eds Nobre apontou hoje a conclus\u00e3o da revis\u00e3o do Plano Diretor Municipal (PDM), iniciada em 2019, para o primeiro semestre do pr\u00f3ximo ano.<\/p>\n<p>\u201cO compromisso p\u00fablico que assumi hoje e, do que depender de mim, era concluir esse processo [a revis\u00e3o do PDM, datado de 1991], no limite, no final do primeiro semestre do pr\u00f3ximo ano\u201d, afirmou o autarca socialista.<\/p>\n<p>O \u201cprimeiro passo\u201d para a revis\u00e3o do PDM foi dado em junho de 2019, com a aprova\u00e7\u00e3o, ainda durante o \u00faltimo mandato do antigo presidente da C\u00e2mara, Jos\u00e9 Maria Costa, do Relat\u00f3rio Sobre o Estado de Ordenamento do Territ\u00f3rio (REOT).<\/p>\n<p>Hoje, em declara\u00e7\u00f5es aos jornalistas no final da reuni\u00e3o ordin\u00e1ria do executivo municipal, o socialista Lu\u00eds Nobre adiantou que a autarquia pretender concluir a sua proposta \u201cat\u00e9 final de agosto\u201d para ser submetida \u00e0 aprecia\u00e7\u00e3o das entidades competentes.<\/p>\n<p>\u201cTalvez ainda este ano, possa ir para consulta p\u00fablica. Depende tamb\u00e9m do momento aut\u00e1rquico que \u00e9 conhecido por todos\u201d, acrescentou.<\/p>\n<p>Lu\u00eds Nobre referiu que o processo foi mais \u201cmoroso\u201d na \u00e1rea ambiental \u201cpor ser o espa\u00e7o mais sens\u00edvel de cada territ\u00f3rio, que necessita de mais di\u00e1logo, concerta\u00e7\u00e3o e mais matura\u00e7\u00e3o para estabilizar as propostas\u201d.<\/p>\n<p>O autarca anunciou a data de conclus\u00e3o da revis\u00e3o do PDM na sequ\u00eancia de uma interpela\u00e7\u00e3o do vereador do PSD, Paulo Vale, no per\u00edodo antes da ordem do dia da reuni\u00e3o camar\u00e1ria sobre o investimento anunciado em dezembro de 2022, no valor de 200 milh\u00f5es de euros da multinacional Nordex numa f\u00e1brica de aerogeradores, prevendo-se a cria\u00e7\u00e3o de dois mil postos de trabalho.<\/p>\n<p>Em junho de 2023, a autarquia aprovou, por maioria, a suspens\u00e3o parcial do PDM, numa \u00e1rea de 25 hectares, situada na freguesia de Vila Nova de Anha, para a constru\u00e7\u00e3o da nova f\u00e1brica.<\/p>\n<p>A suspens\u00e3o para \u201caquela unidade em concreto tem validade de dois anos\u201d que se cumprem este ano, \u201cmas a decis\u00e3o \u00e9 v\u00e1lida por quatro anos\u201d, ou seja, at\u00e9 2027.<\/p>\n<p>\u201cO investidor n\u00e3o interrompeu em definitivo, mas interrompeu, neste momento, o investimento. Devido \u00e0 conjuntura internacional, a din\u00e2mica associada \u00e0s energias renov\u00e1veis desacelerou e, os investimentos de amplitude internacional desaceleraram tamb\u00e9m\u201d, explicou.<\/p>\n<p>Lu\u00eds Nobre admitiu que a suspens\u00e3o do PDM para aquele projeto \u201ccriou uma dificuldade\u201d por n\u00e3o permitir a instala\u00e7\u00e3o de outro investimento sen\u00e3o aquele.<\/p>\n<p>Por esse facto tem \u201cinsistido\u201d na conclus\u00e3o da revis\u00e3o do PDM em que \u201caquele espa\u00e7o est\u00e1 zonado para atividades econ\u00f3micas pela proximidade, nomeadamente ao porto de mar\u201d.<\/p>\n<p>\u201cIndependentemente do investimento [da Nordex] a proposta de revis\u00e3o do PDM prev\u00ea que aquele espa\u00e7o seja zonado como atividade econ\u00f3mica ou industrial. H\u00e1 necessidade de delimitarmos novos espa\u00e7os para esses setores. Aquele espa\u00e7o n\u00e3o foi escolhido \u00e0 medida foi a consequ\u00eancia de uma estrat\u00e9gia do munic\u00edpio\u201d, afirmou.<\/p>\n<p>O autarca socialista acrescentou que o munic\u00edpio \u201cest\u00e1 a trabalhar para receber novos investimentos\u201d, escusando-se a adiantar mais pormenores.<\/p>\n<p>\u201cFelizmente temos inten\u00e7\u00f5es, temos propostas de instala\u00e7\u00e3o de outros projetos industriais e empresariais no concelho e estamos a trabalhar no sentido de os garantir\u201d, adiantou.<\/p>\n","protected":false},"excerpt":{"rendered":"<p>O presidente da C\u00e2mara de Viana do Castelo, Lu\u00eds Nobre apontou hoje a conclus\u00e3o da revis\u00e3o do Plano Diretor Municipal (PDM), iniciada em 2019, para o primeiro semestre do pr\u00f3ximo ano. \u201cO compromisso p\u00fablico que assumi hoje e, do que depender de mim, era concluir esse processo [a revis\u00e3o do PDM, datado de 1991], no [&hellip;]<\/p>\n","protected":false},"author":13,"featured_media":116083,"comment_status":"closed","ping_status":"closed","sticky":false,"template":"","format":"standard","meta":{"_exactmetrics_skip_tracking":false,"_exactmetrics_sitenote_active":false,"_exactmetrics_sitenote_note":"","_exactmetrics_sitenote_category":0,"footnotes":""},"categories":[14],"tags":[27],"class_list":["post-119668","post","type-post","status-publish","format-standard","has-post-thumbnail","hentry","category-viana-do-castelo","tag-sociedade"],"yoast_head":"<!-- This site is optimized with the Yoast SEO Premium plugin v27.4 (Yoast SEO v27.4) - https:\/\/yoast.com\/product\/yoast-seo-premium-wordpress\/ -->\n<title>Revis\u00e3o do PDM de Viana do Castelo conclu\u00edda no primeiro semestre de 2026<\/title>\n<meta name=\"description\" content=\"O presidente da C\u00e2mara de Viana do Castelo, Lu\u00eds Nobre apontou hoje a conclus\u00e3o da revis\u00e3o do Plano Diretor Municipal (PDM), iniciada em 2019, para o primeiro semestre do pr\u00f3ximo ano.\" \/>\n<meta name=\"robots\" content=\"index, follow, max-snippet:-1, max-image-preview:large, max-video-preview:-1\" \/>\n<link rel=\"canonical\" href=\"https:\/\/www.altominho.tv\/site\/2025\/06\/16\/revisao-do-pdm-de-viana-do-castelo-concluida-no-primeiro-semestre-de-2026\/\" \/>\n<meta property=\"og:locale\" content=\"pt_PT\" \/>\n<meta property=\"og:type\" content=\"article\" \/>\n<meta property=\"og:title\" content=\"Revis\u00e3o do PDM de Viana do Castelo conclu\u00edda no primeiro semestre de 2026\" \/>\n<meta property=\"og:description\" content=\"O presidente da C\u00e2mara de Viana do Castelo, Lu\u00eds Nobre apontou hoje a conclus\u00e3o da revis\u00e3o do Plano Diretor Municipal (PDM), iniciada em 2019, para o primeiro semestre do pr\u00f3ximo ano.\" \/>\n<meta property=\"og:url\" content=\"https:\/\/www.altominho.tv\/site\/2025\/06\/16\/revisao-do-pdm-de-viana-do-castelo-concluida-no-primeiro-semestre-de-2026\/\" \/>\n<meta property=\"og:site_name\" content=\"Altominho.tv\" \/>\n<meta property=\"article:publisher\" content=\"https:\/\/www.facebook.com\/altominhotv\" \/>\n<meta property=\"article:published_time\" content=\"2025-06-16T16:31:46+00:00\" \/>\n<meta property=\"article:modified_time\" content=\"2025-06-16T16:31:48+00:00\" \/>\n<meta property=\"og:image\" content=\"https:\/\/www.altominho.tv\/site\/wp-content\/uploads\/2025\/03\/viana.jpg\" \/>\n\t<meta property=\"og:image:width\" content=\"1200\" \/>\n\t<meta property=\"og:image:height\" content=\"630\" \/>\n\t<meta property=\"og:image:type\" content=\"image\/jpeg\" \/>\n<meta name=\"author\" content=\"Lusa\" \/>\n<meta name=\"twitter:card\" content=\"summary_large_image\" \/>\n<meta name=\"twitter:creator\" content=\"@altominhoTV\" \/>\n<meta name=\"twitter:site\" content=\"@altominhoTV\" \/>\n<meta name=\"twitter:label1\" content=\"Escrito por\" \/>\n\t<meta name=\"twitter:data1\" content=\"Lusa\" \/>\n\t<meta name=\"twitter:label2\" content=\"Tempo estimado de leitura\" \/>\n\t<meta name=\"twitter:data2\" content=\"3 minutos\" \/>\n<script type=\"application\/ld+json\" class=\"yoast-schema-graph\">{\"@context\":\"https:\\\/\\\/schema.org\",\"@graph\":[{\"@type\":\"Article\",\"@id\":\"https:\\\/\\\/www.altominho.tv\\\/site\\\/2025\\\/06\\\/16\\\/revisao-do-pdm-de-viana-do-castelo-concluida-no-primeiro-semestre-de-2026\\\/#article\",\"isPartOf\":{\"@id\":\"https:\\\/\\\/www.altominho.tv\\\/site\\\/2025\\\/06\\\/16\\\/revisao-do-pdm-de-viana-do-castelo-concluida-no-primeiro-semestre-de-2026\\\/\"},\"author\":{\"name\":\"Lusa\",\"@id\":\"https:\\\/\\\/www.altominho.tv\\\/site\\\/#\\\/schema\\\/person\\\/63f693da3e1899361cbe955c46f3232e\"},\"headline\":\"Revis\u00e3o do PDM de Viana do Castelo conclu\u00edda no primeiro semestre de 2026\",\"datePublished\":\"2025-06-16T16:31:46+00:00\",\"dateModified\":\"2025-06-16T16:31:48+00:00\",\"mainEntityOfPage\":{\"@id\":\"https:\\\/\\\/www.altominho.tv\\\/site\\\/2025\\\/06\\\/16\\\/revisao-do-pdm-de-viana-do-castelo-concluida-no-primeiro-semestre-de-2026\\\/\"},\"wordCount\":569,\"image\":{\"@id\":\"https:\\\/\\\/www.altominho.tv\\\/site\\\/2025\\\/06\\\/16\\\/revisao-do-pdm-de-viana-do-castelo-concluida-no-primeiro-semestre-de-2026\\\/#primaryimage\"},\"thumbnailUrl\":\"https:\\\/\\\/www.altominho.tv\\\/site\\\/wp-content\\\/uploads\\\/2025\\\/03\\\/viana.jpg\",\"keywords\":[\"Sociedade\"],\"articleSection\":[\"Viana do Castelo\"],\"inLanguage\":\"pt-PT\",\"copyrightYear\":\"2025\",\"copyrightHolder\":{\"@id\":\"https:\\\/\\\/www.altominho.tv\\\/site\\\/#organization\"}},{\"@type\":\"WebPage\",\"@id\":\"https:\\\/\\\/www.altominho.tv\\\/site\\\/2025\\\/06\\\/16\\\/revisao-do-pdm-de-viana-do-castelo-concluida-no-primeiro-semestre-de-2026\\\/\",\"url\":\"https:\\\/\\\/www.altominho.tv\\\/site\\\/2025\\\/06\\\/16\\\/revisao-do-pdm-de-viana-do-castelo-concluida-no-primeiro-semestre-de-2026\\\/\",\"name\":\"Revis\u00e3o do PDM de Viana do Castelo conclu\u00edda no primeiro semestre de 2026\",\"isPartOf\":{\"@id\":\"https:\\\/\\\/www.altominho.tv\\\/site\\\/#website\"},\"primaryImageOfPage\":{\"@id\":\"https:\\\/\\\/www.altominho.tv\\\/site\\\/2025\\\/06\\\/16\\\/revisao-do-pdm-de-viana-do-castelo-concluida-no-primeiro-semestre-de-2026\\\/#primaryimage\"},\"image\":{\"@id\":\"https:\\\/\\\/www.altominho.tv\\\/site\\\/2025\\\/06\\\/16\\\/revisao-do-pdm-de-viana-do-castelo-concluida-no-primeiro-semestre-de-2026\\\/#primaryimage\"},\"thumbnailUrl\":\"https:\\\/\\\/www.altominho.tv\\\/site\\\/wp-content\\\/uploads\\\/2025\\\/03\\\/viana.jpg\",\"datePublished\":\"2025-06-16T16:31:46+00:00\",\"dateModified\":\"2025-06-16T16:31:48+00:00\",\"author\":{\"@id\":\"https:\\\/\\\/www.altominho.tv\\\/site\\\/#\\\/schema\\\/person\\\/63f693da3e1899361cbe955c46f3232e\"},\"description\":\"O presidente da C\u00e2mara de Viana do Castelo, Lu\u00eds Nobre apontou hoje a conclus\u00e3o da revis\u00e3o do Plano Diretor Municipal (PDM), iniciada em 2019, para o primeiro semestre do pr\u00f3ximo ano.\",\"breadcrumb\":{\"@id\":\"https:\\\/\\\/www.altominho.tv\\\/site\\\/2025\\\/06\\\/16\\\/revisao-do-pdm-de-viana-do-castelo-concluida-no-primeiro-semestre-de-2026\\\/#breadcrumb\"},\"inLanguage\":\"pt-PT\",\"potentialAction\":[{\"@type\":\"ReadAction\",\"target\":[\"https:\\\/\\\/www.altominho.tv\\\/site\\\/2025\\\/06\\\/16\\\/revisao-do-pdm-de-viana-do-castelo-concluida-no-primeiro-semestre-de-2026\\\/\"]}]},{\"@type\":\"ImageObject\",\"inLanguage\":\"pt-PT\",\"@id\":\"https:\\\/\\\/www.altominho.tv\\\/site\\\/2025\\\/06\\\/16\\\/revisao-do-pdm-de-viana-do-castelo-concluida-no-primeiro-semestre-de-2026\\\/#primaryimage\",\"url\":\"https:\\\/\\\/www.altominho.tv\\\/site\\\/wp-content\\\/uploads\\\/2025\\\/03\\\/viana.jpg\",\"contentUrl\":\"https:\\\/\\\/www.altominho.tv\\\/site\\\/wp-content\\\/uploads\\\/2025\\\/03\\\/viana.jpg\",\"width\":1200,\"height\":630},{\"@type\":\"BreadcrumbList\",\"@id\":\"https:\\\/\\\/www.altominho.tv\\\/site\\\/2025\\\/06\\\/16\\\/revisao-do-pdm-de-viana-do-castelo-concluida-no-primeiro-semestre-de-2026\\\/#breadcrumb\",\"itemListElement\":[{\"@type\":\"ListItem\",\"position\":1,\"name\":\"In\u00edcio\",\"item\":\"https:\\\/\\\/www.altominho.tv\\\/site\\\/\"},{\"@type\":\"ListItem\",\"position\":2,\"name\":\"Revis\u00e3o do PDM de Viana do Castelo conclu\u00edda no primeiro semestre de 2026\"}]},{\"@type\":\"WebSite\",\"@id\":\"https:\\\/\\\/www.altominho.tv\\\/site\\\/#website\",\"url\":\"https:\\\/\\\/www.altominho.tv\\\/site\\\/\",\"name\":\"Altominho.tv\",\"description\":\"A sua regi\u00e3o \u00e0 dist\u00e2ncia de um clique...\",\"potentialAction\":[{\"@type\":\"SearchAction\",\"target\":{\"@type\":\"EntryPoint\",\"urlTemplate\":\"https:\\\/\\\/www.altominho.tv\\\/site\\\/?s={search_term_string}\"},\"query-input\":{\"@type\":\"PropertyValueSpecification\",\"valueRequired\":true,\"valueName\":\"search_term_string\"}}],\"inLanguage\":\"pt-PT\"},{\"@type\":\"Person\",\"@id\":\"https:\\\/\\\/www.altominho.tv\\\/site\\\/#\\\/schema\\\/person\\\/63f693da3e1899361cbe955c46f3232e\",\"name\":\"Lusa\",\"image\":{\"@type\":\"ImageObject\",\"inLanguage\":\"pt-PT\",\"@id\":\"https:\\\/\\\/www.altominho.tv\\\/site\\\/wp-content\\\/uploads\\\/2019\\\/08\\\/LUSA_Logo.gif\",\"url\":\"https:\\\/\\\/www.altominho.tv\\\/site\\\/wp-content\\\/uploads\\\/2019\\\/08\\\/LUSA_Logo.gif\",\"contentUrl\":\"https:\\\/\\\/www.altominho.tv\\\/site\\\/wp-content\\\/uploads\\\/2019\\\/08\\\/LUSA_Logo.gif\",\"caption\":\"Lusa\"},\"sameAs\":[\"http:\\\/\\\/\\\/\\\/www.altominho.tv\\\/site\"],\"url\":\"https:\\\/\\\/www.altominho.tv\\\/site\\\/author\\\/lusa\\\/\"}]}<\/script>\n<!-- \/ Yoast SEO Premium plugin. -->","yoast_head_json":{"title":"Revis\u00e3o do PDM de Viana do Castelo conclu\u00edda no primeiro semestre de 2026","description":"O presidente da C\u00e2mara de Viana do Castelo, Lu\u00eds Nobre apontou hoje a conclus\u00e3o da revis\u00e3o do Plano Diretor Municipal (PDM), iniciada em 2019, para o primeiro semestre do pr\u00f3ximo ano.","robots":{"index":"index","follow":"follow","max-snippet":"max-snippet:-1","max-image-preview":"max-image-preview:large","max-video-preview":"max-video-preview:-1"},"canonical":"https:\/\/www.altominho.tv\/site\/2025\/06\/16\/revisao-do-pdm-de-viana-do-castelo-concluida-no-primeiro-semestre-de-2026\/","og_locale":"pt_PT","og_type":"article","og_title":"Revis\u00e3o do PDM de Viana do Castelo conclu\u00edda no primeiro semestre de 2026","og_description":"O presidente da C\u00e2mara de Viana do Castelo, Lu\u00eds Nobre apontou hoje a conclus\u00e3o da revis\u00e3o do Plano Diretor Municipal (PDM), iniciada em 2019, para o primeiro semestre do pr\u00f3ximo ano.","og_url":"https:\/\/www.altominho.tv\/site\/2025\/06\/16\/revisao-do-pdm-de-viana-do-castelo-concluida-no-primeiro-semestre-de-2026\/","og_site_name":"Altominho.tv","article_publisher":"https:\/\/www.facebook.com\/altominhotv","article_published_time":"2025-06-16T16:31:46+00:00","article_modified_time":"2025-06-16T16:31:48+00:00","og_image":[{"width":1200,"height":630,"url":"https:\/\/www.altominho.tv\/site\/wp-content\/uploads\/2025\/03\/viana.jpg","type":"image\/jpeg"}],"author":"Lusa","twitter_card":"summary_large_image","twitter_creator":"@altominhoTV","twitter_site":"@altominhoTV","twitter_misc":{"Escrito por":"Lusa","Tempo estimado de leitura":"3 minutos"},"schema":{"@context":"https:\/\/schema.org","@graph":[{"@type":"Article","@id":"https:\/\/www.altominho.tv\/site\/2025\/06\/16\/revisao-do-pdm-de-viana-do-castelo-concluida-no-primeiro-semestre-de-2026\/#article","isPartOf":{"@id":"https:\/\/www.altominho.tv\/site\/2025\/06\/16\/revisao-do-pdm-de-viana-do-castelo-concluida-no-primeiro-semestre-de-2026\/"},"author":{"name":"Lusa","@id":"https:\/\/www.altominho.tv\/site\/#\/schema\/person\/63f693da3e1899361cbe955c46f3232e"},"headline":"Revis\u00e3o do PDM de Viana do Castelo conclu\u00edda no primeiro semestre de 2026","datePublished":"2025-06-16T16:31:46+00:00","dateModified":"2025-06-16T16:31:48+00:00","mainEntityOfPage":{"@id":"https:\/\/www.altominho.tv\/site\/2025\/06\/16\/revisao-do-pdm-de-viana-do-castelo-concluida-no-primeiro-semestre-de-2026\/"},"wordCount":569,"image":{"@id":"https:\/\/www.altominho.tv\/site\/2025\/06\/16\/revisao-do-pdm-de-viana-do-castelo-concluida-no-primeiro-semestre-de-2026\/#primaryimage"},"thumbnailUrl":"https:\/\/www.altominho.tv\/site\/wp-content\/uploads\/2025\/03\/viana.jpg","keywords":["Sociedade"],"articleSection":["Viana do Castelo"],"inLanguage":"pt-PT","copyrightYear":"2025","copyrightHolder":{"@id":"https:\/\/www.altominho.tv\/site\/#organization"}},{"@type":"WebPage","@id":"https:\/\/www.altominho.tv\/site\/2025\/06\/16\/revisao-do-pdm-de-viana-do-castelo-concluida-no-primeiro-semestre-de-2026\/","url":"https:\/\/www.altominho.tv\/site\/2025\/06\/16\/revisao-do-pdm-de-viana-do-castelo-concluida-no-primeiro-semestre-de-2026\/","name":"Revis\u00e3o do PDM de Viana do Castelo conclu\u00edda no primeiro semestre de 2026","isPartOf":{"@id":"https:\/\/www.altominho.tv\/site\/#website"},"primaryImageOfPage":{"@id":"https:\/\/www.altominho.tv\/site\/2025\/06\/16\/revisao-do-pdm-de-viana-do-castelo-concluida-no-primeiro-semestre-de-2026\/#primaryimage"},"image":{"@id":"https:\/\/www.altominho.tv\/site\/2025\/06\/16\/revisao-do-pdm-de-viana-do-castelo-concluida-no-primeiro-semestre-de-2026\/#primaryimage"},"thumbnailUrl":"https:\/\/www.altominho.tv\/site\/wp-content\/uploads\/2025\/03\/viana.jpg","datePublished":"2025-06-16T16:31:46+00:00","dateModified":"2025-06-16T16:31:48+00:00","author":{"@id":"https:\/\/www.altominho.tv\/site\/#\/schema\/person\/63f693da3e1899361cbe955c46f3232e"},"description":"O presidente da C\u00e2mara de Viana do Castelo, Lu\u00eds Nobre apontou hoje a conclus\u00e3o da revis\u00e3o do Plano Diretor Municipal (PDM), iniciada em 2019, para o primeiro semestre do pr\u00f3ximo ano.","breadcrumb":{"@id":"https:\/\/www.altominho.tv\/site\/2025\/06\/16\/revisao-do-pdm-de-viana-do-castelo-concluida-no-primeiro-semestre-de-2026\/#breadcrumb"},"inLanguage":"pt-PT","potentialAction":[{"@type":"ReadAction","target":["https:\/\/www.altominho.tv\/site\/2025\/06\/16\/revisao-do-pdm-de-viana-do-castelo-concluida-no-primeiro-semestre-de-2026\/"]}]},{"@type":"ImageObject","inLanguage":"pt-PT","@id":"https:\/\/www.altominho.tv\/site\/2025\/06\/16\/revisao-do-pdm-de-viana-do-castelo-concluida-no-primeiro-semestre-de-2026\/#primaryimage","url":"https:\/\/www.altominho.tv\/site\/wp-content\/uploads\/2025\/03\/viana.jpg","contentUrl":"https:\/\/www.altominho.tv\/site\/wp-content\/uploads\/2025\/03\/viana.jpg","width":1200,"height":630},{"@type":"BreadcrumbList","@id":"https:\/\/www.altominho.tv\/site\/2025\/06\/16\/revisao-do-pdm-de-viana-do-castelo-concluida-no-primeiro-semestre-de-2026\/#breadcrumb","itemListElement":[{"@type":"ListItem","position":1,"name":"In\u00edcio","item":"https:\/\/www.altominho.tv\/site\/"},{"@type":"ListItem","position":2,"name":"Revis\u00e3o do PDM de Viana do Castelo conclu\u00edda no primeiro semestre de 2026"}]},{"@type":"WebSite","@id":"https:\/\/www.altominho.tv\/site\/#website","url":"https:\/\/www.altominho.tv\/site\/","name":"Altominho.tv","description":"A sua regi\u00e3o \u00e0 dist\u00e2ncia de um clique...","potentialAction":[{"@type":"SearchAction","target":{"@type":"EntryPoint","urlTemplate":"https:\/\/www.altominho.tv\/site\/?s={search_term_string}"},"query-input":{"@type":"PropertyValueSpecification","valueRequired":true,"valueName":"search_term_string"}}],"inLanguage":"pt-PT"},{"@type":"Person","@id":"https:\/\/www.altominho.tv\/site\/#\/schema\/person\/63f693da3e1899361cbe955c46f3232e","name":"Lusa","image":{"@type":"ImageObject","inLanguage":"pt-PT","@id":"https:\/\/www.altominho.tv\/site\/wp-content\/uploads\/2019\/08\/LUSA_Logo.gif","url":"https:\/\/www.altominho.tv\/site\/wp-content\/uploads\/2019\/08\/LUSA_Logo.gif","contentUrl":"https:\/\/www.altominho.tv\/site\/wp-content\/uploads\/2019\/08\/LUSA_Logo.gif","caption":"Lusa"},"sameAs":["http:\/\/\/\/www.altominho.tv\/site"],"url":"https:\/\/www.altominho.tv\/site\/author\/lusa\/"}]}},"_links":{"self":[{"href":"https:\/\/www.altominho.tv\/site\/wp-json\/wp\/v2\/posts\/119668","targetHints":{"allow":["GET"]}}],"collection":[{"href":"https:\/\/www.altominho.tv\/site\/wp-json\/wp\/v2\/posts"}],"about":[{"href":"https:\/\/www.altominho.tv\/site\/wp-json\/wp\/v2\/types\/post"}],"author":[{"embeddable":true,"href":"https:\/\/www.altominho.tv\/site\/wp-json\/wp\/v2\/users\/13"}],"replies":[{"embeddable":true,"href":"https:\/\/www.altominho.tv\/site\/wp-json\/wp\/v2\/comments?post=119668"}],"version-history":[{"count":1,"href":"https:\/\/www.altominho.tv\/site\/wp-json\/wp\/v2\/posts\/119668\/revisions"}],"predecessor-version":[{"id":119669,"href":"https:\/\/www.altominho.tv\/site\/wp-json\/wp\/v2\/posts\/119668\/revisions\/119669"}],"wp:featuredmedia":[{"embeddable":true,"href":"https:\/\/www.altominho.tv\/site\/wp-json\/wp\/v2\/media\/116083"}],"wp:attachment":[{"href":"https:\/\/www.altominho.tv\/site\/wp-json\/wp\/v2\/media?parent=119668"}],"wp:term":[{"taxonomy":"category","embeddable":true,"href":"https:\/\/www.altominho.tv\/site\/wp-json\/wp\/v2\/categories?post=119668"},{"taxonomy":"post_tag","embeddable":true,"href":"https:\/\/www.altominho.tv\/site\/wp-json\/wp\/v2\/tags?post=119668"}],"curies":[{"name":"wp","href":"https:\/\/api.w.org\/{rel}","templated":true}]}}