{"id":119631,"date":"2025-06-16T09:02:19","date_gmt":"2025-06-16T08:02:19","guid":{"rendered":"https:\/\/www.altominho.tv\/site\/?p=119631"},"modified":"2025-06-16T09:02:22","modified_gmt":"2025-06-16T08:02:22","slug":"todos-os-distritos-do-continente-sob-aviso-amarelo-devido-ao-tempo-quente","status":"publish","type":"post","link":"https:\/\/www.altominho.tv\/site\/2025\/06\/16\/todos-os-distritos-do-continente-sob-aviso-amarelo-devido-ao-tempo-quente\/","title":{"rendered":"Todos os distritos do continente sob aviso amarelo devido ao tempo quente"},"content":{"rendered":"<p>Todos os distritos de Portugal continental est\u00e3o a partir das 09h00 de hoje sob aviso amarelo devido \u00e0 previs\u00e3o de tempo quente, segundo o Instituto Portugu\u00eas do Mar e da Atmosfera (IPMA).<\/p>\n<p>Viseu, \u00c9vora, Porto, Guarda, Faro, Set\u00fabal, Santar\u00e9m, Viana do Castelo, Lisboa, Leiria, Beja, Castelo Branco, Aveiro, Coimbra, Portalegre e Braga v\u00e3o estar sob aviso amarelo devido \u00e0 persist\u00eancia de valores elevados da temperatura m\u00e1xima entre as 09h00 de hoje e as 18h00 de quarta-feira.<\/p>\n<p>Bragan\u00e7a e Vila Real v\u00e3o estar sob aviso amarelo entre as 09h00 de hoje e as 00h00 de ter\u00e7a-feira, passando depois a aviso laranja at\u00e9 \u00e0s 18h00 de quarta-feira.<\/p>\n<p>O aviso amarelo, o menos grave de uma escala de tr\u00eas, \u00e9 emitido sempre que existe uma situa\u00e7\u00e3o de risco para determinadas atividades dependentes da situa\u00e7\u00e3o meteorol\u00f3gica.<\/p>\n<p>Portugal continental vai registar uma subida de temperatura a partir de hoje com m\u00e1ximas entre os 33 e os 40.\u00ba Celsius e com os valores mais elevados na regi\u00e3o do Vale do Tejo, na Beira Baixa e no Sul.<\/p>\n<p>Segundo o IPMA, at\u00e9 quarta-feira prev\u00ea-se que Portugal continental esteja sob \u201cinflu\u00eancia conjunta de um anticiclone a sul das ilhas Brit\u00e2nicas e de um vale depression\u00e1rio que se estende desde o norte de \u00c1frica at\u00e9 \u00e0 Pen\u00ednsula Ib\u00e9rica\u201d.<\/p>\n<p>A situa\u00e7\u00e3o meteorol\u00f3gica ir\u00e1 aumentar os valores da temperatura m\u00e1xima, em especial a partir de hoje e um epis\u00f3dio de poeiras em suspens\u00e3o com origem no norte de \u00c1frica.<\/p>\n<p>Os valores da temperatura m\u00e1xima v\u00e3o variar aproximadamente entre 33 e 40.\u00b0C na generalidade do territ\u00f3rio, embora com valores ligeiramente inferiores em alguns locais da faixa costeira.<\/p>\n<p>Prev\u00ea-se que os valores mais elevados da temperatura m\u00e1xima ocorram na regi\u00e3o do vale do Tejo, Beira Baixa e regi\u00e3o Sul.<\/p>\n<p>O IPMA prev\u00ea uma subida da temperatura m\u00ednima hoje e ter\u00e7a-feira, considerando \u201cprov\u00e1veis noites tropicais em grande parte do territ\u00f3rio continental\u201d.<br \/>\nO tempo quente pode prolongar-se at\u00e9 quinta-feira, em especial nas regi\u00f5es do interior.<\/p>\n<p>Perante a previs\u00e3o de temperaturas altas, a Dire\u00e7\u00e3o-Geral de Sa\u00fade recomenda \u00e0 popula\u00e7\u00e3o um consumo regular de \u00e1gua, o uso de roupa larga e fresca e a utiliza\u00e7\u00e3o de protetor solar, de duas em duas horas.<\/p>\n","protected":false},"excerpt":{"rendered":"<p>Todos os distritos de Portugal continental est\u00e3o a partir das 09h00 de hoje sob aviso amarelo devido \u00e0 previs\u00e3o de tempo quente, segundo o Instituto Portugu\u00eas do Mar e da Atmosfera (IPMA). Viseu, \u00c9vora, Porto, Guarda, Faro, Set\u00fabal, Santar\u00e9m, Viana do Castelo, Lisboa, Leiria, Beja, Castelo Branco, Aveiro, Coimbra, Portalegre e Braga v\u00e3o estar sob [&hellip;]<\/p>\n","protected":false},"author":13,"featured_media":118853,"comment_status":"closed","ping_status":"closed","sticky":false,"template":"","format":"standard","meta":{"_exactmetrics_skip_tracking":false,"_exactmetrics_sitenote_active":false,"_exactmetrics_sitenote_note":"","_exactmetrics_sitenote_category":0,"footnotes":""},"categories":[56325],"tags":[27],"class_list":["post-119631","post","type-post","status-publish","format-standard","has-post-thumbnail","hentry","category-pais","tag-sociedade"],"yoast_head":"<!-- This site is optimized with the Yoast SEO Premium plugin v27.5 (Yoast SEO v27.5) - https:\/\/yoast.com\/product\/yoast-seo-premium-wordpress\/ -->\n<title>Todos os distritos do continente sob aviso amarelo devido ao tempo quente<\/title>\n<meta name=\"description\" content=\"Todos os distritos de Portugal continental est\u00e3o a partir das 09h00 de hoje sob aviso amarelo devido \u00e0 previs\u00e3o de tempo quente, segundo o Instituto Portugu\u00eas do Mar e da Atmosfera (IPMA).\" \/>\n<meta name=\"robots\" content=\"index, follow, max-snippet:-1, max-image-preview:large, max-video-preview:-1\" \/>\n<link rel=\"canonical\" href=\"https:\/\/www.altominho.tv\/site\/2025\/06\/16\/todos-os-distritos-do-continente-sob-aviso-amarelo-devido-ao-tempo-quente\/\" \/>\n<meta property=\"og:locale\" content=\"pt_PT\" \/>\n<meta property=\"og:type\" content=\"article\" \/>\n<meta property=\"og:title\" content=\"Todos os distritos do continente sob aviso amarelo devido ao tempo quente\" \/>\n<meta property=\"og:description\" content=\"Todos os distritos de Portugal continental est\u00e3o a partir das 09h00 de hoje sob aviso amarelo devido \u00e0 previs\u00e3o de tempo quente, segundo o Instituto Portugu\u00eas do Mar e da Atmosfera (IPMA).\" \/>\n<meta property=\"og:url\" content=\"https:\/\/www.altominho.tv\/site\/2025\/06\/16\/todos-os-distritos-do-continente-sob-aviso-amarelo-devido-ao-tempo-quente\/\" \/>\n<meta property=\"og:site_name\" content=\"Altominho.tv\" \/>\n<meta property=\"article:publisher\" content=\"https:\/\/www.facebook.com\/altominhotv\" \/>\n<meta property=\"article:published_time\" content=\"2025-06-16T08:02:19+00:00\" \/>\n<meta property=\"article:modified_time\" content=\"2025-06-16T08:02:22+00:00\" \/>\n<meta property=\"og:image\" content=\"https:\/\/www.altominho.tv\/site\/wp-content\/uploads\/2025\/05\/calor.png\" \/>\n\t<meta property=\"og:image:width\" content=\"1200\" \/>\n\t<meta property=\"og:image:height\" content=\"630\" \/>\n\t<meta property=\"og:image:type\" content=\"image\/png\" \/>\n<meta name=\"author\" content=\"Lusa\" \/>\n<meta name=\"twitter:card\" content=\"summary_large_image\" \/>\n<meta name=\"twitter:creator\" content=\"@altominhoTV\" \/>\n<meta name=\"twitter:site\" content=\"@altominhoTV\" \/>\n<meta name=\"twitter:label1\" content=\"Escrito por\" \/>\n\t<meta name=\"twitter:data1\" content=\"Lusa\" \/>\n\t<meta name=\"twitter:label2\" content=\"Tempo estimado de leitura\" \/>\n\t<meta name=\"twitter:data2\" content=\"3 minutos\" \/>\n<script type=\"application\/ld+json\" class=\"yoast-schema-graph\">{\"@context\":\"https:\\\/\\\/schema.org\",\"@graph\":[{\"@type\":\"Article\",\"@id\":\"https:\\\/\\\/www.altominho.tv\\\/site\\\/2025\\\/06\\\/16\\\/todos-os-distritos-do-continente-sob-aviso-amarelo-devido-ao-tempo-quente\\\/#article\",\"isPartOf\":{\"@id\":\"https:\\\/\\\/www.altominho.tv\\\/site\\\/2025\\\/06\\\/16\\\/todos-os-distritos-do-continente-sob-aviso-amarelo-devido-ao-tempo-quente\\\/\"},\"author\":{\"name\":\"Lusa\",\"@id\":\"https:\\\/\\\/www.altominho.tv\\\/site\\\/#\\\/schema\\\/person\\\/63f693da3e1899361cbe955c46f3232e\"},\"headline\":\"Todos os distritos do continente sob aviso amarelo devido ao tempo quente\",\"datePublished\":\"2025-06-16T08:02:19+00:00\",\"dateModified\":\"2025-06-16T08:02:22+00:00\",\"mainEntityOfPage\":{\"@id\":\"https:\\\/\\\/www.altominho.tv\\\/site\\\/2025\\\/06\\\/16\\\/todos-os-distritos-do-continente-sob-aviso-amarelo-devido-ao-tempo-quente\\\/\"},\"wordCount\":405,\"image\":{\"@id\":\"https:\\\/\\\/www.altominho.tv\\\/site\\\/2025\\\/06\\\/16\\\/todos-os-distritos-do-continente-sob-aviso-amarelo-devido-ao-tempo-quente\\\/#primaryimage\"},\"thumbnailUrl\":\"https:\\\/\\\/www.altominho.tv\\\/site\\\/wp-content\\\/uploads\\\/2025\\\/05\\\/calor.png\",\"keywords\":[\"Sociedade\"],\"articleSection\":[\"Pa\u00eds\"],\"inLanguage\":\"pt-PT\",\"copyrightYear\":\"2025\",\"copyrightHolder\":{\"@id\":\"https:\\\/\\\/www.altominho.tv\\\/site\\\/#organization\"}},{\"@type\":\"WebPage\",\"@id\":\"https:\\\/\\\/www.altominho.tv\\\/site\\\/2025\\\/06\\\/16\\\/todos-os-distritos-do-continente-sob-aviso-amarelo-devido-ao-tempo-quente\\\/\",\"url\":\"https:\\\/\\\/www.altominho.tv\\\/site\\\/2025\\\/06\\\/16\\\/todos-os-distritos-do-continente-sob-aviso-amarelo-devido-ao-tempo-quente\\\/\",\"name\":\"Todos os distritos do continente sob aviso amarelo devido ao tempo quente\",\"isPartOf\":{\"@id\":\"https:\\\/\\\/www.altominho.tv\\\/site\\\/#website\"},\"primaryImageOfPage\":{\"@id\":\"https:\\\/\\\/www.altominho.tv\\\/site\\\/2025\\\/06\\\/16\\\/todos-os-distritos-do-continente-sob-aviso-amarelo-devido-ao-tempo-quente\\\/#primaryimage\"},\"image\":{\"@id\":\"https:\\\/\\\/www.altominho.tv\\\/site\\\/2025\\\/06\\\/16\\\/todos-os-distritos-do-continente-sob-aviso-amarelo-devido-ao-tempo-quente\\\/#primaryimage\"},\"thumbnailUrl\":\"https:\\\/\\\/www.altominho.tv\\\/site\\\/wp-content\\\/uploads\\\/2025\\\/05\\\/calor.png\",\"datePublished\":\"2025-06-16T08:02:19+00:00\",\"dateModified\":\"2025-06-16T08:02:22+00:00\",\"author\":{\"@id\":\"https:\\\/\\\/www.altominho.tv\\\/site\\\/#\\\/schema\\\/person\\\/63f693da3e1899361cbe955c46f3232e\"},\"description\":\"Todos os distritos de Portugal continental est\u00e3o a partir das 09h00 de hoje sob aviso amarelo devido \u00e0 previs\u00e3o de tempo quente, segundo o Instituto Portugu\u00eas do Mar e da Atmosfera (IPMA).\",\"breadcrumb\":{\"@id\":\"https:\\\/\\\/www.altominho.tv\\\/site\\\/2025\\\/06\\\/16\\\/todos-os-distritos-do-continente-sob-aviso-amarelo-devido-ao-tempo-quente\\\/#breadcrumb\"},\"inLanguage\":\"pt-PT\",\"potentialAction\":[{\"@type\":\"ReadAction\",\"target\":[\"https:\\\/\\\/www.altominho.tv\\\/site\\\/2025\\\/06\\\/16\\\/todos-os-distritos-do-continente-sob-aviso-amarelo-devido-ao-tempo-quente\\\/\"]}]},{\"@type\":\"ImageObject\",\"inLanguage\":\"pt-PT\",\"@id\":\"https:\\\/\\\/www.altominho.tv\\\/site\\\/2025\\\/06\\\/16\\\/todos-os-distritos-do-continente-sob-aviso-amarelo-devido-ao-tempo-quente\\\/#primaryimage\",\"url\":\"https:\\\/\\\/www.altominho.tv\\\/site\\\/wp-content\\\/uploads\\\/2025\\\/05\\\/calor.png\",\"contentUrl\":\"https:\\\/\\\/www.altominho.tv\\\/site\\\/wp-content\\\/uploads\\\/2025\\\/05\\\/calor.png\",\"width\":1200,\"height\":630},{\"@type\":\"BreadcrumbList\",\"@id\":\"https:\\\/\\\/www.altominho.tv\\\/site\\\/2025\\\/06\\\/16\\\/todos-os-distritos-do-continente-sob-aviso-amarelo-devido-ao-tempo-quente\\\/#breadcrumb\",\"itemListElement\":[{\"@type\":\"ListItem\",\"position\":1,\"name\":\"In\u00edcio\",\"item\":\"https:\\\/\\\/www.altominho.tv\\\/site\\\/\"},{\"@type\":\"ListItem\",\"position\":2,\"name\":\"Todos os distritos do continente sob aviso amarelo devido ao tempo quente\"}]},{\"@type\":\"WebSite\",\"@id\":\"https:\\\/\\\/www.altominho.tv\\\/site\\\/#website\",\"url\":\"https:\\\/\\\/www.altominho.tv\\\/site\\\/\",\"name\":\"Altominho.tv\",\"description\":\"A sua regi\u00e3o \u00e0 dist\u00e2ncia de um clique...\",\"potentialAction\":[{\"@type\":\"SearchAction\",\"target\":{\"@type\":\"EntryPoint\",\"urlTemplate\":\"https:\\\/\\\/www.altominho.tv\\\/site\\\/?s={search_term_string}\"},\"query-input\":{\"@type\":\"PropertyValueSpecification\",\"valueRequired\":true,\"valueName\":\"search_term_string\"}}],\"inLanguage\":\"pt-PT\"},{\"@type\":\"Person\",\"@id\":\"https:\\\/\\\/www.altominho.tv\\\/site\\\/#\\\/schema\\\/person\\\/63f693da3e1899361cbe955c46f3232e\",\"name\":\"Lusa\",\"image\":{\"@type\":\"ImageObject\",\"inLanguage\":\"pt-PT\",\"@id\":\"https:\\\/\\\/www.altominho.tv\\\/site\\\/wp-content\\\/uploads\\\/2019\\\/08\\\/LUSA_Logo.gif\",\"url\":\"https:\\\/\\\/www.altominho.tv\\\/site\\\/wp-content\\\/uploads\\\/2019\\\/08\\\/LUSA_Logo.gif\",\"contentUrl\":\"https:\\\/\\\/www.altominho.tv\\\/site\\\/wp-content\\\/uploads\\\/2019\\\/08\\\/LUSA_Logo.gif\",\"caption\":\"Lusa\"},\"sameAs\":[\"http:\\\/\\\/\\\/\\\/www.altominho.tv\\\/site\"],\"url\":\"https:\\\/\\\/www.altominho.tv\\\/site\\\/author\\\/lusa\\\/\"}]}<\/script>\n<!-- \/ Yoast SEO Premium plugin. -->","yoast_head_json":{"title":"Todos os distritos do continente sob aviso amarelo devido ao tempo quente","description":"Todos os distritos de Portugal continental est\u00e3o a partir das 09h00 de hoje sob aviso amarelo devido \u00e0 previs\u00e3o de tempo quente, segundo o Instituto Portugu\u00eas do Mar e da Atmosfera (IPMA).","robots":{"index":"index","follow":"follow","max-snippet":"max-snippet:-1","max-image-preview":"max-image-preview:large","max-video-preview":"max-video-preview:-1"},"canonical":"https:\/\/www.altominho.tv\/site\/2025\/06\/16\/todos-os-distritos-do-continente-sob-aviso-amarelo-devido-ao-tempo-quente\/","og_locale":"pt_PT","og_type":"article","og_title":"Todos os distritos do continente sob aviso amarelo devido ao tempo quente","og_description":"Todos os distritos de Portugal continental est\u00e3o a partir das 09h00 de hoje sob aviso amarelo devido \u00e0 previs\u00e3o de tempo quente, segundo o Instituto Portugu\u00eas do Mar e da Atmosfera (IPMA).","og_url":"https:\/\/www.altominho.tv\/site\/2025\/06\/16\/todos-os-distritos-do-continente-sob-aviso-amarelo-devido-ao-tempo-quente\/","og_site_name":"Altominho.tv","article_publisher":"https:\/\/www.facebook.com\/altominhotv","article_published_time":"2025-06-16T08:02:19+00:00","article_modified_time":"2025-06-16T08:02:22+00:00","og_image":[{"width":1200,"height":630,"url":"https:\/\/www.altominho.tv\/site\/wp-content\/uploads\/2025\/05\/calor.png","type":"image\/png"}],"author":"Lusa","twitter_card":"summary_large_image","twitter_creator":"@altominhoTV","twitter_site":"@altominhoTV","twitter_misc":{"Escrito por":"Lusa","Tempo estimado de leitura":"3 minutos"},"schema":{"@context":"https:\/\/schema.org","@graph":[{"@type":"Article","@id":"https:\/\/www.altominho.tv\/site\/2025\/06\/16\/todos-os-distritos-do-continente-sob-aviso-amarelo-devido-ao-tempo-quente\/#article","isPartOf":{"@id":"https:\/\/www.altominho.tv\/site\/2025\/06\/16\/todos-os-distritos-do-continente-sob-aviso-amarelo-devido-ao-tempo-quente\/"},"author":{"name":"Lusa","@id":"https:\/\/www.altominho.tv\/site\/#\/schema\/person\/63f693da3e1899361cbe955c46f3232e"},"headline":"Todos os distritos do continente sob aviso amarelo devido ao tempo quente","datePublished":"2025-06-16T08:02:19+00:00","dateModified":"2025-06-16T08:02:22+00:00","mainEntityOfPage":{"@id":"https:\/\/www.altominho.tv\/site\/2025\/06\/16\/todos-os-distritos-do-continente-sob-aviso-amarelo-devido-ao-tempo-quente\/"},"wordCount":405,"image":{"@id":"https:\/\/www.altominho.tv\/site\/2025\/06\/16\/todos-os-distritos-do-continente-sob-aviso-amarelo-devido-ao-tempo-quente\/#primaryimage"},"thumbnailUrl":"https:\/\/www.altominho.tv\/site\/wp-content\/uploads\/2025\/05\/calor.png","keywords":["Sociedade"],"articleSection":["Pa\u00eds"],"inLanguage":"pt-PT","copyrightYear":"2025","copyrightHolder":{"@id":"https:\/\/www.altominho.tv\/site\/#organization"}},{"@type":"WebPage","@id":"https:\/\/www.altominho.tv\/site\/2025\/06\/16\/todos-os-distritos-do-continente-sob-aviso-amarelo-devido-ao-tempo-quente\/","url":"https:\/\/www.altominho.tv\/site\/2025\/06\/16\/todos-os-distritos-do-continente-sob-aviso-amarelo-devido-ao-tempo-quente\/","name":"Todos os distritos do continente sob aviso amarelo devido ao tempo quente","isPartOf":{"@id":"https:\/\/www.altominho.tv\/site\/#website"},"primaryImageOfPage":{"@id":"https:\/\/www.altominho.tv\/site\/2025\/06\/16\/todos-os-distritos-do-continente-sob-aviso-amarelo-devido-ao-tempo-quente\/#primaryimage"},"image":{"@id":"https:\/\/www.altominho.tv\/site\/2025\/06\/16\/todos-os-distritos-do-continente-sob-aviso-amarelo-devido-ao-tempo-quente\/#primaryimage"},"thumbnailUrl":"https:\/\/www.altominho.tv\/site\/wp-content\/uploads\/2025\/05\/calor.png","datePublished":"2025-06-16T08:02:19+00:00","dateModified":"2025-06-16T08:02:22+00:00","author":{"@id":"https:\/\/www.altominho.tv\/site\/#\/schema\/person\/63f693da3e1899361cbe955c46f3232e"},"description":"Todos os distritos de Portugal continental est\u00e3o a partir das 09h00 de hoje sob aviso amarelo devido \u00e0 previs\u00e3o de tempo quente, segundo o Instituto Portugu\u00eas do Mar e da Atmosfera (IPMA).","breadcrumb":{"@id":"https:\/\/www.altominho.tv\/site\/2025\/06\/16\/todos-os-distritos-do-continente-sob-aviso-amarelo-devido-ao-tempo-quente\/#breadcrumb"},"inLanguage":"pt-PT","potentialAction":[{"@type":"ReadAction","target":["https:\/\/www.altominho.tv\/site\/2025\/06\/16\/todos-os-distritos-do-continente-sob-aviso-amarelo-devido-ao-tempo-quente\/"]}]},{"@type":"ImageObject","inLanguage":"pt-PT","@id":"https:\/\/www.altominho.tv\/site\/2025\/06\/16\/todos-os-distritos-do-continente-sob-aviso-amarelo-devido-ao-tempo-quente\/#primaryimage","url":"https:\/\/www.altominho.tv\/site\/wp-content\/uploads\/2025\/05\/calor.png","contentUrl":"https:\/\/www.altominho.tv\/site\/wp-content\/uploads\/2025\/05\/calor.png","width":1200,"height":630},{"@type":"BreadcrumbList","@id":"https:\/\/www.altominho.tv\/site\/2025\/06\/16\/todos-os-distritos-do-continente-sob-aviso-amarelo-devido-ao-tempo-quente\/#breadcrumb","itemListElement":[{"@type":"ListItem","position":1,"name":"In\u00edcio","item":"https:\/\/www.altominho.tv\/site\/"},{"@type":"ListItem","position":2,"name":"Todos os distritos do continente sob aviso amarelo devido ao tempo quente"}]},{"@type":"WebSite","@id":"https:\/\/www.altominho.tv\/site\/#website","url":"https:\/\/www.altominho.tv\/site\/","name":"Altominho.tv","description":"A sua regi\u00e3o \u00e0 dist\u00e2ncia de um clique...","potentialAction":[{"@type":"SearchAction","target":{"@type":"EntryPoint","urlTemplate":"https:\/\/www.altominho.tv\/site\/?s={search_term_string}"},"query-input":{"@type":"PropertyValueSpecification","valueRequired":true,"valueName":"search_term_string"}}],"inLanguage":"pt-PT"},{"@type":"Person","@id":"https:\/\/www.altominho.tv\/site\/#\/schema\/person\/63f693da3e1899361cbe955c46f3232e","name":"Lusa","image":{"@type":"ImageObject","inLanguage":"pt-PT","@id":"https:\/\/www.altominho.tv\/site\/wp-content\/uploads\/2019\/08\/LUSA_Logo.gif","url":"https:\/\/www.altominho.tv\/site\/wp-content\/uploads\/2019\/08\/LUSA_Logo.gif","contentUrl":"https:\/\/www.altominho.tv\/site\/wp-content\/uploads\/2019\/08\/LUSA_Logo.gif","caption":"Lusa"},"sameAs":["http:\/\/\/\/www.altominho.tv\/site"],"url":"https:\/\/www.altominho.tv\/site\/author\/lusa\/"}]}},"_links":{"self":[{"href":"https:\/\/www.altominho.tv\/site\/wp-json\/wp\/v2\/posts\/119631","targetHints":{"allow":["GET"]}}],"collection":[{"href":"https:\/\/www.altominho.tv\/site\/wp-json\/wp\/v2\/posts"}],"about":[{"href":"https:\/\/www.altominho.tv\/site\/wp-json\/wp\/v2\/types\/post"}],"author":[{"embeddable":true,"href":"https:\/\/www.altominho.tv\/site\/wp-json\/wp\/v2\/users\/13"}],"replies":[{"embeddable":true,"href":"https:\/\/www.altominho.tv\/site\/wp-json\/wp\/v2\/comments?post=119631"}],"version-history":[{"count":1,"href":"https:\/\/www.altominho.tv\/site\/wp-json\/wp\/v2\/posts\/119631\/revisions"}],"predecessor-version":[{"id":119632,"href":"https:\/\/www.altominho.tv\/site\/wp-json\/wp\/v2\/posts\/119631\/revisions\/119632"}],"wp:featuredmedia":[{"embeddable":true,"href":"https:\/\/www.altominho.tv\/site\/wp-json\/wp\/v2\/media\/118853"}],"wp:attachment":[{"href":"https:\/\/www.altominho.tv\/site\/wp-json\/wp\/v2\/media?parent=119631"}],"wp:term":[{"taxonomy":"category","embeddable":true,"href":"https:\/\/www.altominho.tv\/site\/wp-json\/wp\/v2\/categories?post=119631"},{"taxonomy":"post_tag","embeddable":true,"href":"https:\/\/www.altominho.tv\/site\/wp-json\/wp\/v2\/tags?post=119631"}],"curies":[{"name":"wp","href":"https:\/\/api.w.org\/{rel}","templated":true}]}}