{"id":119494,"date":"2025-06-11T14:50:07","date_gmt":"2025-06-11T13:50:07","guid":{"rendered":"https:\/\/www.altominho.tv\/site\/?p=119494"},"modified":"2025-06-11T14:50:10","modified_gmt":"2025-06-11T13:50:10","slug":"espetaculo-de-final-de-ano-da-melgaco-dance-center-tem-lugar-no-sabado","status":"publish","type":"post","link":"https:\/\/www.altominho.tv\/site\/2025\/06\/11\/espetaculo-de-final-de-ano-da-melgaco-dance-center-tem-lugar-no-sabado\/","title":{"rendered":"Espet\u00e1culo de final de ano da Melga\u00e7o Dance Center tem lugar no pr\u00f3ximo s\u00e1bado"},"content":{"rendered":"<p class=\"p1\">O espet\u00e1culo de final de ano da Melga\u00e7o Dance Center acontece no pr\u00f3ximo s\u00e1bado, 14 de junho, pelas 21h00, no gimnodesportivo do <span class=\"s1\">Centro de Est\u00e1gios<\/span><span class=\"Apple-converted-space\">\u00a0 <\/span>de Melga\u00e7o.<\/p>\n<p class=\"p1\">Espera-se uma noite repleta de muito ritmo, emo\u00e7\u00e3o e dan\u00e7a, com a presen\u00e7a especial dos convidados da Open Dance School.<\/p>\n<p class=\"p1\">O evento \u00e9 organizado pelo Melga\u00e7o Dance Center, Centro de Est\u00e1gios de Melga\u00e7o e Munic\u00edpio de Melga\u00e7o.<\/p>\n<p class=\"p1\">Os bilhetes podem ser adquiridos no Centro de Est\u00e1gios, pelo valor de seis euros.\u00a0<\/p>\n\n\n<figure class=\"wp-block-image size-large\"><img loading=\"lazy\" decoding=\"async\" width=\"819\" height=\"1024\" src=\"https:\/\/www.altominho.tv\/site\/wp-content\/uploads\/2025\/06\/502961822_18285321427268909_8066659621403072694_n-819x1024.jpeg\" alt=\"\" class=\"wp-image-119496\" srcset=\"https:\/\/www.altominho.tv\/site\/wp-content\/uploads\/2025\/06\/502961822_18285321427268909_8066659621403072694_n-819x1024.jpeg 819w, https:\/\/www.altominho.tv\/site\/wp-content\/uploads\/2025\/06\/502961822_18285321427268909_8066659621403072694_n-346x433.jpeg 346w, https:\/\/www.altominho.tv\/site\/wp-content\/uploads\/2025\/06\/502961822_18285321427268909_8066659621403072694_n-768x960.jpeg 768w, https:\/\/www.altominho.tv\/site\/wp-content\/uploads\/2025\/06\/502961822_18285321427268909_8066659621403072694_n-1228x1536.jpeg 1228w, https:\/\/www.altominho.tv\/site\/wp-content\/uploads\/2025\/06\/502961822_18285321427268909_8066659621403072694_n-370x463.jpeg 370w, https:\/\/www.altominho.tv\/site\/wp-content\/uploads\/2025\/06\/502961822_18285321427268909_8066659621403072694_n-270x338.jpeg 270w, https:\/\/www.altominho.tv\/site\/wp-content\/uploads\/2025\/06\/502961822_18285321427268909_8066659621403072694_n-570x713.jpeg 570w, https:\/\/www.altominho.tv\/site\/wp-content\/uploads\/2025\/06\/502961822_18285321427268909_8066659621403072694_n-740x925.jpeg 740w, https:\/\/www.altominho.tv\/site\/wp-content\/uploads\/2025\/06\/502961822_18285321427268909_8066659621403072694_n.jpeg 1350w\" sizes=\"auto, (max-width: 819px) 100vw, 819px\" \/><\/figure>\n","protected":false},"excerpt":{"rendered":"<p>O espet\u00e1culo de final de ano da Melga\u00e7o Dance Center acontece no pr\u00f3ximo s\u00e1bado, 14 de junho, pelas 21h00, no gimnodesportivo do Centro de Est\u00e1gios\u00a0 de Melga\u00e7o. Espera-se uma noite repleta de muito ritmo, emo\u00e7\u00e3o e dan\u00e7a, com a presen\u00e7a especial dos convidados da Open Dance School. O evento \u00e9 organizado pelo Melga\u00e7o Dance Center, [&hellip;]<\/p>\n","protected":false},"author":1,"featured_media":119495,"comment_status":"closed","ping_status":"closed","sticky":false,"template":"","format":"standard","meta":{"_exactmetrics_skip_tracking":false,"_exactmetrics_sitenote_active":false,"_exactmetrics_sitenote_note":"","_exactmetrics_sitenote_category":0,"footnotes":""},"categories":[8],"tags":[20],"class_list":["post-119494","post","type-post","status-publish","format-standard","has-post-thumbnail","hentry","category-melgaco","tag-desporto"],"yoast_head":"<!-- This site is optimized with the Yoast SEO Premium plugin v27.4 (Yoast SEO v27.4) - https:\/\/yoast.com\/product\/yoast-seo-premium-wordpress\/ -->\n<title>Espet\u00e1culo de final de ano da Melga\u00e7o Dance Center tem lugar no pr\u00f3ximo s\u00e1bado<\/title>\n<meta name=\"description\" content=\"O espet\u00e1culo de final de ano da Melga\u00e7o Dance Center acontece no pr\u00f3ximo s\u00e1bado, 14 de junho, pelas 21h00, no gimnodesportivo do Centro de Est\u00e1gios\u00a0 de Melga\u00e7o.\" \/>\n<meta name=\"robots\" content=\"index, follow, max-snippet:-1, max-image-preview:large, max-video-preview:-1\" \/>\n<link rel=\"canonical\" href=\"https:\/\/www.altominho.tv\/site\/2025\/06\/11\/espetaculo-de-final-de-ano-da-melgaco-dance-center-tem-lugar-no-sabado\/\" \/>\n<meta property=\"og:locale\" content=\"pt_PT\" \/>\n<meta property=\"og:type\" content=\"article\" \/>\n<meta property=\"og:title\" content=\"Espet\u00e1culo de final de ano da Melga\u00e7o Dance Center tem lugar no pr\u00f3ximo s\u00e1bado\" \/>\n<meta property=\"og:description\" content=\"O espet\u00e1culo de final de ano da Melga\u00e7o Dance Center acontece no pr\u00f3ximo s\u00e1bado, 14 de junho, pelas 21h00, no gimnodesportivo do Centro de Est\u00e1gios\u00a0 de Melga\u00e7o.\" \/>\n<meta property=\"og:url\" content=\"https:\/\/www.altominho.tv\/site\/2025\/06\/11\/espetaculo-de-final-de-ano-da-melgaco-dance-center-tem-lugar-no-sabado\/\" \/>\n<meta property=\"og:site_name\" content=\"Altominho.tv\" \/>\n<meta property=\"article:publisher\" content=\"https:\/\/www.facebook.com\/altominhotv\" \/>\n<meta property=\"article:published_time\" content=\"2025-06-11T13:50:07+00:00\" \/>\n<meta property=\"article:modified_time\" content=\"2025-06-11T13:50:10+00:00\" \/>\n<meta property=\"og:image\" content=\"https:\/\/www.altominho.tv\/site\/wp-content\/uploads\/2025\/06\/melgaco-dance-center.jpg\" \/>\n\t<meta property=\"og:image:width\" content=\"1200\" \/>\n\t<meta property=\"og:image:height\" content=\"630\" \/>\n\t<meta property=\"og:image:type\" content=\"image\/jpeg\" \/>\n<meta name=\"author\" content=\"Altominho.tv\" \/>\n<meta name=\"twitter:card\" content=\"summary_large_image\" \/>\n<meta name=\"twitter:creator\" content=\"@altominhoTV\" \/>\n<meta name=\"twitter:site\" content=\"@altominhoTV\" \/>\n<meta name=\"twitter:label1\" content=\"Escrito por\" \/>\n\t<meta name=\"twitter:data1\" content=\"Altominho.tv\" \/>\n\t<meta name=\"twitter:label2\" content=\"Tempo estimado de leitura\" \/>\n\t<meta name=\"twitter:data2\" content=\"1 minuto\" \/>\n<script type=\"application\/ld+json\" class=\"yoast-schema-graph\">{\"@context\":\"https:\\\/\\\/schema.org\",\"@graph\":[{\"@type\":\"Article\",\"@id\":\"https:\\\/\\\/www.altominho.tv\\\/site\\\/2025\\\/06\\\/11\\\/espetaculo-de-final-de-ano-da-melgaco-dance-center-tem-lugar-no-sabado\\\/#article\",\"isPartOf\":{\"@id\":\"https:\\\/\\\/www.altominho.tv\\\/site\\\/2025\\\/06\\\/11\\\/espetaculo-de-final-de-ano-da-melgaco-dance-center-tem-lugar-no-sabado\\\/\"},\"author\":{\"name\":\"Altominho.tv\",\"@id\":\"https:\\\/\\\/www.altominho.tv\\\/site\\\/#\\\/schema\\\/person\\\/4e536851627d7914baf3dac752b6af22\"},\"headline\":\"Espet\u00e1culo de final de ano da Melga\u00e7o Dance Center tem lugar no pr\u00f3ximo s\u00e1bado\",\"datePublished\":\"2025-06-11T13:50:07+00:00\",\"dateModified\":\"2025-06-11T13:50:10+00:00\",\"mainEntityOfPage\":{\"@id\":\"https:\\\/\\\/www.altominho.tv\\\/site\\\/2025\\\/06\\\/11\\\/espetaculo-de-final-de-ano-da-melgaco-dance-center-tem-lugar-no-sabado\\\/\"},\"wordCount\":109,\"image\":{\"@id\":\"https:\\\/\\\/www.altominho.tv\\\/site\\\/2025\\\/06\\\/11\\\/espetaculo-de-final-de-ano-da-melgaco-dance-center-tem-lugar-no-sabado\\\/#primaryimage\"},\"thumbnailUrl\":\"https:\\\/\\\/www.altominho.tv\\\/site\\\/wp-content\\\/uploads\\\/2025\\\/06\\\/melgaco-dance-center.jpg\",\"keywords\":[\"Desporto\"],\"articleSection\":[\"Melga\u00e7o\"],\"inLanguage\":\"pt-PT\",\"copyrightYear\":\"2025\",\"copyrightHolder\":{\"@id\":\"https:\\\/\\\/www.altominho.tv\\\/site\\\/#organization\"}},{\"@type\":\"WebPage\",\"@id\":\"https:\\\/\\\/www.altominho.tv\\\/site\\\/2025\\\/06\\\/11\\\/espetaculo-de-final-de-ano-da-melgaco-dance-center-tem-lugar-no-sabado\\\/\",\"url\":\"https:\\\/\\\/www.altominho.tv\\\/site\\\/2025\\\/06\\\/11\\\/espetaculo-de-final-de-ano-da-melgaco-dance-center-tem-lugar-no-sabado\\\/\",\"name\":\"Espet\u00e1culo de final de ano da Melga\u00e7o Dance Center tem lugar no pr\u00f3ximo s\u00e1bado\",\"isPartOf\":{\"@id\":\"https:\\\/\\\/www.altominho.tv\\\/site\\\/#website\"},\"primaryImageOfPage\":{\"@id\":\"https:\\\/\\\/www.altominho.tv\\\/site\\\/2025\\\/06\\\/11\\\/espetaculo-de-final-de-ano-da-melgaco-dance-center-tem-lugar-no-sabado\\\/#primaryimage\"},\"image\":{\"@id\":\"https:\\\/\\\/www.altominho.tv\\\/site\\\/2025\\\/06\\\/11\\\/espetaculo-de-final-de-ano-da-melgaco-dance-center-tem-lugar-no-sabado\\\/#primaryimage\"},\"thumbnailUrl\":\"https:\\\/\\\/www.altominho.tv\\\/site\\\/wp-content\\\/uploads\\\/2025\\\/06\\\/melgaco-dance-center.jpg\",\"datePublished\":\"2025-06-11T13:50:07+00:00\",\"dateModified\":\"2025-06-11T13:50:10+00:00\",\"author\":{\"@id\":\"https:\\\/\\\/www.altominho.tv\\\/site\\\/#\\\/schema\\\/person\\\/4e536851627d7914baf3dac752b6af22\"},\"description\":\"O espet\u00e1culo de final de ano da Melga\u00e7o Dance Center acontece no pr\u00f3ximo s\u00e1bado, 14 de junho, pelas 21h00, no gimnodesportivo do Centro de Est\u00e1gios\u00a0 de Melga\u00e7o.\",\"breadcrumb\":{\"@id\":\"https:\\\/\\\/www.altominho.tv\\\/site\\\/2025\\\/06\\\/11\\\/espetaculo-de-final-de-ano-da-melgaco-dance-center-tem-lugar-no-sabado\\\/#breadcrumb\"},\"inLanguage\":\"pt-PT\",\"potentialAction\":[{\"@type\":\"ReadAction\",\"target\":[\"https:\\\/\\\/www.altominho.tv\\\/site\\\/2025\\\/06\\\/11\\\/espetaculo-de-final-de-ano-da-melgaco-dance-center-tem-lugar-no-sabado\\\/\"]}]},{\"@type\":\"ImageObject\",\"inLanguage\":\"pt-PT\",\"@id\":\"https:\\\/\\\/www.altominho.tv\\\/site\\\/2025\\\/06\\\/11\\\/espetaculo-de-final-de-ano-da-melgaco-dance-center-tem-lugar-no-sabado\\\/#primaryimage\",\"url\":\"https:\\\/\\\/www.altominho.tv\\\/site\\\/wp-content\\\/uploads\\\/2025\\\/06\\\/melgaco-dance-center.jpg\",\"contentUrl\":\"https:\\\/\\\/www.altominho.tv\\\/site\\\/wp-content\\\/uploads\\\/2025\\\/06\\\/melgaco-dance-center.jpg\",\"width\":1200,\"height\":630},{\"@type\":\"BreadcrumbList\",\"@id\":\"https:\\\/\\\/www.altominho.tv\\\/site\\\/2025\\\/06\\\/11\\\/espetaculo-de-final-de-ano-da-melgaco-dance-center-tem-lugar-no-sabado\\\/#breadcrumb\",\"itemListElement\":[{\"@type\":\"ListItem\",\"position\":1,\"name\":\"In\u00edcio\",\"item\":\"https:\\\/\\\/www.altominho.tv\\\/site\\\/\"},{\"@type\":\"ListItem\",\"position\":2,\"name\":\"Espet\u00e1culo de final de ano da Melga\u00e7o Dance Center tem lugar no pr\u00f3ximo s\u00e1bado\"}]},{\"@type\":\"WebSite\",\"@id\":\"https:\\\/\\\/www.altominho.tv\\\/site\\\/#website\",\"url\":\"https:\\\/\\\/www.altominho.tv\\\/site\\\/\",\"name\":\"Altominho.tv\",\"description\":\"A sua regi\u00e3o \u00e0 dist\u00e2ncia de um clique...\",\"potentialAction\":[{\"@type\":\"SearchAction\",\"target\":{\"@type\":\"EntryPoint\",\"urlTemplate\":\"https:\\\/\\\/www.altominho.tv\\\/site\\\/?s={search_term_string}\"},\"query-input\":{\"@type\":\"PropertyValueSpecification\",\"valueRequired\":true,\"valueName\":\"search_term_string\"}}],\"inLanguage\":\"pt-PT\"},{\"@type\":\"Person\",\"@id\":\"https:\\\/\\\/www.altominho.tv\\\/site\\\/#\\\/schema\\\/person\\\/4e536851627d7914baf3dac752b6af22\",\"name\":\"Altominho.tv\",\"image\":{\"@type\":\"ImageObject\",\"inLanguage\":\"pt-PT\",\"@id\":\"https:\\\/\\\/www.altominho.tv\\\/site\\\/wp-content\\\/uploads\\\/2019\\\/11\\\/Logo_Avatar_2-150x150.jpg\",\"url\":\"https:\\\/\\\/www.altominho.tv\\\/site\\\/wp-content\\\/uploads\\\/2019\\\/11\\\/Logo_Avatar_2-150x150.jpg\",\"contentUrl\":\"https:\\\/\\\/www.altominho.tv\\\/site\\\/wp-content\\\/uploads\\\/2019\\\/11\\\/Logo_Avatar_2-150x150.jpg\",\"caption\":\"Altominho.tv\"},\"url\":\"https:\\\/\\\/www.altominho.tv\\\/site\\\/author\\\/altominhotv-tecnico\\\/\"}]}<\/script>\n<!-- \/ Yoast SEO Premium plugin. -->","yoast_head_json":{"title":"Espet\u00e1culo de final de ano da Melga\u00e7o Dance Center tem lugar no pr\u00f3ximo s\u00e1bado","description":"O espet\u00e1culo de final de ano da Melga\u00e7o Dance Center acontece no pr\u00f3ximo s\u00e1bado, 14 de junho, pelas 21h00, no gimnodesportivo do Centro de Est\u00e1gios\u00a0 de Melga\u00e7o.","robots":{"index":"index","follow":"follow","max-snippet":"max-snippet:-1","max-image-preview":"max-image-preview:large","max-video-preview":"max-video-preview:-1"},"canonical":"https:\/\/www.altominho.tv\/site\/2025\/06\/11\/espetaculo-de-final-de-ano-da-melgaco-dance-center-tem-lugar-no-sabado\/","og_locale":"pt_PT","og_type":"article","og_title":"Espet\u00e1culo de final de ano da Melga\u00e7o Dance Center tem lugar no pr\u00f3ximo s\u00e1bado","og_description":"O espet\u00e1culo de final de ano da Melga\u00e7o Dance Center acontece no pr\u00f3ximo s\u00e1bado, 14 de junho, pelas 21h00, no gimnodesportivo do Centro de Est\u00e1gios\u00a0 de Melga\u00e7o.","og_url":"https:\/\/www.altominho.tv\/site\/2025\/06\/11\/espetaculo-de-final-de-ano-da-melgaco-dance-center-tem-lugar-no-sabado\/","og_site_name":"Altominho.tv","article_publisher":"https:\/\/www.facebook.com\/altominhotv","article_published_time":"2025-06-11T13:50:07+00:00","article_modified_time":"2025-06-11T13:50:10+00:00","og_image":[{"width":1200,"height":630,"url":"https:\/\/www.altominho.tv\/site\/wp-content\/uploads\/2025\/06\/melgaco-dance-center.jpg","type":"image\/jpeg"}],"author":"Altominho.tv","twitter_card":"summary_large_image","twitter_creator":"@altominhoTV","twitter_site":"@altominhoTV","twitter_misc":{"Escrito por":"Altominho.tv","Tempo estimado de leitura":"1 minuto"},"schema":{"@context":"https:\/\/schema.org","@graph":[{"@type":"Article","@id":"https:\/\/www.altominho.tv\/site\/2025\/06\/11\/espetaculo-de-final-de-ano-da-melgaco-dance-center-tem-lugar-no-sabado\/#article","isPartOf":{"@id":"https:\/\/www.altominho.tv\/site\/2025\/06\/11\/espetaculo-de-final-de-ano-da-melgaco-dance-center-tem-lugar-no-sabado\/"},"author":{"name":"Altominho.tv","@id":"https:\/\/www.altominho.tv\/site\/#\/schema\/person\/4e536851627d7914baf3dac752b6af22"},"headline":"Espet\u00e1culo de final de ano da Melga\u00e7o Dance Center tem lugar no pr\u00f3ximo s\u00e1bado","datePublished":"2025-06-11T13:50:07+00:00","dateModified":"2025-06-11T13:50:10+00:00","mainEntityOfPage":{"@id":"https:\/\/www.altominho.tv\/site\/2025\/06\/11\/espetaculo-de-final-de-ano-da-melgaco-dance-center-tem-lugar-no-sabado\/"},"wordCount":109,"image":{"@id":"https:\/\/www.altominho.tv\/site\/2025\/06\/11\/espetaculo-de-final-de-ano-da-melgaco-dance-center-tem-lugar-no-sabado\/#primaryimage"},"thumbnailUrl":"https:\/\/www.altominho.tv\/site\/wp-content\/uploads\/2025\/06\/melgaco-dance-center.jpg","keywords":["Desporto"],"articleSection":["Melga\u00e7o"],"inLanguage":"pt-PT","copyrightYear":"2025","copyrightHolder":{"@id":"https:\/\/www.altominho.tv\/site\/#organization"}},{"@type":"WebPage","@id":"https:\/\/www.altominho.tv\/site\/2025\/06\/11\/espetaculo-de-final-de-ano-da-melgaco-dance-center-tem-lugar-no-sabado\/","url":"https:\/\/www.altominho.tv\/site\/2025\/06\/11\/espetaculo-de-final-de-ano-da-melgaco-dance-center-tem-lugar-no-sabado\/","name":"Espet\u00e1culo de final de ano da Melga\u00e7o Dance Center tem lugar no pr\u00f3ximo s\u00e1bado","isPartOf":{"@id":"https:\/\/www.altominho.tv\/site\/#website"},"primaryImageOfPage":{"@id":"https:\/\/www.altominho.tv\/site\/2025\/06\/11\/espetaculo-de-final-de-ano-da-melgaco-dance-center-tem-lugar-no-sabado\/#primaryimage"},"image":{"@id":"https:\/\/www.altominho.tv\/site\/2025\/06\/11\/espetaculo-de-final-de-ano-da-melgaco-dance-center-tem-lugar-no-sabado\/#primaryimage"},"thumbnailUrl":"https:\/\/www.altominho.tv\/site\/wp-content\/uploads\/2025\/06\/melgaco-dance-center.jpg","datePublished":"2025-06-11T13:50:07+00:00","dateModified":"2025-06-11T13:50:10+00:00","author":{"@id":"https:\/\/www.altominho.tv\/site\/#\/schema\/person\/4e536851627d7914baf3dac752b6af22"},"description":"O espet\u00e1culo de final de ano da Melga\u00e7o Dance Center acontece no pr\u00f3ximo s\u00e1bado, 14 de junho, pelas 21h00, no gimnodesportivo do Centro de Est\u00e1gios\u00a0 de Melga\u00e7o.","breadcrumb":{"@id":"https:\/\/www.altominho.tv\/site\/2025\/06\/11\/espetaculo-de-final-de-ano-da-melgaco-dance-center-tem-lugar-no-sabado\/#breadcrumb"},"inLanguage":"pt-PT","potentialAction":[{"@type":"ReadAction","target":["https:\/\/www.altominho.tv\/site\/2025\/06\/11\/espetaculo-de-final-de-ano-da-melgaco-dance-center-tem-lugar-no-sabado\/"]}]},{"@type":"ImageObject","inLanguage":"pt-PT","@id":"https:\/\/www.altominho.tv\/site\/2025\/06\/11\/espetaculo-de-final-de-ano-da-melgaco-dance-center-tem-lugar-no-sabado\/#primaryimage","url":"https:\/\/www.altominho.tv\/site\/wp-content\/uploads\/2025\/06\/melgaco-dance-center.jpg","contentUrl":"https:\/\/www.altominho.tv\/site\/wp-content\/uploads\/2025\/06\/melgaco-dance-center.jpg","width":1200,"height":630},{"@type":"BreadcrumbList","@id":"https:\/\/www.altominho.tv\/site\/2025\/06\/11\/espetaculo-de-final-de-ano-da-melgaco-dance-center-tem-lugar-no-sabado\/#breadcrumb","itemListElement":[{"@type":"ListItem","position":1,"name":"In\u00edcio","item":"https:\/\/www.altominho.tv\/site\/"},{"@type":"ListItem","position":2,"name":"Espet\u00e1culo de final de ano da Melga\u00e7o Dance Center tem lugar no pr\u00f3ximo s\u00e1bado"}]},{"@type":"WebSite","@id":"https:\/\/www.altominho.tv\/site\/#website","url":"https:\/\/www.altominho.tv\/site\/","name":"Altominho.tv","description":"A sua regi\u00e3o \u00e0 dist\u00e2ncia de um clique...","potentialAction":[{"@type":"SearchAction","target":{"@type":"EntryPoint","urlTemplate":"https:\/\/www.altominho.tv\/site\/?s={search_term_string}"},"query-input":{"@type":"PropertyValueSpecification","valueRequired":true,"valueName":"search_term_string"}}],"inLanguage":"pt-PT"},{"@type":"Person","@id":"https:\/\/www.altominho.tv\/site\/#\/schema\/person\/4e536851627d7914baf3dac752b6af22","name":"Altominho.tv","image":{"@type":"ImageObject","inLanguage":"pt-PT","@id":"https:\/\/www.altominho.tv\/site\/wp-content\/uploads\/2019\/11\/Logo_Avatar_2-150x150.jpg","url":"https:\/\/www.altominho.tv\/site\/wp-content\/uploads\/2019\/11\/Logo_Avatar_2-150x150.jpg","contentUrl":"https:\/\/www.altominho.tv\/site\/wp-content\/uploads\/2019\/11\/Logo_Avatar_2-150x150.jpg","caption":"Altominho.tv"},"url":"https:\/\/www.altominho.tv\/site\/author\/altominhotv-tecnico\/"}]}},"_links":{"self":[{"href":"https:\/\/www.altominho.tv\/site\/wp-json\/wp\/v2\/posts\/119494","targetHints":{"allow":["GET"]}}],"collection":[{"href":"https:\/\/www.altominho.tv\/site\/wp-json\/wp\/v2\/posts"}],"about":[{"href":"https:\/\/www.altominho.tv\/site\/wp-json\/wp\/v2\/types\/post"}],"author":[{"embeddable":true,"href":"https:\/\/www.altominho.tv\/site\/wp-json\/wp\/v2\/users\/1"}],"replies":[{"embeddable":true,"href":"https:\/\/www.altominho.tv\/site\/wp-json\/wp\/v2\/comments?post=119494"}],"version-history":[{"count":2,"href":"https:\/\/www.altominho.tv\/site\/wp-json\/wp\/v2\/posts\/119494\/revisions"}],"predecessor-version":[{"id":119498,"href":"https:\/\/www.altominho.tv\/site\/wp-json\/wp\/v2\/posts\/119494\/revisions\/119498"}],"wp:featuredmedia":[{"embeddable":true,"href":"https:\/\/www.altominho.tv\/site\/wp-json\/wp\/v2\/media\/119495"}],"wp:attachment":[{"href":"https:\/\/www.altominho.tv\/site\/wp-json\/wp\/v2\/media?parent=119494"}],"wp:term":[{"taxonomy":"category","embeddable":true,"href":"https:\/\/www.altominho.tv\/site\/wp-json\/wp\/v2\/categories?post=119494"},{"taxonomy":"post_tag","embeddable":true,"href":"https:\/\/www.altominho.tv\/site\/wp-json\/wp\/v2\/tags?post=119494"}],"curies":[{"name":"wp","href":"https:\/\/api.w.org\/{rel}","templated":true}]}}