{"id":119489,"date":"2025-06-11T11:49:03","date_gmt":"2025-06-11T10:49:03","guid":{"rendered":"https:\/\/www.altominho.tv\/site\/?p=119489"},"modified":"2025-06-11T11:49:05","modified_gmt":"2025-06-11T10:49:05","slug":"melgacense-rosa-marques-vencedora-da-taca-de-portugal-de-ciclismo-de-estrada","status":"publish","type":"post","link":"https:\/\/www.altominho.tv\/site\/2025\/06\/11\/melgacense-rosa-marques-vencedora-da-taca-de-portugal-de-ciclismo-de-estrada\/","title":{"rendered":"Melgacense Rosa Marques sagrou-se vencedora da Ta\u00e7a de Portugal de Ciclismo de Estrada Feminino"},"content":{"rendered":"<p class=\"p1\">A etapa final da Ta\u00e7a de Portugal de Ciclismo de Estrada 2025 decorreu em Albergaria \u00e0 Velha, onde Rosa Maria Marques, da Academia de Ciclismo do Alto Minho \u2013 Sport Clube Vianense, venceu a competi\u00e7\u00e3o na categoria de Ciclismo Master 50.<\/p>\n<p class=\"p1\">\u201cUma vit\u00f3ria bem merecida, depois de ter fraturado o cotovelo na segunda Ta\u00e7a em Portim\u00e3o, n\u00e3o tendo pontuado, conseguiu nas seguintes Ta\u00e7as somar pontos e revalidar o t\u00edtulo que j\u00e1 lhe pertencia\u201d, destaca a Academia nas redes sociais.<\/p>\n","protected":false},"excerpt":{"rendered":"<p>A etapa final da Ta\u00e7a de Portugal de Ciclismo de Estrada 2025 decorreu em Albergaria \u00e0 Velha, onde Rosa Maria Marques, da Academia de Ciclismo do Alto Minho \u2013 Sport Clube Vianense, venceu a competi\u00e7\u00e3o na categoria de Ciclismo Master 50. \u201cUma vit\u00f3ria bem merecida, depois de ter fraturado o cotovelo na segunda Ta\u00e7a em [&hellip;]<\/p>\n","protected":false},"author":1,"featured_media":119490,"comment_status":"closed","ping_status":"closed","sticky":false,"template":"","format":"standard","meta":{"_exactmetrics_skip_tracking":false,"_exactmetrics_sitenote_active":false,"_exactmetrics_sitenote_note":"","_exactmetrics_sitenote_category":0,"footnotes":""},"categories":[8],"tags":[20],"class_list":["post-119489","post","type-post","status-publish","format-standard","has-post-thumbnail","hentry","category-melgaco","tag-desporto"],"yoast_head":"<!-- This site is optimized with the Yoast SEO Premium plugin v27.5 (Yoast SEO v27.5) - https:\/\/yoast.com\/product\/yoast-seo-premium-wordpress\/ -->\n<title>Melgacense Rosa Marques sagrou-se vencedora da Ta\u00e7a de Portugal de Ciclismo de Estrada Feminino<\/title>\n<meta name=\"description\" content=\"A etapa final da Ta\u00e7a de Portugal de Ciclismo de Estrada 2025 decorreu em Albergaria \u00e0 Velha, onde Rosa Maria Marques, da Academia de Ciclismo do Alto Minho \u2013 Sport Clube Vianense, venceu a competi\u00e7\u00e3o na categoria de Ciclismo Master 50.\" \/>\n<meta name=\"robots\" content=\"index, follow, max-snippet:-1, max-image-preview:large, max-video-preview:-1\" \/>\n<link rel=\"canonical\" href=\"https:\/\/www.altominho.tv\/site\/2025\/06\/11\/melgacense-rosa-marques-vencedora-da-taca-de-portugal-de-ciclismo-de-estrada\/\" \/>\n<meta property=\"og:locale\" content=\"pt_PT\" \/>\n<meta property=\"og:type\" content=\"article\" \/>\n<meta property=\"og:title\" content=\"Melgacense Rosa Marques sagrou-se vencedora da Ta\u00e7a de Portugal de Ciclismo de Estrada Feminino\" \/>\n<meta property=\"og:description\" content=\"A etapa final da Ta\u00e7a de Portugal de Ciclismo de Estrada 2025 decorreu em Albergaria \u00e0 Velha, onde Rosa Maria Marques, da Academia de Ciclismo do Alto Minho \u2013 Sport Clube Vianense, venceu a competi\u00e7\u00e3o na categoria de Ciclismo Master 50.\" \/>\n<meta property=\"og:url\" content=\"https:\/\/www.altominho.tv\/site\/2025\/06\/11\/melgacense-rosa-marques-vencedora-da-taca-de-portugal-de-ciclismo-de-estrada\/\" \/>\n<meta property=\"og:site_name\" content=\"Altominho.tv\" \/>\n<meta property=\"article:publisher\" content=\"https:\/\/www.facebook.com\/altominhotv\" \/>\n<meta property=\"article:published_time\" content=\"2025-06-11T10:49:03+00:00\" \/>\n<meta property=\"article:modified_time\" content=\"2025-06-11T10:49:05+00:00\" \/>\n<meta property=\"og:image\" content=\"https:\/\/www.altominho.tv\/site\/wp-content\/uploads\/2025\/06\/Rosa-marques.jpg\" \/>\n\t<meta property=\"og:image:width\" content=\"1200\" \/>\n\t<meta property=\"og:image:height\" content=\"630\" \/>\n\t<meta property=\"og:image:type\" content=\"image\/jpeg\" \/>\n<meta name=\"author\" content=\"Altominho.tv\" \/>\n<meta name=\"twitter:card\" content=\"summary_large_image\" \/>\n<meta name=\"twitter:creator\" content=\"@altominhoTV\" \/>\n<meta name=\"twitter:site\" content=\"@altominhoTV\" \/>\n<meta name=\"twitter:label1\" content=\"Escrito por\" \/>\n\t<meta name=\"twitter:data1\" content=\"Altominho.tv\" \/>\n\t<meta name=\"twitter:label2\" content=\"Tempo estimado de leitura\" \/>\n\t<meta name=\"twitter:data2\" content=\"1 minuto\" \/>\n<script type=\"application\/ld+json\" class=\"yoast-schema-graph\">{\"@context\":\"https:\\\/\\\/schema.org\",\"@graph\":[{\"@type\":\"Article\",\"@id\":\"https:\\\/\\\/www.altominho.tv\\\/site\\\/2025\\\/06\\\/11\\\/melgacense-rosa-marques-vencedora-da-taca-de-portugal-de-ciclismo-de-estrada\\\/#article\",\"isPartOf\":{\"@id\":\"https:\\\/\\\/www.altominho.tv\\\/site\\\/2025\\\/06\\\/11\\\/melgacense-rosa-marques-vencedora-da-taca-de-portugal-de-ciclismo-de-estrada\\\/\"},\"author\":{\"name\":\"Altominho.tv\",\"@id\":\"https:\\\/\\\/www.altominho.tv\\\/site\\\/#\\\/schema\\\/person\\\/4e536851627d7914baf3dac752b6af22\"},\"headline\":\"Melgacense Rosa Marques sagrou-se vencedora da Ta\u00e7a de Portugal de Ciclismo de Estrada Feminino\",\"datePublished\":\"2025-06-11T10:49:03+00:00\",\"dateModified\":\"2025-06-11T10:49:05+00:00\",\"mainEntityOfPage\":{\"@id\":\"https:\\\/\\\/www.altominho.tv\\\/site\\\/2025\\\/06\\\/11\\\/melgacense-rosa-marques-vencedora-da-taca-de-portugal-de-ciclismo-de-estrada\\\/\"},\"wordCount\":98,\"image\":{\"@id\":\"https:\\\/\\\/www.altominho.tv\\\/site\\\/2025\\\/06\\\/11\\\/melgacense-rosa-marques-vencedora-da-taca-de-portugal-de-ciclismo-de-estrada\\\/#primaryimage\"},\"thumbnailUrl\":\"https:\\\/\\\/www.altominho.tv\\\/site\\\/wp-content\\\/uploads\\\/2025\\\/06\\\/Rosa-marques.jpg\",\"keywords\":[\"Desporto\"],\"articleSection\":[\"Melga\u00e7o\"],\"inLanguage\":\"pt-PT\",\"copyrightYear\":\"2025\",\"copyrightHolder\":{\"@id\":\"https:\\\/\\\/www.altominho.tv\\\/site\\\/#organization\"}},{\"@type\":\"WebPage\",\"@id\":\"https:\\\/\\\/www.altominho.tv\\\/site\\\/2025\\\/06\\\/11\\\/melgacense-rosa-marques-vencedora-da-taca-de-portugal-de-ciclismo-de-estrada\\\/\",\"url\":\"https:\\\/\\\/www.altominho.tv\\\/site\\\/2025\\\/06\\\/11\\\/melgacense-rosa-marques-vencedora-da-taca-de-portugal-de-ciclismo-de-estrada\\\/\",\"name\":\"Melgacense Rosa Marques sagrou-se vencedora da Ta\u00e7a de Portugal de Ciclismo de Estrada Feminino\",\"isPartOf\":{\"@id\":\"https:\\\/\\\/www.altominho.tv\\\/site\\\/#website\"},\"primaryImageOfPage\":{\"@id\":\"https:\\\/\\\/www.altominho.tv\\\/site\\\/2025\\\/06\\\/11\\\/melgacense-rosa-marques-vencedora-da-taca-de-portugal-de-ciclismo-de-estrada\\\/#primaryimage\"},\"image\":{\"@id\":\"https:\\\/\\\/www.altominho.tv\\\/site\\\/2025\\\/06\\\/11\\\/melgacense-rosa-marques-vencedora-da-taca-de-portugal-de-ciclismo-de-estrada\\\/#primaryimage\"},\"thumbnailUrl\":\"https:\\\/\\\/www.altominho.tv\\\/site\\\/wp-content\\\/uploads\\\/2025\\\/06\\\/Rosa-marques.jpg\",\"datePublished\":\"2025-06-11T10:49:03+00:00\",\"dateModified\":\"2025-06-11T10:49:05+00:00\",\"author\":{\"@id\":\"https:\\\/\\\/www.altominho.tv\\\/site\\\/#\\\/schema\\\/person\\\/4e536851627d7914baf3dac752b6af22\"},\"description\":\"A etapa final da Ta\u00e7a de Portugal de Ciclismo de Estrada 2025 decorreu em Albergaria \u00e0 Velha, onde Rosa Maria Marques, da Academia de Ciclismo do Alto Minho \u2013 Sport Clube Vianense, venceu a competi\u00e7\u00e3o na categoria de Ciclismo Master 50.\",\"breadcrumb\":{\"@id\":\"https:\\\/\\\/www.altominho.tv\\\/site\\\/2025\\\/06\\\/11\\\/melgacense-rosa-marques-vencedora-da-taca-de-portugal-de-ciclismo-de-estrada\\\/#breadcrumb\"},\"inLanguage\":\"pt-PT\",\"potentialAction\":[{\"@type\":\"ReadAction\",\"target\":[\"https:\\\/\\\/www.altominho.tv\\\/site\\\/2025\\\/06\\\/11\\\/melgacense-rosa-marques-vencedora-da-taca-de-portugal-de-ciclismo-de-estrada\\\/\"]}]},{\"@type\":\"ImageObject\",\"inLanguage\":\"pt-PT\",\"@id\":\"https:\\\/\\\/www.altominho.tv\\\/site\\\/2025\\\/06\\\/11\\\/melgacense-rosa-marques-vencedora-da-taca-de-portugal-de-ciclismo-de-estrada\\\/#primaryimage\",\"url\":\"https:\\\/\\\/www.altominho.tv\\\/site\\\/wp-content\\\/uploads\\\/2025\\\/06\\\/Rosa-marques.jpg\",\"contentUrl\":\"https:\\\/\\\/www.altominho.tv\\\/site\\\/wp-content\\\/uploads\\\/2025\\\/06\\\/Rosa-marques.jpg\",\"width\":1200,\"height\":630},{\"@type\":\"BreadcrumbList\",\"@id\":\"https:\\\/\\\/www.altominho.tv\\\/site\\\/2025\\\/06\\\/11\\\/melgacense-rosa-marques-vencedora-da-taca-de-portugal-de-ciclismo-de-estrada\\\/#breadcrumb\",\"itemListElement\":[{\"@type\":\"ListItem\",\"position\":1,\"name\":\"In\u00edcio\",\"item\":\"https:\\\/\\\/www.altominho.tv\\\/site\\\/\"},{\"@type\":\"ListItem\",\"position\":2,\"name\":\"Melgacense Rosa Marques sagrou-se vencedora da Ta\u00e7a de Portugal de Ciclismo de Estrada Feminino\"}]},{\"@type\":\"WebSite\",\"@id\":\"https:\\\/\\\/www.altominho.tv\\\/site\\\/#website\",\"url\":\"https:\\\/\\\/www.altominho.tv\\\/site\\\/\",\"name\":\"Altominho.tv\",\"description\":\"A sua regi\u00e3o \u00e0 dist\u00e2ncia de um clique...\",\"potentialAction\":[{\"@type\":\"SearchAction\",\"target\":{\"@type\":\"EntryPoint\",\"urlTemplate\":\"https:\\\/\\\/www.altominho.tv\\\/site\\\/?s={search_term_string}\"},\"query-input\":{\"@type\":\"PropertyValueSpecification\",\"valueRequired\":true,\"valueName\":\"search_term_string\"}}],\"inLanguage\":\"pt-PT\"},{\"@type\":\"Person\",\"@id\":\"https:\\\/\\\/www.altominho.tv\\\/site\\\/#\\\/schema\\\/person\\\/4e536851627d7914baf3dac752b6af22\",\"name\":\"Altominho.tv\",\"image\":{\"@type\":\"ImageObject\",\"inLanguage\":\"pt-PT\",\"@id\":\"https:\\\/\\\/www.altominho.tv\\\/site\\\/wp-content\\\/uploads\\\/2019\\\/11\\\/Logo_Avatar_2-150x150.jpg\",\"url\":\"https:\\\/\\\/www.altominho.tv\\\/site\\\/wp-content\\\/uploads\\\/2019\\\/11\\\/Logo_Avatar_2-150x150.jpg\",\"contentUrl\":\"https:\\\/\\\/www.altominho.tv\\\/site\\\/wp-content\\\/uploads\\\/2019\\\/11\\\/Logo_Avatar_2-150x150.jpg\",\"caption\":\"Altominho.tv\"},\"url\":\"https:\\\/\\\/www.altominho.tv\\\/site\\\/author\\\/altominhotv-tecnico\\\/\"}]}<\/script>\n<!-- \/ Yoast SEO Premium plugin. -->","yoast_head_json":{"title":"Melgacense Rosa Marques sagrou-se vencedora da Ta\u00e7a de Portugal de Ciclismo de Estrada Feminino","description":"A etapa final da Ta\u00e7a de Portugal de Ciclismo de Estrada 2025 decorreu em Albergaria \u00e0 Velha, onde Rosa Maria Marques, da Academia de Ciclismo do Alto Minho \u2013 Sport Clube Vianense, venceu a competi\u00e7\u00e3o na categoria de Ciclismo Master 50.","robots":{"index":"index","follow":"follow","max-snippet":"max-snippet:-1","max-image-preview":"max-image-preview:large","max-video-preview":"max-video-preview:-1"},"canonical":"https:\/\/www.altominho.tv\/site\/2025\/06\/11\/melgacense-rosa-marques-vencedora-da-taca-de-portugal-de-ciclismo-de-estrada\/","og_locale":"pt_PT","og_type":"article","og_title":"Melgacense Rosa Marques sagrou-se vencedora da Ta\u00e7a de Portugal de Ciclismo de Estrada Feminino","og_description":"A etapa final da Ta\u00e7a de Portugal de Ciclismo de Estrada 2025 decorreu em Albergaria \u00e0 Velha, onde Rosa Maria Marques, da Academia de Ciclismo do Alto Minho \u2013 Sport Clube Vianense, venceu a competi\u00e7\u00e3o na categoria de Ciclismo Master 50.","og_url":"https:\/\/www.altominho.tv\/site\/2025\/06\/11\/melgacense-rosa-marques-vencedora-da-taca-de-portugal-de-ciclismo-de-estrada\/","og_site_name":"Altominho.tv","article_publisher":"https:\/\/www.facebook.com\/altominhotv","article_published_time":"2025-06-11T10:49:03+00:00","article_modified_time":"2025-06-11T10:49:05+00:00","og_image":[{"width":1200,"height":630,"url":"https:\/\/www.altominho.tv\/site\/wp-content\/uploads\/2025\/06\/Rosa-marques.jpg","type":"image\/jpeg"}],"author":"Altominho.tv","twitter_card":"summary_large_image","twitter_creator":"@altominhoTV","twitter_site":"@altominhoTV","twitter_misc":{"Escrito por":"Altominho.tv","Tempo estimado de leitura":"1 minuto"},"schema":{"@context":"https:\/\/schema.org","@graph":[{"@type":"Article","@id":"https:\/\/www.altominho.tv\/site\/2025\/06\/11\/melgacense-rosa-marques-vencedora-da-taca-de-portugal-de-ciclismo-de-estrada\/#article","isPartOf":{"@id":"https:\/\/www.altominho.tv\/site\/2025\/06\/11\/melgacense-rosa-marques-vencedora-da-taca-de-portugal-de-ciclismo-de-estrada\/"},"author":{"name":"Altominho.tv","@id":"https:\/\/www.altominho.tv\/site\/#\/schema\/person\/4e536851627d7914baf3dac752b6af22"},"headline":"Melgacense Rosa Marques sagrou-se vencedora da Ta\u00e7a de Portugal de Ciclismo de Estrada Feminino","datePublished":"2025-06-11T10:49:03+00:00","dateModified":"2025-06-11T10:49:05+00:00","mainEntityOfPage":{"@id":"https:\/\/www.altominho.tv\/site\/2025\/06\/11\/melgacense-rosa-marques-vencedora-da-taca-de-portugal-de-ciclismo-de-estrada\/"},"wordCount":98,"image":{"@id":"https:\/\/www.altominho.tv\/site\/2025\/06\/11\/melgacense-rosa-marques-vencedora-da-taca-de-portugal-de-ciclismo-de-estrada\/#primaryimage"},"thumbnailUrl":"https:\/\/www.altominho.tv\/site\/wp-content\/uploads\/2025\/06\/Rosa-marques.jpg","keywords":["Desporto"],"articleSection":["Melga\u00e7o"],"inLanguage":"pt-PT","copyrightYear":"2025","copyrightHolder":{"@id":"https:\/\/www.altominho.tv\/site\/#organization"}},{"@type":"WebPage","@id":"https:\/\/www.altominho.tv\/site\/2025\/06\/11\/melgacense-rosa-marques-vencedora-da-taca-de-portugal-de-ciclismo-de-estrada\/","url":"https:\/\/www.altominho.tv\/site\/2025\/06\/11\/melgacense-rosa-marques-vencedora-da-taca-de-portugal-de-ciclismo-de-estrada\/","name":"Melgacense Rosa Marques sagrou-se vencedora da Ta\u00e7a de Portugal de Ciclismo de Estrada Feminino","isPartOf":{"@id":"https:\/\/www.altominho.tv\/site\/#website"},"primaryImageOfPage":{"@id":"https:\/\/www.altominho.tv\/site\/2025\/06\/11\/melgacense-rosa-marques-vencedora-da-taca-de-portugal-de-ciclismo-de-estrada\/#primaryimage"},"image":{"@id":"https:\/\/www.altominho.tv\/site\/2025\/06\/11\/melgacense-rosa-marques-vencedora-da-taca-de-portugal-de-ciclismo-de-estrada\/#primaryimage"},"thumbnailUrl":"https:\/\/www.altominho.tv\/site\/wp-content\/uploads\/2025\/06\/Rosa-marques.jpg","datePublished":"2025-06-11T10:49:03+00:00","dateModified":"2025-06-11T10:49:05+00:00","author":{"@id":"https:\/\/www.altominho.tv\/site\/#\/schema\/person\/4e536851627d7914baf3dac752b6af22"},"description":"A etapa final da Ta\u00e7a de Portugal de Ciclismo de Estrada 2025 decorreu em Albergaria \u00e0 Velha, onde Rosa Maria Marques, da Academia de Ciclismo do Alto Minho \u2013 Sport Clube Vianense, venceu a competi\u00e7\u00e3o na categoria de Ciclismo Master 50.","breadcrumb":{"@id":"https:\/\/www.altominho.tv\/site\/2025\/06\/11\/melgacense-rosa-marques-vencedora-da-taca-de-portugal-de-ciclismo-de-estrada\/#breadcrumb"},"inLanguage":"pt-PT","potentialAction":[{"@type":"ReadAction","target":["https:\/\/www.altominho.tv\/site\/2025\/06\/11\/melgacense-rosa-marques-vencedora-da-taca-de-portugal-de-ciclismo-de-estrada\/"]}]},{"@type":"ImageObject","inLanguage":"pt-PT","@id":"https:\/\/www.altominho.tv\/site\/2025\/06\/11\/melgacense-rosa-marques-vencedora-da-taca-de-portugal-de-ciclismo-de-estrada\/#primaryimage","url":"https:\/\/www.altominho.tv\/site\/wp-content\/uploads\/2025\/06\/Rosa-marques.jpg","contentUrl":"https:\/\/www.altominho.tv\/site\/wp-content\/uploads\/2025\/06\/Rosa-marques.jpg","width":1200,"height":630},{"@type":"BreadcrumbList","@id":"https:\/\/www.altominho.tv\/site\/2025\/06\/11\/melgacense-rosa-marques-vencedora-da-taca-de-portugal-de-ciclismo-de-estrada\/#breadcrumb","itemListElement":[{"@type":"ListItem","position":1,"name":"In\u00edcio","item":"https:\/\/www.altominho.tv\/site\/"},{"@type":"ListItem","position":2,"name":"Melgacense Rosa Marques sagrou-se vencedora da Ta\u00e7a de Portugal de Ciclismo de Estrada Feminino"}]},{"@type":"WebSite","@id":"https:\/\/www.altominho.tv\/site\/#website","url":"https:\/\/www.altominho.tv\/site\/","name":"Altominho.tv","description":"A sua regi\u00e3o \u00e0 dist\u00e2ncia de um clique...","potentialAction":[{"@type":"SearchAction","target":{"@type":"EntryPoint","urlTemplate":"https:\/\/www.altominho.tv\/site\/?s={search_term_string}"},"query-input":{"@type":"PropertyValueSpecification","valueRequired":true,"valueName":"search_term_string"}}],"inLanguage":"pt-PT"},{"@type":"Person","@id":"https:\/\/www.altominho.tv\/site\/#\/schema\/person\/4e536851627d7914baf3dac752b6af22","name":"Altominho.tv","image":{"@type":"ImageObject","inLanguage":"pt-PT","@id":"https:\/\/www.altominho.tv\/site\/wp-content\/uploads\/2019\/11\/Logo_Avatar_2-150x150.jpg","url":"https:\/\/www.altominho.tv\/site\/wp-content\/uploads\/2019\/11\/Logo_Avatar_2-150x150.jpg","contentUrl":"https:\/\/www.altominho.tv\/site\/wp-content\/uploads\/2019\/11\/Logo_Avatar_2-150x150.jpg","caption":"Altominho.tv"},"url":"https:\/\/www.altominho.tv\/site\/author\/altominhotv-tecnico\/"}]}},"_links":{"self":[{"href":"https:\/\/www.altominho.tv\/site\/wp-json\/wp\/v2\/posts\/119489","targetHints":{"allow":["GET"]}}],"collection":[{"href":"https:\/\/www.altominho.tv\/site\/wp-json\/wp\/v2\/posts"}],"about":[{"href":"https:\/\/www.altominho.tv\/site\/wp-json\/wp\/v2\/types\/post"}],"author":[{"embeddable":true,"href":"https:\/\/www.altominho.tv\/site\/wp-json\/wp\/v2\/users\/1"}],"replies":[{"embeddable":true,"href":"https:\/\/www.altominho.tv\/site\/wp-json\/wp\/v2\/comments?post=119489"}],"version-history":[{"count":2,"href":"https:\/\/www.altominho.tv\/site\/wp-json\/wp\/v2\/posts\/119489\/revisions"}],"predecessor-version":[{"id":119493,"href":"https:\/\/www.altominho.tv\/site\/wp-json\/wp\/v2\/posts\/119489\/revisions\/119493"}],"wp:featuredmedia":[{"embeddable":true,"href":"https:\/\/www.altominho.tv\/site\/wp-json\/wp\/v2\/media\/119490"}],"wp:attachment":[{"href":"https:\/\/www.altominho.tv\/site\/wp-json\/wp\/v2\/media?parent=119489"}],"wp:term":[{"taxonomy":"category","embeddable":true,"href":"https:\/\/www.altominho.tv\/site\/wp-json\/wp\/v2\/categories?post=119489"},{"taxonomy":"post_tag","embeddable":true,"href":"https:\/\/www.altominho.tv\/site\/wp-json\/wp\/v2\/tags?post=119489"}],"curies":[{"name":"wp","href":"https:\/\/api.w.org\/{rel}","templated":true}]}}