{"id":11943,"date":"2018-04-16T15:53:36","date_gmt":"2018-04-16T14:53:36","guid":{"rendered":"http:\/\/www.altominho.tv\/site\/?p=11943"},"modified":"2018-04-16T15:53:36","modified_gmt":"2018-04-16T14:53:36","slug":"vila-praia-em-flor-regressa-para-mais-uma-edicao","status":"publish","type":"post","link":"https:\/\/www.altominho.tv\/site\/2018\/04\/16\/vila-praia-em-flor-regressa-para-mais-uma-edicao\/","title":{"rendered":"Vila Praia em Flor regressa para mais uma edi\u00e7\u00e3o"},"content":{"rendered":"<p>Vila Praia de \u00c2ncora vai estar &#8220;em Flor&#8221; de 27 de abril a 1 de maio. O evento j\u00e1 \u00e9 uma tradi\u00e7\u00e3o e nesta edi\u00e7\u00e3o, al\u00e9m de uma festa de flores e dos momentos habituais, o programa destaca a gastronomia e o concurso \u201cJanelas, Varandas e Montras Floridas\u201d.<\/p>\n<p>V\u00e1rias exposi\u00e7\u00f5es, desfiles e mercados da flor, bem como um programa de anima\u00e7\u00e3o variado est\u00e3o a ser preparados para os cinco dias do evento.\u00a0E, este ano, a gastronomia vai ter tamb\u00e9m um lugar de destaque. S\u00e3o 15 os restaurantes que v\u00e3o apresentar um menu especial, com ementas variadas.<\/p>\n<p>Outra das novidades \u00e9 o\u00a0concurso \u201cJanelas, Varandas e Montras Floridas\u201d. A iniciativa tem como principais objetivos recriar outra forma de embelezamento das ruas da vila, contribuindo para a renova\u00e7\u00e3o da imagem de \u201cVila Praia em Flor\u201d; incentivar a descoberta e o gosto pelos espa\u00e7os verdes e pela natureza, promovendo o adorno e o sentido est\u00e9tico das fachadas dos edif\u00edcios, e reavivar a tradi\u00e7\u00e3o portuguesa de florear as janelas e varandas.<\/p>\n<p>Neste concurso, podem participar todos os moradores e estabelecimentos comerciais de Vila Praia de \u00c2ncora a t\u00edtulo individual ou coletivo (condom\u00ednios), e todas as entidades p\u00fablicas ou privadas que possuam ou ocupem im\u00f3veis na referida \u00e1rea.<\/p>\n<p>Vila Praia em Flor \u00e9 um evento organizado pelo Munic\u00edpio de Caminha, Junta de Freguesia de Vila Praia de \u00c2ncora e o Grupo dos Amigos das Maias.<\/p>\n","protected":false},"excerpt":{"rendered":"<p>Vila Praia de \u00c2ncora vai estar &#8220;em Flor&#8221; de 27 de abril a 1 de maio. O evento j\u00e1 \u00e9 uma tradi\u00e7\u00e3o e nesta edi\u00e7\u00e3o, al\u00e9m de uma festa de flores e dos momentos habituais, o programa destaca a gastronomia e o concurso \u201cJanelas, Varandas e Montras Floridas\u201d. V\u00e1rias exposi\u00e7\u00f5es, desfiles e mercados da flor, [&hellip;]<\/p>\n","protected":false},"author":12,"featured_media":11944,"comment_status":"closed","ping_status":"closed","sticky":false,"template":"","format":"standard","meta":{"_exactmetrics_skip_tracking":false,"_exactmetrics_sitenote_active":false,"_exactmetrics_sitenote_note":"","_exactmetrics_sitenote_category":0,"footnotes":""},"categories":[7],"tags":[27],"class_list":["post-11943","post","type-post","status-publish","format-standard","has-post-thumbnail","hentry","category-caminha","tag-sociedade"],"yoast_head":"<!-- This site is optimized with the Yoast SEO Premium plugin v27.5 (Yoast SEO v27.5) - https:\/\/yoast.com\/product\/yoast-seo-premium-wordpress\/ -->\n<title>Vila Praia em Flor regressa para mais uma edi\u00e7\u00e3o<\/title>\n<meta name=\"robots\" content=\"index, follow, max-snippet:-1, max-image-preview:large, max-video-preview:-1\" \/>\n<link rel=\"canonical\" href=\"https:\/\/www.altominho.tv\/site\/2018\/04\/16\/vila-praia-em-flor-regressa-para-mais-uma-edicao\/\" \/>\n<meta property=\"og:locale\" content=\"pt_PT\" \/>\n<meta property=\"og:type\" content=\"article\" \/>\n<meta property=\"og:title\" content=\"Vila Praia em Flor regressa para mais uma edi\u00e7\u00e3o\" \/>\n<meta property=\"og:description\" content=\"Vila Praia de \u00c2ncora vai estar &#8220;em Flor&#8221; de 27 de abril a 1 de maio. O evento j\u00e1 \u00e9 uma tradi\u00e7\u00e3o e nesta edi\u00e7\u00e3o, al\u00e9m de uma festa de flores e dos momentos habituais, o programa destaca a gastronomia e o concurso \u201cJanelas, Varandas e Montras Floridas\u201d. V\u00e1rias exposi\u00e7\u00f5es, desfiles e mercados da flor, [&hellip;]\" \/>\n<meta property=\"og:url\" content=\"https:\/\/www.altominho.tv\/site\/2018\/04\/16\/vila-praia-em-flor-regressa-para-mais-uma-edicao\/\" \/>\n<meta property=\"og:site_name\" content=\"Altominho.tv\" \/>\n<meta property=\"article:publisher\" content=\"https:\/\/www.facebook.com\/altominhotv\" \/>\n<meta property=\"article:published_time\" content=\"2018-04-16T14:53:36+00:00\" \/>\n<meta property=\"og:image\" content=\"https:\/\/www.altominho.tv\/site\/wp-content\/uploads\/2018\/04\/Flor.jpg\" \/>\n\t<meta property=\"og:image:width\" content=\"1920\" \/>\n\t<meta property=\"og:image:height\" content=\"1057\" \/>\n\t<meta property=\"og:image:type\" content=\"image\/jpeg\" \/>\n<meta name=\"author\" content=\"Andreia Ferreira\" \/>\n<meta name=\"twitter:card\" content=\"summary_large_image\" \/>\n<meta name=\"twitter:creator\" content=\"@altominhoTV\" \/>\n<meta name=\"twitter:site\" content=\"@altominhoTV\" \/>\n<meta name=\"twitter:label1\" content=\"Escrito por\" \/>\n\t<meta name=\"twitter:data1\" content=\"Andreia Ferreira\" \/>\n\t<meta name=\"twitter:label2\" content=\"Tempo estimado de leitura\" \/>\n\t<meta name=\"twitter:data2\" content=\"1 minuto\" \/>\n<script type=\"application\/ld+json\" class=\"yoast-schema-graph\">{\"@context\":\"https:\\\/\\\/schema.org\",\"@graph\":[{\"@type\":\"Article\",\"@id\":\"https:\\\/\\\/www.altominho.tv\\\/site\\\/2018\\\/04\\\/16\\\/vila-praia-em-flor-regressa-para-mais-uma-edicao\\\/#article\",\"isPartOf\":{\"@id\":\"https:\\\/\\\/www.altominho.tv\\\/site\\\/2018\\\/04\\\/16\\\/vila-praia-em-flor-regressa-para-mais-uma-edicao\\\/\"},\"author\":{\"name\":\"Andreia Ferreira\",\"@id\":\"https:\\\/\\\/www.altominho.tv\\\/site\\\/#\\\/schema\\\/person\\\/d9be4265364723f14ea8e0d56a1d38cd\"},\"headline\":\"Vila Praia em Flor regressa para mais uma edi\u00e7\u00e3o\",\"datePublished\":\"2018-04-16T14:53:36+00:00\",\"mainEntityOfPage\":{\"@id\":\"https:\\\/\\\/www.altominho.tv\\\/site\\\/2018\\\/04\\\/16\\\/vila-praia-em-flor-regressa-para-mais-uma-edicao\\\/\"},\"wordCount\":255,\"image\":{\"@id\":\"https:\\\/\\\/www.altominho.tv\\\/site\\\/2018\\\/04\\\/16\\\/vila-praia-em-flor-regressa-para-mais-uma-edicao\\\/#primaryimage\"},\"thumbnailUrl\":\"https:\\\/\\\/www.altominho.tv\\\/site\\\/wp-content\\\/uploads\\\/2018\\\/04\\\/Flor.jpg\",\"keywords\":[\"Sociedade\"],\"articleSection\":[\"Caminha\"],\"inLanguage\":\"pt-PT\",\"copyrightYear\":\"2018\",\"copyrightHolder\":{\"@id\":\"https:\\\/\\\/www.altominho.tv\\\/site\\\/#organization\"}},{\"@type\":\"WebPage\",\"@id\":\"https:\\\/\\\/www.altominho.tv\\\/site\\\/2018\\\/04\\\/16\\\/vila-praia-em-flor-regressa-para-mais-uma-edicao\\\/\",\"url\":\"https:\\\/\\\/www.altominho.tv\\\/site\\\/2018\\\/04\\\/16\\\/vila-praia-em-flor-regressa-para-mais-uma-edicao\\\/\",\"name\":\"Vila Praia em Flor regressa para mais uma edi\u00e7\u00e3o\",\"isPartOf\":{\"@id\":\"https:\\\/\\\/www.altominho.tv\\\/site\\\/#website\"},\"primaryImageOfPage\":{\"@id\":\"https:\\\/\\\/www.altominho.tv\\\/site\\\/2018\\\/04\\\/16\\\/vila-praia-em-flor-regressa-para-mais-uma-edicao\\\/#primaryimage\"},\"image\":{\"@id\":\"https:\\\/\\\/www.altominho.tv\\\/site\\\/2018\\\/04\\\/16\\\/vila-praia-em-flor-regressa-para-mais-uma-edicao\\\/#primaryimage\"},\"thumbnailUrl\":\"https:\\\/\\\/www.altominho.tv\\\/site\\\/wp-content\\\/uploads\\\/2018\\\/04\\\/Flor.jpg\",\"datePublished\":\"2018-04-16T14:53:36+00:00\",\"author\":{\"@id\":\"https:\\\/\\\/www.altominho.tv\\\/site\\\/#\\\/schema\\\/person\\\/d9be4265364723f14ea8e0d56a1d38cd\"},\"breadcrumb\":{\"@id\":\"https:\\\/\\\/www.altominho.tv\\\/site\\\/2018\\\/04\\\/16\\\/vila-praia-em-flor-regressa-para-mais-uma-edicao\\\/#breadcrumb\"},\"inLanguage\":\"pt-PT\",\"potentialAction\":[{\"@type\":\"ReadAction\",\"target\":[\"https:\\\/\\\/www.altominho.tv\\\/site\\\/2018\\\/04\\\/16\\\/vila-praia-em-flor-regressa-para-mais-uma-edicao\\\/\"]}]},{\"@type\":\"ImageObject\",\"inLanguage\":\"pt-PT\",\"@id\":\"https:\\\/\\\/www.altominho.tv\\\/site\\\/2018\\\/04\\\/16\\\/vila-praia-em-flor-regressa-para-mais-uma-edicao\\\/#primaryimage\",\"url\":\"https:\\\/\\\/www.altominho.tv\\\/site\\\/wp-content\\\/uploads\\\/2018\\\/04\\\/Flor.jpg\",\"contentUrl\":\"https:\\\/\\\/www.altominho.tv\\\/site\\\/wp-content\\\/uploads\\\/2018\\\/04\\\/Flor.jpg\",\"width\":1920,\"height\":1057},{\"@type\":\"BreadcrumbList\",\"@id\":\"https:\\\/\\\/www.altominho.tv\\\/site\\\/2018\\\/04\\\/16\\\/vila-praia-em-flor-regressa-para-mais-uma-edicao\\\/#breadcrumb\",\"itemListElement\":[{\"@type\":\"ListItem\",\"position\":1,\"name\":\"In\u00edcio\",\"item\":\"https:\\\/\\\/www.altominho.tv\\\/site\\\/\"},{\"@type\":\"ListItem\",\"position\":2,\"name\":\"Vila Praia em Flor regressa para mais uma edi\u00e7\u00e3o\"}]},{\"@type\":\"WebSite\",\"@id\":\"https:\\\/\\\/www.altominho.tv\\\/site\\\/#website\",\"url\":\"https:\\\/\\\/www.altominho.tv\\\/site\\\/\",\"name\":\"Altominho.tv\",\"description\":\"A sua regi\u00e3o \u00e0 dist\u00e2ncia de um clique...\",\"potentialAction\":[{\"@type\":\"SearchAction\",\"target\":{\"@type\":\"EntryPoint\",\"urlTemplate\":\"https:\\\/\\\/www.altominho.tv\\\/site\\\/?s={search_term_string}\"},\"query-input\":{\"@type\":\"PropertyValueSpecification\",\"valueRequired\":true,\"valueName\":\"search_term_string\"}}],\"inLanguage\":\"pt-PT\"},{\"@type\":\"Person\",\"@id\":\"https:\\\/\\\/www.altominho.tv\\\/site\\\/#\\\/schema\\\/person\\\/d9be4265364723f14ea8e0d56a1d38cd\",\"name\":\"Andreia Ferreira\",\"image\":{\"@type\":\"ImageObject\",\"inLanguage\":\"pt-PT\",\"@id\":\"https:\\\/\\\/www.altominho.tv\\\/site\\\/wp-content\\\/uploads\\\/2021\\\/01\\\/AndreiaFerreira-150x150.jpg\",\"url\":\"https:\\\/\\\/www.altominho.tv\\\/site\\\/wp-content\\\/uploads\\\/2021\\\/01\\\/AndreiaFerreira-150x150.jpg\",\"contentUrl\":\"https:\\\/\\\/www.altominho.tv\\\/site\\\/wp-content\\\/uploads\\\/2021\\\/01\\\/AndreiaFerreira-150x150.jpg\",\"caption\":\"Andreia Ferreira\"},\"url\":\"https:\\\/\\\/www.altominho.tv\\\/site\\\/author\\\/andreiaferreira\\\/\"}]}<\/script>\n<!-- \/ Yoast SEO Premium plugin. -->","yoast_head_json":{"title":"Vila Praia em Flor regressa para mais uma edi\u00e7\u00e3o","robots":{"index":"index","follow":"follow","max-snippet":"max-snippet:-1","max-image-preview":"max-image-preview:large","max-video-preview":"max-video-preview:-1"},"canonical":"https:\/\/www.altominho.tv\/site\/2018\/04\/16\/vila-praia-em-flor-regressa-para-mais-uma-edicao\/","og_locale":"pt_PT","og_type":"article","og_title":"Vila Praia em Flor regressa para mais uma edi\u00e7\u00e3o","og_description":"Vila Praia de \u00c2ncora vai estar &#8220;em Flor&#8221; de 27 de abril a 1 de maio. O evento j\u00e1 \u00e9 uma tradi\u00e7\u00e3o e nesta edi\u00e7\u00e3o, al\u00e9m de uma festa de flores e dos momentos habituais, o programa destaca a gastronomia e o concurso \u201cJanelas, Varandas e Montras Floridas\u201d. V\u00e1rias exposi\u00e7\u00f5es, desfiles e mercados da flor, [&hellip;]","og_url":"https:\/\/www.altominho.tv\/site\/2018\/04\/16\/vila-praia-em-flor-regressa-para-mais-uma-edicao\/","og_site_name":"Altominho.tv","article_publisher":"https:\/\/www.facebook.com\/altominhotv","article_published_time":"2018-04-16T14:53:36+00:00","og_image":[{"width":1920,"height":1057,"url":"https:\/\/www.altominho.tv\/site\/wp-content\/uploads\/2018\/04\/Flor.jpg","type":"image\/jpeg"}],"author":"Andreia Ferreira","twitter_card":"summary_large_image","twitter_creator":"@altominhoTV","twitter_site":"@altominhoTV","twitter_misc":{"Escrito por":"Andreia Ferreira","Tempo estimado de leitura":"1 minuto"},"schema":{"@context":"https:\/\/schema.org","@graph":[{"@type":"Article","@id":"https:\/\/www.altominho.tv\/site\/2018\/04\/16\/vila-praia-em-flor-regressa-para-mais-uma-edicao\/#article","isPartOf":{"@id":"https:\/\/www.altominho.tv\/site\/2018\/04\/16\/vila-praia-em-flor-regressa-para-mais-uma-edicao\/"},"author":{"name":"Andreia Ferreira","@id":"https:\/\/www.altominho.tv\/site\/#\/schema\/person\/d9be4265364723f14ea8e0d56a1d38cd"},"headline":"Vila Praia em Flor regressa para mais uma edi\u00e7\u00e3o","datePublished":"2018-04-16T14:53:36+00:00","mainEntityOfPage":{"@id":"https:\/\/www.altominho.tv\/site\/2018\/04\/16\/vila-praia-em-flor-regressa-para-mais-uma-edicao\/"},"wordCount":255,"image":{"@id":"https:\/\/www.altominho.tv\/site\/2018\/04\/16\/vila-praia-em-flor-regressa-para-mais-uma-edicao\/#primaryimage"},"thumbnailUrl":"https:\/\/www.altominho.tv\/site\/wp-content\/uploads\/2018\/04\/Flor.jpg","keywords":["Sociedade"],"articleSection":["Caminha"],"inLanguage":"pt-PT","copyrightYear":"2018","copyrightHolder":{"@id":"https:\/\/www.altominho.tv\/site\/#organization"}},{"@type":"WebPage","@id":"https:\/\/www.altominho.tv\/site\/2018\/04\/16\/vila-praia-em-flor-regressa-para-mais-uma-edicao\/","url":"https:\/\/www.altominho.tv\/site\/2018\/04\/16\/vila-praia-em-flor-regressa-para-mais-uma-edicao\/","name":"Vila Praia em Flor regressa para mais uma edi\u00e7\u00e3o","isPartOf":{"@id":"https:\/\/www.altominho.tv\/site\/#website"},"primaryImageOfPage":{"@id":"https:\/\/www.altominho.tv\/site\/2018\/04\/16\/vila-praia-em-flor-regressa-para-mais-uma-edicao\/#primaryimage"},"image":{"@id":"https:\/\/www.altominho.tv\/site\/2018\/04\/16\/vila-praia-em-flor-regressa-para-mais-uma-edicao\/#primaryimage"},"thumbnailUrl":"https:\/\/www.altominho.tv\/site\/wp-content\/uploads\/2018\/04\/Flor.jpg","datePublished":"2018-04-16T14:53:36+00:00","author":{"@id":"https:\/\/www.altominho.tv\/site\/#\/schema\/person\/d9be4265364723f14ea8e0d56a1d38cd"},"breadcrumb":{"@id":"https:\/\/www.altominho.tv\/site\/2018\/04\/16\/vila-praia-em-flor-regressa-para-mais-uma-edicao\/#breadcrumb"},"inLanguage":"pt-PT","potentialAction":[{"@type":"ReadAction","target":["https:\/\/www.altominho.tv\/site\/2018\/04\/16\/vila-praia-em-flor-regressa-para-mais-uma-edicao\/"]}]},{"@type":"ImageObject","inLanguage":"pt-PT","@id":"https:\/\/www.altominho.tv\/site\/2018\/04\/16\/vila-praia-em-flor-regressa-para-mais-uma-edicao\/#primaryimage","url":"https:\/\/www.altominho.tv\/site\/wp-content\/uploads\/2018\/04\/Flor.jpg","contentUrl":"https:\/\/www.altominho.tv\/site\/wp-content\/uploads\/2018\/04\/Flor.jpg","width":1920,"height":1057},{"@type":"BreadcrumbList","@id":"https:\/\/www.altominho.tv\/site\/2018\/04\/16\/vila-praia-em-flor-regressa-para-mais-uma-edicao\/#breadcrumb","itemListElement":[{"@type":"ListItem","position":1,"name":"In\u00edcio","item":"https:\/\/www.altominho.tv\/site\/"},{"@type":"ListItem","position":2,"name":"Vila Praia em Flor regressa para mais uma edi\u00e7\u00e3o"}]},{"@type":"WebSite","@id":"https:\/\/www.altominho.tv\/site\/#website","url":"https:\/\/www.altominho.tv\/site\/","name":"Altominho.tv","description":"A sua regi\u00e3o \u00e0 dist\u00e2ncia de um clique...","potentialAction":[{"@type":"SearchAction","target":{"@type":"EntryPoint","urlTemplate":"https:\/\/www.altominho.tv\/site\/?s={search_term_string}"},"query-input":{"@type":"PropertyValueSpecification","valueRequired":true,"valueName":"search_term_string"}}],"inLanguage":"pt-PT"},{"@type":"Person","@id":"https:\/\/www.altominho.tv\/site\/#\/schema\/person\/d9be4265364723f14ea8e0d56a1d38cd","name":"Andreia Ferreira","image":{"@type":"ImageObject","inLanguage":"pt-PT","@id":"https:\/\/www.altominho.tv\/site\/wp-content\/uploads\/2021\/01\/AndreiaFerreira-150x150.jpg","url":"https:\/\/www.altominho.tv\/site\/wp-content\/uploads\/2021\/01\/AndreiaFerreira-150x150.jpg","contentUrl":"https:\/\/www.altominho.tv\/site\/wp-content\/uploads\/2021\/01\/AndreiaFerreira-150x150.jpg","caption":"Andreia Ferreira"},"url":"https:\/\/www.altominho.tv\/site\/author\/andreiaferreira\/"}]}},"_links":{"self":[{"href":"https:\/\/www.altominho.tv\/site\/wp-json\/wp\/v2\/posts\/11943","targetHints":{"allow":["GET"]}}],"collection":[{"href":"https:\/\/www.altominho.tv\/site\/wp-json\/wp\/v2\/posts"}],"about":[{"href":"https:\/\/www.altominho.tv\/site\/wp-json\/wp\/v2\/types\/post"}],"author":[{"embeddable":true,"href":"https:\/\/www.altominho.tv\/site\/wp-json\/wp\/v2\/users\/12"}],"replies":[{"embeddable":true,"href":"https:\/\/www.altominho.tv\/site\/wp-json\/wp\/v2\/comments?post=11943"}],"version-history":[{"count":0,"href":"https:\/\/www.altominho.tv\/site\/wp-json\/wp\/v2\/posts\/11943\/revisions"}],"wp:featuredmedia":[{"embeddable":true,"href":"https:\/\/www.altominho.tv\/site\/wp-json\/wp\/v2\/media\/11944"}],"wp:attachment":[{"href":"https:\/\/www.altominho.tv\/site\/wp-json\/wp\/v2\/media?parent=11943"}],"wp:term":[{"taxonomy":"category","embeddable":true,"href":"https:\/\/www.altominho.tv\/site\/wp-json\/wp\/v2\/categories?post=11943"},{"taxonomy":"post_tag","embeddable":true,"href":"https:\/\/www.altominho.tv\/site\/wp-json\/wp\/v2\/tags?post=11943"}],"curies":[{"name":"wp","href":"https:\/\/api.w.org\/{rel}","templated":true}]}}