{"id":119385,"date":"2025-06-06T17:38:34","date_gmt":"2025-06-06T16:38:34","guid":{"rendered":"https:\/\/www.altominho.tv\/site\/?p=119385"},"modified":"2025-06-06T17:40:51","modified_gmt":"2025-06-06T16:40:51","slug":"festival-internacional-de-documentario-de-melgaco","status":"publish","type":"post","link":"https:\/\/www.altominho.tv\/site\/2025\/06\/06\/festival-internacional-de-documentario-de-melgaco\/","title":{"rendered":"Festival Internacional de Document\u00e1rio de Melga\u00e7o realiza-se entre 28 de julho e 3 de agosto"},"content":{"rendered":"<p>A 11.\u00aa edi\u00e7\u00e3o do MDOC &#8211; Festival Internacional de Document\u00e1rio de Melga\u00e7o realiza-se entre 28 de julho e 3 de agosto com uma resid\u00eancia cinematogr\u00e1fica para jovens realizadores e mais de 30 filmes em competi\u00e7\u00e3o, revelou hoje a organiza\u00e7\u00e3o.<\/p>\n<p>Orientadas por Pedro Sena Nunes, as Resid\u00eancias do Plano Frontal destinam-se a finalistas e rec\u00e9m-licenciados do Ensino Superior nas \u00e1reas de Cinema, Audiovisuais e Comunica\u00e7\u00e3o, entre 25 de julho e 3 de agosto, de acordo com um comunicado do evento organizado pela associa\u00e7\u00e3o AO NORTE e pela C\u00e2mara Municipal de Melga\u00e7o, no distrito de Viana do Castelo.<\/p>\n<p>\u201cEsta resid\u00eancia representa uma oportunidade \u00fanica para jovens cineastas desenvolverem um projeto documental em contexto real. Quatro equipas, compostas por tr\u00eas elementos cada, ser\u00e3o desafiadas a realizar document\u00e1rios sobre temas locais, contribuindo para o arquivo audiovisual de Melga\u00e7o e para a valoriza\u00e7\u00e3o do patrim\u00f3nio imaterial da regi\u00e3o\u201d, descreve.<\/p>\n<p>J\u00e1 a Resid\u00eancia Fotogr\u00e1fica \u201cprop\u00f5e a tr\u00eas jovens o desenvolvimento de um projeto fotogr\u00e1fico durante dez dias num contexto imersivo, com o apoio de uma equipa dedicada e envolvimento direto no territ\u00f3rio\u201d.<\/p>\n<p>As inscri\u00e7\u00f5es decorrem at\u00e9 dia 30 deste m\u00eas e cada fot\u00f3grafo selecionado beneficiar\u00e1 de uma bolsa individual de dois mil euros.<\/p>\n<p>Na Oficina de Cinema, marcada para o per\u00edodo entre 28 e 31 de julho, a realizadora convidada \u00e9 Margarida Cardoso, que vai \u201cpartilhar m\u00e9todos e experi\u00eancias entre document\u00e1rio e fic\u00e7\u00e3o\u201d.<\/p>\n<p>Neste espa\u00e7o de aprendizagem, os participantes s\u00e3o convidados a desenvolver ideias de filmes a partir de exerc\u00edcios criativos e refer\u00eancias visuais e liter\u00e1rias.<\/p>\n<p>As inscri\u00e7\u00f5es est\u00e3o abertas at\u00e9 ao dia 15 de julho.<\/p>\n<p>O curso de Ver\u00e3o Fora de Campo envolve agentes culturais, investigadores, artistas e realizadores e conta, este ano, com a colabora\u00e7\u00e3o da DOCMA, a Associaci\u00f3n Espa\u00f1ola de Cine Documental, representada por realizadores como Sandra Ruesga, Ra\u00fal Alaejos e Alfonso Palaz\u00f3n.<\/p>\n<p>A coordena\u00e7\u00e3o geral \u00e9 de Jos\u00e9 da Silva Ribeiro (Universidade Federal de Pernambuco \/ AO NORTE) e de Alfonso Palaz\u00f3n Meseguer (Universidad Rey Juan Carlos &#8211; URJC), estando as inscri\u00e7\u00f5es abertas at\u00e9 11 de julho.<\/p>\n<p>A 1 de agosto, a Casa da Cultura de Melga\u00e7o recebe Sandra Ruesga para a \u2018masterclass\u2019 &#8220;Explorar o Eu: Cinema Auto-referencial e Identidade&#8221;, na qual a cineasta espanhola \u201cprop\u00f5e uma imers\u00e3o profunda no seu universo criativo, cuja obra se destaca pela fus\u00e3o entre o pessoal e o pol\u00edtico, o \u00edntimo e o coletivo\u201d.<\/p>\n<p>No mesmo espa\u00e7o, a 3 de agosto, realiza-se uma sess\u00e3o de X-Raydoc, \u201cum espa\u00e7o de reflex\u00e3o e an\u00e1lise de filmes essenciais \u00e0 Hist\u00f3ria do Document\u00e1rio\u201d.<\/p>\n<p>Com coordena\u00e7\u00e3o de Jorge Campos, prop\u00f5e o visionamento e a discuss\u00e3o de dois cl\u00e1ssicos do cinema documental: &#8220;Lettre de Sib\u00e9rie&#8221; (Fran\u00e7a, 1957), de Chris Marker, e &#8220;\u00c0 Valpara\u00edso&#8221; (Chile\/Fran\u00e7a, 1963), de Joris Ivens.<\/p>\n<p>O MDOC acolhe pela primeira vez em 2025 um encontro com representantes de festivais de document\u00e1rio \u201ccom o intuito de discutir caminhos futuros\u201d.<\/p>\n<p>Est\u00e3o integrados nesta rede os festivais Majordocs (Maiorca, Espanha), Escales Documentaires (La Rochelle, Fran\u00e7a), Frontdoc (Aosta, It\u00e1lia), One World Romania (Bucareste, Rom\u00e9nia) e o MDOC (Melga\u00e7o, Portugal).<\/p>\n<p>Por outro lado, a Associa\u00e7\u00e3o AO NORTE apresenta o projeto &#8220;Quem somos os que aqui estamos?&#8221;, com foco na freguesia de Alvaredo, concelho de Melga\u00e7o.<\/p>\n<p>A iniciativa \u201cconvida \u00e0 escuta e ao olhar atento para as hist\u00f3rias de quem vive, viveu ou sente Alvaredo como parte da sua vida atrav\u00e9s de registo audiovisual, de recolha e digitaliza\u00e7\u00e3o de fotografias de \u00e1lbuns familiares, de exposi\u00e7\u00e3o fotogr\u00e1fica e publica\u00e7\u00e3o do trabalho\u201d.<\/p>\n<p>O MDOC apresenta-se como \u201cum festival que cruza olhares de autor, promove reflex\u00f5es cr\u00edticas sobre o mundo contempor\u00e2neo e contribui para a mem\u00f3ria coletiva do territ\u00f3rio\u201d.<\/p>\n","protected":false},"excerpt":{"rendered":"<p>A 11.\u00aa edi\u00e7\u00e3o do MDOC &#8211; Festival Internacional de Document\u00e1rio de Melga\u00e7o realiza-se entre 28 de julho e 3 de agosto com uma resid\u00eancia cinematogr\u00e1fica para jovens realizadores e mais de 30 filmes em competi\u00e7\u00e3o, revelou hoje a organiza\u00e7\u00e3o. Orientadas por Pedro Sena Nunes, as Resid\u00eancias do Plano Frontal destinam-se a finalistas e rec\u00e9m-licenciados do [&hellip;]<\/p>\n","protected":false},"author":13,"featured_media":119387,"comment_status":"closed","ping_status":"closed","sticky":false,"template":"","format":"standard","meta":{"_exactmetrics_skip_tracking":false,"_exactmetrics_sitenote_active":false,"_exactmetrics_sitenote_note":"","_exactmetrics_sitenote_category":0,"footnotes":""},"categories":[8],"tags":[19],"class_list":["post-119385","post","type-post","status-publish","format-standard","has-post-thumbnail","hentry","category-melgaco","tag-cultura"],"yoast_head":"<!-- This site is optimized with the Yoast SEO Premium plugin v27.5 (Yoast SEO v27.5) - https:\/\/yoast.com\/product\/yoast-seo-premium-wordpress\/ -->\n<title>Festival Internacional de Document\u00e1rio de Melga\u00e7o realiza-se entre 28 de julho e 3 de agosto<\/title>\n<meta name=\"description\" content=\"A 11.\u00aa edi\u00e7\u00e3o do MDOC - Festival Internacional de Document\u00e1rio de Melga\u00e7o realiza-se entre 28 de julho e 03 de agosto com uma resid\u00eancia cinematogr\u00e1fica para jovens realizadores e mais de 30 filmes em competi\u00e7\u00e3o, revelou hoje a organiza\u00e7\u00e3o.\" \/>\n<meta name=\"robots\" content=\"index, follow, max-snippet:-1, max-image-preview:large, max-video-preview:-1\" \/>\n<link rel=\"canonical\" href=\"https:\/\/www.altominho.tv\/site\/2025\/06\/06\/festival-internacional-de-documentario-de-melgaco\/\" \/>\n<meta property=\"og:locale\" content=\"pt_PT\" \/>\n<meta property=\"og:type\" content=\"article\" \/>\n<meta property=\"og:title\" content=\"Festival Internacional de Document\u00e1rio de Melga\u00e7o realiza-se entre 28 de julho e 3 de agosto\" \/>\n<meta property=\"og:description\" content=\"A 11.\u00aa edi\u00e7\u00e3o do MDOC - Festival Internacional de Document\u00e1rio de Melga\u00e7o realiza-se entre 28 de julho e 03 de agosto com uma resid\u00eancia cinematogr\u00e1fica para jovens realizadores e mais de 30 filmes em competi\u00e7\u00e3o, revelou hoje a organiza\u00e7\u00e3o.\" \/>\n<meta property=\"og:url\" content=\"https:\/\/www.altominho.tv\/site\/2025\/06\/06\/festival-internacional-de-documentario-de-melgaco\/\" \/>\n<meta property=\"og:site_name\" content=\"Altominho.tv\" \/>\n<meta property=\"article:publisher\" content=\"https:\/\/www.facebook.com\/altominhotv\" \/>\n<meta property=\"article:published_time\" content=\"2025-06-06T16:38:34+00:00\" \/>\n<meta property=\"article:modified_time\" content=\"2025-06-06T16:40:51+00:00\" \/>\n<meta property=\"og:image\" content=\"https:\/\/www.altominho.tv\/site\/wp-content\/uploads\/2025\/06\/Festival-Internacional-de-Documentario-de-Melgaco-.jpg\" \/>\n\t<meta property=\"og:image:width\" content=\"1200\" \/>\n\t<meta property=\"og:image:height\" content=\"630\" \/>\n\t<meta property=\"og:image:type\" content=\"image\/jpeg\" \/>\n<meta name=\"author\" content=\"Lusa\" \/>\n<meta name=\"twitter:card\" content=\"summary_large_image\" \/>\n<meta name=\"twitter:creator\" content=\"@altominhoTV\" \/>\n<meta name=\"twitter:site\" content=\"@altominhoTV\" \/>\n<meta name=\"twitter:label1\" content=\"Escrito por\" \/>\n\t<meta name=\"twitter:data1\" content=\"Lusa\" \/>\n\t<meta name=\"twitter:label2\" content=\"Tempo estimado de leitura\" \/>\n\t<meta name=\"twitter:data2\" content=\"1 minuto\" \/>\n<script type=\"application\/ld+json\" class=\"yoast-schema-graph\">{\"@context\":\"https:\\\/\\\/schema.org\",\"@graph\":[{\"@type\":\"Article\",\"@id\":\"https:\\\/\\\/www.altominho.tv\\\/site\\\/2025\\\/06\\\/06\\\/festival-internacional-de-documentario-de-melgaco\\\/#article\",\"isPartOf\":{\"@id\":\"https:\\\/\\\/www.altominho.tv\\\/site\\\/2025\\\/06\\\/06\\\/festival-internacional-de-documentario-de-melgaco\\\/\"},\"author\":{\"name\":\"Lusa\",\"@id\":\"https:\\\/\\\/www.altominho.tv\\\/site\\\/#\\\/schema\\\/person\\\/63f693da3e1899361cbe955c46f3232e\"},\"headline\":\"Festival Internacional de Document\u00e1rio de Melga\u00e7o realiza-se entre 28 de julho e 3 de agosto\",\"datePublished\":\"2025-06-06T16:38:34+00:00\",\"dateModified\":\"2025-06-06T16:40:51+00:00\",\"mainEntityOfPage\":{\"@id\":\"https:\\\/\\\/www.altominho.tv\\\/site\\\/2025\\\/06\\\/06\\\/festival-internacional-de-documentario-de-melgaco\\\/\"},\"wordCount\":675,\"image\":{\"@id\":\"https:\\\/\\\/www.altominho.tv\\\/site\\\/2025\\\/06\\\/06\\\/festival-internacional-de-documentario-de-melgaco\\\/#primaryimage\"},\"thumbnailUrl\":\"https:\\\/\\\/www.altominho.tv\\\/site\\\/wp-content\\\/uploads\\\/2025\\\/06\\\/Festival-Internacional-de-Documentario-de-Melgaco-.jpg\",\"keywords\":[\"Cultura\"],\"articleSection\":[\"Melga\u00e7o\"],\"inLanguage\":\"pt-PT\",\"copyrightYear\":\"2025\",\"copyrightHolder\":{\"@id\":\"https:\\\/\\\/www.altominho.tv\\\/site\\\/#organization\"}},{\"@type\":\"WebPage\",\"@id\":\"https:\\\/\\\/www.altominho.tv\\\/site\\\/2025\\\/06\\\/06\\\/festival-internacional-de-documentario-de-melgaco\\\/\",\"url\":\"https:\\\/\\\/www.altominho.tv\\\/site\\\/2025\\\/06\\\/06\\\/festival-internacional-de-documentario-de-melgaco\\\/\",\"name\":\"Festival Internacional de Document\u00e1rio de Melga\u00e7o realiza-se entre 28 de julho e 3 de agosto\",\"isPartOf\":{\"@id\":\"https:\\\/\\\/www.altominho.tv\\\/site\\\/#website\"},\"primaryImageOfPage\":{\"@id\":\"https:\\\/\\\/www.altominho.tv\\\/site\\\/2025\\\/06\\\/06\\\/festival-internacional-de-documentario-de-melgaco\\\/#primaryimage\"},\"image\":{\"@id\":\"https:\\\/\\\/www.altominho.tv\\\/site\\\/2025\\\/06\\\/06\\\/festival-internacional-de-documentario-de-melgaco\\\/#primaryimage\"},\"thumbnailUrl\":\"https:\\\/\\\/www.altominho.tv\\\/site\\\/wp-content\\\/uploads\\\/2025\\\/06\\\/Festival-Internacional-de-Documentario-de-Melgaco-.jpg\",\"datePublished\":\"2025-06-06T16:38:34+00:00\",\"dateModified\":\"2025-06-06T16:40:51+00:00\",\"author\":{\"@id\":\"https:\\\/\\\/www.altominho.tv\\\/site\\\/#\\\/schema\\\/person\\\/63f693da3e1899361cbe955c46f3232e\"},\"description\":\"A 11.\u00aa edi\u00e7\u00e3o do MDOC - Festival Internacional de Document\u00e1rio de Melga\u00e7o realiza-se entre 28 de julho e 03 de agosto com uma resid\u00eancia cinematogr\u00e1fica para jovens realizadores e mais de 30 filmes em competi\u00e7\u00e3o, revelou hoje a organiza\u00e7\u00e3o.\",\"breadcrumb\":{\"@id\":\"https:\\\/\\\/www.altominho.tv\\\/site\\\/2025\\\/06\\\/06\\\/festival-internacional-de-documentario-de-melgaco\\\/#breadcrumb\"},\"inLanguage\":\"pt-PT\",\"potentialAction\":[{\"@type\":\"ReadAction\",\"target\":[\"https:\\\/\\\/www.altominho.tv\\\/site\\\/2025\\\/06\\\/06\\\/festival-internacional-de-documentario-de-melgaco\\\/\"]}]},{\"@type\":\"ImageObject\",\"inLanguage\":\"pt-PT\",\"@id\":\"https:\\\/\\\/www.altominho.tv\\\/site\\\/2025\\\/06\\\/06\\\/festival-internacional-de-documentario-de-melgaco\\\/#primaryimage\",\"url\":\"https:\\\/\\\/www.altominho.tv\\\/site\\\/wp-content\\\/uploads\\\/2025\\\/06\\\/Festival-Internacional-de-Documentario-de-Melgaco-.jpg\",\"contentUrl\":\"https:\\\/\\\/www.altominho.tv\\\/site\\\/wp-content\\\/uploads\\\/2025\\\/06\\\/Festival-Internacional-de-Documentario-de-Melgaco-.jpg\",\"width\":1200,\"height\":630},{\"@type\":\"BreadcrumbList\",\"@id\":\"https:\\\/\\\/www.altominho.tv\\\/site\\\/2025\\\/06\\\/06\\\/festival-internacional-de-documentario-de-melgaco\\\/#breadcrumb\",\"itemListElement\":[{\"@type\":\"ListItem\",\"position\":1,\"name\":\"In\u00edcio\",\"item\":\"https:\\\/\\\/www.altominho.tv\\\/site\\\/\"},{\"@type\":\"ListItem\",\"position\":2,\"name\":\"Festival Internacional de Document\u00e1rio de Melga\u00e7o realiza-se entre 28 de julho e 3 de agosto\"}]},{\"@type\":\"WebSite\",\"@id\":\"https:\\\/\\\/www.altominho.tv\\\/site\\\/#website\",\"url\":\"https:\\\/\\\/www.altominho.tv\\\/site\\\/\",\"name\":\"Altominho.tv\",\"description\":\"A sua regi\u00e3o \u00e0 dist\u00e2ncia de um clique...\",\"potentialAction\":[{\"@type\":\"SearchAction\",\"target\":{\"@type\":\"EntryPoint\",\"urlTemplate\":\"https:\\\/\\\/www.altominho.tv\\\/site\\\/?s={search_term_string}\"},\"query-input\":{\"@type\":\"PropertyValueSpecification\",\"valueRequired\":true,\"valueName\":\"search_term_string\"}}],\"inLanguage\":\"pt-PT\"},{\"@type\":\"Person\",\"@id\":\"https:\\\/\\\/www.altominho.tv\\\/site\\\/#\\\/schema\\\/person\\\/63f693da3e1899361cbe955c46f3232e\",\"name\":\"Lusa\",\"image\":{\"@type\":\"ImageObject\",\"inLanguage\":\"pt-PT\",\"@id\":\"https:\\\/\\\/www.altominho.tv\\\/site\\\/wp-content\\\/uploads\\\/2019\\\/08\\\/LUSA_Logo.gif\",\"url\":\"https:\\\/\\\/www.altominho.tv\\\/site\\\/wp-content\\\/uploads\\\/2019\\\/08\\\/LUSA_Logo.gif\",\"contentUrl\":\"https:\\\/\\\/www.altominho.tv\\\/site\\\/wp-content\\\/uploads\\\/2019\\\/08\\\/LUSA_Logo.gif\",\"caption\":\"Lusa\"},\"sameAs\":[\"http:\\\/\\\/\\\/\\\/www.altominho.tv\\\/site\"],\"url\":\"https:\\\/\\\/www.altominho.tv\\\/site\\\/author\\\/lusa\\\/\"}]}<\/script>\n<!-- \/ Yoast SEO Premium plugin. -->","yoast_head_json":{"title":"Festival Internacional de Document\u00e1rio de Melga\u00e7o realiza-se entre 28 de julho e 3 de agosto","description":"A 11.\u00aa edi\u00e7\u00e3o do MDOC - Festival Internacional de Document\u00e1rio de Melga\u00e7o realiza-se entre 28 de julho e 03 de agosto com uma resid\u00eancia cinematogr\u00e1fica para jovens realizadores e mais de 30 filmes em competi\u00e7\u00e3o, revelou hoje a organiza\u00e7\u00e3o.","robots":{"index":"index","follow":"follow","max-snippet":"max-snippet:-1","max-image-preview":"max-image-preview:large","max-video-preview":"max-video-preview:-1"},"canonical":"https:\/\/www.altominho.tv\/site\/2025\/06\/06\/festival-internacional-de-documentario-de-melgaco\/","og_locale":"pt_PT","og_type":"article","og_title":"Festival Internacional de Document\u00e1rio de Melga\u00e7o realiza-se entre 28 de julho e 3 de agosto","og_description":"A 11.\u00aa edi\u00e7\u00e3o do MDOC - Festival Internacional de Document\u00e1rio de Melga\u00e7o realiza-se entre 28 de julho e 03 de agosto com uma resid\u00eancia cinematogr\u00e1fica para jovens realizadores e mais de 30 filmes em competi\u00e7\u00e3o, revelou hoje a organiza\u00e7\u00e3o.","og_url":"https:\/\/www.altominho.tv\/site\/2025\/06\/06\/festival-internacional-de-documentario-de-melgaco\/","og_site_name":"Altominho.tv","article_publisher":"https:\/\/www.facebook.com\/altominhotv","article_published_time":"2025-06-06T16:38:34+00:00","article_modified_time":"2025-06-06T16:40:51+00:00","og_image":[{"width":1200,"height":630,"url":"https:\/\/www.altominho.tv\/site\/wp-content\/uploads\/2025\/06\/Festival-Internacional-de-Documentario-de-Melgaco-.jpg","type":"image\/jpeg"}],"author":"Lusa","twitter_card":"summary_large_image","twitter_creator":"@altominhoTV","twitter_site":"@altominhoTV","twitter_misc":{"Escrito por":"Lusa","Tempo estimado de leitura":"1 minuto"},"schema":{"@context":"https:\/\/schema.org","@graph":[{"@type":"Article","@id":"https:\/\/www.altominho.tv\/site\/2025\/06\/06\/festival-internacional-de-documentario-de-melgaco\/#article","isPartOf":{"@id":"https:\/\/www.altominho.tv\/site\/2025\/06\/06\/festival-internacional-de-documentario-de-melgaco\/"},"author":{"name":"Lusa","@id":"https:\/\/www.altominho.tv\/site\/#\/schema\/person\/63f693da3e1899361cbe955c46f3232e"},"headline":"Festival Internacional de Document\u00e1rio de Melga\u00e7o realiza-se entre 28 de julho e 3 de agosto","datePublished":"2025-06-06T16:38:34+00:00","dateModified":"2025-06-06T16:40:51+00:00","mainEntityOfPage":{"@id":"https:\/\/www.altominho.tv\/site\/2025\/06\/06\/festival-internacional-de-documentario-de-melgaco\/"},"wordCount":675,"image":{"@id":"https:\/\/www.altominho.tv\/site\/2025\/06\/06\/festival-internacional-de-documentario-de-melgaco\/#primaryimage"},"thumbnailUrl":"https:\/\/www.altominho.tv\/site\/wp-content\/uploads\/2025\/06\/Festival-Internacional-de-Documentario-de-Melgaco-.jpg","keywords":["Cultura"],"articleSection":["Melga\u00e7o"],"inLanguage":"pt-PT","copyrightYear":"2025","copyrightHolder":{"@id":"https:\/\/www.altominho.tv\/site\/#organization"}},{"@type":"WebPage","@id":"https:\/\/www.altominho.tv\/site\/2025\/06\/06\/festival-internacional-de-documentario-de-melgaco\/","url":"https:\/\/www.altominho.tv\/site\/2025\/06\/06\/festival-internacional-de-documentario-de-melgaco\/","name":"Festival Internacional de Document\u00e1rio de Melga\u00e7o realiza-se entre 28 de julho e 3 de agosto","isPartOf":{"@id":"https:\/\/www.altominho.tv\/site\/#website"},"primaryImageOfPage":{"@id":"https:\/\/www.altominho.tv\/site\/2025\/06\/06\/festival-internacional-de-documentario-de-melgaco\/#primaryimage"},"image":{"@id":"https:\/\/www.altominho.tv\/site\/2025\/06\/06\/festival-internacional-de-documentario-de-melgaco\/#primaryimage"},"thumbnailUrl":"https:\/\/www.altominho.tv\/site\/wp-content\/uploads\/2025\/06\/Festival-Internacional-de-Documentario-de-Melgaco-.jpg","datePublished":"2025-06-06T16:38:34+00:00","dateModified":"2025-06-06T16:40:51+00:00","author":{"@id":"https:\/\/www.altominho.tv\/site\/#\/schema\/person\/63f693da3e1899361cbe955c46f3232e"},"description":"A 11.\u00aa edi\u00e7\u00e3o do MDOC - Festival Internacional de Document\u00e1rio de Melga\u00e7o realiza-se entre 28 de julho e 03 de agosto com uma resid\u00eancia cinematogr\u00e1fica para jovens realizadores e mais de 30 filmes em competi\u00e7\u00e3o, revelou hoje a organiza\u00e7\u00e3o.","breadcrumb":{"@id":"https:\/\/www.altominho.tv\/site\/2025\/06\/06\/festival-internacional-de-documentario-de-melgaco\/#breadcrumb"},"inLanguage":"pt-PT","potentialAction":[{"@type":"ReadAction","target":["https:\/\/www.altominho.tv\/site\/2025\/06\/06\/festival-internacional-de-documentario-de-melgaco\/"]}]},{"@type":"ImageObject","inLanguage":"pt-PT","@id":"https:\/\/www.altominho.tv\/site\/2025\/06\/06\/festival-internacional-de-documentario-de-melgaco\/#primaryimage","url":"https:\/\/www.altominho.tv\/site\/wp-content\/uploads\/2025\/06\/Festival-Internacional-de-Documentario-de-Melgaco-.jpg","contentUrl":"https:\/\/www.altominho.tv\/site\/wp-content\/uploads\/2025\/06\/Festival-Internacional-de-Documentario-de-Melgaco-.jpg","width":1200,"height":630},{"@type":"BreadcrumbList","@id":"https:\/\/www.altominho.tv\/site\/2025\/06\/06\/festival-internacional-de-documentario-de-melgaco\/#breadcrumb","itemListElement":[{"@type":"ListItem","position":1,"name":"In\u00edcio","item":"https:\/\/www.altominho.tv\/site\/"},{"@type":"ListItem","position":2,"name":"Festival Internacional de Document\u00e1rio de Melga\u00e7o realiza-se entre 28 de julho e 3 de agosto"}]},{"@type":"WebSite","@id":"https:\/\/www.altominho.tv\/site\/#website","url":"https:\/\/www.altominho.tv\/site\/","name":"Altominho.tv","description":"A sua regi\u00e3o \u00e0 dist\u00e2ncia de um clique...","potentialAction":[{"@type":"SearchAction","target":{"@type":"EntryPoint","urlTemplate":"https:\/\/www.altominho.tv\/site\/?s={search_term_string}"},"query-input":{"@type":"PropertyValueSpecification","valueRequired":true,"valueName":"search_term_string"}}],"inLanguage":"pt-PT"},{"@type":"Person","@id":"https:\/\/www.altominho.tv\/site\/#\/schema\/person\/63f693da3e1899361cbe955c46f3232e","name":"Lusa","image":{"@type":"ImageObject","inLanguage":"pt-PT","@id":"https:\/\/www.altominho.tv\/site\/wp-content\/uploads\/2019\/08\/LUSA_Logo.gif","url":"https:\/\/www.altominho.tv\/site\/wp-content\/uploads\/2019\/08\/LUSA_Logo.gif","contentUrl":"https:\/\/www.altominho.tv\/site\/wp-content\/uploads\/2019\/08\/LUSA_Logo.gif","caption":"Lusa"},"sameAs":["http:\/\/\/\/www.altominho.tv\/site"],"url":"https:\/\/www.altominho.tv\/site\/author\/lusa\/"}]}},"_links":{"self":[{"href":"https:\/\/www.altominho.tv\/site\/wp-json\/wp\/v2\/posts\/119385","targetHints":{"allow":["GET"]}}],"collection":[{"href":"https:\/\/www.altominho.tv\/site\/wp-json\/wp\/v2\/posts"}],"about":[{"href":"https:\/\/www.altominho.tv\/site\/wp-json\/wp\/v2\/types\/post"}],"author":[{"embeddable":true,"href":"https:\/\/www.altominho.tv\/site\/wp-json\/wp\/v2\/users\/13"}],"replies":[{"embeddable":true,"href":"https:\/\/www.altominho.tv\/site\/wp-json\/wp\/v2\/comments?post=119385"}],"version-history":[{"count":2,"href":"https:\/\/www.altominho.tv\/site\/wp-json\/wp\/v2\/posts\/119385\/revisions"}],"predecessor-version":[{"id":119389,"href":"https:\/\/www.altominho.tv\/site\/wp-json\/wp\/v2\/posts\/119385\/revisions\/119389"}],"wp:featuredmedia":[{"embeddable":true,"href":"https:\/\/www.altominho.tv\/site\/wp-json\/wp\/v2\/media\/119387"}],"wp:attachment":[{"href":"https:\/\/www.altominho.tv\/site\/wp-json\/wp\/v2\/media?parent=119385"}],"wp:term":[{"taxonomy":"category","embeddable":true,"href":"https:\/\/www.altominho.tv\/site\/wp-json\/wp\/v2\/categories?post=119385"},{"taxonomy":"post_tag","embeddable":true,"href":"https:\/\/www.altominho.tv\/site\/wp-json\/wp\/v2\/tags?post=119385"}],"curies":[{"name":"wp","href":"https:\/\/api.w.org\/{rel}","templated":true}]}}