{"id":119356,"date":"2025-06-06T13:57:07","date_gmt":"2025-06-06T12:57:07","guid":{"rendered":"https:\/\/www.altominho.tv\/site\/?p=119356"},"modified":"2025-06-06T13:57:10","modified_gmt":"2025-06-06T12:57:10","slug":"dois-detidos-em-prisao-preventiva-por-15-crimes-de-burla-a-idosos","status":"publish","type":"post","link":"https:\/\/www.altominho.tv\/site\/2025\/06\/06\/dois-detidos-em-prisao-preventiva-por-15-crimes-de-burla-a-idosos\/","title":{"rendered":"Dois detidos em pris\u00e3o preventiva por 15 crimes de burla a idosos"},"content":{"rendered":"<p>Dois homens, de 71 e 73 anos, ficaram em pris\u00e3o preventiva indiciados por 15 crimes de burla qualificada alegadamente cometidos sobre idosos durante as feiras semanais de v\u00e1rios concelhos do norte e centro do pa\u00eds, indicou hoje a GNR.<\/p>\n<p>Em comunicado, o Comando Territorial de Braga conta que atrav\u00e9s do N\u00facleo de Investiga\u00e7\u00e3o Criminal de Fafe deteve os dois homens, que residiam em Lisboa e em Oeiras, na ter\u00e7a-feira (3 de junho), na vila de Prado, no concelho de Vila Verde, em flagrante delito.<\/p>\n<p>\u201cNo decurso da investiga\u00e7\u00e3o, foi poss\u00edvel apurar-se que os suspeitos abordavam as v\u00edtimas, maioritariamente homens idosos, com o objetivo de ganhar a sua confian\u00e7a e perceber se estas tinham na sua posse grandes quantias em dinheiro, as quais acabavam por entregar aos burl\u00f5es\u201d, explica a GNR.<\/p>\n<p>Esta for\u00e7a de seguran\u00e7a apurou que os suspeitos atuavam nas imedia\u00e7\u00f5es de feiras semanais, em diversos concelhos do pa\u00eds, nomeadamente Viana do Castelo, Ponte de Lima, Vila Verde, Braga, Fafe, Cabeceiras de Basto, Felgueiras, Bragan\u00e7a, Mirandela, Penafiel, Porto, Guarda, Gouveia, Celorico da Beira, Castelo Branco, Leiria e F\u00e1tima.<\/p>\n<p>\u201cFoi ainda poss\u00edvel indiciar os suspeitos por 15 crimes de burla qualificada a idosos em raz\u00e3o do preju\u00edzo patrimonial causado, bem como da especial vulnerabilidade da v\u00edtima e da dif\u00edcil situa\u00e7\u00e3o econ\u00f3mica em que ficavam ap\u00f3s a consuma\u00e7\u00e3o da burla\u201d, adianta a GNR.<\/p>\n<p>Na sequ\u00eancia das dilig\u00eancias policiais, os militares da Guarda realizaram tr\u00eas buscas domicili\u00e1rias, no concelho de Lisboa e em Oeiras, que culminaram na apreens\u00e3o de material relacionado com os il\u00edcitos.<\/p>\n<p>Os militares da GNR apreenderam 100 mil euros em numer\u00e1rio, dois autom\u00f3veis, uma pe\u00e7a de ouro, equipamentos inform\u00e1ticos, apontamentos e notas manuscritas e indument\u00e1ria utilizada durante a pr\u00e1tica das burlas.<\/p>\n<p>Os suspeitos foram presentes a primeiro interrogat\u00f3rio judicial na quinta-feira, no Tribunal Judicial de Cabeceiras de Basto, que lhes aplicou a medida de coa\u00e7\u00e3o de pris\u00e3o preventiva.<\/p>\n<p>Esta investiga\u00e7\u00e3o contou com o refor\u00e7o dos militares da estrutura de Investiga\u00e7\u00e3o Criminal (IC) do Comando Territorial de Braga e de Lisboa, e com o apoio da Pol\u00edcia de Seguran\u00e7a P\u00fablica (PSP).<\/p>\n","protected":false},"excerpt":{"rendered":"<p>Dois homens, de 71 e 73 anos, ficaram em pris\u00e3o preventiva indiciados por 15 crimes de burla qualificada alegadamente cometidos sobre idosos durante as feiras semanais de v\u00e1rios concelhos do norte e centro do pa\u00eds, indicou hoje a GNR. Em comunicado, o Comando Territorial de Braga conta que atrav\u00e9s do N\u00facleo de Investiga\u00e7\u00e3o Criminal de [&hellip;]<\/p>\n","protected":false},"author":13,"featured_media":119359,"comment_status":"closed","ping_status":"closed","sticky":false,"template":"","format":"standard","meta":{"_exactmetrics_skip_tracking":false,"_exactmetrics_sitenote_active":false,"_exactmetrics_sitenote_note":"","_exactmetrics_sitenote_category":0,"footnotes":""},"categories":[73],"tags":[27],"class_list":["post-119356","post","type-post","status-publish","format-standard","has-post-thumbnail","hentry","category-alto-minho","tag-sociedade"],"yoast_head":"<!-- This site is optimized with the Yoast SEO Premium plugin v27.5 (Yoast SEO v27.5) - https:\/\/yoast.com\/product\/yoast-seo-premium-wordpress\/ -->\n<title>Dois detidos em pris\u00e3o preventiva por 15 crimes de burla a idosos<\/title>\n<meta name=\"description\" content=\"Dois homens, de 71 e 73 anos, ficaram em pris\u00e3o preventiva indiciados por 15 crimes de burla qualificada alegadamente cometidos sobre idosos durante as feiras semanais de v\u00e1rios concelhos do norte e centro do pa\u00eds\" \/>\n<meta name=\"robots\" content=\"index, follow, max-snippet:-1, max-image-preview:large, max-video-preview:-1\" \/>\n<link rel=\"canonical\" href=\"https:\/\/www.altominho.tv\/site\/2025\/06\/06\/dois-detidos-em-prisao-preventiva-por-15-crimes-de-burla-a-idosos\/\" \/>\n<meta property=\"og:locale\" content=\"pt_PT\" \/>\n<meta property=\"og:type\" content=\"article\" \/>\n<meta property=\"og:title\" content=\"Dois detidos em pris\u00e3o preventiva por 15 crimes de burla a idosos\" \/>\n<meta property=\"og:description\" content=\"Dois homens, de 71 e 73 anos, ficaram em pris\u00e3o preventiva indiciados por 15 crimes de burla qualificada alegadamente cometidos sobre idosos durante as feiras semanais de v\u00e1rios concelhos do norte e centro do pa\u00eds\" \/>\n<meta property=\"og:url\" content=\"https:\/\/www.altominho.tv\/site\/2025\/06\/06\/dois-detidos-em-prisao-preventiva-por-15-crimes-de-burla-a-idosos\/\" \/>\n<meta property=\"og:site_name\" content=\"Altominho.tv\" \/>\n<meta property=\"article:publisher\" content=\"https:\/\/www.facebook.com\/altominhotv\" \/>\n<meta property=\"article:published_time\" content=\"2025-06-06T12:57:07+00:00\" \/>\n<meta property=\"article:modified_time\" content=\"2025-06-06T12:57:10+00:00\" \/>\n<meta property=\"og:image\" content=\"https:\/\/www.altominho.tv\/site\/wp-content\/uploads\/2025\/06\/burla-idosos.jpg\" \/>\n\t<meta property=\"og:image:width\" content=\"1200\" \/>\n\t<meta property=\"og:image:height\" content=\"630\" \/>\n\t<meta property=\"og:image:type\" content=\"image\/jpeg\" \/>\n<meta name=\"author\" content=\"Lusa\" \/>\n<meta name=\"twitter:card\" content=\"summary_large_image\" \/>\n<meta name=\"twitter:creator\" content=\"@altominhoTV\" \/>\n<meta name=\"twitter:site\" content=\"@altominhoTV\" \/>\n<meta name=\"twitter:label1\" content=\"Escrito por\" \/>\n\t<meta name=\"twitter:data1\" content=\"Lusa\" \/>\n\t<meta name=\"twitter:label2\" content=\"Tempo estimado de leitura\" \/>\n\t<meta name=\"twitter:data2\" content=\"3 minutos\" \/>\n<script type=\"application\/ld+json\" class=\"yoast-schema-graph\">{\"@context\":\"https:\\\/\\\/schema.org\",\"@graph\":[{\"@type\":\"Article\",\"@id\":\"https:\\\/\\\/www.altominho.tv\\\/site\\\/2025\\\/06\\\/06\\\/dois-detidos-em-prisao-preventiva-por-15-crimes-de-burla-a-idosos\\\/#article\",\"isPartOf\":{\"@id\":\"https:\\\/\\\/www.altominho.tv\\\/site\\\/2025\\\/06\\\/06\\\/dois-detidos-em-prisao-preventiva-por-15-crimes-de-burla-a-idosos\\\/\"},\"author\":{\"name\":\"Lusa\",\"@id\":\"https:\\\/\\\/www.altominho.tv\\\/site\\\/#\\\/schema\\\/person\\\/63f693da3e1899361cbe955c46f3232e\"},\"headline\":\"Dois detidos em pris\u00e3o preventiva por 15 crimes de burla a idosos\",\"datePublished\":\"2025-06-06T12:57:07+00:00\",\"dateModified\":\"2025-06-06T12:57:10+00:00\",\"mainEntityOfPage\":{\"@id\":\"https:\\\/\\\/www.altominho.tv\\\/site\\\/2025\\\/06\\\/06\\\/dois-detidos-em-prisao-preventiva-por-15-crimes-de-burla-a-idosos\\\/\"},\"wordCount\":394,\"image\":{\"@id\":\"https:\\\/\\\/www.altominho.tv\\\/site\\\/2025\\\/06\\\/06\\\/dois-detidos-em-prisao-preventiva-por-15-crimes-de-burla-a-idosos\\\/#primaryimage\"},\"thumbnailUrl\":\"https:\\\/\\\/www.altominho.tv\\\/site\\\/wp-content\\\/uploads\\\/2025\\\/06\\\/burla-idosos.jpg\",\"keywords\":[\"Sociedade\"],\"articleSection\":[\"Alto Minho\"],\"inLanguage\":\"pt-PT\",\"copyrightYear\":\"2025\",\"copyrightHolder\":{\"@id\":\"https:\\\/\\\/www.altominho.tv\\\/site\\\/#organization\"}},{\"@type\":\"WebPage\",\"@id\":\"https:\\\/\\\/www.altominho.tv\\\/site\\\/2025\\\/06\\\/06\\\/dois-detidos-em-prisao-preventiva-por-15-crimes-de-burla-a-idosos\\\/\",\"url\":\"https:\\\/\\\/www.altominho.tv\\\/site\\\/2025\\\/06\\\/06\\\/dois-detidos-em-prisao-preventiva-por-15-crimes-de-burla-a-idosos\\\/\",\"name\":\"Dois detidos em pris\u00e3o preventiva por 15 crimes de burla a idosos\",\"isPartOf\":{\"@id\":\"https:\\\/\\\/www.altominho.tv\\\/site\\\/#website\"},\"primaryImageOfPage\":{\"@id\":\"https:\\\/\\\/www.altominho.tv\\\/site\\\/2025\\\/06\\\/06\\\/dois-detidos-em-prisao-preventiva-por-15-crimes-de-burla-a-idosos\\\/#primaryimage\"},\"image\":{\"@id\":\"https:\\\/\\\/www.altominho.tv\\\/site\\\/2025\\\/06\\\/06\\\/dois-detidos-em-prisao-preventiva-por-15-crimes-de-burla-a-idosos\\\/#primaryimage\"},\"thumbnailUrl\":\"https:\\\/\\\/www.altominho.tv\\\/site\\\/wp-content\\\/uploads\\\/2025\\\/06\\\/burla-idosos.jpg\",\"datePublished\":\"2025-06-06T12:57:07+00:00\",\"dateModified\":\"2025-06-06T12:57:10+00:00\",\"author\":{\"@id\":\"https:\\\/\\\/www.altominho.tv\\\/site\\\/#\\\/schema\\\/person\\\/63f693da3e1899361cbe955c46f3232e\"},\"description\":\"Dois homens, de 71 e 73 anos, ficaram em pris\u00e3o preventiva indiciados por 15 crimes de burla qualificada alegadamente cometidos sobre idosos durante as feiras semanais de v\u00e1rios concelhos do norte e centro do pa\u00eds\",\"breadcrumb\":{\"@id\":\"https:\\\/\\\/www.altominho.tv\\\/site\\\/2025\\\/06\\\/06\\\/dois-detidos-em-prisao-preventiva-por-15-crimes-de-burla-a-idosos\\\/#breadcrumb\"},\"inLanguage\":\"pt-PT\",\"potentialAction\":[{\"@type\":\"ReadAction\",\"target\":[\"https:\\\/\\\/www.altominho.tv\\\/site\\\/2025\\\/06\\\/06\\\/dois-detidos-em-prisao-preventiva-por-15-crimes-de-burla-a-idosos\\\/\"]}]},{\"@type\":\"ImageObject\",\"inLanguage\":\"pt-PT\",\"@id\":\"https:\\\/\\\/www.altominho.tv\\\/site\\\/2025\\\/06\\\/06\\\/dois-detidos-em-prisao-preventiva-por-15-crimes-de-burla-a-idosos\\\/#primaryimage\",\"url\":\"https:\\\/\\\/www.altominho.tv\\\/site\\\/wp-content\\\/uploads\\\/2025\\\/06\\\/burla-idosos.jpg\",\"contentUrl\":\"https:\\\/\\\/www.altominho.tv\\\/site\\\/wp-content\\\/uploads\\\/2025\\\/06\\\/burla-idosos.jpg\",\"width\":1200,\"height\":630},{\"@type\":\"BreadcrumbList\",\"@id\":\"https:\\\/\\\/www.altominho.tv\\\/site\\\/2025\\\/06\\\/06\\\/dois-detidos-em-prisao-preventiva-por-15-crimes-de-burla-a-idosos\\\/#breadcrumb\",\"itemListElement\":[{\"@type\":\"ListItem\",\"position\":1,\"name\":\"In\u00edcio\",\"item\":\"https:\\\/\\\/www.altominho.tv\\\/site\\\/\"},{\"@type\":\"ListItem\",\"position\":2,\"name\":\"Dois detidos em pris\u00e3o preventiva por 15 crimes de burla a idosos\"}]},{\"@type\":\"WebSite\",\"@id\":\"https:\\\/\\\/www.altominho.tv\\\/site\\\/#website\",\"url\":\"https:\\\/\\\/www.altominho.tv\\\/site\\\/\",\"name\":\"Altominho.tv\",\"description\":\"A sua regi\u00e3o \u00e0 dist\u00e2ncia de um clique...\",\"potentialAction\":[{\"@type\":\"SearchAction\",\"target\":{\"@type\":\"EntryPoint\",\"urlTemplate\":\"https:\\\/\\\/www.altominho.tv\\\/site\\\/?s={search_term_string}\"},\"query-input\":{\"@type\":\"PropertyValueSpecification\",\"valueRequired\":true,\"valueName\":\"search_term_string\"}}],\"inLanguage\":\"pt-PT\"},{\"@type\":\"Person\",\"@id\":\"https:\\\/\\\/www.altominho.tv\\\/site\\\/#\\\/schema\\\/person\\\/63f693da3e1899361cbe955c46f3232e\",\"name\":\"Lusa\",\"image\":{\"@type\":\"ImageObject\",\"inLanguage\":\"pt-PT\",\"@id\":\"https:\\\/\\\/www.altominho.tv\\\/site\\\/wp-content\\\/uploads\\\/2019\\\/08\\\/LUSA_Logo.gif\",\"url\":\"https:\\\/\\\/www.altominho.tv\\\/site\\\/wp-content\\\/uploads\\\/2019\\\/08\\\/LUSA_Logo.gif\",\"contentUrl\":\"https:\\\/\\\/www.altominho.tv\\\/site\\\/wp-content\\\/uploads\\\/2019\\\/08\\\/LUSA_Logo.gif\",\"caption\":\"Lusa\"},\"sameAs\":[\"http:\\\/\\\/\\\/\\\/www.altominho.tv\\\/site\"],\"url\":\"https:\\\/\\\/www.altominho.tv\\\/site\\\/author\\\/lusa\\\/\"}]}<\/script>\n<!-- \/ Yoast SEO Premium plugin. -->","yoast_head_json":{"title":"Dois detidos em pris\u00e3o preventiva por 15 crimes de burla a idosos","description":"Dois homens, de 71 e 73 anos, ficaram em pris\u00e3o preventiva indiciados por 15 crimes de burla qualificada alegadamente cometidos sobre idosos durante as feiras semanais de v\u00e1rios concelhos do norte e centro do pa\u00eds","robots":{"index":"index","follow":"follow","max-snippet":"max-snippet:-1","max-image-preview":"max-image-preview:large","max-video-preview":"max-video-preview:-1"},"canonical":"https:\/\/www.altominho.tv\/site\/2025\/06\/06\/dois-detidos-em-prisao-preventiva-por-15-crimes-de-burla-a-idosos\/","og_locale":"pt_PT","og_type":"article","og_title":"Dois detidos em pris\u00e3o preventiva por 15 crimes de burla a idosos","og_description":"Dois homens, de 71 e 73 anos, ficaram em pris\u00e3o preventiva indiciados por 15 crimes de burla qualificada alegadamente cometidos sobre idosos durante as feiras semanais de v\u00e1rios concelhos do norte e centro do pa\u00eds","og_url":"https:\/\/www.altominho.tv\/site\/2025\/06\/06\/dois-detidos-em-prisao-preventiva-por-15-crimes-de-burla-a-idosos\/","og_site_name":"Altominho.tv","article_publisher":"https:\/\/www.facebook.com\/altominhotv","article_published_time":"2025-06-06T12:57:07+00:00","article_modified_time":"2025-06-06T12:57:10+00:00","og_image":[{"width":1200,"height":630,"url":"https:\/\/www.altominho.tv\/site\/wp-content\/uploads\/2025\/06\/burla-idosos.jpg","type":"image\/jpeg"}],"author":"Lusa","twitter_card":"summary_large_image","twitter_creator":"@altominhoTV","twitter_site":"@altominhoTV","twitter_misc":{"Escrito por":"Lusa","Tempo estimado de leitura":"3 minutos"},"schema":{"@context":"https:\/\/schema.org","@graph":[{"@type":"Article","@id":"https:\/\/www.altominho.tv\/site\/2025\/06\/06\/dois-detidos-em-prisao-preventiva-por-15-crimes-de-burla-a-idosos\/#article","isPartOf":{"@id":"https:\/\/www.altominho.tv\/site\/2025\/06\/06\/dois-detidos-em-prisao-preventiva-por-15-crimes-de-burla-a-idosos\/"},"author":{"name":"Lusa","@id":"https:\/\/www.altominho.tv\/site\/#\/schema\/person\/63f693da3e1899361cbe955c46f3232e"},"headline":"Dois detidos em pris\u00e3o preventiva por 15 crimes de burla a idosos","datePublished":"2025-06-06T12:57:07+00:00","dateModified":"2025-06-06T12:57:10+00:00","mainEntityOfPage":{"@id":"https:\/\/www.altominho.tv\/site\/2025\/06\/06\/dois-detidos-em-prisao-preventiva-por-15-crimes-de-burla-a-idosos\/"},"wordCount":394,"image":{"@id":"https:\/\/www.altominho.tv\/site\/2025\/06\/06\/dois-detidos-em-prisao-preventiva-por-15-crimes-de-burla-a-idosos\/#primaryimage"},"thumbnailUrl":"https:\/\/www.altominho.tv\/site\/wp-content\/uploads\/2025\/06\/burla-idosos.jpg","keywords":["Sociedade"],"articleSection":["Alto Minho"],"inLanguage":"pt-PT","copyrightYear":"2025","copyrightHolder":{"@id":"https:\/\/www.altominho.tv\/site\/#organization"}},{"@type":"WebPage","@id":"https:\/\/www.altominho.tv\/site\/2025\/06\/06\/dois-detidos-em-prisao-preventiva-por-15-crimes-de-burla-a-idosos\/","url":"https:\/\/www.altominho.tv\/site\/2025\/06\/06\/dois-detidos-em-prisao-preventiva-por-15-crimes-de-burla-a-idosos\/","name":"Dois detidos em pris\u00e3o preventiva por 15 crimes de burla a idosos","isPartOf":{"@id":"https:\/\/www.altominho.tv\/site\/#website"},"primaryImageOfPage":{"@id":"https:\/\/www.altominho.tv\/site\/2025\/06\/06\/dois-detidos-em-prisao-preventiva-por-15-crimes-de-burla-a-idosos\/#primaryimage"},"image":{"@id":"https:\/\/www.altominho.tv\/site\/2025\/06\/06\/dois-detidos-em-prisao-preventiva-por-15-crimes-de-burla-a-idosos\/#primaryimage"},"thumbnailUrl":"https:\/\/www.altominho.tv\/site\/wp-content\/uploads\/2025\/06\/burla-idosos.jpg","datePublished":"2025-06-06T12:57:07+00:00","dateModified":"2025-06-06T12:57:10+00:00","author":{"@id":"https:\/\/www.altominho.tv\/site\/#\/schema\/person\/63f693da3e1899361cbe955c46f3232e"},"description":"Dois homens, de 71 e 73 anos, ficaram em pris\u00e3o preventiva indiciados por 15 crimes de burla qualificada alegadamente cometidos sobre idosos durante as feiras semanais de v\u00e1rios concelhos do norte e centro do pa\u00eds","breadcrumb":{"@id":"https:\/\/www.altominho.tv\/site\/2025\/06\/06\/dois-detidos-em-prisao-preventiva-por-15-crimes-de-burla-a-idosos\/#breadcrumb"},"inLanguage":"pt-PT","potentialAction":[{"@type":"ReadAction","target":["https:\/\/www.altominho.tv\/site\/2025\/06\/06\/dois-detidos-em-prisao-preventiva-por-15-crimes-de-burla-a-idosos\/"]}]},{"@type":"ImageObject","inLanguage":"pt-PT","@id":"https:\/\/www.altominho.tv\/site\/2025\/06\/06\/dois-detidos-em-prisao-preventiva-por-15-crimes-de-burla-a-idosos\/#primaryimage","url":"https:\/\/www.altominho.tv\/site\/wp-content\/uploads\/2025\/06\/burla-idosos.jpg","contentUrl":"https:\/\/www.altominho.tv\/site\/wp-content\/uploads\/2025\/06\/burla-idosos.jpg","width":1200,"height":630},{"@type":"BreadcrumbList","@id":"https:\/\/www.altominho.tv\/site\/2025\/06\/06\/dois-detidos-em-prisao-preventiva-por-15-crimes-de-burla-a-idosos\/#breadcrumb","itemListElement":[{"@type":"ListItem","position":1,"name":"In\u00edcio","item":"https:\/\/www.altominho.tv\/site\/"},{"@type":"ListItem","position":2,"name":"Dois detidos em pris\u00e3o preventiva por 15 crimes de burla a idosos"}]},{"@type":"WebSite","@id":"https:\/\/www.altominho.tv\/site\/#website","url":"https:\/\/www.altominho.tv\/site\/","name":"Altominho.tv","description":"A sua regi\u00e3o \u00e0 dist\u00e2ncia de um clique...","potentialAction":[{"@type":"SearchAction","target":{"@type":"EntryPoint","urlTemplate":"https:\/\/www.altominho.tv\/site\/?s={search_term_string}"},"query-input":{"@type":"PropertyValueSpecification","valueRequired":true,"valueName":"search_term_string"}}],"inLanguage":"pt-PT"},{"@type":"Person","@id":"https:\/\/www.altominho.tv\/site\/#\/schema\/person\/63f693da3e1899361cbe955c46f3232e","name":"Lusa","image":{"@type":"ImageObject","inLanguage":"pt-PT","@id":"https:\/\/www.altominho.tv\/site\/wp-content\/uploads\/2019\/08\/LUSA_Logo.gif","url":"https:\/\/www.altominho.tv\/site\/wp-content\/uploads\/2019\/08\/LUSA_Logo.gif","contentUrl":"https:\/\/www.altominho.tv\/site\/wp-content\/uploads\/2019\/08\/LUSA_Logo.gif","caption":"Lusa"},"sameAs":["http:\/\/\/\/www.altominho.tv\/site"],"url":"https:\/\/www.altominho.tv\/site\/author\/lusa\/"}]}},"_links":{"self":[{"href":"https:\/\/www.altominho.tv\/site\/wp-json\/wp\/v2\/posts\/119356","targetHints":{"allow":["GET"]}}],"collection":[{"href":"https:\/\/www.altominho.tv\/site\/wp-json\/wp\/v2\/posts"}],"about":[{"href":"https:\/\/www.altominho.tv\/site\/wp-json\/wp\/v2\/types\/post"}],"author":[{"embeddable":true,"href":"https:\/\/www.altominho.tv\/site\/wp-json\/wp\/v2\/users\/13"}],"replies":[{"embeddable":true,"href":"https:\/\/www.altominho.tv\/site\/wp-json\/wp\/v2\/comments?post=119356"}],"version-history":[{"count":1,"href":"https:\/\/www.altominho.tv\/site\/wp-json\/wp\/v2\/posts\/119356\/revisions"}],"predecessor-version":[{"id":119360,"href":"https:\/\/www.altominho.tv\/site\/wp-json\/wp\/v2\/posts\/119356\/revisions\/119360"}],"wp:featuredmedia":[{"embeddable":true,"href":"https:\/\/www.altominho.tv\/site\/wp-json\/wp\/v2\/media\/119359"}],"wp:attachment":[{"href":"https:\/\/www.altominho.tv\/site\/wp-json\/wp\/v2\/media?parent=119356"}],"wp:term":[{"taxonomy":"category","embeddable":true,"href":"https:\/\/www.altominho.tv\/site\/wp-json\/wp\/v2\/categories?post=119356"},{"taxonomy":"post_tag","embeddable":true,"href":"https:\/\/www.altominho.tv\/site\/wp-json\/wp\/v2\/tags?post=119356"}],"curies":[{"name":"wp","href":"https:\/\/api.w.org\/{rel}","templated":true}]}}