{"id":119011,"date":"2025-05-30T15:39:09","date_gmt":"2025-05-30T14:39:09","guid":{"rendered":"https:\/\/www.altominho.tv\/site\/?p=119011"},"modified":"2025-05-30T15:39:12","modified_gmt":"2025-05-30T14:39:12","slug":"alto-minho-atividades-agricolas","status":"publish","type":"post","link":"https:\/\/www.altominho.tv\/site\/2025\/05\/30\/alto-minho-atividades-agricolas\/","title":{"rendered":"Promo\u00e7\u00e3o das atividades agr\u00edcolas aumenta resili\u00eancia dos territ\u00f3rios aos inc\u00eandios"},"content":{"rendered":"\n<p>A diretora-geral do territ\u00f3rio, Fernanda do Carmo, defendeu hoje, em Viana do Castelo, que a manuten\u00e7\u00e3o e o incremento de atividades agr\u00edcolas nas \u00e1reas florestais aumenta a sua resili\u00eancia aos inc\u00eandios rurais.<\/p>\n\n\n\n<p>\u201cOs sistemas agr\u00edcolas, dentro das \u00e1reas florestais, s\u00e3o fundamentais para gerir o fogo, para introduzir organiza\u00e7\u00e3o na floresta, criando mosaicos agr\u00edcolas estrat\u00e9gicos, que provoquem a descontinuidade no territ\u00f3rio em locais onde os estudos cient\u00edficos comprovam maior vulnerabilidade ao fogo\u201d afirmou Fernanda do Carmo.<\/p>\n\n\n\n<p>Em declara\u00e7\u00f5es \u00e0 ag\u00eancia Lusa, durante uma sess\u00e3o de esclarecimento sobre o Programa de Reordenamento e Gest\u00e3o da Paisagem (PRGP) de Entre Minho e Lima, em discuss\u00e3o p\u00fablica at\u00e9 dia 16 de junho, a respons\u00e1vel destacou que \u201cna transi\u00e7\u00e3o entre um litoral de excel\u00eancia e o Parque Nacional da Peneda Ger\u00eas (PNPG) existem valores naturais excecionais e um potencial imenso para ser aproveitado com o apoio deste instrumento de gest\u00e3o do territ\u00f3rio\u201d.<\/p>\n\n\n\n<p>O PRGP de Entre Minho e Lima abrange uma \u00e1rea de interven\u00e7\u00e3o de 42 mil hectares dos concelhos de Caminha, Viana do Castelo, Ponte de Lima, Vila Nova de Cerveira, Paredes de Coura e Arcos de Valdevez. O documento, com 200 p\u00e1ginas, contou com o envolvimento das autarquias, entidades da administra\u00e7\u00e3o central e regional, empresas, universidade e associa\u00e7\u00f5es sociais e empresariais.<\/p>\n\n\n\n<p>No total, a Dire\u00e7\u00e3o-Geral do Territ\u00f3rio (DGT) elaborou, em todo o pa\u00eds, com financiamento do Plano de Recupera\u00e7\u00e3o e Resili\u00eancia (PRR), 20 PRGP que ter\u00e3o de ser aprovados pelo Governo at\u00e9 setembro.<\/p>\n\n\n\n<p>O documento, que \u201cabsorveu\u201d outros instrumentos de gest\u00e3o do territ\u00f3rio em vigor, desafia a \u201colhar para o solo r\u00fastico com a mesma intensidade e interesse como se olha para o urbano, estimulando a agricultura, pastor\u00edcia, atividades culturais, recreativas tur\u00edsticas\u201d, atraindo popula\u00e7\u00e3o jovem para territ\u00f3rios envelhecidos e desertificados.<\/p>\n\n\n\n<p>\u201cEstamos sempre a discutir o valor do solo urbano e, nestes territ\u00f3rios de solo r\u00fastico, temos um capital natural e econ\u00f3mico adjacente elevad\u00edssimo que, muitas vezes, n\u00e3o consideramos\u201d.<\/p>\n\n\n\n<p>A diretora-geral afirmou que, \u201cnum contexto em que h\u00e1 desafios enormes ao n\u00edvel das altera\u00e7\u00f5es clim\u00e1ticas e objetivos de neutralidade carb\u00f3nica at\u00e9 2050, estes territ\u00f3rios enquanto prestam servi\u00e7os de ecossistemas, que t\u00eam \u2018stock\u2019 de carbono que, se n\u00e3o arderem s\u00e3o um ativo fundamental para esse objetivo\u201d.<\/p>\n\n\n\n<p>\u201cTemos de olhar para estes territ\u00f3rios com mais aten\u00e7\u00e3o, mais cuidado e proatividade na ajuda aos cidad\u00e3os e \u00e0s empresas para, nas suas atividades, poderem ter escolhas consistentes que contribuam para este objetivo global e coletivo\u201d, frisou.<\/p>\n\n\n\n<p>Fernanda do Carmo salientou que a implementa\u00e7\u00e3o deste \u201cprograma orientador de diretrizes s\u00f3 acontecer\u00e1 com o contributo das autarquias, ajudando cidad\u00e3os e empresas a dinamizar a economia rural\u201d.<\/p>\n\n\n\n<p>O programa prop\u00f5e um \u201cmodelo de ocupa\u00e7\u00e3o do solo mais resiliente aos grandes inc\u00eandios rurais, capitalizando a sua aptid\u00e3o e compensando territ\u00f3rios onde determinada ocupa\u00e7\u00e3o n\u00e3o d\u00e1 um rendimento de mercado muito elevado\u201d.<\/p>\n\n\n\n<p>\u201cH\u00e1 determinados territ\u00f3rios que prestam servi\u00e7os ambientais fundamentais para a qualidade de vida local, nacional e internacional, mas que n\u00e3o s\u00e3o t\u00e3o rent\u00e1veis. Por exemplo, a prote\u00e7\u00e3o do solo, a reten\u00e7\u00e3o da \u00e1gua nos solos s\u00e3o servi\u00e7os que n\u00e3o s\u00e3o vis\u00edveis, n\u00e3o t\u00eam valor imediato, mas s\u00e3o absolutamente fundamentais para o planeta. Por isso t\u00eam de ser compensados\u201d, explicou.<\/p>\n\n\n\n<p>A respons\u00e1vel indicou ainda a cria\u00e7\u00e3o, no Entre Minho e Lima, regi\u00e3o onde predomina o minif\u00fandio, de \u00c1reas Integradas de Gest\u00e3o da Paisagem (AIGP).<\/p>\n\n\n\n<p>\u201cNeste territ\u00f3rio, os propriet\u00e1rios desses terrenos ou est\u00e3o ausentes ou j\u00e1 t\u00eam idade avan\u00e7ada. N\u00e3o havendo sustentabilidade econ\u00f3mica ou capacidade de limpeza, os solos ficam ao abandono. Com uma gest\u00e3o agregada de pequenas propriedades, preferencialmente atrav\u00e9s de entidades e organiza\u00e7\u00f5es coletivas, os propriet\u00e1rios n\u00e3o ficam sem os terrenos, mas eles podem ser potenciados, aumentando a produtividade e a rentabilidade dos ativos florestais e a melhoria do ordenamento e conserva\u00e7\u00e3o do espa\u00e7o rural\u201d, especificou.<\/p>\n\n\n\n<p>Segundo Fernanda do Carmo, o PRGP de Entre Minho e Lima \u201cainda n\u00e3o tem nenhuma AIGP, mas no pa\u00eds est\u00e3o criadas 62, com a\u00e7\u00f5es em plena execu\u00e7\u00e3o no valor de 150 milh\u00f5es de euros, financiadas pelo PRR\u201d.<\/p>\n\n\n\n<p>Os PRGP fazem parte de uma estrat\u00e9gia nacional aprovada em 2020 com o Programa de Transforma\u00e7\u00e3o da Paisagem (PTP), que prev\u00ea medidas como a cria\u00e7\u00e3o de \u00c1reas Integradas de Gest\u00e3o da Paisagem (AIGP), o Programa Condom\u00ednio de Aldeias e o Programa Emparcelar para Ordenar.<\/p>\n","protected":false},"excerpt":{"rendered":"<p>A diretora-geral do territ\u00f3rio, Fernanda do Carmo, defendeu hoje, em Viana do Castelo, que a manuten\u00e7\u00e3o e o incremento de atividades agr\u00edcolas nas \u00e1reas florestais aumenta a sua resili\u00eancia aos inc\u00eandios rurais. \u201cOs sistemas agr\u00edcolas, dentro das \u00e1reas florestais, s\u00e3o fundamentais para gerir o fogo, para introduzir organiza\u00e7\u00e3o na floresta, criando mosaicos agr\u00edcolas estrat\u00e9gicos, que [&hellip;]<\/p>\n","protected":false},"author":7,"featured_media":119012,"comment_status":"closed","ping_status":"closed","sticky":false,"template":"","format":"standard","meta":{"_exactmetrics_skip_tracking":false,"_exactmetrics_sitenote_active":false,"_exactmetrics_sitenote_note":"","_exactmetrics_sitenote_category":0,"footnotes":""},"categories":[73],"tags":[27],"class_list":["post-119011","post","type-post","status-publish","format-standard","has-post-thumbnail","hentry","category-alto-minho","tag-sociedade"],"yoast_head":"<!-- This site is optimized with the Yoast SEO Premium plugin v27.5 (Yoast SEO v27.5) - https:\/\/yoast.com\/product\/yoast-seo-premium-wordpress\/ -->\n<title>Promo\u00e7\u00e3o das atividades agr\u00edcolas aumenta resili\u00eancia dos territ\u00f3rios aos inc\u00eandios<\/title>\n<meta name=\"description\" content=\"A promo\u00e7\u00e3o das atividades agr\u00edcolas aumenta a resili\u00eancia dos territ\u00f3rios aos inc\u00eandios.\" \/>\n<meta name=\"robots\" content=\"index, follow, max-snippet:-1, max-image-preview:large, max-video-preview:-1\" \/>\n<link rel=\"canonical\" href=\"https:\/\/www.altominho.tv\/site\/2025\/05\/30\/alto-minho-atividades-agricolas\/\" \/>\n<meta property=\"og:locale\" content=\"pt_PT\" \/>\n<meta property=\"og:type\" content=\"article\" \/>\n<meta property=\"og:title\" content=\"Promo\u00e7\u00e3o das atividades agr\u00edcolas aumenta resili\u00eancia dos territ\u00f3rios aos inc\u00eandios\" \/>\n<meta property=\"og:description\" content=\"A promo\u00e7\u00e3o das atividades agr\u00edcolas aumenta a resili\u00eancia dos territ\u00f3rios aos inc\u00eandios.\" \/>\n<meta property=\"og:url\" content=\"https:\/\/www.altominho.tv\/site\/2025\/05\/30\/alto-minho-atividades-agricolas\/\" \/>\n<meta property=\"og:site_name\" content=\"Altominho.tv\" \/>\n<meta property=\"article:publisher\" content=\"https:\/\/www.facebook.com\/altominhotv\" \/>\n<meta property=\"article:published_time\" content=\"2025-05-30T14:39:09+00:00\" \/>\n<meta property=\"article:modified_time\" content=\"2025-05-30T14:39:12+00:00\" \/>\n<meta property=\"og:image\" content=\"https:\/\/www.altominho.tv\/site\/wp-content\/uploads\/2025\/05\/BASE-FB-logo-Branco-1200-x-630-px.png\" \/>\n\t<meta property=\"og:image:width\" content=\"1200\" \/>\n\t<meta property=\"og:image:height\" content=\"630\" \/>\n\t<meta property=\"og:image:type\" content=\"image\/png\" \/>\n<meta name=\"author\" content=\"Andreia Cunha\" \/>\n<meta name=\"twitter:card\" content=\"summary_large_image\" \/>\n<meta name=\"twitter:creator\" content=\"@altominhoTV\" \/>\n<meta name=\"twitter:site\" content=\"@altominhoTV\" \/>\n<meta name=\"twitter:label1\" content=\"Escrito por\" \/>\n\t<meta name=\"twitter:data1\" content=\"Andreia Cunha\" \/>\n\t<meta name=\"twitter:label2\" content=\"Tempo estimado de leitura\" \/>\n\t<meta name=\"twitter:data2\" content=\"4 minutos\" \/>\n<script type=\"application\/ld+json\" class=\"yoast-schema-graph\">{\"@context\":\"https:\\\/\\\/schema.org\",\"@graph\":[{\"@type\":\"Article\",\"@id\":\"https:\\\/\\\/www.altominho.tv\\\/site\\\/2025\\\/05\\\/30\\\/alto-minho-atividades-agricolas\\\/#article\",\"isPartOf\":{\"@id\":\"https:\\\/\\\/www.altominho.tv\\\/site\\\/2025\\\/05\\\/30\\\/alto-minho-atividades-agricolas\\\/\"},\"author\":{\"name\":\"Andreia Cunha\",\"@id\":\"https:\\\/\\\/www.altominho.tv\\\/site\\\/#\\\/schema\\\/person\\\/a0e4ef6d041f98ca284393d8f1d97153\"},\"headline\":\"Promo\u00e7\u00e3o das atividades agr\u00edcolas aumenta resili\u00eancia dos territ\u00f3rios aos inc\u00eandios\",\"datePublished\":\"2025-05-30T14:39:09+00:00\",\"dateModified\":\"2025-05-30T14:39:12+00:00\",\"mainEntityOfPage\":{\"@id\":\"https:\\\/\\\/www.altominho.tv\\\/site\\\/2025\\\/05\\\/30\\\/alto-minho-atividades-agricolas\\\/\"},\"wordCount\":816,\"image\":{\"@id\":\"https:\\\/\\\/www.altominho.tv\\\/site\\\/2025\\\/05\\\/30\\\/alto-minho-atividades-agricolas\\\/#primaryimage\"},\"thumbnailUrl\":\"https:\\\/\\\/www.altominho.tv\\\/site\\\/wp-content\\\/uploads\\\/2025\\\/05\\\/BASE-FB-logo-Branco-1200-x-630-px.png\",\"keywords\":[\"Sociedade\"],\"articleSection\":[\"Alto Minho\"],\"inLanguage\":\"pt-PT\",\"copyrightYear\":\"2025\",\"copyrightHolder\":{\"@id\":\"https:\\\/\\\/www.altominho.tv\\\/site\\\/#organization\"}},{\"@type\":\"WebPage\",\"@id\":\"https:\\\/\\\/www.altominho.tv\\\/site\\\/2025\\\/05\\\/30\\\/alto-minho-atividades-agricolas\\\/\",\"url\":\"https:\\\/\\\/www.altominho.tv\\\/site\\\/2025\\\/05\\\/30\\\/alto-minho-atividades-agricolas\\\/\",\"name\":\"Promo\u00e7\u00e3o das atividades agr\u00edcolas aumenta resili\u00eancia dos territ\u00f3rios aos inc\u00eandios\",\"isPartOf\":{\"@id\":\"https:\\\/\\\/www.altominho.tv\\\/site\\\/#website\"},\"primaryImageOfPage\":{\"@id\":\"https:\\\/\\\/www.altominho.tv\\\/site\\\/2025\\\/05\\\/30\\\/alto-minho-atividades-agricolas\\\/#primaryimage\"},\"image\":{\"@id\":\"https:\\\/\\\/www.altominho.tv\\\/site\\\/2025\\\/05\\\/30\\\/alto-minho-atividades-agricolas\\\/#primaryimage\"},\"thumbnailUrl\":\"https:\\\/\\\/www.altominho.tv\\\/site\\\/wp-content\\\/uploads\\\/2025\\\/05\\\/BASE-FB-logo-Branco-1200-x-630-px.png\",\"datePublished\":\"2025-05-30T14:39:09+00:00\",\"dateModified\":\"2025-05-30T14:39:12+00:00\",\"author\":{\"@id\":\"https:\\\/\\\/www.altominho.tv\\\/site\\\/#\\\/schema\\\/person\\\/a0e4ef6d041f98ca284393d8f1d97153\"},\"description\":\"A promo\u00e7\u00e3o das atividades agr\u00edcolas aumenta a resili\u00eancia dos territ\u00f3rios aos inc\u00eandios.\",\"breadcrumb\":{\"@id\":\"https:\\\/\\\/www.altominho.tv\\\/site\\\/2025\\\/05\\\/30\\\/alto-minho-atividades-agricolas\\\/#breadcrumb\"},\"inLanguage\":\"pt-PT\",\"potentialAction\":[{\"@type\":\"ReadAction\",\"target\":[\"https:\\\/\\\/www.altominho.tv\\\/site\\\/2025\\\/05\\\/30\\\/alto-minho-atividades-agricolas\\\/\"]}]},{\"@type\":\"ImageObject\",\"inLanguage\":\"pt-PT\",\"@id\":\"https:\\\/\\\/www.altominho.tv\\\/site\\\/2025\\\/05\\\/30\\\/alto-minho-atividades-agricolas\\\/#primaryimage\",\"url\":\"https:\\\/\\\/www.altominho.tv\\\/site\\\/wp-content\\\/uploads\\\/2025\\\/05\\\/BASE-FB-logo-Branco-1200-x-630-px.png\",\"contentUrl\":\"https:\\\/\\\/www.altominho.tv\\\/site\\\/wp-content\\\/uploads\\\/2025\\\/05\\\/BASE-FB-logo-Branco-1200-x-630-px.png\",\"width\":1200,\"height\":630},{\"@type\":\"BreadcrumbList\",\"@id\":\"https:\\\/\\\/www.altominho.tv\\\/site\\\/2025\\\/05\\\/30\\\/alto-minho-atividades-agricolas\\\/#breadcrumb\",\"itemListElement\":[{\"@type\":\"ListItem\",\"position\":1,\"name\":\"In\u00edcio\",\"item\":\"https:\\\/\\\/www.altominho.tv\\\/site\\\/\"},{\"@type\":\"ListItem\",\"position\":2,\"name\":\"Promo\u00e7\u00e3o das atividades agr\u00edcolas aumenta resili\u00eancia dos territ\u00f3rios aos inc\u00eandios\"}]},{\"@type\":\"WebSite\",\"@id\":\"https:\\\/\\\/www.altominho.tv\\\/site\\\/#website\",\"url\":\"https:\\\/\\\/www.altominho.tv\\\/site\\\/\",\"name\":\"Altominho.tv\",\"description\":\"A sua regi\u00e3o \u00e0 dist\u00e2ncia de um clique...\",\"potentialAction\":[{\"@type\":\"SearchAction\",\"target\":{\"@type\":\"EntryPoint\",\"urlTemplate\":\"https:\\\/\\\/www.altominho.tv\\\/site\\\/?s={search_term_string}\"},\"query-input\":{\"@type\":\"PropertyValueSpecification\",\"valueRequired\":true,\"valueName\":\"search_term_string\"}}],\"inLanguage\":\"pt-PT\"},{\"@type\":\"Person\",\"@id\":\"https:\\\/\\\/www.altominho.tv\\\/site\\\/#\\\/schema\\\/person\\\/a0e4ef6d041f98ca284393d8f1d97153\",\"name\":\"Andreia Cunha\",\"image\":{\"@type\":\"ImageObject\",\"inLanguage\":\"pt-PT\",\"@id\":\"https:\\\/\\\/www.altominho.tv\\\/site\\\/wp-content\\\/uploads\\\/2017\\\/11\\\/Andreia_Cunha-1-150x150.jpg\",\"url\":\"https:\\\/\\\/www.altominho.tv\\\/site\\\/wp-content\\\/uploads\\\/2017\\\/11\\\/Andreia_Cunha-1-150x150.jpg\",\"contentUrl\":\"https:\\\/\\\/www.altominho.tv\\\/site\\\/wp-content\\\/uploads\\\/2017\\\/11\\\/Andreia_Cunha-1-150x150.jpg\",\"caption\":\"Andreia Cunha\"},\"url\":\"https:\\\/\\\/www.altominho.tv\\\/site\\\/author\\\/andreiacunha\\\/\"}]}<\/script>\n<!-- \/ Yoast SEO Premium plugin. -->","yoast_head_json":{"title":"Promo\u00e7\u00e3o das atividades agr\u00edcolas aumenta resili\u00eancia dos territ\u00f3rios aos inc\u00eandios","description":"A promo\u00e7\u00e3o das atividades agr\u00edcolas aumenta a resili\u00eancia dos territ\u00f3rios aos inc\u00eandios.","robots":{"index":"index","follow":"follow","max-snippet":"max-snippet:-1","max-image-preview":"max-image-preview:large","max-video-preview":"max-video-preview:-1"},"canonical":"https:\/\/www.altominho.tv\/site\/2025\/05\/30\/alto-minho-atividades-agricolas\/","og_locale":"pt_PT","og_type":"article","og_title":"Promo\u00e7\u00e3o das atividades agr\u00edcolas aumenta resili\u00eancia dos territ\u00f3rios aos inc\u00eandios","og_description":"A promo\u00e7\u00e3o das atividades agr\u00edcolas aumenta a resili\u00eancia dos territ\u00f3rios aos inc\u00eandios.","og_url":"https:\/\/www.altominho.tv\/site\/2025\/05\/30\/alto-minho-atividades-agricolas\/","og_site_name":"Altominho.tv","article_publisher":"https:\/\/www.facebook.com\/altominhotv","article_published_time":"2025-05-30T14:39:09+00:00","article_modified_time":"2025-05-30T14:39:12+00:00","og_image":[{"width":1200,"height":630,"url":"https:\/\/www.altominho.tv\/site\/wp-content\/uploads\/2025\/05\/BASE-FB-logo-Branco-1200-x-630-px.png","type":"image\/png"}],"author":"Andreia Cunha","twitter_card":"summary_large_image","twitter_creator":"@altominhoTV","twitter_site":"@altominhoTV","twitter_misc":{"Escrito por":"Andreia Cunha","Tempo estimado de leitura":"4 minutos"},"schema":{"@context":"https:\/\/schema.org","@graph":[{"@type":"Article","@id":"https:\/\/www.altominho.tv\/site\/2025\/05\/30\/alto-minho-atividades-agricolas\/#article","isPartOf":{"@id":"https:\/\/www.altominho.tv\/site\/2025\/05\/30\/alto-minho-atividades-agricolas\/"},"author":{"name":"Andreia Cunha","@id":"https:\/\/www.altominho.tv\/site\/#\/schema\/person\/a0e4ef6d041f98ca284393d8f1d97153"},"headline":"Promo\u00e7\u00e3o das atividades agr\u00edcolas aumenta resili\u00eancia dos territ\u00f3rios aos inc\u00eandios","datePublished":"2025-05-30T14:39:09+00:00","dateModified":"2025-05-30T14:39:12+00:00","mainEntityOfPage":{"@id":"https:\/\/www.altominho.tv\/site\/2025\/05\/30\/alto-minho-atividades-agricolas\/"},"wordCount":816,"image":{"@id":"https:\/\/www.altominho.tv\/site\/2025\/05\/30\/alto-minho-atividades-agricolas\/#primaryimage"},"thumbnailUrl":"https:\/\/www.altominho.tv\/site\/wp-content\/uploads\/2025\/05\/BASE-FB-logo-Branco-1200-x-630-px.png","keywords":["Sociedade"],"articleSection":["Alto Minho"],"inLanguage":"pt-PT","copyrightYear":"2025","copyrightHolder":{"@id":"https:\/\/www.altominho.tv\/site\/#organization"}},{"@type":"WebPage","@id":"https:\/\/www.altominho.tv\/site\/2025\/05\/30\/alto-minho-atividades-agricolas\/","url":"https:\/\/www.altominho.tv\/site\/2025\/05\/30\/alto-minho-atividades-agricolas\/","name":"Promo\u00e7\u00e3o das atividades agr\u00edcolas aumenta resili\u00eancia dos territ\u00f3rios aos inc\u00eandios","isPartOf":{"@id":"https:\/\/www.altominho.tv\/site\/#website"},"primaryImageOfPage":{"@id":"https:\/\/www.altominho.tv\/site\/2025\/05\/30\/alto-minho-atividades-agricolas\/#primaryimage"},"image":{"@id":"https:\/\/www.altominho.tv\/site\/2025\/05\/30\/alto-minho-atividades-agricolas\/#primaryimage"},"thumbnailUrl":"https:\/\/www.altominho.tv\/site\/wp-content\/uploads\/2025\/05\/BASE-FB-logo-Branco-1200-x-630-px.png","datePublished":"2025-05-30T14:39:09+00:00","dateModified":"2025-05-30T14:39:12+00:00","author":{"@id":"https:\/\/www.altominho.tv\/site\/#\/schema\/person\/a0e4ef6d041f98ca284393d8f1d97153"},"description":"A promo\u00e7\u00e3o das atividades agr\u00edcolas aumenta a resili\u00eancia dos territ\u00f3rios aos inc\u00eandios.","breadcrumb":{"@id":"https:\/\/www.altominho.tv\/site\/2025\/05\/30\/alto-minho-atividades-agricolas\/#breadcrumb"},"inLanguage":"pt-PT","potentialAction":[{"@type":"ReadAction","target":["https:\/\/www.altominho.tv\/site\/2025\/05\/30\/alto-minho-atividades-agricolas\/"]}]},{"@type":"ImageObject","inLanguage":"pt-PT","@id":"https:\/\/www.altominho.tv\/site\/2025\/05\/30\/alto-minho-atividades-agricolas\/#primaryimage","url":"https:\/\/www.altominho.tv\/site\/wp-content\/uploads\/2025\/05\/BASE-FB-logo-Branco-1200-x-630-px.png","contentUrl":"https:\/\/www.altominho.tv\/site\/wp-content\/uploads\/2025\/05\/BASE-FB-logo-Branco-1200-x-630-px.png","width":1200,"height":630},{"@type":"BreadcrumbList","@id":"https:\/\/www.altominho.tv\/site\/2025\/05\/30\/alto-minho-atividades-agricolas\/#breadcrumb","itemListElement":[{"@type":"ListItem","position":1,"name":"In\u00edcio","item":"https:\/\/www.altominho.tv\/site\/"},{"@type":"ListItem","position":2,"name":"Promo\u00e7\u00e3o das atividades agr\u00edcolas aumenta resili\u00eancia dos territ\u00f3rios aos inc\u00eandios"}]},{"@type":"WebSite","@id":"https:\/\/www.altominho.tv\/site\/#website","url":"https:\/\/www.altominho.tv\/site\/","name":"Altominho.tv","description":"A sua regi\u00e3o \u00e0 dist\u00e2ncia de um clique...","potentialAction":[{"@type":"SearchAction","target":{"@type":"EntryPoint","urlTemplate":"https:\/\/www.altominho.tv\/site\/?s={search_term_string}"},"query-input":{"@type":"PropertyValueSpecification","valueRequired":true,"valueName":"search_term_string"}}],"inLanguage":"pt-PT"},{"@type":"Person","@id":"https:\/\/www.altominho.tv\/site\/#\/schema\/person\/a0e4ef6d041f98ca284393d8f1d97153","name":"Andreia Cunha","image":{"@type":"ImageObject","inLanguage":"pt-PT","@id":"https:\/\/www.altominho.tv\/site\/wp-content\/uploads\/2017\/11\/Andreia_Cunha-1-150x150.jpg","url":"https:\/\/www.altominho.tv\/site\/wp-content\/uploads\/2017\/11\/Andreia_Cunha-1-150x150.jpg","contentUrl":"https:\/\/www.altominho.tv\/site\/wp-content\/uploads\/2017\/11\/Andreia_Cunha-1-150x150.jpg","caption":"Andreia Cunha"},"url":"https:\/\/www.altominho.tv\/site\/author\/andreiacunha\/"}]}},"_links":{"self":[{"href":"https:\/\/www.altominho.tv\/site\/wp-json\/wp\/v2\/posts\/119011","targetHints":{"allow":["GET"]}}],"collection":[{"href":"https:\/\/www.altominho.tv\/site\/wp-json\/wp\/v2\/posts"}],"about":[{"href":"https:\/\/www.altominho.tv\/site\/wp-json\/wp\/v2\/types\/post"}],"author":[{"embeddable":true,"href":"https:\/\/www.altominho.tv\/site\/wp-json\/wp\/v2\/users\/7"}],"replies":[{"embeddable":true,"href":"https:\/\/www.altominho.tv\/site\/wp-json\/wp\/v2\/comments?post=119011"}],"version-history":[{"count":1,"href":"https:\/\/www.altominho.tv\/site\/wp-json\/wp\/v2\/posts\/119011\/revisions"}],"predecessor-version":[{"id":119013,"href":"https:\/\/www.altominho.tv\/site\/wp-json\/wp\/v2\/posts\/119011\/revisions\/119013"}],"wp:featuredmedia":[{"embeddable":true,"href":"https:\/\/www.altominho.tv\/site\/wp-json\/wp\/v2\/media\/119012"}],"wp:attachment":[{"href":"https:\/\/www.altominho.tv\/site\/wp-json\/wp\/v2\/media?parent=119011"}],"wp:term":[{"taxonomy":"category","embeddable":true,"href":"https:\/\/www.altominho.tv\/site\/wp-json\/wp\/v2\/categories?post=119011"},{"taxonomy":"post_tag","embeddable":true,"href":"https:\/\/www.altominho.tv\/site\/wp-json\/wp\/v2\/tags?post=119011"}],"curies":[{"name":"wp","href":"https:\/\/api.w.org\/{rel}","templated":true}]}}