{"id":118746,"date":"2025-05-27T12:17:25","date_gmt":"2025-05-27T11:17:25","guid":{"rendered":"https:\/\/www.altominho.tv\/site\/?p=118746"},"modified":"2025-05-27T12:17:28","modified_gmt":"2025-05-27T11:17:28","slug":"valenca-coloca-em-discussao-publica-regulamento-de-gestao-do-arvoredo","status":"publish","type":"post","link":"https:\/\/www.altominho.tv\/site\/2025\/05\/27\/valenca-coloca-em-discussao-publica-regulamento-de-gestao-do-arvoredo\/","title":{"rendered":"Valen\u00e7a coloca em discuss\u00e3o p\u00fablica regulamento de gest\u00e3o do arvoredo"},"content":{"rendered":"<p>O projeto de regulamento municipal de Gest\u00e3o do Arvoredo em Meio Urbano e o Invent\u00e1rio do Arvoredo de Valen\u00e7a entram na quarta-feira em discuss\u00e3o p\u00fablica por 30 dias, tendo em vista a salvaguarda e longevidade do patrim\u00f3nio arb\u00f3reo.<\/p>\n<p>O documento, hoje publicado no Di\u00e1rio da Rep\u00fablica, pretende \u201cdisciplinar e sistematizar as regras t\u00e9cnicas e operacionais espec\u00edficas para a preserva\u00e7\u00e3o, conserva\u00e7\u00e3o e fomento do arvoredo urbano\u201d no munic\u00edpio de Valen\u00e7a.<\/p>\n<p>O regulamento \u201cdisciplina e sistematiza as interven\u00e7\u00f5es no planeamento, implanta\u00e7\u00e3o, gest\u00e3o, manuten\u00e7\u00e3o e classifica\u00e7\u00e3o do patrim\u00f3nio arb\u00f3reo urbano\u201d e regula \u201cas opera\u00e7\u00f5es de poda, os transplantes e os crit\u00e9rios aplic\u00e1veis ao abate e \u00e0 sele\u00e7\u00e3o de esp\u00e9cies a plantar\u201d.<\/p>\n<p>A C\u00e2mara de Valen\u00e7a observa que \u201cplanear a arboriza\u00e7\u00e3o das ruas \u00e9 escolher a \u00e1rvore certa para o lugar certo sem se perder nos objetivos do planeamento e sem atropelar as fun\u00e7\u00f5es ou o papel que a \u00e1rvore desempenha no meio urbano\u201d.<\/p>\n<p>\u201cDevem ser aproveitadas todas as oportunidades que permitam o aumento do patrim\u00f3nio arb\u00f3reo, de acordo com o que est\u00e1 definido nos instrumentos de gest\u00e3o do territ\u00f3rio, nomeadamente no Plano Diretor Municipal (PDM), e no Plano Municipal de A\u00e7\u00e3o Clim\u00e1tica (PMAC)\u201d, acrescenta.<\/p>\n<p>O azevinho, carvalhos e sobreiros, faias, t\u00edlias e castanheiro s\u00e3o as esp\u00e9cies a preservar, de acordo com o regulamento.<\/p>\n<p>Nas \u00e1rvores implantadas em espa\u00e7o p\u00fablico ou privado do munic\u00edpio torna-se proibido: retirar, destruir ou danificar tutores ou outras estruturas de prote\u00e7\u00e3o das \u00e1rvores; retirar ninhos e mexer nas aves ou nos ovos que neles se encontrem; prender animais \u00e0s \u00e1rvores.<\/p>\n<p>\u00c9 tamb\u00e9m interditado danificar ra\u00edzes, troncos, ramos, folhas, ou flores, nomeadamente trepar e varejar, atar, prender, pregar, agrafar ou colar objetos, revestir, riscar e inscrever grava\u00e7\u00f5es e outras a\u00e7\u00f5es que destruam ou danifiquem os tecidos vegetais.<\/p>\n<p>Tamb\u00e9m n\u00e3o se pode \u201cdanificar quimicamente, nomeadamente com despejos em canteiros ou caldeiras de \u00e1rvores de quaisquer produtos que prejudiquem ou destruam gravemente tecidos vegetais\u201d e \u201clan\u00e7ar \u00e1guas polu\u00eddas provenientes de limpezas dom\u00e9sticas ou quaisquer sujidades e objetos para as caldeiras das \u00e1rvores\u201d.<\/p>\n<p>\u201cA instala\u00e7\u00e3o de infraestruturas de superf\u00edcie, a\u00e9reas ou subterr\u00e2neas em locais de dom\u00ednio p\u00fablico ou privado do munic\u00edpio onde existam \u00e1rvores est\u00e1 sujeita a autoriza\u00e7\u00e3o pr\u00e9via municipal, podendo ser condicionada \u00e0 execu\u00e7\u00e3o de estudos ou de medidas cautelares\u201d, descreve o munic\u00edpio.<\/p>\n<p>A c\u00e2mara determinou ainda que o abate de \u00e1rvores, em regra, s\u00f3 ocorra \u201cdepois da \u00e1rvore ter atingido o termo da sua longevidade, isto \u00e9, quando come\u00e7ar a secar, definhar ou apresentar n\u00edtidos sintomas de decrepitude\u201d.<\/p>\n<p>\u201cSempre que se constatem situa\u00e7\u00f5es pass\u00edveis de originar o abate de uma \u00e1rvore, dever\u00e1 ponderar-se em primeiro lugar a possibilidade de efetuar o seu transplante, ou o recurso a outras interven\u00e7\u00f5es poss\u00edveis, caso seja t\u00e9cnica e economicamente adequado\u201d, acrescenta.<\/p>\n<p>Para evitar a descaracteriza\u00e7\u00e3o dos locais, os abates em zonas classificadas ou emblem\u00e1ticas do munic\u00edpio, bem como em aglomerados urbanos consolidados \u201cdever\u00e3o ser sempre precedidos de planta\u00e7\u00f5es de novas \u00e1rvores nas proximidades do local desde que n\u00e3o existam condicionantes relativas a infraestruturas, \u00e0 dimens\u00e3o \u00fatil do espa\u00e7o p\u00fablico e ao afastamento a outros exemplares o permita\u201d.<\/p>\n<p>\u201cEm caso de eventual pen\u00faria de \u00e1gua, designadamente durante a \u00e9poca estival e em per\u00edodos em que as \u00e1rvores estejam com sintomas de murchid\u00e3o, deve ser realizada uma rega localizada nas \u00e1rvores adultas, a qual deve ser abundante e efetuada com a periodicidade necess\u00e1ria \u00e0 manuten\u00e7\u00e3o do equil\u00edbrio h\u00eddrico dos exemplares e de acordo com o estado do tempo e o grau de humidade do solo\u201d, indica a C\u00e2mara.<\/p>\n","protected":false},"excerpt":{"rendered":"<p>O projeto de regulamento municipal de Gest\u00e3o do Arvoredo em Meio Urbano e o Invent\u00e1rio do Arvoredo de Valen\u00e7a entram na quarta-feira em discuss\u00e3o p\u00fablica por 30 dias, tendo em vista a salvaguarda e longevidade do patrim\u00f3nio arb\u00f3reo. O documento, hoje publicado no Di\u00e1rio da Rep\u00fablica, pretende \u201cdisciplinar e sistematizar as regras t\u00e9cnicas e operacionais [&hellip;]<\/p>\n","protected":false},"author":13,"featured_media":118747,"comment_status":"closed","ping_status":"closed","sticky":false,"template":"","format":"standard","meta":{"_exactmetrics_skip_tracking":false,"_exactmetrics_sitenote_active":false,"_exactmetrics_sitenote_note":"","_exactmetrics_sitenote_category":0,"footnotes":""},"categories":[13],"tags":[56336],"class_list":["post-118746","post","type-post","status-publish","format-standard","has-post-thumbnail","hentry","category-valenca","tag-ambiente"],"yoast_head":"<!-- This site is optimized with the Yoast SEO Premium plugin v27.5 (Yoast SEO v27.5) - https:\/\/yoast.com\/product\/yoast-seo-premium-wordpress\/ -->\n<title>Valen\u00e7a coloca em discuss\u00e3o p\u00fablica regulamento de gest\u00e3o do arvoredo<\/title>\n<meta name=\"description\" content=\"O projeto de regulamento municipal de Gest\u00e3o do Arvoredo em Meio Urbano e o Invent\u00e1rio do Arvoredo de Valen\u00e7a entram em discuss\u00e3o p\u00fablica\" \/>\n<meta name=\"robots\" content=\"index, follow, max-snippet:-1, max-image-preview:large, max-video-preview:-1\" \/>\n<link rel=\"canonical\" href=\"https:\/\/www.altominho.tv\/site\/2025\/05\/27\/valenca-coloca-em-discussao-publica-regulamento-de-gestao-do-arvoredo\/\" \/>\n<meta property=\"og:locale\" content=\"pt_PT\" \/>\n<meta property=\"og:type\" content=\"article\" \/>\n<meta property=\"og:title\" content=\"Valen\u00e7a coloca em discuss\u00e3o p\u00fablica regulamento de gest\u00e3o do arvoredo\" \/>\n<meta property=\"og:description\" content=\"O projeto de regulamento municipal de Gest\u00e3o do Arvoredo em Meio Urbano e o Invent\u00e1rio do Arvoredo de Valen\u00e7a entram em discuss\u00e3o p\u00fablica\" \/>\n<meta property=\"og:url\" content=\"https:\/\/www.altominho.tv\/site\/2025\/05\/27\/valenca-coloca-em-discussao-publica-regulamento-de-gestao-do-arvoredo\/\" \/>\n<meta property=\"og:site_name\" content=\"Altominho.tv\" \/>\n<meta property=\"article:publisher\" content=\"https:\/\/www.facebook.com\/altominhotv\" \/>\n<meta property=\"article:published_time\" content=\"2025-05-27T11:17:25+00:00\" \/>\n<meta property=\"article:modified_time\" content=\"2025-05-27T11:17:28+00:00\" \/>\n<meta property=\"og:image\" content=\"https:\/\/www.altominho.tv\/site\/wp-content\/uploads\/2025\/05\/arvores-valenca.jpg\" \/>\n\t<meta property=\"og:image:width\" content=\"1200\" \/>\n\t<meta property=\"og:image:height\" content=\"630\" \/>\n\t<meta property=\"og:image:type\" content=\"image\/jpeg\" \/>\n<meta name=\"author\" content=\"Lusa\" \/>\n<meta name=\"twitter:card\" content=\"summary_large_image\" \/>\n<meta name=\"twitter:creator\" content=\"@altominhoTV\" \/>\n<meta name=\"twitter:site\" content=\"@altominhoTV\" \/>\n<meta name=\"twitter:label1\" content=\"Escrito por\" \/>\n\t<meta name=\"twitter:data1\" content=\"Lusa\" \/>\n\t<meta name=\"twitter:label2\" content=\"Tempo estimado de leitura\" \/>\n\t<meta name=\"twitter:data2\" content=\"4 minutos\" \/>\n<script type=\"application\/ld+json\" class=\"yoast-schema-graph\">{\"@context\":\"https:\\\/\\\/schema.org\",\"@graph\":[{\"@type\":\"Article\",\"@id\":\"https:\\\/\\\/www.altominho.tv\\\/site\\\/2025\\\/05\\\/27\\\/valenca-coloca-em-discussao-publica-regulamento-de-gestao-do-arvoredo\\\/#article\",\"isPartOf\":{\"@id\":\"https:\\\/\\\/www.altominho.tv\\\/site\\\/2025\\\/05\\\/27\\\/valenca-coloca-em-discussao-publica-regulamento-de-gestao-do-arvoredo\\\/\"},\"author\":{\"name\":\"Lusa\",\"@id\":\"https:\\\/\\\/www.altominho.tv\\\/site\\\/#\\\/schema\\\/person\\\/63f693da3e1899361cbe955c46f3232e\"},\"headline\":\"Valen\u00e7a coloca em discuss\u00e3o p\u00fablica regulamento de gest\u00e3o do arvoredo\",\"datePublished\":\"2025-05-27T11:17:25+00:00\",\"dateModified\":\"2025-05-27T11:17:28+00:00\",\"mainEntityOfPage\":{\"@id\":\"https:\\\/\\\/www.altominho.tv\\\/site\\\/2025\\\/05\\\/27\\\/valenca-coloca-em-discussao-publica-regulamento-de-gestao-do-arvoredo\\\/\"},\"wordCount\":666,\"image\":{\"@id\":\"https:\\\/\\\/www.altominho.tv\\\/site\\\/2025\\\/05\\\/27\\\/valenca-coloca-em-discussao-publica-regulamento-de-gestao-do-arvoredo\\\/#primaryimage\"},\"thumbnailUrl\":\"https:\\\/\\\/www.altominho.tv\\\/site\\\/wp-content\\\/uploads\\\/2025\\\/05\\\/arvores-valenca.jpg\",\"keywords\":[\"Ambiente\"],\"articleSection\":[\"Valen\u00e7a\"],\"inLanguage\":\"pt-PT\",\"copyrightYear\":\"2025\",\"copyrightHolder\":{\"@id\":\"https:\\\/\\\/www.altominho.tv\\\/site\\\/#organization\"}},{\"@type\":\"WebPage\",\"@id\":\"https:\\\/\\\/www.altominho.tv\\\/site\\\/2025\\\/05\\\/27\\\/valenca-coloca-em-discussao-publica-regulamento-de-gestao-do-arvoredo\\\/\",\"url\":\"https:\\\/\\\/www.altominho.tv\\\/site\\\/2025\\\/05\\\/27\\\/valenca-coloca-em-discussao-publica-regulamento-de-gestao-do-arvoredo\\\/\",\"name\":\"Valen\u00e7a coloca em discuss\u00e3o p\u00fablica regulamento de gest\u00e3o do arvoredo\",\"isPartOf\":{\"@id\":\"https:\\\/\\\/www.altominho.tv\\\/site\\\/#website\"},\"primaryImageOfPage\":{\"@id\":\"https:\\\/\\\/www.altominho.tv\\\/site\\\/2025\\\/05\\\/27\\\/valenca-coloca-em-discussao-publica-regulamento-de-gestao-do-arvoredo\\\/#primaryimage\"},\"image\":{\"@id\":\"https:\\\/\\\/www.altominho.tv\\\/site\\\/2025\\\/05\\\/27\\\/valenca-coloca-em-discussao-publica-regulamento-de-gestao-do-arvoredo\\\/#primaryimage\"},\"thumbnailUrl\":\"https:\\\/\\\/www.altominho.tv\\\/site\\\/wp-content\\\/uploads\\\/2025\\\/05\\\/arvores-valenca.jpg\",\"datePublished\":\"2025-05-27T11:17:25+00:00\",\"dateModified\":\"2025-05-27T11:17:28+00:00\",\"author\":{\"@id\":\"https:\\\/\\\/www.altominho.tv\\\/site\\\/#\\\/schema\\\/person\\\/63f693da3e1899361cbe955c46f3232e\"},\"description\":\"O projeto de regulamento municipal de Gest\u00e3o do Arvoredo em Meio Urbano e o Invent\u00e1rio do Arvoredo de Valen\u00e7a entram em discuss\u00e3o p\u00fablica\",\"breadcrumb\":{\"@id\":\"https:\\\/\\\/www.altominho.tv\\\/site\\\/2025\\\/05\\\/27\\\/valenca-coloca-em-discussao-publica-regulamento-de-gestao-do-arvoredo\\\/#breadcrumb\"},\"inLanguage\":\"pt-PT\",\"potentialAction\":[{\"@type\":\"ReadAction\",\"target\":[\"https:\\\/\\\/www.altominho.tv\\\/site\\\/2025\\\/05\\\/27\\\/valenca-coloca-em-discussao-publica-regulamento-de-gestao-do-arvoredo\\\/\"]}]},{\"@type\":\"ImageObject\",\"inLanguage\":\"pt-PT\",\"@id\":\"https:\\\/\\\/www.altominho.tv\\\/site\\\/2025\\\/05\\\/27\\\/valenca-coloca-em-discussao-publica-regulamento-de-gestao-do-arvoredo\\\/#primaryimage\",\"url\":\"https:\\\/\\\/www.altominho.tv\\\/site\\\/wp-content\\\/uploads\\\/2025\\\/05\\\/arvores-valenca.jpg\",\"contentUrl\":\"https:\\\/\\\/www.altominho.tv\\\/site\\\/wp-content\\\/uploads\\\/2025\\\/05\\\/arvores-valenca.jpg\",\"width\":1200,\"height\":630},{\"@type\":\"BreadcrumbList\",\"@id\":\"https:\\\/\\\/www.altominho.tv\\\/site\\\/2025\\\/05\\\/27\\\/valenca-coloca-em-discussao-publica-regulamento-de-gestao-do-arvoredo\\\/#breadcrumb\",\"itemListElement\":[{\"@type\":\"ListItem\",\"position\":1,\"name\":\"In\u00edcio\",\"item\":\"https:\\\/\\\/www.altominho.tv\\\/site\\\/\"},{\"@type\":\"ListItem\",\"position\":2,\"name\":\"Valen\u00e7a coloca em discuss\u00e3o p\u00fablica regulamento de gest\u00e3o do arvoredo\"}]},{\"@type\":\"WebSite\",\"@id\":\"https:\\\/\\\/www.altominho.tv\\\/site\\\/#website\",\"url\":\"https:\\\/\\\/www.altominho.tv\\\/site\\\/\",\"name\":\"Altominho.tv\",\"description\":\"A sua regi\u00e3o \u00e0 dist\u00e2ncia de um clique...\",\"potentialAction\":[{\"@type\":\"SearchAction\",\"target\":{\"@type\":\"EntryPoint\",\"urlTemplate\":\"https:\\\/\\\/www.altominho.tv\\\/site\\\/?s={search_term_string}\"},\"query-input\":{\"@type\":\"PropertyValueSpecification\",\"valueRequired\":true,\"valueName\":\"search_term_string\"}}],\"inLanguage\":\"pt-PT\"},{\"@type\":\"Person\",\"@id\":\"https:\\\/\\\/www.altominho.tv\\\/site\\\/#\\\/schema\\\/person\\\/63f693da3e1899361cbe955c46f3232e\",\"name\":\"Lusa\",\"image\":{\"@type\":\"ImageObject\",\"inLanguage\":\"pt-PT\",\"@id\":\"https:\\\/\\\/www.altominho.tv\\\/site\\\/wp-content\\\/uploads\\\/2019\\\/08\\\/LUSA_Logo.gif\",\"url\":\"https:\\\/\\\/www.altominho.tv\\\/site\\\/wp-content\\\/uploads\\\/2019\\\/08\\\/LUSA_Logo.gif\",\"contentUrl\":\"https:\\\/\\\/www.altominho.tv\\\/site\\\/wp-content\\\/uploads\\\/2019\\\/08\\\/LUSA_Logo.gif\",\"caption\":\"Lusa\"},\"sameAs\":[\"http:\\\/\\\/\\\/\\\/www.altominho.tv\\\/site\"],\"url\":\"https:\\\/\\\/www.altominho.tv\\\/site\\\/author\\\/lusa\\\/\"}]}<\/script>\n<!-- \/ Yoast SEO Premium plugin. -->","yoast_head_json":{"title":"Valen\u00e7a coloca em discuss\u00e3o p\u00fablica regulamento de gest\u00e3o do arvoredo","description":"O projeto de regulamento municipal de Gest\u00e3o do Arvoredo em Meio Urbano e o Invent\u00e1rio do Arvoredo de Valen\u00e7a entram em discuss\u00e3o p\u00fablica","robots":{"index":"index","follow":"follow","max-snippet":"max-snippet:-1","max-image-preview":"max-image-preview:large","max-video-preview":"max-video-preview:-1"},"canonical":"https:\/\/www.altominho.tv\/site\/2025\/05\/27\/valenca-coloca-em-discussao-publica-regulamento-de-gestao-do-arvoredo\/","og_locale":"pt_PT","og_type":"article","og_title":"Valen\u00e7a coloca em discuss\u00e3o p\u00fablica regulamento de gest\u00e3o do arvoredo","og_description":"O projeto de regulamento municipal de Gest\u00e3o do Arvoredo em Meio Urbano e o Invent\u00e1rio do Arvoredo de Valen\u00e7a entram em discuss\u00e3o p\u00fablica","og_url":"https:\/\/www.altominho.tv\/site\/2025\/05\/27\/valenca-coloca-em-discussao-publica-regulamento-de-gestao-do-arvoredo\/","og_site_name":"Altominho.tv","article_publisher":"https:\/\/www.facebook.com\/altominhotv","article_published_time":"2025-05-27T11:17:25+00:00","article_modified_time":"2025-05-27T11:17:28+00:00","og_image":[{"width":1200,"height":630,"url":"https:\/\/www.altominho.tv\/site\/wp-content\/uploads\/2025\/05\/arvores-valenca.jpg","type":"image\/jpeg"}],"author":"Lusa","twitter_card":"summary_large_image","twitter_creator":"@altominhoTV","twitter_site":"@altominhoTV","twitter_misc":{"Escrito por":"Lusa","Tempo estimado de leitura":"4 minutos"},"schema":{"@context":"https:\/\/schema.org","@graph":[{"@type":"Article","@id":"https:\/\/www.altominho.tv\/site\/2025\/05\/27\/valenca-coloca-em-discussao-publica-regulamento-de-gestao-do-arvoredo\/#article","isPartOf":{"@id":"https:\/\/www.altominho.tv\/site\/2025\/05\/27\/valenca-coloca-em-discussao-publica-regulamento-de-gestao-do-arvoredo\/"},"author":{"name":"Lusa","@id":"https:\/\/www.altominho.tv\/site\/#\/schema\/person\/63f693da3e1899361cbe955c46f3232e"},"headline":"Valen\u00e7a coloca em discuss\u00e3o p\u00fablica regulamento de gest\u00e3o do arvoredo","datePublished":"2025-05-27T11:17:25+00:00","dateModified":"2025-05-27T11:17:28+00:00","mainEntityOfPage":{"@id":"https:\/\/www.altominho.tv\/site\/2025\/05\/27\/valenca-coloca-em-discussao-publica-regulamento-de-gestao-do-arvoredo\/"},"wordCount":666,"image":{"@id":"https:\/\/www.altominho.tv\/site\/2025\/05\/27\/valenca-coloca-em-discussao-publica-regulamento-de-gestao-do-arvoredo\/#primaryimage"},"thumbnailUrl":"https:\/\/www.altominho.tv\/site\/wp-content\/uploads\/2025\/05\/arvores-valenca.jpg","keywords":["Ambiente"],"articleSection":["Valen\u00e7a"],"inLanguage":"pt-PT","copyrightYear":"2025","copyrightHolder":{"@id":"https:\/\/www.altominho.tv\/site\/#organization"}},{"@type":"WebPage","@id":"https:\/\/www.altominho.tv\/site\/2025\/05\/27\/valenca-coloca-em-discussao-publica-regulamento-de-gestao-do-arvoredo\/","url":"https:\/\/www.altominho.tv\/site\/2025\/05\/27\/valenca-coloca-em-discussao-publica-regulamento-de-gestao-do-arvoredo\/","name":"Valen\u00e7a coloca em discuss\u00e3o p\u00fablica regulamento de gest\u00e3o do arvoredo","isPartOf":{"@id":"https:\/\/www.altominho.tv\/site\/#website"},"primaryImageOfPage":{"@id":"https:\/\/www.altominho.tv\/site\/2025\/05\/27\/valenca-coloca-em-discussao-publica-regulamento-de-gestao-do-arvoredo\/#primaryimage"},"image":{"@id":"https:\/\/www.altominho.tv\/site\/2025\/05\/27\/valenca-coloca-em-discussao-publica-regulamento-de-gestao-do-arvoredo\/#primaryimage"},"thumbnailUrl":"https:\/\/www.altominho.tv\/site\/wp-content\/uploads\/2025\/05\/arvores-valenca.jpg","datePublished":"2025-05-27T11:17:25+00:00","dateModified":"2025-05-27T11:17:28+00:00","author":{"@id":"https:\/\/www.altominho.tv\/site\/#\/schema\/person\/63f693da3e1899361cbe955c46f3232e"},"description":"O projeto de regulamento municipal de Gest\u00e3o do Arvoredo em Meio Urbano e o Invent\u00e1rio do Arvoredo de Valen\u00e7a entram em discuss\u00e3o p\u00fablica","breadcrumb":{"@id":"https:\/\/www.altominho.tv\/site\/2025\/05\/27\/valenca-coloca-em-discussao-publica-regulamento-de-gestao-do-arvoredo\/#breadcrumb"},"inLanguage":"pt-PT","potentialAction":[{"@type":"ReadAction","target":["https:\/\/www.altominho.tv\/site\/2025\/05\/27\/valenca-coloca-em-discussao-publica-regulamento-de-gestao-do-arvoredo\/"]}]},{"@type":"ImageObject","inLanguage":"pt-PT","@id":"https:\/\/www.altominho.tv\/site\/2025\/05\/27\/valenca-coloca-em-discussao-publica-regulamento-de-gestao-do-arvoredo\/#primaryimage","url":"https:\/\/www.altominho.tv\/site\/wp-content\/uploads\/2025\/05\/arvores-valenca.jpg","contentUrl":"https:\/\/www.altominho.tv\/site\/wp-content\/uploads\/2025\/05\/arvores-valenca.jpg","width":1200,"height":630},{"@type":"BreadcrumbList","@id":"https:\/\/www.altominho.tv\/site\/2025\/05\/27\/valenca-coloca-em-discussao-publica-regulamento-de-gestao-do-arvoredo\/#breadcrumb","itemListElement":[{"@type":"ListItem","position":1,"name":"In\u00edcio","item":"https:\/\/www.altominho.tv\/site\/"},{"@type":"ListItem","position":2,"name":"Valen\u00e7a coloca em discuss\u00e3o p\u00fablica regulamento de gest\u00e3o do arvoredo"}]},{"@type":"WebSite","@id":"https:\/\/www.altominho.tv\/site\/#website","url":"https:\/\/www.altominho.tv\/site\/","name":"Altominho.tv","description":"A sua regi\u00e3o \u00e0 dist\u00e2ncia de um clique...","potentialAction":[{"@type":"SearchAction","target":{"@type":"EntryPoint","urlTemplate":"https:\/\/www.altominho.tv\/site\/?s={search_term_string}"},"query-input":{"@type":"PropertyValueSpecification","valueRequired":true,"valueName":"search_term_string"}}],"inLanguage":"pt-PT"},{"@type":"Person","@id":"https:\/\/www.altominho.tv\/site\/#\/schema\/person\/63f693da3e1899361cbe955c46f3232e","name":"Lusa","image":{"@type":"ImageObject","inLanguage":"pt-PT","@id":"https:\/\/www.altominho.tv\/site\/wp-content\/uploads\/2019\/08\/LUSA_Logo.gif","url":"https:\/\/www.altominho.tv\/site\/wp-content\/uploads\/2019\/08\/LUSA_Logo.gif","contentUrl":"https:\/\/www.altominho.tv\/site\/wp-content\/uploads\/2019\/08\/LUSA_Logo.gif","caption":"Lusa"},"sameAs":["http:\/\/\/\/www.altominho.tv\/site"],"url":"https:\/\/www.altominho.tv\/site\/author\/lusa\/"}]}},"_links":{"self":[{"href":"https:\/\/www.altominho.tv\/site\/wp-json\/wp\/v2\/posts\/118746","targetHints":{"allow":["GET"]}}],"collection":[{"href":"https:\/\/www.altominho.tv\/site\/wp-json\/wp\/v2\/posts"}],"about":[{"href":"https:\/\/www.altominho.tv\/site\/wp-json\/wp\/v2\/types\/post"}],"author":[{"embeddable":true,"href":"https:\/\/www.altominho.tv\/site\/wp-json\/wp\/v2\/users\/13"}],"replies":[{"embeddable":true,"href":"https:\/\/www.altominho.tv\/site\/wp-json\/wp\/v2\/comments?post=118746"}],"version-history":[{"count":1,"href":"https:\/\/www.altominho.tv\/site\/wp-json\/wp\/v2\/posts\/118746\/revisions"}],"predecessor-version":[{"id":118748,"href":"https:\/\/www.altominho.tv\/site\/wp-json\/wp\/v2\/posts\/118746\/revisions\/118748"}],"wp:featuredmedia":[{"embeddable":true,"href":"https:\/\/www.altominho.tv\/site\/wp-json\/wp\/v2\/media\/118747"}],"wp:attachment":[{"href":"https:\/\/www.altominho.tv\/site\/wp-json\/wp\/v2\/media?parent=118746"}],"wp:term":[{"taxonomy":"category","embeddable":true,"href":"https:\/\/www.altominho.tv\/site\/wp-json\/wp\/v2\/categories?post=118746"},{"taxonomy":"post_tag","embeddable":true,"href":"https:\/\/www.altominho.tv\/site\/wp-json\/wp\/v2\/tags?post=118746"}],"curies":[{"name":"wp","href":"https:\/\/api.w.org\/{rel}","templated":true}]}}