{"id":118605,"date":"2025-05-23T09:18:02","date_gmt":"2025-05-23T08:18:02","guid":{"rendered":"https:\/\/www.altominho.tv\/site\/?p=118605"},"modified":"2025-05-23T09:18:05","modified_gmt":"2025-05-23T08:18:05","slug":"psp-detem-homem-por-captura-ilegal-de-aves","status":"publish","type":"post","link":"https:\/\/www.altominho.tv\/site\/2025\/05\/23\/psp-detem-homem-por-captura-ilegal-de-aves\/","title":{"rendered":"PSP det\u00e9m homem por captura ilegal de aves"},"content":{"rendered":"<p>A PSP deteve, em Viana do Castelo, um homem de 65 anos por captura, atrav\u00e9s de m\u00e9todos ilegais, de aves de esp\u00e9cies protegidas, revelou aquela for\u00e7a policial.<\/p>\n<p>Em comunicado enviado \u00e0s reda\u00e7\u00f5es, o Comando Distrital da PSP de Viana do Castelo adiantou que o efetivo da Esquadra de Interven\u00e7\u00e3o e Fiscaliza\u00e7\u00e3o Policial deteve o homem em flagrante delito, no quintal de uma habita\u00e7\u00e3o localizada na cidade, quando o suspeito utilizava gaiolas com al\u00e7ap\u00e3o para capturar as aves.<\/p>\n<p>A opera\u00e7\u00e3o, que decorreu na quarta-feira, permitiu recuperar quatro aves que foram entregues junto do parque ecol\u00f3gico do Instituto de Conserva\u00e7\u00e3o da Natureza e Florestas (ICNF), em Esposende, no distrito de Braga, para serem restitu\u00eddas \u00e0 liberdade.<\/p>\n<p>Foram ainda apreendidas nove gaiolas em madeira, sendo que sete possuem al\u00e7ap\u00e3o (mecanismo que quando acionado prende a ave no seu interior).<\/p>\n","protected":false},"excerpt":{"rendered":"<p>A PSP deteve, em Viana do Castelo, um homem de 65 anos por captura, atrav\u00e9s de m\u00e9todos ilegais, de aves de esp\u00e9cies protegidas, revelou aquela for\u00e7a policial. Em comunicado enviado \u00e0s reda\u00e7\u00f5es, o Comando Distrital da PSP de Viana do Castelo adiantou que o efetivo da Esquadra de Interven\u00e7\u00e3o e Fiscaliza\u00e7\u00e3o Policial deteve o homem [&hellip;]<\/p>\n","protected":false},"author":1,"featured_media":118606,"comment_status":"closed","ping_status":"closed","sticky":false,"template":"","format":"standard","meta":{"_exactmetrics_skip_tracking":false,"_exactmetrics_sitenote_active":false,"_exactmetrics_sitenote_note":"","_exactmetrics_sitenote_category":0,"footnotes":""},"categories":[14],"tags":[27],"class_list":["post-118605","post","type-post","status-publish","format-standard","has-post-thumbnail","hentry","category-viana-do-castelo","tag-sociedade"],"yoast_head":"<!-- This site is optimized with the Yoast SEO Premium plugin v27.5 (Yoast SEO v27.5) - https:\/\/yoast.com\/product\/yoast-seo-premium-wordpress\/ -->\n<title>PSP det\u00e9m homem por captura ilegal de aves<\/title>\n<meta name=\"robots\" content=\"index, follow, max-snippet:-1, max-image-preview:large, max-video-preview:-1\" \/>\n<link rel=\"canonical\" href=\"https:\/\/www.altominho.tv\/site\/2025\/05\/23\/psp-detem-homem-por-captura-ilegal-de-aves\/\" \/>\n<meta property=\"og:locale\" content=\"pt_PT\" \/>\n<meta property=\"og:type\" content=\"article\" \/>\n<meta property=\"og:title\" content=\"PSP det\u00e9m homem por captura ilegal de aves\" \/>\n<meta property=\"og:description\" content=\"A PSP deteve, em Viana do Castelo, um homem de 65 anos por captura, atrav\u00e9s de m\u00e9todos ilegais, de aves de esp\u00e9cies protegidas, revelou aquela for\u00e7a policial. Em comunicado enviado \u00e0s reda\u00e7\u00f5es, o Comando Distrital da PSP de Viana do Castelo adiantou que o efetivo da Esquadra de Interven\u00e7\u00e3o e Fiscaliza\u00e7\u00e3o Policial deteve o homem [&hellip;]\" \/>\n<meta property=\"og:url\" content=\"https:\/\/www.altominho.tv\/site\/2025\/05\/23\/psp-detem-homem-por-captura-ilegal-de-aves\/\" \/>\n<meta property=\"og:site_name\" content=\"Altominho.tv\" \/>\n<meta property=\"article:publisher\" content=\"https:\/\/www.facebook.com\/altominhotv\" \/>\n<meta property=\"article:published_time\" content=\"2025-05-23T08:18:02+00:00\" \/>\n<meta property=\"article:modified_time\" content=\"2025-05-23T08:18:05+00:00\" \/>\n<meta property=\"og:image\" content=\"https:\/\/www.altominho.tv\/site\/wp-content\/uploads\/2025\/05\/BASE-FB-logo-Branco-x2-1200-x-630-px-1.png\" \/>\n\t<meta property=\"og:image:width\" content=\"1200\" \/>\n\t<meta property=\"og:image:height\" content=\"630\" \/>\n\t<meta property=\"og:image:type\" content=\"image\/png\" \/>\n<meta name=\"author\" content=\"Altominho.tv\" \/>\n<meta name=\"twitter:card\" content=\"summary_large_image\" \/>\n<meta name=\"twitter:creator\" content=\"@altominhoTV\" \/>\n<meta name=\"twitter:site\" content=\"@altominhoTV\" \/>\n<meta name=\"twitter:label1\" content=\"Escrito por\" \/>\n\t<meta name=\"twitter:data1\" content=\"Altominho.tv\" \/>\n\t<meta name=\"twitter:label2\" content=\"Tempo estimado de leitura\" \/>\n\t<meta name=\"twitter:data2\" content=\"1 minuto\" \/>\n<script type=\"application\/ld+json\" class=\"yoast-schema-graph\">{\"@context\":\"https:\\\/\\\/schema.org\",\"@graph\":[{\"@type\":\"Article\",\"@id\":\"https:\\\/\\\/www.altominho.tv\\\/site\\\/2025\\\/05\\\/23\\\/psp-detem-homem-por-captura-ilegal-de-aves\\\/#article\",\"isPartOf\":{\"@id\":\"https:\\\/\\\/www.altominho.tv\\\/site\\\/2025\\\/05\\\/23\\\/psp-detem-homem-por-captura-ilegal-de-aves\\\/\"},\"author\":{\"name\":\"Altominho.tv\",\"@id\":\"https:\\\/\\\/www.altominho.tv\\\/site\\\/#\\\/schema\\\/person\\\/4e536851627d7914baf3dac752b6af22\"},\"headline\":\"PSP det\u00e9m homem por captura ilegal de aves\",\"datePublished\":\"2025-05-23T08:18:02+00:00\",\"dateModified\":\"2025-05-23T08:18:05+00:00\",\"mainEntityOfPage\":{\"@id\":\"https:\\\/\\\/www.altominho.tv\\\/site\\\/2025\\\/05\\\/23\\\/psp-detem-homem-por-captura-ilegal-de-aves\\\/\"},\"wordCount\":159,\"image\":{\"@id\":\"https:\\\/\\\/www.altominho.tv\\\/site\\\/2025\\\/05\\\/23\\\/psp-detem-homem-por-captura-ilegal-de-aves\\\/#primaryimage\"},\"thumbnailUrl\":\"https:\\\/\\\/www.altominho.tv\\\/site\\\/wp-content\\\/uploads\\\/2025\\\/05\\\/BASE-FB-logo-Branco-x2-1200-x-630-px-1.png\",\"keywords\":[\"Sociedade\"],\"articleSection\":[\"Viana do Castelo\"],\"inLanguage\":\"pt-PT\",\"copyrightYear\":\"2025\",\"copyrightHolder\":{\"@id\":\"https:\\\/\\\/www.altominho.tv\\\/site\\\/#organization\"}},{\"@type\":\"WebPage\",\"@id\":\"https:\\\/\\\/www.altominho.tv\\\/site\\\/2025\\\/05\\\/23\\\/psp-detem-homem-por-captura-ilegal-de-aves\\\/\",\"url\":\"https:\\\/\\\/www.altominho.tv\\\/site\\\/2025\\\/05\\\/23\\\/psp-detem-homem-por-captura-ilegal-de-aves\\\/\",\"name\":\"PSP det\u00e9m homem por captura ilegal de aves\",\"isPartOf\":{\"@id\":\"https:\\\/\\\/www.altominho.tv\\\/site\\\/#website\"},\"primaryImageOfPage\":{\"@id\":\"https:\\\/\\\/www.altominho.tv\\\/site\\\/2025\\\/05\\\/23\\\/psp-detem-homem-por-captura-ilegal-de-aves\\\/#primaryimage\"},\"image\":{\"@id\":\"https:\\\/\\\/www.altominho.tv\\\/site\\\/2025\\\/05\\\/23\\\/psp-detem-homem-por-captura-ilegal-de-aves\\\/#primaryimage\"},\"thumbnailUrl\":\"https:\\\/\\\/www.altominho.tv\\\/site\\\/wp-content\\\/uploads\\\/2025\\\/05\\\/BASE-FB-logo-Branco-x2-1200-x-630-px-1.png\",\"datePublished\":\"2025-05-23T08:18:02+00:00\",\"dateModified\":\"2025-05-23T08:18:05+00:00\",\"author\":{\"@id\":\"https:\\\/\\\/www.altominho.tv\\\/site\\\/#\\\/schema\\\/person\\\/4e536851627d7914baf3dac752b6af22\"},\"breadcrumb\":{\"@id\":\"https:\\\/\\\/www.altominho.tv\\\/site\\\/2025\\\/05\\\/23\\\/psp-detem-homem-por-captura-ilegal-de-aves\\\/#breadcrumb\"},\"inLanguage\":\"pt-PT\",\"potentialAction\":[{\"@type\":\"ReadAction\",\"target\":[\"https:\\\/\\\/www.altominho.tv\\\/site\\\/2025\\\/05\\\/23\\\/psp-detem-homem-por-captura-ilegal-de-aves\\\/\"]}]},{\"@type\":\"ImageObject\",\"inLanguage\":\"pt-PT\",\"@id\":\"https:\\\/\\\/www.altominho.tv\\\/site\\\/2025\\\/05\\\/23\\\/psp-detem-homem-por-captura-ilegal-de-aves\\\/#primaryimage\",\"url\":\"https:\\\/\\\/www.altominho.tv\\\/site\\\/wp-content\\\/uploads\\\/2025\\\/05\\\/BASE-FB-logo-Branco-x2-1200-x-630-px-1.png\",\"contentUrl\":\"https:\\\/\\\/www.altominho.tv\\\/site\\\/wp-content\\\/uploads\\\/2025\\\/05\\\/BASE-FB-logo-Branco-x2-1200-x-630-px-1.png\",\"width\":1200,\"height\":630},{\"@type\":\"BreadcrumbList\",\"@id\":\"https:\\\/\\\/www.altominho.tv\\\/site\\\/2025\\\/05\\\/23\\\/psp-detem-homem-por-captura-ilegal-de-aves\\\/#breadcrumb\",\"itemListElement\":[{\"@type\":\"ListItem\",\"position\":1,\"name\":\"In\u00edcio\",\"item\":\"https:\\\/\\\/www.altominho.tv\\\/site\\\/\"},{\"@type\":\"ListItem\",\"position\":2,\"name\":\"PSP det\u00e9m homem por captura ilegal de aves\"}]},{\"@type\":\"WebSite\",\"@id\":\"https:\\\/\\\/www.altominho.tv\\\/site\\\/#website\",\"url\":\"https:\\\/\\\/www.altominho.tv\\\/site\\\/\",\"name\":\"Altominho.tv\",\"description\":\"A sua regi\u00e3o \u00e0 dist\u00e2ncia de um clique...\",\"potentialAction\":[{\"@type\":\"SearchAction\",\"target\":{\"@type\":\"EntryPoint\",\"urlTemplate\":\"https:\\\/\\\/www.altominho.tv\\\/site\\\/?s={search_term_string}\"},\"query-input\":{\"@type\":\"PropertyValueSpecification\",\"valueRequired\":true,\"valueName\":\"search_term_string\"}}],\"inLanguage\":\"pt-PT\"},{\"@type\":\"Person\",\"@id\":\"https:\\\/\\\/www.altominho.tv\\\/site\\\/#\\\/schema\\\/person\\\/4e536851627d7914baf3dac752b6af22\",\"name\":\"Altominho.tv\",\"image\":{\"@type\":\"ImageObject\",\"inLanguage\":\"pt-PT\",\"@id\":\"https:\\\/\\\/www.altominho.tv\\\/site\\\/wp-content\\\/uploads\\\/2019\\\/11\\\/Logo_Avatar_2-150x150.jpg\",\"url\":\"https:\\\/\\\/www.altominho.tv\\\/site\\\/wp-content\\\/uploads\\\/2019\\\/11\\\/Logo_Avatar_2-150x150.jpg\",\"contentUrl\":\"https:\\\/\\\/www.altominho.tv\\\/site\\\/wp-content\\\/uploads\\\/2019\\\/11\\\/Logo_Avatar_2-150x150.jpg\",\"caption\":\"Altominho.tv\"},\"url\":\"https:\\\/\\\/www.altominho.tv\\\/site\\\/author\\\/altominhotv-tecnico\\\/\"}]}<\/script>\n<!-- \/ Yoast SEO Premium plugin. -->","yoast_head_json":{"title":"PSP det\u00e9m homem por captura ilegal de aves","robots":{"index":"index","follow":"follow","max-snippet":"max-snippet:-1","max-image-preview":"max-image-preview:large","max-video-preview":"max-video-preview:-1"},"canonical":"https:\/\/www.altominho.tv\/site\/2025\/05\/23\/psp-detem-homem-por-captura-ilegal-de-aves\/","og_locale":"pt_PT","og_type":"article","og_title":"PSP det\u00e9m homem por captura ilegal de aves","og_description":"A PSP deteve, em Viana do Castelo, um homem de 65 anos por captura, atrav\u00e9s de m\u00e9todos ilegais, de aves de esp\u00e9cies protegidas, revelou aquela for\u00e7a policial. Em comunicado enviado \u00e0s reda\u00e7\u00f5es, o Comando Distrital da PSP de Viana do Castelo adiantou que o efetivo da Esquadra de Interven\u00e7\u00e3o e Fiscaliza\u00e7\u00e3o Policial deteve o homem [&hellip;]","og_url":"https:\/\/www.altominho.tv\/site\/2025\/05\/23\/psp-detem-homem-por-captura-ilegal-de-aves\/","og_site_name":"Altominho.tv","article_publisher":"https:\/\/www.facebook.com\/altominhotv","article_published_time":"2025-05-23T08:18:02+00:00","article_modified_time":"2025-05-23T08:18:05+00:00","og_image":[{"width":1200,"height":630,"url":"https:\/\/www.altominho.tv\/site\/wp-content\/uploads\/2025\/05\/BASE-FB-logo-Branco-x2-1200-x-630-px-1.png","type":"image\/png"}],"author":"Altominho.tv","twitter_card":"summary_large_image","twitter_creator":"@altominhoTV","twitter_site":"@altominhoTV","twitter_misc":{"Escrito por":"Altominho.tv","Tempo estimado de leitura":"1 minuto"},"schema":{"@context":"https:\/\/schema.org","@graph":[{"@type":"Article","@id":"https:\/\/www.altominho.tv\/site\/2025\/05\/23\/psp-detem-homem-por-captura-ilegal-de-aves\/#article","isPartOf":{"@id":"https:\/\/www.altominho.tv\/site\/2025\/05\/23\/psp-detem-homem-por-captura-ilegal-de-aves\/"},"author":{"name":"Altominho.tv","@id":"https:\/\/www.altominho.tv\/site\/#\/schema\/person\/4e536851627d7914baf3dac752b6af22"},"headline":"PSP det\u00e9m homem por captura ilegal de aves","datePublished":"2025-05-23T08:18:02+00:00","dateModified":"2025-05-23T08:18:05+00:00","mainEntityOfPage":{"@id":"https:\/\/www.altominho.tv\/site\/2025\/05\/23\/psp-detem-homem-por-captura-ilegal-de-aves\/"},"wordCount":159,"image":{"@id":"https:\/\/www.altominho.tv\/site\/2025\/05\/23\/psp-detem-homem-por-captura-ilegal-de-aves\/#primaryimage"},"thumbnailUrl":"https:\/\/www.altominho.tv\/site\/wp-content\/uploads\/2025\/05\/BASE-FB-logo-Branco-x2-1200-x-630-px-1.png","keywords":["Sociedade"],"articleSection":["Viana do Castelo"],"inLanguage":"pt-PT","copyrightYear":"2025","copyrightHolder":{"@id":"https:\/\/www.altominho.tv\/site\/#organization"}},{"@type":"WebPage","@id":"https:\/\/www.altominho.tv\/site\/2025\/05\/23\/psp-detem-homem-por-captura-ilegal-de-aves\/","url":"https:\/\/www.altominho.tv\/site\/2025\/05\/23\/psp-detem-homem-por-captura-ilegal-de-aves\/","name":"PSP det\u00e9m homem por captura ilegal de aves","isPartOf":{"@id":"https:\/\/www.altominho.tv\/site\/#website"},"primaryImageOfPage":{"@id":"https:\/\/www.altominho.tv\/site\/2025\/05\/23\/psp-detem-homem-por-captura-ilegal-de-aves\/#primaryimage"},"image":{"@id":"https:\/\/www.altominho.tv\/site\/2025\/05\/23\/psp-detem-homem-por-captura-ilegal-de-aves\/#primaryimage"},"thumbnailUrl":"https:\/\/www.altominho.tv\/site\/wp-content\/uploads\/2025\/05\/BASE-FB-logo-Branco-x2-1200-x-630-px-1.png","datePublished":"2025-05-23T08:18:02+00:00","dateModified":"2025-05-23T08:18:05+00:00","author":{"@id":"https:\/\/www.altominho.tv\/site\/#\/schema\/person\/4e536851627d7914baf3dac752b6af22"},"breadcrumb":{"@id":"https:\/\/www.altominho.tv\/site\/2025\/05\/23\/psp-detem-homem-por-captura-ilegal-de-aves\/#breadcrumb"},"inLanguage":"pt-PT","potentialAction":[{"@type":"ReadAction","target":["https:\/\/www.altominho.tv\/site\/2025\/05\/23\/psp-detem-homem-por-captura-ilegal-de-aves\/"]}]},{"@type":"ImageObject","inLanguage":"pt-PT","@id":"https:\/\/www.altominho.tv\/site\/2025\/05\/23\/psp-detem-homem-por-captura-ilegal-de-aves\/#primaryimage","url":"https:\/\/www.altominho.tv\/site\/wp-content\/uploads\/2025\/05\/BASE-FB-logo-Branco-x2-1200-x-630-px-1.png","contentUrl":"https:\/\/www.altominho.tv\/site\/wp-content\/uploads\/2025\/05\/BASE-FB-logo-Branco-x2-1200-x-630-px-1.png","width":1200,"height":630},{"@type":"BreadcrumbList","@id":"https:\/\/www.altominho.tv\/site\/2025\/05\/23\/psp-detem-homem-por-captura-ilegal-de-aves\/#breadcrumb","itemListElement":[{"@type":"ListItem","position":1,"name":"In\u00edcio","item":"https:\/\/www.altominho.tv\/site\/"},{"@type":"ListItem","position":2,"name":"PSP det\u00e9m homem por captura ilegal de aves"}]},{"@type":"WebSite","@id":"https:\/\/www.altominho.tv\/site\/#website","url":"https:\/\/www.altominho.tv\/site\/","name":"Altominho.tv","description":"A sua regi\u00e3o \u00e0 dist\u00e2ncia de um clique...","potentialAction":[{"@type":"SearchAction","target":{"@type":"EntryPoint","urlTemplate":"https:\/\/www.altominho.tv\/site\/?s={search_term_string}"},"query-input":{"@type":"PropertyValueSpecification","valueRequired":true,"valueName":"search_term_string"}}],"inLanguage":"pt-PT"},{"@type":"Person","@id":"https:\/\/www.altominho.tv\/site\/#\/schema\/person\/4e536851627d7914baf3dac752b6af22","name":"Altominho.tv","image":{"@type":"ImageObject","inLanguage":"pt-PT","@id":"https:\/\/www.altominho.tv\/site\/wp-content\/uploads\/2019\/11\/Logo_Avatar_2-150x150.jpg","url":"https:\/\/www.altominho.tv\/site\/wp-content\/uploads\/2019\/11\/Logo_Avatar_2-150x150.jpg","contentUrl":"https:\/\/www.altominho.tv\/site\/wp-content\/uploads\/2019\/11\/Logo_Avatar_2-150x150.jpg","caption":"Altominho.tv"},"url":"https:\/\/www.altominho.tv\/site\/author\/altominhotv-tecnico\/"}]}},"_links":{"self":[{"href":"https:\/\/www.altominho.tv\/site\/wp-json\/wp\/v2\/posts\/118605","targetHints":{"allow":["GET"]}}],"collection":[{"href":"https:\/\/www.altominho.tv\/site\/wp-json\/wp\/v2\/posts"}],"about":[{"href":"https:\/\/www.altominho.tv\/site\/wp-json\/wp\/v2\/types\/post"}],"author":[{"embeddable":true,"href":"https:\/\/www.altominho.tv\/site\/wp-json\/wp\/v2\/users\/1"}],"replies":[{"embeddable":true,"href":"https:\/\/www.altominho.tv\/site\/wp-json\/wp\/v2\/comments?post=118605"}],"version-history":[{"count":1,"href":"https:\/\/www.altominho.tv\/site\/wp-json\/wp\/v2\/posts\/118605\/revisions"}],"predecessor-version":[{"id":118607,"href":"https:\/\/www.altominho.tv\/site\/wp-json\/wp\/v2\/posts\/118605\/revisions\/118607"}],"wp:featuredmedia":[{"embeddable":true,"href":"https:\/\/www.altominho.tv\/site\/wp-json\/wp\/v2\/media\/118606"}],"wp:attachment":[{"href":"https:\/\/www.altominho.tv\/site\/wp-json\/wp\/v2\/media?parent=118605"}],"wp:term":[{"taxonomy":"category","embeddable":true,"href":"https:\/\/www.altominho.tv\/site\/wp-json\/wp\/v2\/categories?post=118605"},{"taxonomy":"post_tag","embeddable":true,"href":"https:\/\/www.altominho.tv\/site\/wp-json\/wp\/v2\/tags?post=118605"}],"curies":[{"name":"wp","href":"https:\/\/api.w.org\/{rel}","templated":true}]}}