{"id":118560,"date":"2025-05-21T14:59:49","date_gmt":"2025-05-21T13:59:49","guid":{"rendered":"https:\/\/www.altominho.tv\/site\/?p=118560"},"modified":"2025-05-21T14:59:51","modified_gmt":"2025-05-21T13:59:51","slug":"autoridade-maritima-nacional-participa-em-exercicio-promovido-pela-armada-espanhola","status":"publish","type":"post","link":"https:\/\/www.altominho.tv\/site\/2025\/05\/21\/autoridade-maritima-nacional-participa-em-exercicio-promovido-pela-armada-espanhola\/","title":{"rendered":"Autoridade Mar\u00edtima Nacional participa em exerc\u00edcio promovido pela Armada Espanhola no Tro\u00e7o Internacional do Rio Minho"},"content":{"rendered":"<p class=\"p1\">A Capitania do Porto e o Comando Local da Pol\u00edcia Mar\u00edtima de Caminha participaram ontem, 20 de maio, no exerc\u00edcio combinado de seguran\u00e7a e salvamento mar\u00edtimo\/fluvial \u201cMARSEC 25\u201d. Esta iniciativa foi promovida pela Armada Espanhola, e realizou-se no Tro\u00e7o Internacional do Rio Minho (TIRM), junto a Tui, Espanha.<\/p>\n<p class=\"p3\">Neste exerc\u00edcio foi poss\u00edvel simular diversas emerg\u00eancias que permitiram o treino e resposta por parte de todas em entidades envolvidas nas opera\u00e7\u00f5es.<\/p>\n<p class=\"p3\">Nesta a\u00e7\u00e3o estiveram envolvidos elementos da Capitania do Porto e do Comando Local da Pol\u00edcia Mar\u00edtima de Caminha, da estrutura do Comando Sub-Regional de Emerg\u00eancia e Prote\u00e7\u00e3o Civil do Alto Minho e dos Bombeiros Volunt\u00e1rios de Valen\u00e7a.<\/p>\n<p class=\"p3\">De Espanha participaram elementos da Comand\u00e2ncia Naval do Minho, da Unidade de Mergulhadores da Armada Espanhola, da Prote\u00e7\u00e3o Civil de Tui, da Ag\u00eancia Galega de Emerg\u00eancias (AXEGA), da Capitania Mar\u00edtima de Vigo e do Servi\u00e7o de Gardacostas de Gal\u00edcia.<\/p>\n<p class=\"p3\">No total estiveram envolvidos 45 operacionais, apoiados por cinco embarca\u00e7\u00f5es, um navio, um helic\u00f3ptero e v\u00e1rios meios terrestres.<\/p>\n<p class=\"p3\">O exerc\u00edcio MARSEC, que se realiza anualmente no TIRM, sob coordena\u00e7\u00e3o da Comand\u00e2ncia Naval do Minho da Armada Espanhola, conta com a participa\u00e7\u00e3o de diversas for\u00e7as militares e civis, de seguran\u00e7a e de prote\u00e7\u00e3o civil espanh\u00f3is, e tem como objetivo principal treinar os procedimentos operacionais e de coordena\u00e7\u00e3o entre a Comand\u00e2ncia Naval do Minho da Armada Espanhola, a Capitania do Porto e Comando Local da Pol\u00edcia Mar\u00edtima de Caminha, em conjunto com todas as restantes entidades envolvidas em situa\u00e7\u00f5es de emerg\u00eancia, e que normalmente contribuem para o dispositivo de seguran\u00e7a e busca\/salvamento no TIRM.<\/p>\n","protected":false},"excerpt":{"rendered":"<p>A Capitania do Porto e o Comando Local da Pol\u00edcia Mar\u00edtima de Caminha participaram ontem, 20 de maio, no exerc\u00edcio combinado de seguran\u00e7a e salvamento mar\u00edtimo\/fluvial \u201cMARSEC 25\u201d. Esta iniciativa foi promovida pela Armada Espanhola, e realizou-se no Tro\u00e7o Internacional do Rio Minho (TIRM), junto a Tui, Espanha. Neste exerc\u00edcio foi poss\u00edvel simular diversas emerg\u00eancias [&hellip;]<\/p>\n","protected":false},"author":1,"featured_media":118561,"comment_status":"closed","ping_status":"closed","sticky":false,"template":"","format":"standard","meta":{"_exactmetrics_skip_tracking":false,"footnotes":""},"categories":[73],"tags":[27],"class_list":["post-118560","post","type-post","status-publish","format-standard","has-post-thumbnail","hentry","category-alto-minho","tag-sociedade"],"yoast_head":"<!-- This site is optimized with the Yoast SEO Premium plugin v28.3 (Yoast SEO v28.3) - https:\/\/yoast.com\/product\/yoast-seo-premium-wordpress\/ -->\n<title>Autoridade Mar\u00edtima Nacional participa em exerc\u00edcio promovido pela Armada Espanhola no Tro\u00e7o Internacional do Rio Minho<\/title>\n<meta name=\"description\" content=\"A Capitania do Porto e o Comando Local da Pol\u00edcia Mar\u00edtima de Caminha participaram ontem, 20 de maio, no exerc\u00edcio combinado de seguran\u00e7a e salvamento mar\u00edtimo\/fluvial \u201cMARSEC 25\u201d.\" \/>\n<meta name=\"robots\" content=\"index, follow, max-snippet:-1, max-image-preview:large, max-video-preview:-1\" \/>\n<link rel=\"canonical\" href=\"https:\/\/www.altominho.tv\/site\/2025\/05\/21\/autoridade-maritima-nacional-participa-em-exercicio-promovido-pela-armada-espanhola\/\" \/>\n<meta property=\"og:locale\" content=\"pt_PT\" \/>\n<meta property=\"og:type\" content=\"article\" \/>\n<meta property=\"og:title\" content=\"Autoridade Mar\u00edtima Nacional participa em exerc\u00edcio promovido pela Armada Espanhola no Tro\u00e7o Internacional do Rio Minho\" \/>\n<meta property=\"og:description\" content=\"A Capitania do Porto e o Comando Local da Pol\u00edcia Mar\u00edtima de Caminha participaram ontem, 20 de maio, no exerc\u00edcio combinado de seguran\u00e7a e salvamento mar\u00edtimo\/fluvial \u201cMARSEC 25\u201d.\" \/>\n<meta property=\"og:url\" content=\"https:\/\/www.altominho.tv\/site\/2025\/05\/21\/autoridade-maritima-nacional-participa-em-exercicio-promovido-pela-armada-espanhola\/\" \/>\n<meta property=\"og:site_name\" content=\"Altominho.tv\" \/>\n<meta property=\"article:publisher\" content=\"https:\/\/www.facebook.com\/altominhotv\" \/>\n<meta property=\"article:published_time\" content=\"2025-05-21T13:59:49+00:00\" \/>\n<meta property=\"article:modified_time\" content=\"2025-05-21T13:59:51+00:00\" \/>\n<meta property=\"og:image\" content=\"https:\/\/www.altominho.tv\/site\/wp-content\/uploads\/2025\/05\/Design-sem-nome-71.jpg\" \/>\n\t<meta property=\"og:image:width\" content=\"1200\" \/>\n\t<meta property=\"og:image:height\" content=\"630\" \/>\n\t<meta property=\"og:image:type\" content=\"image\/jpeg\" \/>\n<meta name=\"author\" content=\"Altominho.tv\" \/>\n<meta name=\"twitter:card\" content=\"summary_large_image\" \/>\n<meta name=\"twitter:creator\" content=\"@altominhoTV\" \/>\n<meta name=\"twitter:site\" content=\"@altominhoTV\" \/>\n<meta name=\"twitter:label1\" content=\"Escrito por\" \/>\n\t<meta name=\"twitter:data1\" content=\"Altominho.tv\" \/>\n\t<meta name=\"twitter:label2\" content=\"Tempo estimado de leitura\" \/>\n\t<meta name=\"twitter:data2\" content=\"2 minutos\" \/>\n<script type=\"application\/ld+json\" class=\"yoast-schema-graph\">{\"@context\":\"https:\\\/\\\/schema.org\",\"@graph\":[{\"@type\":\"Article\",\"@id\":\"https:\\\/\\\/www.altominho.tv\\\/site\\\/2025\\\/05\\\/21\\\/autoridade-maritima-nacional-participa-em-exercicio-promovido-pela-armada-espanhola\\\/#article\",\"isPartOf\":{\"@id\":\"https:\\\/\\\/www.altominho.tv\\\/site\\\/2025\\\/05\\\/21\\\/autoridade-maritima-nacional-participa-em-exercicio-promovido-pela-armada-espanhola\\\/\"},\"author\":{\"name\":\"Altominho.tv\",\"@id\":\"https:\\\/\\\/www.altominho.tv\\\/site\\\/#\\\/schema\\\/person\\\/4e536851627d7914baf3dac752b6af22\"},\"headline\":\"Autoridade Mar\u00edtima Nacional participa em exerc\u00edcio promovido pela Armada Espanhola no Tro\u00e7o Internacional do Rio Minho\",\"datePublished\":\"2025-05-21T13:59:49+00:00\",\"dateModified\":\"2025-05-21T13:59:51+00:00\",\"mainEntityOfPage\":{\"@id\":\"https:\\\/\\\/www.altominho.tv\\\/site\\\/2025\\\/05\\\/21\\\/autoridade-maritima-nacional-participa-em-exercicio-promovido-pela-armada-espanhola\\\/\"},\"wordCount\":318,\"image\":{\"@id\":\"https:\\\/\\\/www.altominho.tv\\\/site\\\/2025\\\/05\\\/21\\\/autoridade-maritima-nacional-participa-em-exercicio-promovido-pela-armada-espanhola\\\/#primaryimage\"},\"thumbnailUrl\":\"https:\\\/\\\/www.altominho.tv\\\/site\\\/wp-content\\\/uploads\\\/2025\\\/05\\\/Design-sem-nome-71.jpg\",\"keywords\":[\"Sociedade\"],\"articleSection\":[\"Alto Minho\"],\"inLanguage\":\"pt-PT\",\"copyrightYear\":\"2025\",\"copyrightHolder\":{\"@id\":\"https:\\\/\\\/www.altominho.tv\\\/site\\\/#organization\"}},{\"@type\":\"WebPage\",\"@id\":\"https:\\\/\\\/www.altominho.tv\\\/site\\\/2025\\\/05\\\/21\\\/autoridade-maritima-nacional-participa-em-exercicio-promovido-pela-armada-espanhola\\\/\",\"url\":\"https:\\\/\\\/www.altominho.tv\\\/site\\\/2025\\\/05\\\/21\\\/autoridade-maritima-nacional-participa-em-exercicio-promovido-pela-armada-espanhola\\\/\",\"name\":\"Autoridade Mar\u00edtima Nacional participa em exerc\u00edcio promovido pela Armada Espanhola no Tro\u00e7o Internacional do Rio Minho\",\"isPartOf\":{\"@id\":\"https:\\\/\\\/www.altominho.tv\\\/site\\\/#website\"},\"primaryImageOfPage\":{\"@id\":\"https:\\\/\\\/www.altominho.tv\\\/site\\\/2025\\\/05\\\/21\\\/autoridade-maritima-nacional-participa-em-exercicio-promovido-pela-armada-espanhola\\\/#primaryimage\"},\"image\":{\"@id\":\"https:\\\/\\\/www.altominho.tv\\\/site\\\/2025\\\/05\\\/21\\\/autoridade-maritima-nacional-participa-em-exercicio-promovido-pela-armada-espanhola\\\/#primaryimage\"},\"thumbnailUrl\":\"https:\\\/\\\/www.altominho.tv\\\/site\\\/wp-content\\\/uploads\\\/2025\\\/05\\\/Design-sem-nome-71.jpg\",\"datePublished\":\"2025-05-21T13:59:49+00:00\",\"dateModified\":\"2025-05-21T13:59:51+00:00\",\"author\":{\"@id\":\"https:\\\/\\\/www.altominho.tv\\\/site\\\/#\\\/schema\\\/person\\\/4e536851627d7914baf3dac752b6af22\"},\"description\":\"A Capitania do Porto e o Comando Local da Pol\u00edcia Mar\u00edtima de Caminha participaram ontem, 20 de maio, no exerc\u00edcio combinado de seguran\u00e7a e salvamento mar\u00edtimo\\\/fluvial \u201cMARSEC 25\u201d.\",\"breadcrumb\":{\"@id\":\"https:\\\/\\\/www.altominho.tv\\\/site\\\/2025\\\/05\\\/21\\\/autoridade-maritima-nacional-participa-em-exercicio-promovido-pela-armada-espanhola\\\/#breadcrumb\"},\"inLanguage\":\"pt-PT\",\"potentialAction\":[{\"@type\":\"ReadAction\",\"target\":[\"https:\\\/\\\/www.altominho.tv\\\/site\\\/2025\\\/05\\\/21\\\/autoridade-maritima-nacional-participa-em-exercicio-promovido-pela-armada-espanhola\\\/\"]}]},{\"@type\":\"ImageObject\",\"inLanguage\":\"pt-PT\",\"@id\":\"https:\\\/\\\/www.altominho.tv\\\/site\\\/2025\\\/05\\\/21\\\/autoridade-maritima-nacional-participa-em-exercicio-promovido-pela-armada-espanhola\\\/#primaryimage\",\"url\":\"https:\\\/\\\/www.altominho.tv\\\/site\\\/wp-content\\\/uploads\\\/2025\\\/05\\\/Design-sem-nome-71.jpg\",\"contentUrl\":\"https:\\\/\\\/www.altominho.tv\\\/site\\\/wp-content\\\/uploads\\\/2025\\\/05\\\/Design-sem-nome-71.jpg\",\"width\":1200,\"height\":630},{\"@type\":\"BreadcrumbList\",\"@id\":\"https:\\\/\\\/www.altominho.tv\\\/site\\\/2025\\\/05\\\/21\\\/autoridade-maritima-nacional-participa-em-exercicio-promovido-pela-armada-espanhola\\\/#breadcrumb\",\"itemListElement\":[{\"@type\":\"ListItem\",\"position\":1,\"name\":\"In\u00edcio\",\"item\":\"https:\\\/\\\/www.altominho.tv\\\/site\\\/\"},{\"@type\":\"ListItem\",\"position\":2,\"name\":\"Autoridade Mar\u00edtima Nacional participa em exerc\u00edcio promovido pela Armada Espanhola no Tro\u00e7o Internacional do Rio Minho\"}]},{\"@type\":\"WebSite\",\"@id\":\"https:\\\/\\\/www.altominho.tv\\\/site\\\/#website\",\"url\":\"https:\\\/\\\/www.altominho.tv\\\/site\\\/\",\"name\":\"Altominho.tv\",\"description\":\"A sua regi\u00e3o \u00e0 dist\u00e2ncia de um clique...\",\"potentialAction\":[{\"@type\":\"SearchAction\",\"target\":{\"@type\":\"EntryPoint\",\"urlTemplate\":\"https:\\\/\\\/www.altominho.tv\\\/site\\\/?s={search_term_string}\"},\"query-input\":{\"@type\":\"PropertyValueSpecification\",\"valueRequired\":true,\"valueName\":\"search_term_string\"}}],\"inLanguage\":\"pt-PT\"},{\"@type\":\"Person\",\"@id\":\"https:\\\/\\\/www.altominho.tv\\\/site\\\/#\\\/schema\\\/person\\\/4e536851627d7914baf3dac752b6af22\",\"name\":\"Altominho.tv\",\"image\":{\"@type\":\"ImageObject\",\"inLanguage\":\"pt-PT\",\"@id\":\"https:\\\/\\\/www.altominho.tv\\\/site\\\/wp-content\\\/uploads\\\/2019\\\/11\\\/Logo_Avatar_2-150x150.jpg\",\"url\":\"https:\\\/\\\/www.altominho.tv\\\/site\\\/wp-content\\\/uploads\\\/2019\\\/11\\\/Logo_Avatar_2-150x150.jpg\",\"contentUrl\":\"https:\\\/\\\/www.altominho.tv\\\/site\\\/wp-content\\\/uploads\\\/2019\\\/11\\\/Logo_Avatar_2-150x150.jpg\",\"caption\":\"Altominho.tv\"},\"url\":\"https:\\\/\\\/www.altominho.tv\\\/site\\\/author\\\/altominhotv-tecnico\\\/\"}]}<\/script>\n<!-- \/ Yoast SEO Premium plugin. -->","yoast_head_json":{"title":"Autoridade Mar\u00edtima Nacional participa em exerc\u00edcio promovido pela Armada Espanhola no Tro\u00e7o Internacional do Rio Minho","description":"A Capitania do Porto e o Comando Local da Pol\u00edcia Mar\u00edtima de Caminha participaram ontem, 20 de maio, no exerc\u00edcio combinado de seguran\u00e7a e salvamento mar\u00edtimo\/fluvial \u201cMARSEC 25\u201d.","robots":{"index":"index","follow":"follow","max-snippet":"max-snippet:-1","max-image-preview":"max-image-preview:large","max-video-preview":"max-video-preview:-1"},"canonical":"https:\/\/www.altominho.tv\/site\/2025\/05\/21\/autoridade-maritima-nacional-participa-em-exercicio-promovido-pela-armada-espanhola\/","og_locale":"pt_PT","og_type":"article","og_title":"Autoridade Mar\u00edtima Nacional participa em exerc\u00edcio promovido pela Armada Espanhola no Tro\u00e7o Internacional do Rio Minho","og_description":"A Capitania do Porto e o Comando Local da Pol\u00edcia Mar\u00edtima de Caminha participaram ontem, 20 de maio, no exerc\u00edcio combinado de seguran\u00e7a e salvamento mar\u00edtimo\/fluvial \u201cMARSEC 25\u201d.","og_url":"https:\/\/www.altominho.tv\/site\/2025\/05\/21\/autoridade-maritima-nacional-participa-em-exercicio-promovido-pela-armada-espanhola\/","og_site_name":"Altominho.tv","article_publisher":"https:\/\/www.facebook.com\/altominhotv","article_published_time":"2025-05-21T13:59:49+00:00","article_modified_time":"2025-05-21T13:59:51+00:00","og_image":[{"width":1200,"height":630,"url":"https:\/\/www.altominho.tv\/site\/wp-content\/uploads\/2025\/05\/Design-sem-nome-71.jpg","type":"image\/jpeg"}],"author":"Altominho.tv","twitter_card":"summary_large_image","twitter_creator":"@altominhoTV","twitter_site":"@altominhoTV","twitter_misc":{"Escrito por":"Altominho.tv","Tempo estimado de leitura":"2 minutos"},"schema":{"@context":"https:\/\/schema.org","@graph":[{"@type":"Article","@id":"https:\/\/www.altominho.tv\/site\/2025\/05\/21\/autoridade-maritima-nacional-participa-em-exercicio-promovido-pela-armada-espanhola\/#article","isPartOf":{"@id":"https:\/\/www.altominho.tv\/site\/2025\/05\/21\/autoridade-maritima-nacional-participa-em-exercicio-promovido-pela-armada-espanhola\/"},"author":{"name":"Altominho.tv","@id":"https:\/\/www.altominho.tv\/site\/#\/schema\/person\/4e536851627d7914baf3dac752b6af22"},"headline":"Autoridade Mar\u00edtima Nacional participa em exerc\u00edcio promovido pela Armada Espanhola no Tro\u00e7o Internacional do Rio Minho","datePublished":"2025-05-21T13:59:49+00:00","dateModified":"2025-05-21T13:59:51+00:00","mainEntityOfPage":{"@id":"https:\/\/www.altominho.tv\/site\/2025\/05\/21\/autoridade-maritima-nacional-participa-em-exercicio-promovido-pela-armada-espanhola\/"},"wordCount":318,"image":{"@id":"https:\/\/www.altominho.tv\/site\/2025\/05\/21\/autoridade-maritima-nacional-participa-em-exercicio-promovido-pela-armada-espanhola\/#primaryimage"},"thumbnailUrl":"https:\/\/www.altominho.tv\/site\/wp-content\/uploads\/2025\/05\/Design-sem-nome-71.jpg","keywords":["Sociedade"],"articleSection":["Alto Minho"],"inLanguage":"pt-PT","copyrightYear":"2025","copyrightHolder":{"@id":"https:\/\/www.altominho.tv\/site\/#organization"}},{"@type":"WebPage","@id":"https:\/\/www.altominho.tv\/site\/2025\/05\/21\/autoridade-maritima-nacional-participa-em-exercicio-promovido-pela-armada-espanhola\/","url":"https:\/\/www.altominho.tv\/site\/2025\/05\/21\/autoridade-maritima-nacional-participa-em-exercicio-promovido-pela-armada-espanhola\/","name":"Autoridade Mar\u00edtima Nacional participa em exerc\u00edcio promovido pela Armada Espanhola no Tro\u00e7o Internacional do Rio Minho","isPartOf":{"@id":"https:\/\/www.altominho.tv\/site\/#website"},"primaryImageOfPage":{"@id":"https:\/\/www.altominho.tv\/site\/2025\/05\/21\/autoridade-maritima-nacional-participa-em-exercicio-promovido-pela-armada-espanhola\/#primaryimage"},"image":{"@id":"https:\/\/www.altominho.tv\/site\/2025\/05\/21\/autoridade-maritima-nacional-participa-em-exercicio-promovido-pela-armada-espanhola\/#primaryimage"},"thumbnailUrl":"https:\/\/www.altominho.tv\/site\/wp-content\/uploads\/2025\/05\/Design-sem-nome-71.jpg","datePublished":"2025-05-21T13:59:49+00:00","dateModified":"2025-05-21T13:59:51+00:00","author":{"@id":"https:\/\/www.altominho.tv\/site\/#\/schema\/person\/4e536851627d7914baf3dac752b6af22"},"description":"A Capitania do Porto e o Comando Local da Pol\u00edcia Mar\u00edtima de Caminha participaram ontem, 20 de maio, no exerc\u00edcio combinado de seguran\u00e7a e salvamento mar\u00edtimo\/fluvial \u201cMARSEC 25\u201d.","breadcrumb":{"@id":"https:\/\/www.altominho.tv\/site\/2025\/05\/21\/autoridade-maritima-nacional-participa-em-exercicio-promovido-pela-armada-espanhola\/#breadcrumb"},"inLanguage":"pt-PT","potentialAction":[{"@type":"ReadAction","target":["https:\/\/www.altominho.tv\/site\/2025\/05\/21\/autoridade-maritima-nacional-participa-em-exercicio-promovido-pela-armada-espanhola\/"]}]},{"@type":"ImageObject","inLanguage":"pt-PT","@id":"https:\/\/www.altominho.tv\/site\/2025\/05\/21\/autoridade-maritima-nacional-participa-em-exercicio-promovido-pela-armada-espanhola\/#primaryimage","url":"https:\/\/www.altominho.tv\/site\/wp-content\/uploads\/2025\/05\/Design-sem-nome-71.jpg","contentUrl":"https:\/\/www.altominho.tv\/site\/wp-content\/uploads\/2025\/05\/Design-sem-nome-71.jpg","width":1200,"height":630},{"@type":"BreadcrumbList","@id":"https:\/\/www.altominho.tv\/site\/2025\/05\/21\/autoridade-maritima-nacional-participa-em-exercicio-promovido-pela-armada-espanhola\/#breadcrumb","itemListElement":[{"@type":"ListItem","position":1,"name":"In\u00edcio","item":"https:\/\/www.altominho.tv\/site\/"},{"@type":"ListItem","position":2,"name":"Autoridade Mar\u00edtima Nacional participa em exerc\u00edcio promovido pela Armada Espanhola no Tro\u00e7o Internacional do Rio Minho"}]},{"@type":"WebSite","@id":"https:\/\/www.altominho.tv\/site\/#website","url":"https:\/\/www.altominho.tv\/site\/","name":"Altominho.tv","description":"A sua regi\u00e3o \u00e0 dist\u00e2ncia de um clique...","potentialAction":[{"@type":"SearchAction","target":{"@type":"EntryPoint","urlTemplate":"https:\/\/www.altominho.tv\/site\/?s={search_term_string}"},"query-input":{"@type":"PropertyValueSpecification","valueRequired":true,"valueName":"search_term_string"}}],"inLanguage":"pt-PT"},{"@type":"Person","@id":"https:\/\/www.altominho.tv\/site\/#\/schema\/person\/4e536851627d7914baf3dac752b6af22","name":"Altominho.tv","image":{"@type":"ImageObject","inLanguage":"pt-PT","@id":"https:\/\/www.altominho.tv\/site\/wp-content\/uploads\/2019\/11\/Logo_Avatar_2-150x150.jpg","url":"https:\/\/www.altominho.tv\/site\/wp-content\/uploads\/2019\/11\/Logo_Avatar_2-150x150.jpg","contentUrl":"https:\/\/www.altominho.tv\/site\/wp-content\/uploads\/2019\/11\/Logo_Avatar_2-150x150.jpg","caption":"Altominho.tv"},"url":"https:\/\/www.altominho.tv\/site\/author\/altominhotv-tecnico\/"}]}},"_links":{"self":[{"href":"https:\/\/www.altominho.tv\/site\/wp-json\/wp\/v2\/posts\/118560","targetHints":{"allow":["GET"]}}],"collection":[{"href":"https:\/\/www.altominho.tv\/site\/wp-json\/wp\/v2\/posts"}],"about":[{"href":"https:\/\/www.altominho.tv\/site\/wp-json\/wp\/v2\/types\/post"}],"author":[{"embeddable":true,"href":"https:\/\/www.altominho.tv\/site\/wp-json\/wp\/v2\/users\/1"}],"replies":[{"embeddable":true,"href":"https:\/\/www.altominho.tv\/site\/wp-json\/wp\/v2\/comments?post=118560"}],"version-history":[{"count":1,"href":"https:\/\/www.altominho.tv\/site\/wp-json\/wp\/v2\/posts\/118560\/revisions"}],"predecessor-version":[{"id":118562,"href":"https:\/\/www.altominho.tv\/site\/wp-json\/wp\/v2\/posts\/118560\/revisions\/118562"}],"wp:featuredmedia":[{"embeddable":true,"href":"https:\/\/www.altominho.tv\/site\/wp-json\/wp\/v2\/media\/118561"}],"wp:attachment":[{"href":"https:\/\/www.altominho.tv\/site\/wp-json\/wp\/v2\/media?parent=118560"}],"wp:term":[{"taxonomy":"category","embeddable":true,"href":"https:\/\/www.altominho.tv\/site\/wp-json\/wp\/v2\/categories?post=118560"},{"taxonomy":"post_tag","embeddable":true,"href":"https:\/\/www.altominho.tv\/site\/wp-json\/wp\/v2\/tags?post=118560"}],"curies":[{"name":"wp","href":"https:\/\/api.w.org\/{rel}","templated":true}]}}